{"id":32380,"date":"2023-03-09T14:40:46","date_gmt":"2023-03-09T17:40:46","guid":{"rendered":"https:\/\/verdadeon.com.br\/portal\/?p=32380"},"modified":"2023-03-09T15:31:11","modified_gmt":"2023-03-09T18:31:11","slug":"prefeitura-de-franca-contrata-empresa-que-fara-estudos-para-melhorias-no-transito-do-distrito-industrial","status":"publish","type":"post","link":"https:\/\/verdadeon.com.br\/portal\/2023\/03\/09\/prefeitura-de-franca-contrata-empresa-que-fara-estudos-para-melhorias-no-transito-do-distrito-industrial\/","title":{"rendered":"Prefeitura de Franca contrata empresa que far\u00e1 estudos para melhorias no tr\u00e2nsito do Distrito Industrial"},"content":{"rendered":"<h2>Edital de contrata\u00e7\u00e3o foi publicado nesta quarta-feira, 8 de mar\u00e7o<\/h2>\n<p>Foi publicado no Di\u00e1rio Oficial do Munic\u00edpio desta quarta-feira, 8, o edital de contrata\u00e7\u00e3o para a execu\u00e7\u00e3o de servi\u00e7os e elabora\u00e7\u00e3o de estudos para o tr\u00e2nsito do Distrito Industrial, Regi\u00e3o Oeste de Franca.<\/p>\n<p>A contrata\u00e7\u00e3o da empresa Tranzum Planejamento e Consultoria de Tr\u00e2nsito foi feita, por meio de Tomada de Pre\u00e7os, pelo valor de R$ 149 mil. O objetivo \u00e9 que, atrav\u00e9s do estudo a ser elaborado, haja melhoria no tr\u00e2nsito da intersec\u00e7\u00e3o das avenidas Wilson S\u00e1bio de Melo, Santos Dumont, Rio Amazonas e Severino Tostes Meirelles, proporcionando maior agilidade e fluidez no tr\u00e1fego.<\/p>\n<p>O prazo para a elabora\u00e7\u00e3o do estudo \u00e9 de at\u00e9 180 dias e os trabalhos tiveram in\u00edcio nesta quarta-feira, 8, com equipes fazendo a contagem semaf\u00f3rica e analisando o fluxo de ve\u00edculos no local, principalmente, em hor\u00e1rios de pico, como o per\u00edodo do almo\u00e7o e final de tarde.<\/p>\n<p>Marcus Alexandre Ara\u00fajo, secret\u00e1rio de Seguran\u00e7a, disse que tamb\u00e9m ser\u00e3o desenvolvidos estudos para aprimorar o tr\u00e2nsito nos cruzamentos das seguintes avenidas: Ant\u00f4nio Barbosa Filho com Ismael Alonso y Alonso, Adhemar de Barros com avenida Brasil, H\u00e9lio Palermo com Adhemar de Barros e da avenida Em\u00edlio Paludeto, no sentido Jardim Aeroporto.<\/p>\n<p><strong>Outros investimentos<\/strong><\/p>\n<p>Tr\u00eas empresas pleiteiam duplicar Avenida no Jardim Aeroporto. A ideia, \u00e9 trabalhar na execu\u00e7\u00e3o das obras de duplica\u00e7\u00e3o, drenagem e implanta\u00e7\u00e3o de ilumina\u00e7\u00e3o na Avenida Euclides Vieira Coelho, entre os Jardins Aeroporto I e III.<\/p>\n<p>Est\u00e3o previstos investimentos na ordem de R$ 4,6 milh\u00f5es nas benfeitorias. Al\u00e9m de oferecer melhorias nas condi\u00e7\u00f5es de tr\u00e1fego, com duas pistas, as obras permitir\u00e3o a regulariza\u00e7\u00e3o de uma situa\u00e7\u00e3o que impactava na seguran\u00e7a dos voos no aeroporto da cidade, com uma implanta\u00e7\u00e3o de ilumina\u00e7\u00e3o para maior seguran\u00e7a da popula\u00e7\u00e3o da regi\u00e3o.<\/p>\n<p>Tr\u00eas empresas apresentaram propostas junto \u00e0 Comiss\u00e3o de Licita\u00e7\u00f5es, dentro do prazo para entrega que foi encerrado \u00e0s 9 horas. Houve primeiramente a abertura do envelope com a documenta\u00e7\u00e3o das empresas, com a presen\u00e7a dos representantes. Agora, os membros da Copel lacraram os envelopes de propostas e v\u00e3o aguardar an\u00e1lise da Procuradoria Jur\u00eddica e o julgamento posterior, publicando o resultado com a data da nova sess\u00e3o para abertura das propostas. Aquela empresa que for classificada e habilitada para fazer as obras ter\u00e1 prazo de 180 dias contados da assinatura do contrato.<\/p>\n<p><strong>Servi\u00e7os previstos<\/strong><\/p>\n<p>De acordo com o projeto, a avenida ser\u00e1 alargada entre as Avenidas Carlos Roberto Haddad, no Aeroporto I at\u00e9 a rua Geraldo Bassoteli, no Aeroporto III, que passar\u00e1 a ter 12 metros, dividida com duas pistas. A rua Geraldo Bassoteli tamb\u00e9m ser\u00e1 duplicada e a nova pista ter\u00e1 9 metros de largura, passando em frente ao Gin\u00e1sio de Esportes, com cal\u00e7ada de 1,5m de largura e ciclovia com 2,5 metros de largura.<\/p>\n<p>Tamb\u00e9m consta a constru\u00e7\u00e3o de duas rotat\u00f3rias interligando o novo trecho da Avenida Euclides Vieira Coelho \u00e0s Avenidas Geraldo Bassoteli e C\u00e9sar Martins Piraj\u00e1, al\u00e9m da Ilumina\u00e7\u00e3o p\u00fablica em toda a extens\u00e3o da obra. A Avenida Martins Piraj\u00e1, fica localizada na parte inferior e tamb\u00e9m interligar os Jardins Aeroporto I, III, IV, Santa B\u00e1rbara e seu prolongamento.<\/p>\n","protected":false},"excerpt":{"rendered":"<p>Edital de contrata\u00e7\u00e3o foi publicado nesta quarta-feira, 8 de mar\u00e7o Foi publicado no Di\u00e1rio Oficial do Munic\u00edpio desta quarta-feira, 8, o edital de contrata\u00e7\u00e3o para a<span class=\"excerpt-hellip\"> [\u2026]<\/span><\/p>\n","protected":false},"author":10,"featured_media":32381,"comment_status":"open","ping_status":"open","sticky":false,"template":"","format":"standard","meta":{"_jetpack_memberships_contains_paid_content":false,"footnotes":"","jetpack_publicize_message":"","jetpack_publicize_feature_enabled":true,"jetpack_social_post_already_shared":false,"jetpack_social_options":{"image_generator_settings":{"template":"highway","default_image_id":0,"enabled":false},"version":2}},"categories":[28,81],"tags":[],"class_list":["post-32380","post","type-post","status-publish","format-standard","has-post-thumbnail","hentry","category-cotidiano","category-manchete"],"yoast_head":"<!-- This site is optimized with the Yoast SEO plugin v25.6 - https:\/\/yoast.com\/wordpress\/plugins\/seo\/ -->\n<title>Prefeitura de Franca contrata empresa que far\u00e1 estudos para melhorias no tr\u00e2nsito do Distrito Industrial - VerdadeOn<\/title>\n<meta name=\"robots\" content=\"index, follow, max-snippet:-1, max-image-preview:large, max-video-preview:-1\" \/>\n<link rel=\"canonical\" href=\"https:\/\/verdadeon.com.br\/portal\/2023\/03\/09\/prefeitura-de-franca-contrata-empresa-que-fara-estudos-para-melhorias-no-transito-do-distrito-industrial\/\" \/>\n<meta property=\"og:locale\" content=\"pt_BR\" \/>\n<meta property=\"og:type\" content=\"article\" \/>\n<meta property=\"og:title\" content=\"Prefeitura de Franca contrata empresa que far\u00e1 estudos para melhorias no tr\u00e2nsito do Distrito Industrial - VerdadeOn\" \/>\n<meta property=\"og:description\" content=\"Edital de contrata\u00e7\u00e3o foi publicado nesta quarta-feira, 8 de mar\u00e7o Foi publicado no Di\u00e1rio Oficial do Munic\u00edpio desta quarta-feira, 8, o edital de contrata\u00e7\u00e3o para a [\u2026]\" \/>\n<meta property=\"og:url\" content=\"https:\/\/verdadeon.com.br\/portal\/2023\/03\/09\/prefeitura-de-franca-contrata-empresa-que-fara-estudos-para-melhorias-no-transito-do-distrito-industrial\/\" \/>\n<meta property=\"og:site_name\" content=\"VerdadeOn\" \/>\n<meta property=\"article:published_time\" content=\"2023-03-09T17:40:46+00:00\" \/>\n<meta property=\"article:modified_time\" content=\"2023-03-09T18:31:11+00:00\" \/>\n<meta property=\"og:image\" content=\"https:\/\/verdadeon.com.br\/portal\/wp-content\/uploads\/2023\/03\/DSC_1294-scaled.jpg\" \/>\n\t<meta property=\"og:image:width\" content=\"2560\" \/>\n\t<meta property=\"og:image:height\" content=\"1696\" \/>\n\t<meta property=\"og:image:type\" content=\"image\/jpeg\" \/>\n<meta name=\"author\" content=\"Redacao VerdadeOn\" \/>\n<meta name=\"twitter:card\" content=\"summary_large_image\" \/>\n<meta name=\"twitter:label1\" content=\"Escrito por\" \/>\n\t<meta name=\"twitter:data1\" content=\"Redacao VerdadeOn\" \/>\n\t<meta name=\"twitter:label2\" content=\"Est. tempo de leitura\" \/>\n\t<meta name=\"twitter:data2\" content=\"3 minutos\" \/>\n<script type=\"application\/ld+json\" class=\"yoast-schema-graph\">{\"@context\":\"https:\/\/schema.org\",\"@graph\":[{\"@type\":\"WebPage\",\"@id\":\"https:\/\/verdadeon.com.br\/portal\/2023\/03\/09\/prefeitura-de-franca-contrata-empresa-que-fara-estudos-para-melhorias-no-transito-do-distrito-industrial\/\",\"url\":\"https:\/\/verdadeon.com.br\/portal\/2023\/03\/09\/prefeitura-de-franca-contrata-empresa-que-fara-estudos-para-melhorias-no-transito-do-distrito-industrial\/\",\"name\":\"Prefeitura de Franca contrata empresa que far\u00e1 estudos para melhorias no tr\u00e2nsito do Distrito Industrial - VerdadeOn\",\"isPartOf\":{\"@id\":\"https:\/\/verdadeon.com.br\/portal\/#website\"},\"primaryImageOfPage\":{\"@id\":\"https:\/\/verdadeon.com.br\/portal\/2023\/03\/09\/prefeitura-de-franca-contrata-empresa-que-fara-estudos-para-melhorias-no-transito-do-distrito-industrial\/#primaryimage\"},\"image\":{\"@id\":\"https:\/\/verdadeon.com.br\/portal\/2023\/03\/09\/prefeitura-de-franca-contrata-empresa-que-fara-estudos-para-melhorias-no-transito-do-distrito-industrial\/#primaryimage\"},\"thumbnailUrl\":\"https:\/\/i0.wp.com\/verdadeon.com.br\/portal\/wp-content\/uploads\/2023\/03\/DSC_1294-scaled.jpg?fit=2560%2C1696&ssl=1\",\"datePublished\":\"2023-03-09T17:40:46+00:00\",\"dateModified\":\"2023-03-09T18:31:11+00:00\",\"author\":{\"@id\":\"https:\/\/verdadeon.com.br\/portal\/#\/schema\/person\/a5060ad1e9ea3df545188fc93ce43d2f\"},\"breadcrumb\":{\"@id\":\"https:\/\/verdadeon.com.br\/portal\/2023\/03\/09\/prefeitura-de-franca-contrata-empresa-que-fara-estudos-para-melhorias-no-transito-do-distrito-industrial\/#breadcrumb\"},\"inLanguage\":\"pt-BR\",\"potentialAction\":[{\"@type\":\"ReadAction\",\"target\":[\"https:\/\/verdadeon.com.br\/portal\/2023\/03\/09\/prefeitura-de-franca-contrata-empresa-que-fara-estudos-para-melhorias-no-transito-do-distrito-industrial\/\"]}]},{\"@type\":\"ImageObject\",\"inLanguage\":\"pt-BR\",\"@id\":\"https:\/\/verdadeon.com.br\/portal\/2023\/03\/09\/prefeitura-de-franca-contrata-empresa-que-fara-estudos-para-melhorias-no-transito-do-distrito-industrial\/#primaryimage\",\"url\":\"https:\/\/i0.wp.com\/verdadeon.com.br\/portal\/wp-content\/uploads\/2023\/03\/DSC_1294-scaled.jpg?fit=2560%2C1696&ssl=1\",\"contentUrl\":\"https:\/\/i0.wp.com\/verdadeon.com.br\/portal\/wp-content\/uploads\/2023\/03\/DSC_1294-scaled.jpg?fit=2560%2C1696&ssl=1\",\"width\":2560,\"height\":1696,\"caption\":\"Tranzum Planejamento e Consultoria de Tr\u00e2nsito foi contratada pela Prefeitura para atender \u00e0s demandas de melhorias em trechos do Distrito Industrial.\"},{\"@type\":\"BreadcrumbList\",\"@id\":\"https:\/\/verdadeon.com.br\/portal\/2023\/03\/09\/prefeitura-de-franca-contrata-empresa-que-fara-estudos-para-melhorias-no-transito-do-distrito-industrial\/#breadcrumb\",\"itemListElement\":[{\"@type\":\"ListItem\",\"position\":1,\"name\":\"In\u00edcio\",\"item\":\"https:\/\/verdadeon.com.br\/portal\/\"},{\"@type\":\"ListItem\",\"position\":2,\"name\":\"Prefeitura de Franca contrata empresa que far\u00e1 estudos para melhorias no tr\u00e2nsito do Distrito Industrial\"}]},{\"@type\":\"WebSite\",\"@id\":\"https:\/\/verdadeon.com.br\/portal\/#website\",\"url\":\"https:\/\/verdadeon.com.br\/portal\/\",\"name\":\"VerdadeOn\",\"description\":\"Not\u00edcias di\u00e1rias sobre Franca, Regi\u00e3o, Esporte, Cultura, Cotidiano, Colunas. Cobertura nos principais eventos da cidade \u00e9 aqui - Verdadeon Franca\",\"potentialAction\":[{\"@type\":\"SearchAction\",\"target\":{\"@type\":\"EntryPoint\",\"urlTemplate\":\"https:\/\/verdadeon.com.br\/portal\/?s={search_term_string}\"},\"query-input\":{\"@type\":\"PropertyValueSpecification\",\"valueRequired\":true,\"valueName\":\"search_term_string\"}}],\"inLanguage\":\"pt-BR\"},{\"@type\":\"Person\",\"@id\":\"https:\/\/verdadeon.com.br\/portal\/#\/schema\/person\/a5060ad1e9ea3df545188fc93ce43d2f\",\"name\":\"Redacao VerdadeOn\",\"image\":{\"@type\":\"ImageObject\",\"inLanguage\":\"pt-BR\",\"@id\":\"https:\/\/verdadeon.com.br\/portal\/#\/schema\/person\/image\/\",\"url\":\"https:\/\/secure.gravatar.com\/avatar\/459a9613caaaf07f582c3d0841eea68bdd66f533e465e6ba8b9cb45619572cf4?s=96&d=mm&r=g\",\"contentUrl\":\"https:\/\/secure.gravatar.com\/avatar\/459a9613caaaf07f582c3d0841eea68bdd66f533e465e6ba8b9cb45619572cf4?s=96&d=mm&r=g\",\"caption\":\"Redacao VerdadeOn\"},\"url\":\"https:\/\/verdadeon.com.br\/portal\/author\/redacao\/\"}]}<\/script>\n<!-- \/ Yoast SEO plugin. -->","yoast_head_json":{"title":"Prefeitura de Franca contrata empresa que far\u00e1 estudos para melhorias no tr\u00e2nsito do Distrito Industrial - VerdadeOn","robots":{"index":"index","follow":"follow","max-snippet":"max-snippet:-1","max-image-preview":"max-image-preview:large","max-video-preview":"max-video-preview:-1"},"canonical":"https:\/\/verdadeon.com.br\/portal\/2023\/03\/09\/prefeitura-de-franca-contrata-empresa-que-fara-estudos-para-melhorias-no-transito-do-distrito-industrial\/","og_locale":"pt_BR","og_type":"article","og_title":"Prefeitura de Franca contrata empresa que far\u00e1 estudos para melhorias no tr\u00e2nsito do Distrito Industrial - VerdadeOn","og_description":"Edital de contrata\u00e7\u00e3o foi publicado nesta quarta-feira, 8 de mar\u00e7o Foi publicado no Di\u00e1rio Oficial do Munic\u00edpio desta quarta-feira, 8, o edital de contrata\u00e7\u00e3o para a [\u2026]","og_url":"https:\/\/verdadeon.com.br\/portal\/2023\/03\/09\/prefeitura-de-franca-contrata-empresa-que-fara-estudos-para-melhorias-no-transito-do-distrito-industrial\/","og_site_name":"VerdadeOn","article_published_time":"2023-03-09T17:40:46+00:00","article_modified_time":"2023-03-09T18:31:11+00:00","og_image":[{"width":2560,"height":1696,"url":"https:\/\/verdadeon.com.br\/portal\/wp-content\/uploads\/2023\/03\/DSC_1294-scaled.jpg","type":"image\/jpeg"}],"author":"Redacao VerdadeOn","twitter_card":"summary_large_image","twitter_misc":{"Escrito por":"Redacao VerdadeOn","Est. tempo de leitura":"3 minutos"},"schema":{"@context":"https:\/\/schema.org","@graph":[{"@type":"WebPage","@id":"https:\/\/verdadeon.com.br\/portal\/2023\/03\/09\/prefeitura-de-franca-contrata-empresa-que-fara-estudos-para-melhorias-no-transito-do-distrito-industrial\/","url":"https:\/\/verdadeon.com.br\/portal\/2023\/03\/09\/prefeitura-de-franca-contrata-empresa-que-fara-estudos-para-melhorias-no-transito-do-distrito-industrial\/","name":"Prefeitura de Franca contrata empresa que far\u00e1 estudos para melhorias no tr\u00e2nsito do Distrito Industrial - VerdadeOn","isPartOf":{"@id":"https:\/\/verdadeon.com.br\/portal\/#website"},"primaryImageOfPage":{"@id":"https:\/\/verdadeon.com.br\/portal\/2023\/03\/09\/prefeitura-de-franca-contrata-empresa-que-fara-estudos-para-melhorias-no-transito-do-distrito-industrial\/#primaryimage"},"image":{"@id":"https:\/\/verdadeon.com.br\/portal\/2023\/03\/09\/prefeitura-de-franca-contrata-empresa-que-fara-estudos-para-melhorias-no-transito-do-distrito-industrial\/#primaryimage"},"thumbnailUrl":"https:\/\/i0.wp.com\/verdadeon.com.br\/portal\/wp-content\/uploads\/2023\/03\/DSC_1294-scaled.jpg?fit=2560%2C1696&ssl=1","datePublished":"2023-03-09T17:40:46+00:00","dateModified":"2023-03-09T18:31:11+00:00","author":{"@id":"https:\/\/verdadeon.com.br\/portal\/#\/schema\/person\/a5060ad1e9ea3df545188fc93ce43d2f"},"breadcrumb":{"@id":"https:\/\/verdadeon.com.br\/portal\/2023\/03\/09\/prefeitura-de-franca-contrata-empresa-que-fara-estudos-para-melhorias-no-transito-do-distrito-industrial\/#breadcrumb"},"inLanguage":"pt-BR","potentialAction":[{"@type":"ReadAction","target":["https:\/\/verdadeon.com.br\/portal\/2023\/03\/09\/prefeitura-de-franca-contrata-empresa-que-fara-estudos-para-melhorias-no-transito-do-distrito-industrial\/"]}]},{"@type":"ImageObject","inLanguage":"pt-BR","@id":"https:\/\/verdadeon.com.br\/portal\/2023\/03\/09\/prefeitura-de-franca-contrata-empresa-que-fara-estudos-para-melhorias-no-transito-do-distrito-industrial\/#primaryimage","url":"https:\/\/i0.wp.com\/verdadeon.com.br\/portal\/wp-content\/uploads\/2023\/03\/DSC_1294-scaled.jpg?fit=2560%2C1696&ssl=1","contentUrl":"https:\/\/i0.wp.com\/verdadeon.com.br\/portal\/wp-content\/uploads\/2023\/03\/DSC_1294-scaled.jpg?fit=2560%2C1696&ssl=1","width":2560,"height":1696,"caption":"Tranzum Planejamento e Consultoria de Tr\u00e2nsito foi contratada pela Prefeitura para atender \u00e0s demandas de melhorias em trechos do Distrito Industrial."},{"@type":"BreadcrumbList","@id":"https:\/\/verdadeon.com.br\/portal\/2023\/03\/09\/prefeitura-de-franca-contrata-empresa-que-fara-estudos-para-melhorias-no-transito-do-distrito-industrial\/#breadcrumb","itemListElement":[{"@type":"ListItem","position":1,"name":"In\u00edcio","item":"https:\/\/verdadeon.com.br\/portal\/"},{"@type":"ListItem","position":2,"name":"Prefeitura de Franca contrata empresa que far\u00e1 estudos para melhorias no tr\u00e2nsito do Distrito Industrial"}]},{"@type":"WebSite","@id":"https:\/\/verdadeon.com.br\/portal\/#website","url":"https:\/\/verdadeon.com.br\/portal\/","name":"VerdadeOn","description":"Not\u00edcias di\u00e1rias sobre Franca, Regi\u00e3o, Esporte, Cultura, Cotidiano, Colunas. Cobertura nos principais eventos da cidade \u00e9 aqui - Verdadeon Franca","potentialAction":[{"@type":"SearchAction","target":{"@type":"EntryPoint","urlTemplate":"https:\/\/verdadeon.com.br\/portal\/?s={search_term_string}"},"query-input":{"@type":"PropertyValueSpecification","valueRequired":true,"valueName":"search_term_string"}}],"inLanguage":"pt-BR"},{"@type":"Person","@id":"https:\/\/verdadeon.com.br\/portal\/#\/schema\/person\/a5060ad1e9ea3df545188fc93ce43d2f","name":"Redacao VerdadeOn","image":{"@type":"ImageObject","inLanguage":"pt-BR","@id":"https:\/\/verdadeon.com.br\/portal\/#\/schema\/person\/image\/","url":"https:\/\/secure.gravatar.com\/avatar\/459a9613caaaf07f582c3d0841eea68bdd66f533e465e6ba8b9cb45619572cf4?s=96&d=mm&r=g","contentUrl":"https:\/\/secure.gravatar.com\/avatar\/459a9613caaaf07f582c3d0841eea68bdd66f533e465e6ba8b9cb45619572cf4?s=96&d=mm&r=g","caption":"Redacao VerdadeOn"},"url":"https:\/\/verdadeon.com.br\/portal\/author\/redacao\/"}]}},"jetpack_publicize_connections":[],"jetpack_featured_media_url":"https:\/\/i0.wp.com\/verdadeon.com.br\/portal\/wp-content\/uploads\/2023\/03\/DSC_1294-scaled.jpg?fit=2560%2C1696&ssl=1","jetpack_sharing_enabled":true,"_links":{"self":[{"href":"https:\/\/verdadeon.com.br\/portal\/wp-json\/wp\/v2\/posts\/32380","targetHints":{"allow":["GET"]}}],"collection":[{"href":"https:\/\/verdadeon.com.br\/portal\/wp-json\/wp\/v2\/posts"}],"about":[{"href":"https:\/\/verdadeon.com.br\/portal\/wp-json\/wp\/v2\/types\/post"}],"author":[{"embeddable":true,"href":"https:\/\/verdadeon.com.br\/portal\/wp-json\/wp\/v2\/users\/10"}],"replies":[{"embeddable":true,"href":"https:\/\/verdadeon.com.br\/portal\/wp-json\/wp\/v2\/comments?post=32380"}],"version-history":[{"count":1,"href":"https:\/\/verdadeon.com.br\/portal\/wp-json\/wp\/v2\/posts\/32380\/revisions"}],"predecessor-version":[{"id":32382,"href":"https:\/\/verdadeon.com.br\/portal\/wp-json\/wp\/v2\/posts\/32380\/revisions\/32382"}],"wp:featuredmedia":[{"embeddable":true,"href":"https:\/\/verdadeon.com.br\/portal\/wp-json\/wp\/v2\/media\/32381"}],"wp:attachment":[{"href":"https:\/\/verdadeon.com.br\/portal\/wp-json\/wp\/v2\/media?parent=32380"}],"wp:term":[{"taxonomy":"category","embeddable":true,"href":"https:\/\/verdadeon.com.br\/portal\/wp-json\/wp\/v2\/categories?post=32380"},{"taxonomy":"post_tag","embeddable":true,"href":"https:\/\/verdadeon.com.br\/portal\/wp-json\/wp\/v2\/tags?post=32380"}],"curies":[{"name":"wp","href":"https:\/\/api.w.org\/{rel}","templated":true}]}}