{"id":32377,"date":"2023-03-09T14:20:47","date_gmt":"2023-03-09T17:20:47","guid":{"rendered":"https:\/\/verdadeon.com.br\/portal\/?p=32377"},"modified":"2023-03-09T15:30:47","modified_gmt":"2023-03-09T18:30:47","slug":"alfabetizacao-evolui-devagar-na-rede-publica-apos-pandemia-dizem-pais","status":"publish","type":"post","link":"https:\/\/verdadeon.com.br\/portal\/2023\/03\/09\/alfabetizacao-evolui-devagar-na-rede-publica-apos-pandemia-dizem-pais\/","title":{"rendered":"Alfabetiza\u00e7\u00e3o evolui devagar na rede p\u00fablica ap\u00f3s pandemia, dizem pais"},"content":{"rendered":"<div class=\"row\">\n<h2 class=\"col-10 offset-1 animated fadeInDown dealy-900 display-8 display-md-8 alt-font font-italic my-1 text-center\">Pelo menos 40% apontam lentid\u00e3o e dificuldade na volta \u00e0s aulas<\/h2>\n<div class=\"post-item-wrap\">\n<p>Quatro em cada dez pais ou respons\u00e1veis consideram que o avan\u00e7o na alfabetiza\u00e7\u00e3o de estudantes das escolas p\u00fablicas, no retorno \u00e0s aulas presenciais ap\u00f3s a pandemia de covid-19, evoluiu de forma mais lenta do que esperavam.<img data-recalc-dims=\"1\" decoding=\"async\" src=\"https:\/\/i0.wp.com\/agenciabrasil.ebc.com.br\/ebc.png?w=1220&#038;ssl=1\" \/><img data-recalc-dims=\"1\" decoding=\"async\" src=\"https:\/\/i0.wp.com\/agenciabrasil.ebc.com.br\/ebc.gif?w=1220&#038;ssl=1\" \/><\/p>\n<p>\u00c9 o que mostra a pesquisa Educa\u00e7\u00e3o na Perspectiva dos Estudantes e suas Fam\u00edlias, encomendada ao Datafolha pela Funda\u00e7\u00e3o Lemann, Ita\u00fa Social e Banco Interamericano de Desenvolvimento (BID), com apoio da Rede Conhecimento Social.<\/p>\n<p>No levantamento, os pais ou respons\u00e1veis revelaram que as crian\u00e7as e os jovens em idade escolar est\u00e3o avan\u00e7ando com dificuldades\u00a0(34%) ou n\u00e3o est\u00e3o avan\u00e7ando no processo de alfabetiza\u00e7\u00e3o (6%). Al\u00e9m disso, segundo os respons\u00e1veis, 10% dos estudantes de alfabetiza\u00e7\u00e3o est\u00e3o em n\u00edvel muito abaixo do esperado em leitura e escrita e 11% em n\u00edvel inadequado.<\/p>\n<p>A pesquisa foi feita em dezembro de 2022 e ouviu 1.323 respons\u00e1veis por 1.863 estudantes matriculados em escolas p\u00fablicas, entre 6 e 18 anos, e foi feita para avaliar o primeiro ano de retorno presencial \u00e0s aulas ap\u00f3s a pandemia de covid-19.<\/p>\n<p>A apura\u00e7\u00e3o\u00a0revelou ainda que oito em cada dez entrevistados (78%) consideram que a educa\u00e7\u00e3o deve ser a prioridade dos novos governos, seguida pela sa\u00fade (66%) e pela seguran\u00e7a p\u00fablica (21%). Para que a educa\u00e7\u00e3o seja priorizada, os entrevistados disseram que os novos governos devem garantir maior oferta de forma\u00e7\u00e3o de professores, ampliar o uso de tecnologias nas escolas e promover programas de refor\u00e7o e de recupera\u00e7\u00e3o a estudantes.<\/p>\n<p>Outros dados apresentados\u00a0mostraram que 66% dos estudantes est\u00e3o em escolas que fazem avalia\u00e7\u00f5es para conhecer as suas dificuldades de aprendizagem e 50% deles tiveram oferta de refor\u00e7o escolar, o maior \u00edndice observado desde maio de 2021. O estudo tamb\u00e9m revelou que 44% dos estudantes estudam em escolas que oferecem apoio psicol\u00f3gico.<\/p>\n<h2>Desigualdades regionais<\/h2>\n<p>O estudo evidenciou que h\u00e1 grande\u00a0desigualdade\u00a0regional\u00a0entre os estudantes da rede p\u00fablica no pa\u00eds. Por exemplo, entre os estudantes da Regi\u00e3o Norte, o uso de tecnologias foi apontado\u00a0como\u00a0necessidade maior (28%) do que entre os estudantes das regi\u00f5es Sul e Sudeste do pa\u00eds (18%).<\/p>\n<p>As entrevistas\u00a0revelaram que h\u00e1 desigualdades de renda: nas escolas de menor n\u00edvel socioecon\u00f4mico, o n\u00famero de estudantes com problemas no processo de alfabetiza\u00e7\u00e3o chega a 50%, sendo que 14% deles n\u00e3o estariam avan\u00e7ando no processo e 36% est\u00e3o avan\u00e7ando, mas com dificuldades.<\/p>\n<p>\u201cA retomada das aulas presenciais nas redes de ensino foi um marco na vida de crian\u00e7as e jovens em idade escolar, ap\u00f3s o per\u00edodo mais cr\u00edtico da pandemia. Agora\u00a0\u00e9 preciso\u00a0ter\u00a0um olhar atento e propor a\u00e7\u00f5es \u00e1geis e eficientes para mitigar o alto \u00edndice de evas\u00e3o escolar, a defasagem na aprendizagem e os desafios relacionados \u00e0 sa\u00fade mental que atingem nossos estudantes. Importa ainda que isso seja feito em todo o territ\u00f3rio nacional, com a\u00e7\u00f5es estruturadas de forma conjunta, garantindo a equidade e qualidade, requisitos b\u00e1sicos para a efetiva\u00e7\u00e3o do direito \u00e0 educa\u00e7\u00e3o\u201d, disse Patricia Mota Guedes, superintendente do Ita\u00fa Social, por meio de nota.<\/p>\n<p>Fonte: Ag\u00eancia Brasil<\/p>\n<\/div>\n<\/div>\n","protected":false},"excerpt":{"rendered":"<p>Pelo menos 40% apontam lentid\u00e3o e dificuldade na volta \u00e0s aulas Quatro em cada dez pais ou respons\u00e1veis consideram que o avan\u00e7o na alfabetiza\u00e7\u00e3o de estudantes<span class=\"excerpt-hellip\"> [\u2026]<\/span><\/p>\n","protected":false},"author":10,"featured_media":32378,"comment_status":"open","ping_status":"open","sticky":false,"template":"","format":"standard","meta":{"_jetpack_memberships_contains_paid_content":false,"footnotes":"","jetpack_publicize_message":"","jetpack_publicize_feature_enabled":true,"jetpack_social_post_already_shared":false,"jetpack_social_options":{"image_generator_settings":{"template":"highway","default_image_id":0,"enabled":false},"version":2}},"categories":[28,44],"tags":[],"class_list":["post-32377","post","type-post","status-publish","format-standard","has-post-thumbnail","hentry","category-cotidiano","category-noticias"],"yoast_head":"<!-- This site is optimized with the Yoast SEO plugin v25.6 - https:\/\/yoast.com\/wordpress\/plugins\/seo\/ -->\n<title>Alfabetiza\u00e7\u00e3o evolui devagar na rede p\u00fablica ap\u00f3s pandemia, dizem pais - VerdadeOn<\/title>\n<meta name=\"robots\" content=\"index, follow, max-snippet:-1, max-image-preview:large, max-video-preview:-1\" \/>\n<link rel=\"canonical\" href=\"https:\/\/verdadeon.com.br\/portal\/2023\/03\/09\/alfabetizacao-evolui-devagar-na-rede-publica-apos-pandemia-dizem-pais\/\" \/>\n<meta property=\"og:locale\" content=\"pt_BR\" \/>\n<meta property=\"og:type\" content=\"article\" \/>\n<meta property=\"og:title\" content=\"Alfabetiza\u00e7\u00e3o evolui devagar na rede p\u00fablica ap\u00f3s pandemia, dizem pais - VerdadeOn\" \/>\n<meta property=\"og:description\" content=\"Pelo menos 40% apontam lentid\u00e3o e dificuldade na volta \u00e0s aulas Quatro em cada dez pais ou respons\u00e1veis consideram que o avan\u00e7o na alfabetiza\u00e7\u00e3o de estudantes [\u2026]\" \/>\n<meta property=\"og:url\" content=\"https:\/\/verdadeon.com.br\/portal\/2023\/03\/09\/alfabetizacao-evolui-devagar-na-rede-publica-apos-pandemia-dizem-pais\/\" \/>\n<meta property=\"og:site_name\" content=\"VerdadeOn\" \/>\n<meta property=\"article:published_time\" content=\"2023-03-09T17:20:47+00:00\" \/>\n<meta property=\"article:modified_time\" content=\"2023-03-09T18:30:47+00:00\" \/>\n<meta property=\"og:image\" content=\"https:\/\/verdadeon.com.br\/portal\/wp-content\/uploads\/2023\/03\/alunos_para_aulas_presenciais_na_escola_emei_angelo_martino_na_bela_vista.040820213699.jpg\" \/>\n\t<meta property=\"og:image:width\" content=\"1170\" \/>\n\t<meta property=\"og:image:height\" content=\"700\" \/>\n\t<meta property=\"og:image:type\" content=\"image\/jpeg\" \/>\n<meta name=\"author\" content=\"Redacao VerdadeOn\" \/>\n<meta name=\"twitter:card\" content=\"summary_large_image\" \/>\n<meta name=\"twitter:label1\" content=\"Escrito por\" \/>\n\t<meta name=\"twitter:data1\" content=\"Redacao VerdadeOn\" \/>\n\t<meta name=\"twitter:label2\" content=\"Est. tempo de leitura\" \/>\n\t<meta name=\"twitter:data2\" content=\"4 minutos\" \/>\n<script type=\"application\/ld+json\" class=\"yoast-schema-graph\">{\"@context\":\"https:\/\/schema.org\",\"@graph\":[{\"@type\":\"WebPage\",\"@id\":\"https:\/\/verdadeon.com.br\/portal\/2023\/03\/09\/alfabetizacao-evolui-devagar-na-rede-publica-apos-pandemia-dizem-pais\/\",\"url\":\"https:\/\/verdadeon.com.br\/portal\/2023\/03\/09\/alfabetizacao-evolui-devagar-na-rede-publica-apos-pandemia-dizem-pais\/\",\"name\":\"Alfabetiza\u00e7\u00e3o evolui devagar na rede p\u00fablica ap\u00f3s pandemia, dizem pais - VerdadeOn\",\"isPartOf\":{\"@id\":\"https:\/\/verdadeon.com.br\/portal\/#website\"},\"primaryImageOfPage\":{\"@id\":\"https:\/\/verdadeon.com.br\/portal\/2023\/03\/09\/alfabetizacao-evolui-devagar-na-rede-publica-apos-pandemia-dizem-pais\/#primaryimage\"},\"image\":{\"@id\":\"https:\/\/verdadeon.com.br\/portal\/2023\/03\/09\/alfabetizacao-evolui-devagar-na-rede-publica-apos-pandemia-dizem-pais\/#primaryimage\"},\"thumbnailUrl\":\"https:\/\/i0.wp.com\/verdadeon.com.br\/portal\/wp-content\/uploads\/2023\/03\/alunos_para_aulas_presenciais_na_escola_emei_angelo_martino_na_bela_vista.040820213699.jpg?fit=1170%2C700&ssl=1\",\"datePublished\":\"2023-03-09T17:20:47+00:00\",\"dateModified\":\"2023-03-09T18:30:47+00:00\",\"author\":{\"@id\":\"https:\/\/verdadeon.com.br\/portal\/#\/schema\/person\/a5060ad1e9ea3df545188fc93ce43d2f\"},\"breadcrumb\":{\"@id\":\"https:\/\/verdadeon.com.br\/portal\/2023\/03\/09\/alfabetizacao-evolui-devagar-na-rede-publica-apos-pandemia-dizem-pais\/#breadcrumb\"},\"inLanguage\":\"pt-BR\",\"potentialAction\":[{\"@type\":\"ReadAction\",\"target\":[\"https:\/\/verdadeon.com.br\/portal\/2023\/03\/09\/alfabetizacao-evolui-devagar-na-rede-publica-apos-pandemia-dizem-pais\/\"]}]},{\"@type\":\"ImageObject\",\"inLanguage\":\"pt-BR\",\"@id\":\"https:\/\/verdadeon.com.br\/portal\/2023\/03\/09\/alfabetizacao-evolui-devagar-na-rede-publica-apos-pandemia-dizem-pais\/#primaryimage\",\"url\":\"https:\/\/i0.wp.com\/verdadeon.com.br\/portal\/wp-content\/uploads\/2023\/03\/alunos_para_aulas_presenciais_na_escola_emei_angelo_martino_na_bela_vista.040820213699.jpg?fit=1170%2C700&ssl=1\",\"contentUrl\":\"https:\/\/i0.wp.com\/verdadeon.com.br\/portal\/wp-content\/uploads\/2023\/03\/alunos_para_aulas_presenciais_na_escola_emei_angelo_martino_na_bela_vista.040820213699.jpg?fit=1170%2C700&ssl=1\",\"width\":1170,\"height\":700,\"caption\":\"Pesquisa foi encomendada ao Datafolha pela Funda\u00e7\u00e3o Lemann, Ita\u00fa Social e Banco Interamericano de Desenvolvimento (BID), com apoio da Rede Conhecimento Social. (\u00a9Rovena Rosa\/Ag\u00eancia Brasil)\"},{\"@type\":\"BreadcrumbList\",\"@id\":\"https:\/\/verdadeon.com.br\/portal\/2023\/03\/09\/alfabetizacao-evolui-devagar-na-rede-publica-apos-pandemia-dizem-pais\/#breadcrumb\",\"itemListElement\":[{\"@type\":\"ListItem\",\"position\":1,\"name\":\"In\u00edcio\",\"item\":\"https:\/\/verdadeon.com.br\/portal\/\"},{\"@type\":\"ListItem\",\"position\":2,\"name\":\"Alfabetiza\u00e7\u00e3o evolui devagar na rede p\u00fablica ap\u00f3s pandemia, dizem pais\"}]},{\"@type\":\"WebSite\",\"@id\":\"https:\/\/verdadeon.com.br\/portal\/#website\",\"url\":\"https:\/\/verdadeon.com.br\/portal\/\",\"name\":\"VerdadeOn\",\"description\":\"Not\u00edcias di\u00e1rias sobre Franca, Regi\u00e3o, Esporte, Cultura, Cotidiano, Colunas. Cobertura nos principais eventos da cidade \u00e9 aqui - Verdadeon Franca\",\"potentialAction\":[{\"@type\":\"SearchAction\",\"target\":{\"@type\":\"EntryPoint\",\"urlTemplate\":\"https:\/\/verdadeon.com.br\/portal\/?s={search_term_string}\"},\"query-input\":{\"@type\":\"PropertyValueSpecification\",\"valueRequired\":true,\"valueName\":\"search_term_string\"}}],\"inLanguage\":\"pt-BR\"},{\"@type\":\"Person\",\"@id\":\"https:\/\/verdadeon.com.br\/portal\/#\/schema\/person\/a5060ad1e9ea3df545188fc93ce43d2f\",\"name\":\"Redacao VerdadeOn\",\"image\":{\"@type\":\"ImageObject\",\"inLanguage\":\"pt-BR\",\"@id\":\"https:\/\/verdadeon.com.br\/portal\/#\/schema\/person\/image\/\",\"url\":\"https:\/\/secure.gravatar.com\/avatar\/459a9613caaaf07f582c3d0841eea68bdd66f533e465e6ba8b9cb45619572cf4?s=96&d=mm&r=g\",\"contentUrl\":\"https:\/\/secure.gravatar.com\/avatar\/459a9613caaaf07f582c3d0841eea68bdd66f533e465e6ba8b9cb45619572cf4?s=96&d=mm&r=g\",\"caption\":\"Redacao VerdadeOn\"},\"url\":\"https:\/\/verdadeon.com.br\/portal\/author\/redacao\/\"}]}<\/script>\n<!-- \/ Yoast SEO plugin. -->","yoast_head_json":{"title":"Alfabetiza\u00e7\u00e3o evolui devagar na rede p\u00fablica ap\u00f3s pandemia, dizem pais - VerdadeOn","robots":{"index":"index","follow":"follow","max-snippet":"max-snippet:-1","max-image-preview":"max-image-preview:large","max-video-preview":"max-video-preview:-1"},"canonical":"https:\/\/verdadeon.com.br\/portal\/2023\/03\/09\/alfabetizacao-evolui-devagar-na-rede-publica-apos-pandemia-dizem-pais\/","og_locale":"pt_BR","og_type":"article","og_title":"Alfabetiza\u00e7\u00e3o evolui devagar na rede p\u00fablica ap\u00f3s pandemia, dizem pais - VerdadeOn","og_description":"Pelo menos 40% apontam lentid\u00e3o e dificuldade na volta \u00e0s aulas Quatro em cada dez pais ou respons\u00e1veis consideram que o avan\u00e7o na alfabetiza\u00e7\u00e3o de estudantes [\u2026]","og_url":"https:\/\/verdadeon.com.br\/portal\/2023\/03\/09\/alfabetizacao-evolui-devagar-na-rede-publica-apos-pandemia-dizem-pais\/","og_site_name":"VerdadeOn","article_published_time":"2023-03-09T17:20:47+00:00","article_modified_time":"2023-03-09T18:30:47+00:00","og_image":[{"width":1170,"height":700,"url":"https:\/\/verdadeon.com.br\/portal\/wp-content\/uploads\/2023\/03\/alunos_para_aulas_presenciais_na_escola_emei_angelo_martino_na_bela_vista.040820213699.jpg","type":"image\/jpeg"}],"author":"Redacao VerdadeOn","twitter_card":"summary_large_image","twitter_misc":{"Escrito por":"Redacao VerdadeOn","Est. tempo de leitura":"4 minutos"},"schema":{"@context":"https:\/\/schema.org","@graph":[{"@type":"WebPage","@id":"https:\/\/verdadeon.com.br\/portal\/2023\/03\/09\/alfabetizacao-evolui-devagar-na-rede-publica-apos-pandemia-dizem-pais\/","url":"https:\/\/verdadeon.com.br\/portal\/2023\/03\/09\/alfabetizacao-evolui-devagar-na-rede-publica-apos-pandemia-dizem-pais\/","name":"Alfabetiza\u00e7\u00e3o evolui devagar na rede p\u00fablica ap\u00f3s pandemia, dizem pais - VerdadeOn","isPartOf":{"@id":"https:\/\/verdadeon.com.br\/portal\/#website"},"primaryImageOfPage":{"@id":"https:\/\/verdadeon.com.br\/portal\/2023\/03\/09\/alfabetizacao-evolui-devagar-na-rede-publica-apos-pandemia-dizem-pais\/#primaryimage"},"image":{"@id":"https:\/\/verdadeon.com.br\/portal\/2023\/03\/09\/alfabetizacao-evolui-devagar-na-rede-publica-apos-pandemia-dizem-pais\/#primaryimage"},"thumbnailUrl":"https:\/\/i0.wp.com\/verdadeon.com.br\/portal\/wp-content\/uploads\/2023\/03\/alunos_para_aulas_presenciais_na_escola_emei_angelo_martino_na_bela_vista.040820213699.jpg?fit=1170%2C700&ssl=1","datePublished":"2023-03-09T17:20:47+00:00","dateModified":"2023-03-09T18:30:47+00:00","author":{"@id":"https:\/\/verdadeon.com.br\/portal\/#\/schema\/person\/a5060ad1e9ea3df545188fc93ce43d2f"},"breadcrumb":{"@id":"https:\/\/verdadeon.com.br\/portal\/2023\/03\/09\/alfabetizacao-evolui-devagar-na-rede-publica-apos-pandemia-dizem-pais\/#breadcrumb"},"inLanguage":"pt-BR","potentialAction":[{"@type":"ReadAction","target":["https:\/\/verdadeon.com.br\/portal\/2023\/03\/09\/alfabetizacao-evolui-devagar-na-rede-publica-apos-pandemia-dizem-pais\/"]}]},{"@type":"ImageObject","inLanguage":"pt-BR","@id":"https:\/\/verdadeon.com.br\/portal\/2023\/03\/09\/alfabetizacao-evolui-devagar-na-rede-publica-apos-pandemia-dizem-pais\/#primaryimage","url":"https:\/\/i0.wp.com\/verdadeon.com.br\/portal\/wp-content\/uploads\/2023\/03\/alunos_para_aulas_presenciais_na_escola_emei_angelo_martino_na_bela_vista.040820213699.jpg?fit=1170%2C700&ssl=1","contentUrl":"https:\/\/i0.wp.com\/verdadeon.com.br\/portal\/wp-content\/uploads\/2023\/03\/alunos_para_aulas_presenciais_na_escola_emei_angelo_martino_na_bela_vista.040820213699.jpg?fit=1170%2C700&ssl=1","width":1170,"height":700,"caption":"Pesquisa foi encomendada ao Datafolha pela Funda\u00e7\u00e3o Lemann, Ita\u00fa Social e Banco Interamericano de Desenvolvimento (BID), com apoio da Rede Conhecimento Social. (\u00a9Rovena Rosa\/Ag\u00eancia Brasil)"},{"@type":"BreadcrumbList","@id":"https:\/\/verdadeon.com.br\/portal\/2023\/03\/09\/alfabetizacao-evolui-devagar-na-rede-publica-apos-pandemia-dizem-pais\/#breadcrumb","itemListElement":[{"@type":"ListItem","position":1,"name":"In\u00edcio","item":"https:\/\/verdadeon.com.br\/portal\/"},{"@type":"ListItem","position":2,"name":"Alfabetiza\u00e7\u00e3o evolui devagar na rede p\u00fablica ap\u00f3s pandemia, dizem pais"}]},{"@type":"WebSite","@id":"https:\/\/verdadeon.com.br\/portal\/#website","url":"https:\/\/verdadeon.com.br\/portal\/","name":"VerdadeOn","description":"Not\u00edcias di\u00e1rias sobre Franca, Regi\u00e3o, Esporte, Cultura, Cotidiano, Colunas. Cobertura nos principais eventos da cidade \u00e9 aqui - Verdadeon Franca","potentialAction":[{"@type":"SearchAction","target":{"@type":"EntryPoint","urlTemplate":"https:\/\/verdadeon.com.br\/portal\/?s={search_term_string}"},"query-input":{"@type":"PropertyValueSpecification","valueRequired":true,"valueName":"search_term_string"}}],"inLanguage":"pt-BR"},{"@type":"Person","@id":"https:\/\/verdadeon.com.br\/portal\/#\/schema\/person\/a5060ad1e9ea3df545188fc93ce43d2f","name":"Redacao VerdadeOn","image":{"@type":"ImageObject","inLanguage":"pt-BR","@id":"https:\/\/verdadeon.com.br\/portal\/#\/schema\/person\/image\/","url":"https:\/\/secure.gravatar.com\/avatar\/459a9613caaaf07f582c3d0841eea68bdd66f533e465e6ba8b9cb45619572cf4?s=96&d=mm&r=g","contentUrl":"https:\/\/secure.gravatar.com\/avatar\/459a9613caaaf07f582c3d0841eea68bdd66f533e465e6ba8b9cb45619572cf4?s=96&d=mm&r=g","caption":"Redacao VerdadeOn"},"url":"https:\/\/verdadeon.com.br\/portal\/author\/redacao\/"}]}},"jetpack_publicize_connections":[],"jetpack_featured_media_url":"https:\/\/i0.wp.com\/verdadeon.com.br\/portal\/wp-content\/uploads\/2023\/03\/alunos_para_aulas_presenciais_na_escola_emei_angelo_martino_na_bela_vista.040820213699.jpg?fit=1170%2C700&ssl=1","jetpack_sharing_enabled":true,"_links":{"self":[{"href":"https:\/\/verdadeon.com.br\/portal\/wp-json\/wp\/v2\/posts\/32377","targetHints":{"allow":["GET"]}}],"collection":[{"href":"https:\/\/verdadeon.com.br\/portal\/wp-json\/wp\/v2\/posts"}],"about":[{"href":"https:\/\/verdadeon.com.br\/portal\/wp-json\/wp\/v2\/types\/post"}],"author":[{"embeddable":true,"href":"https:\/\/verdadeon.com.br\/portal\/wp-json\/wp\/v2\/users\/10"}],"replies":[{"embeddable":true,"href":"https:\/\/verdadeon.com.br\/portal\/wp-json\/wp\/v2\/comments?post=32377"}],"version-history":[{"count":1,"href":"https:\/\/verdadeon.com.br\/portal\/wp-json\/wp\/v2\/posts\/32377\/revisions"}],"predecessor-version":[{"id":32379,"href":"https:\/\/verdadeon.com.br\/portal\/wp-json\/wp\/v2\/posts\/32377\/revisions\/32379"}],"wp:featuredmedia":[{"embeddable":true,"href":"https:\/\/verdadeon.com.br\/portal\/wp-json\/wp\/v2\/media\/32378"}],"wp:attachment":[{"href":"https:\/\/verdadeon.com.br\/portal\/wp-json\/wp\/v2\/media?parent=32377"}],"wp:term":[{"taxonomy":"category","embeddable":true,"href":"https:\/\/verdadeon.com.br\/portal\/wp-json\/wp\/v2\/categories?post=32377"},{"taxonomy":"post_tag","embeddable":true,"href":"https:\/\/verdadeon.com.br\/portal\/wp-json\/wp\/v2\/tags?post=32377"}],"curies":[{"name":"wp","href":"https:\/\/api.w.org\/{rel}","templated":true}]}}