{"id":32374,"date":"2023-03-09T13:45:19","date_gmt":"2023-03-09T16:45:19","guid":{"rendered":"https:\/\/verdadeon.com.br\/portal\/?p=32374"},"modified":"2023-03-09T15:29:09","modified_gmt":"2023-03-09T18:29:09","slug":"camara-aprova-projeto-que-tipifica-crime-em-troca-de-atividade-sexual","status":"publish","type":"post","link":"https:\/\/verdadeon.com.br\/portal\/2023\/03\/09\/camara-aprova-projeto-que-tipifica-crime-em-troca-de-atividade-sexual\/","title":{"rendered":"C\u00e2mara aprova projeto que tipifica crime em troca de atividade sexual"},"content":{"rendered":"<div class=\"row\">\n<h2 class=\"col-10 offset-1 animated fadeInDown dealy-900 display-8 display-md-8 alt-font font-italic my-1 text-center\">Proposta vai para an\u00e1lise e vota\u00e7\u00e3o no Senado<\/h2>\n<p>O\u00a0<a href=\"http:\/\/https\/\/www.camara.leg.br\/proposicoesWeb\/prop_mostrarintegra?codteor=2127444&amp;filename=PL%204534\/2021\" target=\"_blank\" rel=\"noopener\">Projeto de Lei 4534\/21<\/a>, que tipifica crime de abuso de poder em troca de atividade sexual, foi aprovado pelo plen\u00e1rio da C\u00e2mara dos Deputados na noite desta quarta-feira (8). O texto teve parecer favor\u00e1vel da deputada Maria do Ros\u00e1rio (PT-RS), relatora na Comiss\u00e3o de Constitui\u00e7\u00e3o e Justi\u00e7a e de Cidadania (CCJ). A proposta agora vai para an\u00e1lise e vota\u00e7\u00e3o no Senado.<img data-recalc-dims=\"1\" decoding=\"async\" src=\"https:\/\/i0.wp.com\/agenciabrasil.ebc.com.br\/ebc.png?w=1220&#038;ssl=1\" \/><img data-recalc-dims=\"1\" decoding=\"async\" src=\"https:\/\/i0.wp.com\/agenciabrasil.ebc.com.br\/ebc.gif?w=1220&#038;ssl=1\" \/><\/p>\n<p>O projeto, da deputada Tabata Amaral (PSB-SP), estabelece nova tipifica\u00e7\u00e3o no C\u00f3digo Penal e define pena de reclus\u00e3o de 2 a 6 anos. Na situa\u00e7\u00e3o em que a atividade sexual for consumada, a pena \u00e9 agravada e passa a ser de 6 a 10 anos de reclus\u00e3o. Caso o agente seja funcion\u00e1rio p\u00fablico, ela ser\u00e1 somada \u00e0quela que trata de crime contra a administra\u00e7\u00e3o p\u00fablica.<\/p>\n<p>Tabata Amaral citou dados da organiza\u00e7\u00e3o Transpar\u00eancia Internacional, segundo os quais, em 2019, na Am\u00e9rica Latina, uma em cada cinco pessoas foi v\u00edtima ou conhecia v\u00edtimas desse tipo de conduta quando buscaram algum servi\u00e7o p\u00fablico.<\/p>\n<p>J\u00e1 a relatora Maria do Ros\u00e1rio disse que a aprova\u00e7\u00e3o do projeto vai preencher lacuna legislativa existente no Brasil, \u201cmas tamb\u00e9m servir\u00e1 de refer\u00eancia internacional diante da lacuna tamb\u00e9m existente nas leis dos demais pa\u00edses e em tratados e conven\u00e7\u00f5es internacionais\u201d.<\/p>\n<p><em>* Com informa\u00e7\u00f5es da Ag\u00eancia C\u00e2mara de Not\u00edcias<\/em><\/p>\n<p>Fonte: Ag\u00eancia Brasil<\/p>\n<\/div>\n","protected":false},"excerpt":{"rendered":"<p>Proposta vai para an\u00e1lise e vota\u00e7\u00e3o no Senado O\u00a0Projeto de Lei 4534\/21, que tipifica crime de abuso de poder em troca de atividade sexual, foi aprovado<span class=\"excerpt-hellip\"> [\u2026]<\/span><\/p>\n","protected":false},"author":10,"featured_media":32375,"comment_status":"open","ping_status":"open","sticky":false,"template":"","format":"standard","meta":{"_jetpack_memberships_contains_paid_content":false,"footnotes":"","jetpack_publicize_message":"","jetpack_publicize_feature_enabled":true,"jetpack_social_post_already_shared":false,"jetpack_social_options":{"image_generator_settings":{"template":"highway","default_image_id":0,"enabled":false},"version":2}},"categories":[28,44],"tags":[],"class_list":["post-32374","post","type-post","status-publish","format-standard","has-post-thumbnail","hentry","category-cotidiano","category-noticias"],"yoast_head":"<!-- This site is optimized with the Yoast SEO plugin v25.6 - https:\/\/yoast.com\/wordpress\/plugins\/seo\/ -->\n<title>C\u00e2mara aprova projeto que tipifica crime em troca de atividade sexual - VerdadeOn<\/title>\n<meta name=\"robots\" content=\"index, follow, max-snippet:-1, max-image-preview:large, max-video-preview:-1\" \/>\n<link rel=\"canonical\" href=\"https:\/\/verdadeon.com.br\/portal\/2023\/03\/09\/camara-aprova-projeto-que-tipifica-crime-em-troca-de-atividade-sexual\/\" \/>\n<meta property=\"og:locale\" content=\"pt_BR\" \/>\n<meta property=\"og:type\" content=\"article\" \/>\n<meta property=\"og:title\" content=\"C\u00e2mara aprova projeto que tipifica crime em troca de atividade sexual - VerdadeOn\" \/>\n<meta property=\"og:description\" content=\"Proposta vai para an\u00e1lise e vota\u00e7\u00e3o no Senado O\u00a0Projeto de Lei 4534\/21, que tipifica crime de abuso de poder em troca de atividade sexual, foi aprovado [\u2026]\" \/>\n<meta property=\"og:url\" content=\"https:\/\/verdadeon.com.br\/portal\/2023\/03\/09\/camara-aprova-projeto-que-tipifica-crime-em-troca-de-atividade-sexual\/\" \/>\n<meta property=\"og:site_name\" content=\"VerdadeOn\" \/>\n<meta property=\"article:published_time\" content=\"2023-03-09T16:45:19+00:00\" \/>\n<meta property=\"article:modified_time\" content=\"2023-03-09T18:29:09+00:00\" \/>\n<meta property=\"og:image\" content=\"https:\/\/verdadeon.com.br\/portal\/wp-content\/uploads\/2023\/03\/52196980349_e189b0a770_k.jpg\" \/>\n\t<meta property=\"og:image:width\" content=\"1170\" \/>\n\t<meta property=\"og:image:height\" content=\"700\" \/>\n\t<meta property=\"og:image:type\" content=\"image\/jpeg\" \/>\n<meta name=\"author\" content=\"Redacao VerdadeOn\" \/>\n<meta name=\"twitter:card\" content=\"summary_large_image\" \/>\n<meta name=\"twitter:label1\" content=\"Escrito por\" \/>\n\t<meta name=\"twitter:data1\" content=\"Redacao VerdadeOn\" \/>\n\t<meta name=\"twitter:label2\" content=\"Est. tempo de leitura\" \/>\n\t<meta name=\"twitter:data2\" content=\"2 minutos\" \/>\n<script type=\"application\/ld+json\" class=\"yoast-schema-graph\">{\"@context\":\"https:\/\/schema.org\",\"@graph\":[{\"@type\":\"WebPage\",\"@id\":\"https:\/\/verdadeon.com.br\/portal\/2023\/03\/09\/camara-aprova-projeto-que-tipifica-crime-em-troca-de-atividade-sexual\/\",\"url\":\"https:\/\/verdadeon.com.br\/portal\/2023\/03\/09\/camara-aprova-projeto-que-tipifica-crime-em-troca-de-atividade-sexual\/\",\"name\":\"C\u00e2mara aprova projeto que tipifica crime em troca de atividade sexual - VerdadeOn\",\"isPartOf\":{\"@id\":\"https:\/\/verdadeon.com.br\/portal\/#website\"},\"primaryImageOfPage\":{\"@id\":\"https:\/\/verdadeon.com.br\/portal\/2023\/03\/09\/camara-aprova-projeto-que-tipifica-crime-em-troca-de-atividade-sexual\/#primaryimage\"},\"image\":{\"@id\":\"https:\/\/verdadeon.com.br\/portal\/2023\/03\/09\/camara-aprova-projeto-que-tipifica-crime-em-troca-de-atividade-sexual\/#primaryimage\"},\"thumbnailUrl\":\"https:\/\/i0.wp.com\/verdadeon.com.br\/portal\/wp-content\/uploads\/2023\/03\/52196980349_e189b0a770_k.jpg?fit=1170%2C700&ssl=1\",\"datePublished\":\"2023-03-09T16:45:19+00:00\",\"dateModified\":\"2023-03-09T18:29:09+00:00\",\"author\":{\"@id\":\"https:\/\/verdadeon.com.br\/portal\/#\/schema\/person\/a5060ad1e9ea3df545188fc93ce43d2f\"},\"breadcrumb\":{\"@id\":\"https:\/\/verdadeon.com.br\/portal\/2023\/03\/09\/camara-aprova-projeto-que-tipifica-crime-em-troca-de-atividade-sexual\/#breadcrumb\"},\"inLanguage\":\"pt-BR\",\"potentialAction\":[{\"@type\":\"ReadAction\",\"target\":[\"https:\/\/verdadeon.com.br\/portal\/2023\/03\/09\/camara-aprova-projeto-que-tipifica-crime-em-troca-de-atividade-sexual\/\"]}]},{\"@type\":\"ImageObject\",\"inLanguage\":\"pt-BR\",\"@id\":\"https:\/\/verdadeon.com.br\/portal\/2023\/03\/09\/camara-aprova-projeto-que-tipifica-crime-em-troca-de-atividade-sexual\/#primaryimage\",\"url\":\"https:\/\/i0.wp.com\/verdadeon.com.br\/portal\/wp-content\/uploads\/2023\/03\/52196980349_e189b0a770_k.jpg?fit=1170%2C700&ssl=1\",\"contentUrl\":\"https:\/\/i0.wp.com\/verdadeon.com.br\/portal\/wp-content\/uploads\/2023\/03\/52196980349_e189b0a770_k.jpg?fit=1170%2C700&ssl=1\",\"width\":1170,\"height\":700,\"caption\":\"Projeto de Lei da deputada Tabata Amaral (PSB-SP) coloca nova tipifica\u00e7\u00e3o em crimes por abuso de poder em troca de atividades sexuais. (\u00a9Roque de S\u00e1\/Ag\u00eancia Senado\/Direitos Reservados)\"},{\"@type\":\"BreadcrumbList\",\"@id\":\"https:\/\/verdadeon.com.br\/portal\/2023\/03\/09\/camara-aprova-projeto-que-tipifica-crime-em-troca-de-atividade-sexual\/#breadcrumb\",\"itemListElement\":[{\"@type\":\"ListItem\",\"position\":1,\"name\":\"In\u00edcio\",\"item\":\"https:\/\/verdadeon.com.br\/portal\/\"},{\"@type\":\"ListItem\",\"position\":2,\"name\":\"C\u00e2mara aprova projeto que tipifica crime em troca de atividade sexual\"}]},{\"@type\":\"WebSite\",\"@id\":\"https:\/\/verdadeon.com.br\/portal\/#website\",\"url\":\"https:\/\/verdadeon.com.br\/portal\/\",\"name\":\"VerdadeOn\",\"description\":\"Not\u00edcias di\u00e1rias sobre Franca, Regi\u00e3o, Esporte, Cultura, Cotidiano, Colunas. Cobertura nos principais eventos da cidade \u00e9 aqui - Verdadeon Franca\",\"potentialAction\":[{\"@type\":\"SearchAction\",\"target\":{\"@type\":\"EntryPoint\",\"urlTemplate\":\"https:\/\/verdadeon.com.br\/portal\/?s={search_term_string}\"},\"query-input\":{\"@type\":\"PropertyValueSpecification\",\"valueRequired\":true,\"valueName\":\"search_term_string\"}}],\"inLanguage\":\"pt-BR\"},{\"@type\":\"Person\",\"@id\":\"https:\/\/verdadeon.com.br\/portal\/#\/schema\/person\/a5060ad1e9ea3df545188fc93ce43d2f\",\"name\":\"Redacao VerdadeOn\",\"image\":{\"@type\":\"ImageObject\",\"inLanguage\":\"pt-BR\",\"@id\":\"https:\/\/verdadeon.com.br\/portal\/#\/schema\/person\/image\/\",\"url\":\"https:\/\/secure.gravatar.com\/avatar\/459a9613caaaf07f582c3d0841eea68bdd66f533e465e6ba8b9cb45619572cf4?s=96&d=mm&r=g\",\"contentUrl\":\"https:\/\/secure.gravatar.com\/avatar\/459a9613caaaf07f582c3d0841eea68bdd66f533e465e6ba8b9cb45619572cf4?s=96&d=mm&r=g\",\"caption\":\"Redacao VerdadeOn\"},\"url\":\"https:\/\/verdadeon.com.br\/portal\/author\/redacao\/\"}]}<\/script>\n<!-- \/ Yoast SEO plugin. -->","yoast_head_json":{"title":"C\u00e2mara aprova projeto que tipifica crime em troca de atividade sexual - VerdadeOn","robots":{"index":"index","follow":"follow","max-snippet":"max-snippet:-1","max-image-preview":"max-image-preview:large","max-video-preview":"max-video-preview:-1"},"canonical":"https:\/\/verdadeon.com.br\/portal\/2023\/03\/09\/camara-aprova-projeto-que-tipifica-crime-em-troca-de-atividade-sexual\/","og_locale":"pt_BR","og_type":"article","og_title":"C\u00e2mara aprova projeto que tipifica crime em troca de atividade sexual - VerdadeOn","og_description":"Proposta vai para an\u00e1lise e vota\u00e7\u00e3o no Senado O\u00a0Projeto de Lei 4534\/21, que tipifica crime de abuso de poder em troca de atividade sexual, foi aprovado [\u2026]","og_url":"https:\/\/verdadeon.com.br\/portal\/2023\/03\/09\/camara-aprova-projeto-que-tipifica-crime-em-troca-de-atividade-sexual\/","og_site_name":"VerdadeOn","article_published_time":"2023-03-09T16:45:19+00:00","article_modified_time":"2023-03-09T18:29:09+00:00","og_image":[{"width":1170,"height":700,"url":"https:\/\/verdadeon.com.br\/portal\/wp-content\/uploads\/2023\/03\/52196980349_e189b0a770_k.jpg","type":"image\/jpeg"}],"author":"Redacao VerdadeOn","twitter_card":"summary_large_image","twitter_misc":{"Escrito por":"Redacao VerdadeOn","Est. tempo de leitura":"2 minutos"},"schema":{"@context":"https:\/\/schema.org","@graph":[{"@type":"WebPage","@id":"https:\/\/verdadeon.com.br\/portal\/2023\/03\/09\/camara-aprova-projeto-que-tipifica-crime-em-troca-de-atividade-sexual\/","url":"https:\/\/verdadeon.com.br\/portal\/2023\/03\/09\/camara-aprova-projeto-que-tipifica-crime-em-troca-de-atividade-sexual\/","name":"C\u00e2mara aprova projeto que tipifica crime em troca de atividade sexual - VerdadeOn","isPartOf":{"@id":"https:\/\/verdadeon.com.br\/portal\/#website"},"primaryImageOfPage":{"@id":"https:\/\/verdadeon.com.br\/portal\/2023\/03\/09\/camara-aprova-projeto-que-tipifica-crime-em-troca-de-atividade-sexual\/#primaryimage"},"image":{"@id":"https:\/\/verdadeon.com.br\/portal\/2023\/03\/09\/camara-aprova-projeto-que-tipifica-crime-em-troca-de-atividade-sexual\/#primaryimage"},"thumbnailUrl":"https:\/\/i0.wp.com\/verdadeon.com.br\/portal\/wp-content\/uploads\/2023\/03\/52196980349_e189b0a770_k.jpg?fit=1170%2C700&ssl=1","datePublished":"2023-03-09T16:45:19+00:00","dateModified":"2023-03-09T18:29:09+00:00","author":{"@id":"https:\/\/verdadeon.com.br\/portal\/#\/schema\/person\/a5060ad1e9ea3df545188fc93ce43d2f"},"breadcrumb":{"@id":"https:\/\/verdadeon.com.br\/portal\/2023\/03\/09\/camara-aprova-projeto-que-tipifica-crime-em-troca-de-atividade-sexual\/#breadcrumb"},"inLanguage":"pt-BR","potentialAction":[{"@type":"ReadAction","target":["https:\/\/verdadeon.com.br\/portal\/2023\/03\/09\/camara-aprova-projeto-que-tipifica-crime-em-troca-de-atividade-sexual\/"]}]},{"@type":"ImageObject","inLanguage":"pt-BR","@id":"https:\/\/verdadeon.com.br\/portal\/2023\/03\/09\/camara-aprova-projeto-que-tipifica-crime-em-troca-de-atividade-sexual\/#primaryimage","url":"https:\/\/i0.wp.com\/verdadeon.com.br\/portal\/wp-content\/uploads\/2023\/03\/52196980349_e189b0a770_k.jpg?fit=1170%2C700&ssl=1","contentUrl":"https:\/\/i0.wp.com\/verdadeon.com.br\/portal\/wp-content\/uploads\/2023\/03\/52196980349_e189b0a770_k.jpg?fit=1170%2C700&ssl=1","width":1170,"height":700,"caption":"Projeto de Lei da deputada Tabata Amaral (PSB-SP) coloca nova tipifica\u00e7\u00e3o em crimes por abuso de poder em troca de atividades sexuais. (\u00a9Roque de S\u00e1\/Ag\u00eancia Senado\/Direitos Reservados)"},{"@type":"BreadcrumbList","@id":"https:\/\/verdadeon.com.br\/portal\/2023\/03\/09\/camara-aprova-projeto-que-tipifica-crime-em-troca-de-atividade-sexual\/#breadcrumb","itemListElement":[{"@type":"ListItem","position":1,"name":"In\u00edcio","item":"https:\/\/verdadeon.com.br\/portal\/"},{"@type":"ListItem","position":2,"name":"C\u00e2mara aprova projeto que tipifica crime em troca de atividade sexual"}]},{"@type":"WebSite","@id":"https:\/\/verdadeon.com.br\/portal\/#website","url":"https:\/\/verdadeon.com.br\/portal\/","name":"VerdadeOn","description":"Not\u00edcias di\u00e1rias sobre Franca, Regi\u00e3o, Esporte, Cultura, Cotidiano, Colunas. Cobertura nos principais eventos da cidade \u00e9 aqui - Verdadeon Franca","potentialAction":[{"@type":"SearchAction","target":{"@type":"EntryPoint","urlTemplate":"https:\/\/verdadeon.com.br\/portal\/?s={search_term_string}"},"query-input":{"@type":"PropertyValueSpecification","valueRequired":true,"valueName":"search_term_string"}}],"inLanguage":"pt-BR"},{"@type":"Person","@id":"https:\/\/verdadeon.com.br\/portal\/#\/schema\/person\/a5060ad1e9ea3df545188fc93ce43d2f","name":"Redacao VerdadeOn","image":{"@type":"ImageObject","inLanguage":"pt-BR","@id":"https:\/\/verdadeon.com.br\/portal\/#\/schema\/person\/image\/","url":"https:\/\/secure.gravatar.com\/avatar\/459a9613caaaf07f582c3d0841eea68bdd66f533e465e6ba8b9cb45619572cf4?s=96&d=mm&r=g","contentUrl":"https:\/\/secure.gravatar.com\/avatar\/459a9613caaaf07f582c3d0841eea68bdd66f533e465e6ba8b9cb45619572cf4?s=96&d=mm&r=g","caption":"Redacao VerdadeOn"},"url":"https:\/\/verdadeon.com.br\/portal\/author\/redacao\/"}]}},"jetpack_publicize_connections":[],"jetpack_featured_media_url":"https:\/\/i0.wp.com\/verdadeon.com.br\/portal\/wp-content\/uploads\/2023\/03\/52196980349_e189b0a770_k.jpg?fit=1170%2C700&ssl=1","jetpack_sharing_enabled":true,"_links":{"self":[{"href":"https:\/\/verdadeon.com.br\/portal\/wp-json\/wp\/v2\/posts\/32374","targetHints":{"allow":["GET"]}}],"collection":[{"href":"https:\/\/verdadeon.com.br\/portal\/wp-json\/wp\/v2\/posts"}],"about":[{"href":"https:\/\/verdadeon.com.br\/portal\/wp-json\/wp\/v2\/types\/post"}],"author":[{"embeddable":true,"href":"https:\/\/verdadeon.com.br\/portal\/wp-json\/wp\/v2\/users\/10"}],"replies":[{"embeddable":true,"href":"https:\/\/verdadeon.com.br\/portal\/wp-json\/wp\/v2\/comments?post=32374"}],"version-history":[{"count":1,"href":"https:\/\/verdadeon.com.br\/portal\/wp-json\/wp\/v2\/posts\/32374\/revisions"}],"predecessor-version":[{"id":32376,"href":"https:\/\/verdadeon.com.br\/portal\/wp-json\/wp\/v2\/posts\/32374\/revisions\/32376"}],"wp:featuredmedia":[{"embeddable":true,"href":"https:\/\/verdadeon.com.br\/portal\/wp-json\/wp\/v2\/media\/32375"}],"wp:attachment":[{"href":"https:\/\/verdadeon.com.br\/portal\/wp-json\/wp\/v2\/media?parent=32374"}],"wp:term":[{"taxonomy":"category","embeddable":true,"href":"https:\/\/verdadeon.com.br\/portal\/wp-json\/wp\/v2\/categories?post=32374"},{"taxonomy":"post_tag","embeddable":true,"href":"https:\/\/verdadeon.com.br\/portal\/wp-json\/wp\/v2\/tags?post=32374"}],"curies":[{"name":"wp","href":"https:\/\/api.w.org\/{rel}","templated":true}]}}