{"id":32371,"date":"2023-03-09T12:40:22","date_gmt":"2023-03-09T15:40:22","guid":{"rendered":"https:\/\/verdadeon.com.br\/portal\/?p=32371"},"modified":"2023-03-09T15:28:55","modified_gmt":"2023-03-09T18:28:55","slug":"denuncias-de-assedio-sexual-no-trabalho-aumentam-em-sao-paulo","status":"publish","type":"post","link":"https:\/\/verdadeon.com.br\/portal\/2023\/03\/09\/denuncias-de-assedio-sexual-no-trabalho-aumentam-em-sao-paulo\/","title":{"rendered":"Den\u00fancias de ass\u00e9dio sexual no trabalho aumentam em S\u00e3o Paulo"},"content":{"rendered":"<div class=\"row\">\n<h2 class=\"col-10 offset-1 animated fadeInDown dealy-900 display-8 display-md-8 alt-font font-italic my-1 text-center\">MPT recebeu 182 relatos em 2022. Neste ano, foram comunicados 54 casos<\/h2>\n<p>Nos \u00faltimos quatro anos, as den\u00fancias de ass\u00e9dio sexual recebidas pelo Minist\u00e9rio P\u00fablico do Trabalho em S\u00e3o Paulo (MPT\/SP) passaram de 11, em 2018, para 182, em 2022. Neste ano, at\u00e9 esta quarta-feira (8), foram recebidas pelo MPT 54 den\u00fancias.\u00a0<img data-recalc-dims=\"1\" decoding=\"async\" src=\"https:\/\/i0.wp.com\/agenciabrasil.ebc.com.br\/ebc.png?w=1220&#038;ssl=1\" \/><img data-recalc-dims=\"1\" decoding=\"async\" src=\"https:\/\/i0.wp.com\/agenciabrasil.ebc.com.br\/ebc.gif?w=1220&#038;ssl=1\" \/><\/p>\n<p>A procuradora do Trabalho Sofia Vilela destaca que os n\u00fameros n\u00e3o necessariamente refletem o aumento dos casos, pois, anteriormente, muitos podiam estar silenciados. Em nota, ela cita o constrangimento e o descr\u00e9dito a que as mulheres s\u00e3o submetidas em casos de ass\u00e9dio no ambiente de trabalho.<\/p>\n<p>Segundo a procuradora, a ampla repercuss\u00e3o de casos como o que envolveu o ent\u00e3o presidente da Caixa Econ\u00f4mica Federal, Pedro Guimar\u00e3es, no ano passado, contribuiu para estimular as v\u00edtimas a denunciarem. Guimar\u00e3es foi\u00a0<a href=\"https:\/\/agenciabrasil.ebc.com.br\/justica\/noticia\/2022-07\/mpt-abre-inquerito-para-apurar-acusacoes-contra-ex-presidente-da-caixa\" target=\"_blank\" rel=\"noopener\">processado pelo MPT<\/a>. Na \u00e9poca, ele negou as den\u00fancias de abusos contra funcion\u00e1rias do banco.<\/p>\n<p>Para Sofia Vilela tamb\u00e9m, as campanhas de conscientiza\u00e7\u00e3o contribuem para aumentar o n\u00famero de den\u00fancias.<\/p>\n<h2>Como denunciar<\/h2>\n<p>O MPT orienta as pessoas que estejam sofrendo ou testemunhando casos de ass\u00e9dio sexual no trabalho a denunciar os abusos. O primeiro passo \u00e9 procurar um canal interno de den\u00fancias na organiza\u00e7\u00e3o em que trabalha para registrar o caso.<\/p>\n<p>Em caso de medo de repres\u00e1lias, a den\u00fancia pode ser feita ao\u00a0<a href=\"http:\/\/https\/\/www.prt2.mpt.mp.br\/servicos\/balcao-virtual\" target=\"_blank\" rel=\"noopener\">MPT<\/a>, que abrir\u00e1 investiga\u00e7\u00e3o contra a empresa.<\/p>\n<p>O Minist\u00e9rio P\u00fablico do Trabalho destaca ainda que \u00e9 importante reunir testemunhas da situa\u00e7\u00e3o e, nos casos em que a pr\u00f3pria denunciante esteja sofrendo o ass\u00e9dio, nunca ficar sozinha com o agressor. Grava\u00e7\u00f5es em v\u00eddeo ou \u00e1udio tamb\u00e9m podem ser usadas como provas, mas n\u00e3o s\u00e3o obrigat\u00f3rias.<\/p>\n<p>Fonte: Ag\u00eancia Brasil<\/p>\n<\/div>\n","protected":false},"excerpt":{"rendered":"<p>MPT recebeu 182 relatos em 2022. Neste ano, foram comunicados 54 casos Nos \u00faltimos quatro anos, as den\u00fancias de ass\u00e9dio sexual recebidas pelo Minist\u00e9rio P\u00fablico do<span class=\"excerpt-hellip\"> [\u2026]<\/span><\/p>\n","protected":false},"author":10,"featured_media":32372,"comment_status":"open","ping_status":"open","sticky":false,"template":"","format":"standard","meta":{"_jetpack_memberships_contains_paid_content":false,"footnotes":"","jetpack_publicize_message":"","jetpack_publicize_feature_enabled":true,"jetpack_social_post_already_shared":false,"jetpack_social_options":{"image_generator_settings":{"template":"highway","default_image_id":0,"enabled":false},"version":2}},"categories":[28,44],"tags":[],"class_list":["post-32371","post","type-post","status-publish","format-standard","has-post-thumbnail","hentry","category-cotidiano","category-noticias"],"yoast_head":"<!-- This site is optimized with the Yoast SEO plugin v25.6 - https:\/\/yoast.com\/wordpress\/plugins\/seo\/ -->\n<title>Den\u00fancias de ass\u00e9dio sexual no trabalho aumentam em S\u00e3o Paulo - VerdadeOn<\/title>\n<meta name=\"robots\" content=\"index, follow, max-snippet:-1, max-image-preview:large, max-video-preview:-1\" \/>\n<link rel=\"canonical\" href=\"https:\/\/verdadeon.com.br\/portal\/2023\/03\/09\/denuncias-de-assedio-sexual-no-trabalho-aumentam-em-sao-paulo\/\" \/>\n<meta property=\"og:locale\" content=\"pt_BR\" \/>\n<meta property=\"og:type\" content=\"article\" \/>\n<meta property=\"og:title\" content=\"Den\u00fancias de ass\u00e9dio sexual no trabalho aumentam em S\u00e3o Paulo - VerdadeOn\" \/>\n<meta property=\"og:description\" content=\"MPT recebeu 182 relatos em 2022. Neste ano, foram comunicados 54 casos Nos \u00faltimos quatro anos, as den\u00fancias de ass\u00e9dio sexual recebidas pelo Minist\u00e9rio P\u00fablico do [\u2026]\" \/>\n<meta property=\"og:url\" content=\"https:\/\/verdadeon.com.br\/portal\/2023\/03\/09\/denuncias-de-assedio-sexual-no-trabalho-aumentam-em-sao-paulo\/\" \/>\n<meta property=\"og:site_name\" content=\"VerdadeOn\" \/>\n<meta property=\"article:published_time\" content=\"2023-03-09T15:40:22+00:00\" \/>\n<meta property=\"article:modified_time\" content=\"2023-03-09T18:28:55+00:00\" \/>\n<meta property=\"og:image\" content=\"https:\/\/verdadeon.com.br\/portal\/wp-content\/uploads\/2023\/03\/stock-photo-concept-photo-rape.jpg\" \/>\n\t<meta property=\"og:image:width\" content=\"1024\" \/>\n\t<meta property=\"og:image:height\" content=\"678\" \/>\n\t<meta property=\"og:image:type\" content=\"image\/jpeg\" \/>\n<meta name=\"author\" content=\"Redacao VerdadeOn\" \/>\n<meta name=\"twitter:card\" content=\"summary_large_image\" \/>\n<meta name=\"twitter:label1\" content=\"Escrito por\" \/>\n\t<meta name=\"twitter:data1\" content=\"Redacao VerdadeOn\" \/>\n\t<meta name=\"twitter:label2\" content=\"Est. tempo de leitura\" \/>\n\t<meta name=\"twitter:data2\" content=\"2 minutos\" \/>\n<script type=\"application\/ld+json\" class=\"yoast-schema-graph\">{\"@context\":\"https:\/\/schema.org\",\"@graph\":[{\"@type\":\"WebPage\",\"@id\":\"https:\/\/verdadeon.com.br\/portal\/2023\/03\/09\/denuncias-de-assedio-sexual-no-trabalho-aumentam-em-sao-paulo\/\",\"url\":\"https:\/\/verdadeon.com.br\/portal\/2023\/03\/09\/denuncias-de-assedio-sexual-no-trabalho-aumentam-em-sao-paulo\/\",\"name\":\"Den\u00fancias de ass\u00e9dio sexual no trabalho aumentam em S\u00e3o Paulo - VerdadeOn\",\"isPartOf\":{\"@id\":\"https:\/\/verdadeon.com.br\/portal\/#website\"},\"primaryImageOfPage\":{\"@id\":\"https:\/\/verdadeon.com.br\/portal\/2023\/03\/09\/denuncias-de-assedio-sexual-no-trabalho-aumentam-em-sao-paulo\/#primaryimage\"},\"image\":{\"@id\":\"https:\/\/verdadeon.com.br\/portal\/2023\/03\/09\/denuncias-de-assedio-sexual-no-trabalho-aumentam-em-sao-paulo\/#primaryimage\"},\"thumbnailUrl\":\"https:\/\/i0.wp.com\/verdadeon.com.br\/portal\/wp-content\/uploads\/2023\/03\/stock-photo-concept-photo-rape.jpg?fit=1024%2C678&ssl=1\",\"datePublished\":\"2023-03-09T15:40:22+00:00\",\"dateModified\":\"2023-03-09T18:28:55+00:00\",\"author\":{\"@id\":\"https:\/\/verdadeon.com.br\/portal\/#\/schema\/person\/a5060ad1e9ea3df545188fc93ce43d2f\"},\"breadcrumb\":{\"@id\":\"https:\/\/verdadeon.com.br\/portal\/2023\/03\/09\/denuncias-de-assedio-sexual-no-trabalho-aumentam-em-sao-paulo\/#breadcrumb\"},\"inLanguage\":\"pt-BR\",\"potentialAction\":[{\"@type\":\"ReadAction\",\"target\":[\"https:\/\/verdadeon.com.br\/portal\/2023\/03\/09\/denuncias-de-assedio-sexual-no-trabalho-aumentam-em-sao-paulo\/\"]}]},{\"@type\":\"ImageObject\",\"inLanguage\":\"pt-BR\",\"@id\":\"https:\/\/verdadeon.com.br\/portal\/2023\/03\/09\/denuncias-de-assedio-sexual-no-trabalho-aumentam-em-sao-paulo\/#primaryimage\",\"url\":\"https:\/\/i0.wp.com\/verdadeon.com.br\/portal\/wp-content\/uploads\/2023\/03\/stock-photo-concept-photo-rape.jpg?fit=1024%2C678&ssl=1\",\"contentUrl\":\"https:\/\/i0.wp.com\/verdadeon.com.br\/portal\/wp-content\/uploads\/2023\/03\/stock-photo-concept-photo-rape.jpg?fit=1024%2C678&ssl=1\",\"width\":1024,\"height\":678,\"caption\":\"S\u00f3 em 2023, o Minist\u00e9rio P\u00fablico do Trabalho em S\u00e3o Paulo (MPT\/SP) j\u00e1 recebeu 54 den\u00fancias.\"},{\"@type\":\"BreadcrumbList\",\"@id\":\"https:\/\/verdadeon.com.br\/portal\/2023\/03\/09\/denuncias-de-assedio-sexual-no-trabalho-aumentam-em-sao-paulo\/#breadcrumb\",\"itemListElement\":[{\"@type\":\"ListItem\",\"position\":1,\"name\":\"In\u00edcio\",\"item\":\"https:\/\/verdadeon.com.br\/portal\/\"},{\"@type\":\"ListItem\",\"position\":2,\"name\":\"Den\u00fancias de ass\u00e9dio sexual no trabalho aumentam em S\u00e3o Paulo\"}]},{\"@type\":\"WebSite\",\"@id\":\"https:\/\/verdadeon.com.br\/portal\/#website\",\"url\":\"https:\/\/verdadeon.com.br\/portal\/\",\"name\":\"VerdadeOn\",\"description\":\"Not\u00edcias di\u00e1rias sobre Franca, Regi\u00e3o, Esporte, Cultura, Cotidiano, Colunas. Cobertura nos principais eventos da cidade \u00e9 aqui - Verdadeon Franca\",\"potentialAction\":[{\"@type\":\"SearchAction\",\"target\":{\"@type\":\"EntryPoint\",\"urlTemplate\":\"https:\/\/verdadeon.com.br\/portal\/?s={search_term_string}\"},\"query-input\":{\"@type\":\"PropertyValueSpecification\",\"valueRequired\":true,\"valueName\":\"search_term_string\"}}],\"inLanguage\":\"pt-BR\"},{\"@type\":\"Person\",\"@id\":\"https:\/\/verdadeon.com.br\/portal\/#\/schema\/person\/a5060ad1e9ea3df545188fc93ce43d2f\",\"name\":\"Redacao VerdadeOn\",\"image\":{\"@type\":\"ImageObject\",\"inLanguage\":\"pt-BR\",\"@id\":\"https:\/\/verdadeon.com.br\/portal\/#\/schema\/person\/image\/\",\"url\":\"https:\/\/secure.gravatar.com\/avatar\/459a9613caaaf07f582c3d0841eea68bdd66f533e465e6ba8b9cb45619572cf4?s=96&d=mm&r=g\",\"contentUrl\":\"https:\/\/secure.gravatar.com\/avatar\/459a9613caaaf07f582c3d0841eea68bdd66f533e465e6ba8b9cb45619572cf4?s=96&d=mm&r=g\",\"caption\":\"Redacao VerdadeOn\"},\"url\":\"https:\/\/verdadeon.com.br\/portal\/author\/redacao\/\"}]}<\/script>\n<!-- \/ Yoast SEO plugin. -->","yoast_head_json":{"title":"Den\u00fancias de ass\u00e9dio sexual no trabalho aumentam em S\u00e3o Paulo - VerdadeOn","robots":{"index":"index","follow":"follow","max-snippet":"max-snippet:-1","max-image-preview":"max-image-preview:large","max-video-preview":"max-video-preview:-1"},"canonical":"https:\/\/verdadeon.com.br\/portal\/2023\/03\/09\/denuncias-de-assedio-sexual-no-trabalho-aumentam-em-sao-paulo\/","og_locale":"pt_BR","og_type":"article","og_title":"Den\u00fancias de ass\u00e9dio sexual no trabalho aumentam em S\u00e3o Paulo - VerdadeOn","og_description":"MPT recebeu 182 relatos em 2022. Neste ano, foram comunicados 54 casos Nos \u00faltimos quatro anos, as den\u00fancias de ass\u00e9dio sexual recebidas pelo Minist\u00e9rio P\u00fablico do [\u2026]","og_url":"https:\/\/verdadeon.com.br\/portal\/2023\/03\/09\/denuncias-de-assedio-sexual-no-trabalho-aumentam-em-sao-paulo\/","og_site_name":"VerdadeOn","article_published_time":"2023-03-09T15:40:22+00:00","article_modified_time":"2023-03-09T18:28:55+00:00","og_image":[{"width":1024,"height":678,"url":"https:\/\/verdadeon.com.br\/portal\/wp-content\/uploads\/2023\/03\/stock-photo-concept-photo-rape.jpg","type":"image\/jpeg"}],"author":"Redacao VerdadeOn","twitter_card":"summary_large_image","twitter_misc":{"Escrito por":"Redacao VerdadeOn","Est. tempo de leitura":"2 minutos"},"schema":{"@context":"https:\/\/schema.org","@graph":[{"@type":"WebPage","@id":"https:\/\/verdadeon.com.br\/portal\/2023\/03\/09\/denuncias-de-assedio-sexual-no-trabalho-aumentam-em-sao-paulo\/","url":"https:\/\/verdadeon.com.br\/portal\/2023\/03\/09\/denuncias-de-assedio-sexual-no-trabalho-aumentam-em-sao-paulo\/","name":"Den\u00fancias de ass\u00e9dio sexual no trabalho aumentam em S\u00e3o Paulo - VerdadeOn","isPartOf":{"@id":"https:\/\/verdadeon.com.br\/portal\/#website"},"primaryImageOfPage":{"@id":"https:\/\/verdadeon.com.br\/portal\/2023\/03\/09\/denuncias-de-assedio-sexual-no-trabalho-aumentam-em-sao-paulo\/#primaryimage"},"image":{"@id":"https:\/\/verdadeon.com.br\/portal\/2023\/03\/09\/denuncias-de-assedio-sexual-no-trabalho-aumentam-em-sao-paulo\/#primaryimage"},"thumbnailUrl":"https:\/\/i0.wp.com\/verdadeon.com.br\/portal\/wp-content\/uploads\/2023\/03\/stock-photo-concept-photo-rape.jpg?fit=1024%2C678&ssl=1","datePublished":"2023-03-09T15:40:22+00:00","dateModified":"2023-03-09T18:28:55+00:00","author":{"@id":"https:\/\/verdadeon.com.br\/portal\/#\/schema\/person\/a5060ad1e9ea3df545188fc93ce43d2f"},"breadcrumb":{"@id":"https:\/\/verdadeon.com.br\/portal\/2023\/03\/09\/denuncias-de-assedio-sexual-no-trabalho-aumentam-em-sao-paulo\/#breadcrumb"},"inLanguage":"pt-BR","potentialAction":[{"@type":"ReadAction","target":["https:\/\/verdadeon.com.br\/portal\/2023\/03\/09\/denuncias-de-assedio-sexual-no-trabalho-aumentam-em-sao-paulo\/"]}]},{"@type":"ImageObject","inLanguage":"pt-BR","@id":"https:\/\/verdadeon.com.br\/portal\/2023\/03\/09\/denuncias-de-assedio-sexual-no-trabalho-aumentam-em-sao-paulo\/#primaryimage","url":"https:\/\/i0.wp.com\/verdadeon.com.br\/portal\/wp-content\/uploads\/2023\/03\/stock-photo-concept-photo-rape.jpg?fit=1024%2C678&ssl=1","contentUrl":"https:\/\/i0.wp.com\/verdadeon.com.br\/portal\/wp-content\/uploads\/2023\/03\/stock-photo-concept-photo-rape.jpg?fit=1024%2C678&ssl=1","width":1024,"height":678,"caption":"S\u00f3 em 2023, o Minist\u00e9rio P\u00fablico do Trabalho em S\u00e3o Paulo (MPT\/SP) j\u00e1 recebeu 54 den\u00fancias."},{"@type":"BreadcrumbList","@id":"https:\/\/verdadeon.com.br\/portal\/2023\/03\/09\/denuncias-de-assedio-sexual-no-trabalho-aumentam-em-sao-paulo\/#breadcrumb","itemListElement":[{"@type":"ListItem","position":1,"name":"In\u00edcio","item":"https:\/\/verdadeon.com.br\/portal\/"},{"@type":"ListItem","position":2,"name":"Den\u00fancias de ass\u00e9dio sexual no trabalho aumentam em S\u00e3o Paulo"}]},{"@type":"WebSite","@id":"https:\/\/verdadeon.com.br\/portal\/#website","url":"https:\/\/verdadeon.com.br\/portal\/","name":"VerdadeOn","description":"Not\u00edcias di\u00e1rias sobre Franca, Regi\u00e3o, Esporte, Cultura, Cotidiano, Colunas. Cobertura nos principais eventos da cidade \u00e9 aqui - Verdadeon Franca","potentialAction":[{"@type":"SearchAction","target":{"@type":"EntryPoint","urlTemplate":"https:\/\/verdadeon.com.br\/portal\/?s={search_term_string}"},"query-input":{"@type":"PropertyValueSpecification","valueRequired":true,"valueName":"search_term_string"}}],"inLanguage":"pt-BR"},{"@type":"Person","@id":"https:\/\/verdadeon.com.br\/portal\/#\/schema\/person\/a5060ad1e9ea3df545188fc93ce43d2f","name":"Redacao VerdadeOn","image":{"@type":"ImageObject","inLanguage":"pt-BR","@id":"https:\/\/verdadeon.com.br\/portal\/#\/schema\/person\/image\/","url":"https:\/\/secure.gravatar.com\/avatar\/459a9613caaaf07f582c3d0841eea68bdd66f533e465e6ba8b9cb45619572cf4?s=96&d=mm&r=g","contentUrl":"https:\/\/secure.gravatar.com\/avatar\/459a9613caaaf07f582c3d0841eea68bdd66f533e465e6ba8b9cb45619572cf4?s=96&d=mm&r=g","caption":"Redacao VerdadeOn"},"url":"https:\/\/verdadeon.com.br\/portal\/author\/redacao\/"}]}},"jetpack_publicize_connections":[],"jetpack_featured_media_url":"https:\/\/i0.wp.com\/verdadeon.com.br\/portal\/wp-content\/uploads\/2023\/03\/stock-photo-concept-photo-rape.jpg?fit=1024%2C678&ssl=1","jetpack_sharing_enabled":true,"_links":{"self":[{"href":"https:\/\/verdadeon.com.br\/portal\/wp-json\/wp\/v2\/posts\/32371","targetHints":{"allow":["GET"]}}],"collection":[{"href":"https:\/\/verdadeon.com.br\/portal\/wp-json\/wp\/v2\/posts"}],"about":[{"href":"https:\/\/verdadeon.com.br\/portal\/wp-json\/wp\/v2\/types\/post"}],"author":[{"embeddable":true,"href":"https:\/\/verdadeon.com.br\/portal\/wp-json\/wp\/v2\/users\/10"}],"replies":[{"embeddable":true,"href":"https:\/\/verdadeon.com.br\/portal\/wp-json\/wp\/v2\/comments?post=32371"}],"version-history":[{"count":1,"href":"https:\/\/verdadeon.com.br\/portal\/wp-json\/wp\/v2\/posts\/32371\/revisions"}],"predecessor-version":[{"id":32373,"href":"https:\/\/verdadeon.com.br\/portal\/wp-json\/wp\/v2\/posts\/32371\/revisions\/32373"}],"wp:featuredmedia":[{"embeddable":true,"href":"https:\/\/verdadeon.com.br\/portal\/wp-json\/wp\/v2\/media\/32372"}],"wp:attachment":[{"href":"https:\/\/verdadeon.com.br\/portal\/wp-json\/wp\/v2\/media?parent=32371"}],"wp:term":[{"taxonomy":"category","embeddable":true,"href":"https:\/\/verdadeon.com.br\/portal\/wp-json\/wp\/v2\/categories?post=32371"},{"taxonomy":"post_tag","embeddable":true,"href":"https:\/\/verdadeon.com.br\/portal\/wp-json\/wp\/v2\/tags?post=32371"}],"curies":[{"name":"wp","href":"https:\/\/api.w.org\/{rel}","templated":true}]}}