{"id":32348,"date":"2023-03-08T16:20:48","date_gmt":"2023-03-08T19:20:48","guid":{"rendered":"https:\/\/verdadeon.com.br\/portal\/?p=32348"},"modified":"2023-03-08T17:10:02","modified_gmt":"2023-03-08T20:10:02","slug":"governo-lanca-programa-de-distribuicao-gratuita-de-absorvente-pelo-sus","status":"publish","type":"post","link":"https:\/\/verdadeon.com.br\/portal\/2023\/03\/08\/governo-lanca-programa-de-distribuicao-gratuita-de-absorvente-pelo-sus\/","title":{"rendered":"Governo lan\u00e7a programa de distribui\u00e7\u00e3o gratuita de absorvente pelo SUS"},"content":{"rendered":"<div class=\"row\">\n<h2 class=\"col-10 offset-1 animated fadeInDown dealy-900 display-8 display-md-8 alt-font font-italic my-1 text-center\">Foco ser\u00e1 a popula\u00e7\u00e3o que est\u00e1 abaixo da linha da pobreza<\/h2>\n<p>O Minist\u00e9rio da Sa\u00fade informou nesta quarta-feira (8) que vai assegurar a oferta de absorventes pelo Sistema \u00danico de Sa\u00fade (SUS), com foco na popula\u00e7\u00e3o que est\u00e1 abaixo da linha da pobreza. O presidente da Rep\u00fablica, Luiz In\u00e1cio Lula da Silva, assinou nesta quarta-feira um decreto que cria o Programa de Prote\u00e7\u00e3o e Promo\u00e7\u00e3o da Dignidade Menstrual.<img data-recalc-dims=\"1\" decoding=\"async\" src=\"https:\/\/i0.wp.com\/agenciabrasil.ebc.com.br\/ebc.png?w=1220&#038;ssl=1\" \/><img data-recalc-dims=\"1\" decoding=\"async\" src=\"https:\/\/i0.wp.com\/agenciabrasil.ebc.com.br\/ebc.gif?w=1220&#038;ssl=1\" \/><\/p>\n<p>De acordo com o minist\u00e9rio, cerca de 8 milh\u00f5es de pessoas ser\u00e3o beneficiadas pela iniciativa que prev\u00ea investimento de R$ 418 milh\u00f5es por ano.<\/p>\n<p>A nova pol\u00edtica segue os crit\u00e9rios do Programa Bolsa Fam\u00edlia, incluindo estudantes de baixa renda matriculados em escolas p\u00fablicas, pessoas em situa\u00e7\u00e3o de rua ou de vulnerabilidade social extrema.<\/p>\n<p>Tamb\u00e9m ser\u00e3o atendidas pessoas em situa\u00e7\u00e3o de priva\u00e7\u00e3o de liberdade e que cumprem medidas socioeducativas. O minist\u00e9rio acrescenta que o programa, voltado a todas as pessoas que menstruam, alcan\u00e7ar\u00e1 mulheres cisg\u00eanero, homens trans, pessoas transmasculinas, pessoas n\u00e3o bin\u00e1rias e intersexo.<\/p>\n<p>De acordo com Ana Nery Lima, especialista em g\u00eanero e inclus\u00e3o na ONG Plan International Brasil, que promove os direitos das crian\u00e7as e a igualdade para meninas, \u00e9 urgente pensar em a\u00e7\u00f5es e pol\u00edticas p\u00fablicas que garantam que meninas, mulheres e pessoas que menstruam tenham acesso a condi\u00e7\u00f5es dignas de gerenciamento do seu ciclo menstrual. \u201cPor isso, medidas como a anunciada hoje s\u00e3o t\u00e3o importantes para garantir a distribui\u00e7\u00e3o de absorventes para os p\u00fablicos que convivem com a pobreza menstrual, para que consigam, minimamente, conviver com dignidade\u201d, disse.\u00a0 \u201cA dignidade menstrual tamb\u00e9m diz respeito \u00e0 dignidade humana. Quando as pessoas acessam instala\u00e7\u00f5es e insumos seguros e eficazes para administrar sua higiene menstrual, s\u00e3o capazes de administrar sua menstrua\u00e7\u00e3o com dignidade\u201d, concluiu.<\/p>\n<h2>Minist\u00e9rio P\u00fablico<\/h2>\n<p>Nesta semana, o Minist\u00e9rio P\u00fablico Federal (MPF) refor\u00e7ou um pedido na Justi\u00e7a para que a Uni\u00e3o apresentasse plano de distribui\u00e7\u00e3o de absorventes a estudantes de baixa renda da rede p\u00fablica, a mulheres em situa\u00e7\u00e3o de vulnerabilidade social extrema, a detentas e a jovens em conflito com a lei internadas.<\/p>\n<p>A distribui\u00e7\u00e3o \u00e9 garantida pela Lei Federal 14.214 de 2021, mas o governo anterior foi contra a pol\u00edtica. O texto, aprovado pelo Senado em setembro de 2021, foi sancionado pelo ent\u00e3o presidente da Rep\u00fablica Jair Bolsonaro que, no entanto, vetou a distribui\u00e7\u00e3o gratuita dos absorventes.<\/p>\n<p>O veto presidencial foi derrubado em mar\u00e7o do ano seguinte pelo Congresso Nacional. No mesmo m\u00eas, Bolsonaro decidiu regulamentar a distribui\u00e7\u00e3o. Em novembro, o Minist\u00e9rio da Sa\u00fade lan\u00e7ou o Programa de Prote\u00e7\u00e3o e Promo\u00e7\u00e3o da Sa\u00fade Menstrual, com a promessa de atender a 4 milh\u00f5es de mulheres.<\/p>\n<p>Em outubro, a organiza\u00e7\u00e3o n\u00e3o governamental (ONG) Criola havia entrado com a\u00e7\u00e3o na Justi\u00e7a Federal, pedindo que o governo federal apresentasse, em 15 dias, os planos para distribui\u00e7\u00e3o dos absorventes.<\/p>\n<p>\u201cA ideia era desenvolver essa pol\u00edtica o mais r\u00e1pido poss\u00edvel, com a urg\u00eancia [de] que ela necessitava, visto que as pessoas que ser\u00e3o beneficiadas desta pol\u00edtica s\u00e3o pessoas em situa\u00e7\u00e3o de vulnerabilidade\u201d, lembrou a coordenadora-geral da ONG Criola, L\u00facia Xavier.<\/p>\n<p>Fonte: Ag\u00eancia Brasil<\/p>\n<\/div>\n","protected":false},"excerpt":{"rendered":"<p>Foco ser\u00e1 a popula\u00e7\u00e3o que est\u00e1 abaixo da linha da pobreza O Minist\u00e9rio da Sa\u00fade informou nesta quarta-feira (8) que vai assegurar a oferta de absorventes<span class=\"excerpt-hellip\"> [\u2026]<\/span><\/p>\n","protected":false},"author":10,"featured_media":31715,"comment_status":"open","ping_status":"open","sticky":false,"template":"","format":"standard","meta":{"_jetpack_memberships_contains_paid_content":false,"footnotes":"","jetpack_publicize_message":"","jetpack_publicize_feature_enabled":true,"jetpack_social_post_already_shared":false,"jetpack_social_options":{"image_generator_settings":{"template":"highway","default_image_id":0,"enabled":false},"version":2}},"categories":[28,44],"tags":[],"class_list":["post-32348","post","type-post","status-publish","format-standard","has-post-thumbnail","hentry","category-cotidiano","category-noticias"],"yoast_head":"<!-- This site is optimized with the Yoast SEO plugin v25.6 - https:\/\/yoast.com\/wordpress\/plugins\/seo\/ -->\n<title>Governo lan\u00e7a programa de distribui\u00e7\u00e3o gratuita de absorvente pelo SUS - VerdadeOn<\/title>\n<meta name=\"robots\" content=\"index, follow, max-snippet:-1, max-image-preview:large, max-video-preview:-1\" \/>\n<link rel=\"canonical\" href=\"https:\/\/verdadeon.com.br\/portal\/2023\/03\/08\/governo-lanca-programa-de-distribuicao-gratuita-de-absorvente-pelo-sus\/\" \/>\n<meta property=\"og:locale\" content=\"pt_BR\" \/>\n<meta property=\"og:type\" content=\"article\" \/>\n<meta property=\"og:title\" content=\"Governo lan\u00e7a programa de distribui\u00e7\u00e3o gratuita de absorvente pelo SUS - VerdadeOn\" \/>\n<meta property=\"og:description\" content=\"Foco ser\u00e1 a popula\u00e7\u00e3o que est\u00e1 abaixo da linha da pobreza O Minist\u00e9rio da Sa\u00fade informou nesta quarta-feira (8) que vai assegurar a oferta de absorventes [\u2026]\" \/>\n<meta property=\"og:url\" content=\"https:\/\/verdadeon.com.br\/portal\/2023\/03\/08\/governo-lanca-programa-de-distribuicao-gratuita-de-absorvente-pelo-sus\/\" \/>\n<meta property=\"og:site_name\" content=\"VerdadeOn\" \/>\n<meta property=\"article:published_time\" content=\"2023-03-08T19:20:48+00:00\" \/>\n<meta property=\"article:modified_time\" content=\"2023-03-08T20:10:02+00:00\" \/>\n<meta property=\"og:image\" content=\"https:\/\/verdadeon.com.br\/portal\/wp-content\/uploads\/2023\/02\/absorventes_mca_abr_151020214429-Copia.jpg\" \/>\n\t<meta property=\"og:image:width\" content=\"1000\" \/>\n\t<meta property=\"og:image:height\" content=\"670\" \/>\n\t<meta property=\"og:image:type\" content=\"image\/jpeg\" \/>\n<meta name=\"author\" content=\"Redacao VerdadeOn\" \/>\n<meta name=\"twitter:card\" content=\"summary_large_image\" \/>\n<meta name=\"twitter:label1\" content=\"Escrito por\" \/>\n\t<meta name=\"twitter:data1\" content=\"Redacao VerdadeOn\" \/>\n\t<meta name=\"twitter:label2\" content=\"Est. tempo de leitura\" \/>\n\t<meta name=\"twitter:data2\" content=\"4 minutos\" \/>\n<script type=\"application\/ld+json\" class=\"yoast-schema-graph\">{\"@context\":\"https:\/\/schema.org\",\"@graph\":[{\"@type\":\"WebPage\",\"@id\":\"https:\/\/verdadeon.com.br\/portal\/2023\/03\/08\/governo-lanca-programa-de-distribuicao-gratuita-de-absorvente-pelo-sus\/\",\"url\":\"https:\/\/verdadeon.com.br\/portal\/2023\/03\/08\/governo-lanca-programa-de-distribuicao-gratuita-de-absorvente-pelo-sus\/\",\"name\":\"Governo lan\u00e7a programa de distribui\u00e7\u00e3o gratuita de absorvente pelo SUS - VerdadeOn\",\"isPartOf\":{\"@id\":\"https:\/\/verdadeon.com.br\/portal\/#website\"},\"primaryImageOfPage\":{\"@id\":\"https:\/\/verdadeon.com.br\/portal\/2023\/03\/08\/governo-lanca-programa-de-distribuicao-gratuita-de-absorvente-pelo-sus\/#primaryimage\"},\"image\":{\"@id\":\"https:\/\/verdadeon.com.br\/portal\/2023\/03\/08\/governo-lanca-programa-de-distribuicao-gratuita-de-absorvente-pelo-sus\/#primaryimage\"},\"thumbnailUrl\":\"https:\/\/i0.wp.com\/verdadeon.com.br\/portal\/wp-content\/uploads\/2023\/02\/absorventes_mca_abr_151020214429-Copia.jpg?fit=1000%2C670&ssl=1\",\"datePublished\":\"2023-03-08T19:20:48+00:00\",\"dateModified\":\"2023-03-08T20:10:02+00:00\",\"author\":{\"@id\":\"https:\/\/verdadeon.com.br\/portal\/#\/schema\/person\/a5060ad1e9ea3df545188fc93ce43d2f\"},\"breadcrumb\":{\"@id\":\"https:\/\/verdadeon.com.br\/portal\/2023\/03\/08\/governo-lanca-programa-de-distribuicao-gratuita-de-absorvente-pelo-sus\/#breadcrumb\"},\"inLanguage\":\"pt-BR\",\"potentialAction\":[{\"@type\":\"ReadAction\",\"target\":[\"https:\/\/verdadeon.com.br\/portal\/2023\/03\/08\/governo-lanca-programa-de-distribuicao-gratuita-de-absorvente-pelo-sus\/\"]}]},{\"@type\":\"ImageObject\",\"inLanguage\":\"pt-BR\",\"@id\":\"https:\/\/verdadeon.com.br\/portal\/2023\/03\/08\/governo-lanca-programa-de-distribuicao-gratuita-de-absorvente-pelo-sus\/#primaryimage\",\"url\":\"https:\/\/i0.wp.com\/verdadeon.com.br\/portal\/wp-content\/uploads\/2023\/02\/absorventes_mca_abr_151020214429-Copia.jpg?fit=1000%2C670&ssl=1\",\"contentUrl\":\"https:\/\/i0.wp.com\/verdadeon.com.br\/portal\/wp-content\/uploads\/2023\/02\/absorventes_mca_abr_151020214429-Copia.jpg?fit=1000%2C670&ssl=1\",\"width\":1000,\"height\":670,\"caption\":\"An\u00fancio foi feito nas redes sociais da Prefeitura de Patroc\u00ednio Paulista (\u00a9Marcelo Casal Jr\/Ag\u00eancia Brasil)\"},{\"@type\":\"BreadcrumbList\",\"@id\":\"https:\/\/verdadeon.com.br\/portal\/2023\/03\/08\/governo-lanca-programa-de-distribuicao-gratuita-de-absorvente-pelo-sus\/#breadcrumb\",\"itemListElement\":[{\"@type\":\"ListItem\",\"position\":1,\"name\":\"In\u00edcio\",\"item\":\"https:\/\/verdadeon.com.br\/portal\/\"},{\"@type\":\"ListItem\",\"position\":2,\"name\":\"Governo lan\u00e7a programa de distribui\u00e7\u00e3o gratuita de absorvente pelo SUS\"}]},{\"@type\":\"WebSite\",\"@id\":\"https:\/\/verdadeon.com.br\/portal\/#website\",\"url\":\"https:\/\/verdadeon.com.br\/portal\/\",\"name\":\"VerdadeOn\",\"description\":\"Not\u00edcias di\u00e1rias sobre Franca, Regi\u00e3o, Esporte, Cultura, Cotidiano, Colunas. Cobertura nos principais eventos da cidade \u00e9 aqui - Verdadeon Franca\",\"potentialAction\":[{\"@type\":\"SearchAction\",\"target\":{\"@type\":\"EntryPoint\",\"urlTemplate\":\"https:\/\/verdadeon.com.br\/portal\/?s={search_term_string}\"},\"query-input\":{\"@type\":\"PropertyValueSpecification\",\"valueRequired\":true,\"valueName\":\"search_term_string\"}}],\"inLanguage\":\"pt-BR\"},{\"@type\":\"Person\",\"@id\":\"https:\/\/verdadeon.com.br\/portal\/#\/schema\/person\/a5060ad1e9ea3df545188fc93ce43d2f\",\"name\":\"Redacao VerdadeOn\",\"image\":{\"@type\":\"ImageObject\",\"inLanguage\":\"pt-BR\",\"@id\":\"https:\/\/verdadeon.com.br\/portal\/#\/schema\/person\/image\/\",\"url\":\"https:\/\/secure.gravatar.com\/avatar\/459a9613caaaf07f582c3d0841eea68bdd66f533e465e6ba8b9cb45619572cf4?s=96&d=mm&r=g\",\"contentUrl\":\"https:\/\/secure.gravatar.com\/avatar\/459a9613caaaf07f582c3d0841eea68bdd66f533e465e6ba8b9cb45619572cf4?s=96&d=mm&r=g\",\"caption\":\"Redacao VerdadeOn\"},\"url\":\"https:\/\/verdadeon.com.br\/portal\/author\/redacao\/\"}]}<\/script>\n<!-- \/ Yoast SEO plugin. -->","yoast_head_json":{"title":"Governo lan\u00e7a programa de distribui\u00e7\u00e3o gratuita de absorvente pelo SUS - VerdadeOn","robots":{"index":"index","follow":"follow","max-snippet":"max-snippet:-1","max-image-preview":"max-image-preview:large","max-video-preview":"max-video-preview:-1"},"canonical":"https:\/\/verdadeon.com.br\/portal\/2023\/03\/08\/governo-lanca-programa-de-distribuicao-gratuita-de-absorvente-pelo-sus\/","og_locale":"pt_BR","og_type":"article","og_title":"Governo lan\u00e7a programa de distribui\u00e7\u00e3o gratuita de absorvente pelo SUS - VerdadeOn","og_description":"Foco ser\u00e1 a popula\u00e7\u00e3o que est\u00e1 abaixo da linha da pobreza O Minist\u00e9rio da Sa\u00fade informou nesta quarta-feira (8) que vai assegurar a oferta de absorventes [\u2026]","og_url":"https:\/\/verdadeon.com.br\/portal\/2023\/03\/08\/governo-lanca-programa-de-distribuicao-gratuita-de-absorvente-pelo-sus\/","og_site_name":"VerdadeOn","article_published_time":"2023-03-08T19:20:48+00:00","article_modified_time":"2023-03-08T20:10:02+00:00","og_image":[{"width":1000,"height":670,"url":"https:\/\/verdadeon.com.br\/portal\/wp-content\/uploads\/2023\/02\/absorventes_mca_abr_151020214429-Copia.jpg","type":"image\/jpeg"}],"author":"Redacao VerdadeOn","twitter_card":"summary_large_image","twitter_misc":{"Escrito por":"Redacao VerdadeOn","Est. tempo de leitura":"4 minutos"},"schema":{"@context":"https:\/\/schema.org","@graph":[{"@type":"WebPage","@id":"https:\/\/verdadeon.com.br\/portal\/2023\/03\/08\/governo-lanca-programa-de-distribuicao-gratuita-de-absorvente-pelo-sus\/","url":"https:\/\/verdadeon.com.br\/portal\/2023\/03\/08\/governo-lanca-programa-de-distribuicao-gratuita-de-absorvente-pelo-sus\/","name":"Governo lan\u00e7a programa de distribui\u00e7\u00e3o gratuita de absorvente pelo SUS - VerdadeOn","isPartOf":{"@id":"https:\/\/verdadeon.com.br\/portal\/#website"},"primaryImageOfPage":{"@id":"https:\/\/verdadeon.com.br\/portal\/2023\/03\/08\/governo-lanca-programa-de-distribuicao-gratuita-de-absorvente-pelo-sus\/#primaryimage"},"image":{"@id":"https:\/\/verdadeon.com.br\/portal\/2023\/03\/08\/governo-lanca-programa-de-distribuicao-gratuita-de-absorvente-pelo-sus\/#primaryimage"},"thumbnailUrl":"https:\/\/i0.wp.com\/verdadeon.com.br\/portal\/wp-content\/uploads\/2023\/02\/absorventes_mca_abr_151020214429-Copia.jpg?fit=1000%2C670&ssl=1","datePublished":"2023-03-08T19:20:48+00:00","dateModified":"2023-03-08T20:10:02+00:00","author":{"@id":"https:\/\/verdadeon.com.br\/portal\/#\/schema\/person\/a5060ad1e9ea3df545188fc93ce43d2f"},"breadcrumb":{"@id":"https:\/\/verdadeon.com.br\/portal\/2023\/03\/08\/governo-lanca-programa-de-distribuicao-gratuita-de-absorvente-pelo-sus\/#breadcrumb"},"inLanguage":"pt-BR","potentialAction":[{"@type":"ReadAction","target":["https:\/\/verdadeon.com.br\/portal\/2023\/03\/08\/governo-lanca-programa-de-distribuicao-gratuita-de-absorvente-pelo-sus\/"]}]},{"@type":"ImageObject","inLanguage":"pt-BR","@id":"https:\/\/verdadeon.com.br\/portal\/2023\/03\/08\/governo-lanca-programa-de-distribuicao-gratuita-de-absorvente-pelo-sus\/#primaryimage","url":"https:\/\/i0.wp.com\/verdadeon.com.br\/portal\/wp-content\/uploads\/2023\/02\/absorventes_mca_abr_151020214429-Copia.jpg?fit=1000%2C670&ssl=1","contentUrl":"https:\/\/i0.wp.com\/verdadeon.com.br\/portal\/wp-content\/uploads\/2023\/02\/absorventes_mca_abr_151020214429-Copia.jpg?fit=1000%2C670&ssl=1","width":1000,"height":670,"caption":"An\u00fancio foi feito nas redes sociais da Prefeitura de Patroc\u00ednio Paulista (\u00a9Marcelo Casal Jr\/Ag\u00eancia Brasil)"},{"@type":"BreadcrumbList","@id":"https:\/\/verdadeon.com.br\/portal\/2023\/03\/08\/governo-lanca-programa-de-distribuicao-gratuita-de-absorvente-pelo-sus\/#breadcrumb","itemListElement":[{"@type":"ListItem","position":1,"name":"In\u00edcio","item":"https:\/\/verdadeon.com.br\/portal\/"},{"@type":"ListItem","position":2,"name":"Governo lan\u00e7a programa de distribui\u00e7\u00e3o gratuita de absorvente pelo SUS"}]},{"@type":"WebSite","@id":"https:\/\/verdadeon.com.br\/portal\/#website","url":"https:\/\/verdadeon.com.br\/portal\/","name":"VerdadeOn","description":"Not\u00edcias di\u00e1rias sobre Franca, Regi\u00e3o, Esporte, Cultura, Cotidiano, Colunas. Cobertura nos principais eventos da cidade \u00e9 aqui - Verdadeon Franca","potentialAction":[{"@type":"SearchAction","target":{"@type":"EntryPoint","urlTemplate":"https:\/\/verdadeon.com.br\/portal\/?s={search_term_string}"},"query-input":{"@type":"PropertyValueSpecification","valueRequired":true,"valueName":"search_term_string"}}],"inLanguage":"pt-BR"},{"@type":"Person","@id":"https:\/\/verdadeon.com.br\/portal\/#\/schema\/person\/a5060ad1e9ea3df545188fc93ce43d2f","name":"Redacao VerdadeOn","image":{"@type":"ImageObject","inLanguage":"pt-BR","@id":"https:\/\/verdadeon.com.br\/portal\/#\/schema\/person\/image\/","url":"https:\/\/secure.gravatar.com\/avatar\/459a9613caaaf07f582c3d0841eea68bdd66f533e465e6ba8b9cb45619572cf4?s=96&d=mm&r=g","contentUrl":"https:\/\/secure.gravatar.com\/avatar\/459a9613caaaf07f582c3d0841eea68bdd66f533e465e6ba8b9cb45619572cf4?s=96&d=mm&r=g","caption":"Redacao VerdadeOn"},"url":"https:\/\/verdadeon.com.br\/portal\/author\/redacao\/"}]}},"jetpack_publicize_connections":[],"jetpack_featured_media_url":"https:\/\/i0.wp.com\/verdadeon.com.br\/portal\/wp-content\/uploads\/2023\/02\/absorventes_mca_abr_151020214429-Copia.jpg?fit=1000%2C670&ssl=1","jetpack_sharing_enabled":true,"_links":{"self":[{"href":"https:\/\/verdadeon.com.br\/portal\/wp-json\/wp\/v2\/posts\/32348","targetHints":{"allow":["GET"]}}],"collection":[{"href":"https:\/\/verdadeon.com.br\/portal\/wp-json\/wp\/v2\/posts"}],"about":[{"href":"https:\/\/verdadeon.com.br\/portal\/wp-json\/wp\/v2\/types\/post"}],"author":[{"embeddable":true,"href":"https:\/\/verdadeon.com.br\/portal\/wp-json\/wp\/v2\/users\/10"}],"replies":[{"embeddable":true,"href":"https:\/\/verdadeon.com.br\/portal\/wp-json\/wp\/v2\/comments?post=32348"}],"version-history":[{"count":1,"href":"https:\/\/verdadeon.com.br\/portal\/wp-json\/wp\/v2\/posts\/32348\/revisions"}],"predecessor-version":[{"id":32349,"href":"https:\/\/verdadeon.com.br\/portal\/wp-json\/wp\/v2\/posts\/32348\/revisions\/32349"}],"wp:featuredmedia":[{"embeddable":true,"href":"https:\/\/verdadeon.com.br\/portal\/wp-json\/wp\/v2\/media\/31715"}],"wp:attachment":[{"href":"https:\/\/verdadeon.com.br\/portal\/wp-json\/wp\/v2\/media?parent=32348"}],"wp:term":[{"taxonomy":"category","embeddable":true,"href":"https:\/\/verdadeon.com.br\/portal\/wp-json\/wp\/v2\/categories?post=32348"},{"taxonomy":"post_tag","embeddable":true,"href":"https:\/\/verdadeon.com.br\/portal\/wp-json\/wp\/v2\/tags?post=32348"}],"curies":[{"name":"wp","href":"https:\/\/api.w.org\/{rel}","templated":true}]}}