{"id":32326,"date":"2023-03-08T13:00:01","date_gmt":"2023-03-08T16:00:01","guid":{"rendered":"https:\/\/verdadeon.com.br\/portal\/?p=32326"},"modified":"2023-03-08T15:42:32","modified_gmt":"2023-03-08T18:42:32","slug":"indicador-economico-recua-11-pontos-no-brasil-no-1o-trimestre-de-2023","status":"publish","type":"post","link":"https:\/\/verdadeon.com.br\/portal\/2023\/03\/08\/indicador-economico-recua-11-pontos-no-brasil-no-1o-trimestre-de-2023\/","title":{"rendered":"Indicador Econ\u00f4mico recua 11 pontos no Brasil no 1\u00ba trimestre de 2023"},"content":{"rendered":"<div class=\"row\">\n<h2 class=\"col-10 offset-1 animated fadeInDown dealy-900 display-8 display-md-8 alt-font font-italic my-1 text-center\">Dados s\u00e3o da Sondagem Econ\u00f4mica da Am\u00e9rica Latina da FGV<\/h2>\n<p>O Brasil registrou recuo de 11 pontos no Indicador de Clima Econ\u00f4mico (ICE) e atingiu 73,5 pontos no primeiro trimestre de 2023. Na sua composi\u00e7\u00e3o, o Indicador da Situa\u00e7\u00e3o Atual (ISA) teve queda de 21,7 pontos alcan\u00e7ando 70,6 pontos, enquanto no Indicador de Expectativas (IE) caiu 0,4 ponto chegando a 76,5 pontos. \u00c9 o que aponta a Sondagem Econ\u00f4mica da Am\u00e9rica Latina, que apura os indicadores e foi divulgada nesta quarta-feira (8) pelo Instituto Brasileiro de Economia da Funda\u00e7\u00e3o Getulio Vargas (Ibre\/FGV).<img data-recalc-dims=\"1\" decoding=\"async\" src=\"https:\/\/i0.wp.com\/agenciabrasil.ebc.com.br\/ebc.png?w=1220&#038;ssl=1\" \/><img data-recalc-dims=\"1\" decoding=\"async\" src=\"https:\/\/i0.wp.com\/agenciabrasil.ebc.com.br\/ebc.gif?w=1220&#038;ssl=1\" \/><\/p>\n<p>Com o desempenho, o Brasil est\u00e1 no grupo de pa\u00edses pesquisados que registrou queda nos tr\u00eas indicadores no 1\u00ba trimestre de 2023. \u201cO cen\u00e1rio para o Brasil descrito pela pesquisa \u00e9 de uma estabilidade nas expectativas e de uma piora acentuada (acima de 20 pontos) na avalia\u00e7\u00e3o da situa\u00e7\u00e3o atual\u201d, informou o instituto pelo\u00a0<em>site<\/em>\u00a0da FGV.<\/p>\n<p>Conforme a pesquisa, a queda verificada no Brasil, ocorre tamb\u00e9m na Col\u00f4mbia, Uruguai e Bol\u00edvia. Ainda assim, h\u00e1 diferen\u00e7as entre eles. No Brasil e na Bol\u00edvia, os tr\u00eas indicadores est\u00e3o na zona desfavor\u00e1vel, mas Uruguai e Col\u00f4mbia, embora tenham redu\u00e7\u00e3o no ICE e no IE, apresentam avalia\u00e7\u00e3o da situa\u00e7\u00e3o atual favor\u00e1vel.<\/p>\n<p>O Paraguai puxa a melhora do clima econ\u00f4mico da regi\u00e3o. Entre o 4\u00ba trimestre de 2022 e o 1\u00ba trimestre de 2023, cresceu 47,6 pontos no ICE, resultado do aumento de 83,3 pontos no ISA e de 3,6 pontos no IE. \u201cEm 2022, o pa\u00eds sofreu uma forte seca e perdeu exporta\u00e7\u00f5es para a R\u00fassia em decorr\u00eancia da guerra na Ucr\u00e2nia, o que ajuda a explicar a melhora nos indicadores\u201d, observou.<\/p>\n<p>O segundo destaque ficou com o Peru, que de acordo com a pesquisa, tem mostrado um grau de resili\u00eancia positiva em termos pol\u00edticos, mesmo com as turbul\u00eancias decorrentes do\u00a0<em>impeachment\u00a0<\/em>do presidente Pedro Castillo. O M\u00e9xico, Equador, Argentina e Chile tamb\u00e9m tiveram melhoras do clima econ\u00f4mico. \u201cObserva-se que, \u00e0 exce\u00e7\u00e3o do Chile, que manteve o patamar do IE do 4\u00ba trimestre de 2022, todos os pa\u00edses que registraram avan\u00e7o do ICE, tamb\u00e9m o fizeram em rela\u00e7\u00e3o ao ISA e ao IE\u201d, apontou.<\/p>\n<h2>Avan\u00e7o na Am\u00e9rica Latina<\/h2>\n<p>A Sondagem Econ\u00f4mica mostrou que o ICE na Am\u00e9rica Latina avan\u00e7ou 6,9 pontos entre o 4\u00ba trimestre de 2022 e no 1\u00ba trimestre de 2023, com destaque para seis dos dez principais pa\u00edses pesquisados. De acordo com o Ibre, apesar de se manter baixo em termos hist\u00f3ricos, o indicador registrou o maior n\u00edvel desde o 4\u00ba trimestre de 2021, ao atingir 73,4 pontos.<\/p>\n<p>A pesquisa indicou que desde o 3\u00ba trimestre de 2013, o ICE permaneceu na zona desfavor\u00e1vel do ciclo econ\u00f4mico com exce\u00e7\u00e3o do 4\u00ba trimestre de 2017, 1\u00ba trimestre de 2018 e 3\u00ba trimestre de 2021. \u201cObserva-se, por\u00e9m, que em todos esses trimestres o indicador n\u00e3o se afastou muito do n\u00edvel neutro de 100 pontos\u201d, completou a pesquisa.<\/p>\n<p>No 1\u00ba trimestre de 2023, houve alta nos dois indicadores que comp\u00f5em o ICE. Enquanto o Indicador da Situa\u00e7\u00e3o Atual (ISA) subiu 9,8 pontos, o Indicador de Expectativas (IE) cresceu 4,0 pontos. Com os resultados, os dois continuam na zona desfavor\u00e1vel, sendo o ISA com 76,8 pontos, e o IE com 70,1 pontos.<\/p>\n<p>\u201cAssim como no 4\u00ba trimestre de 2022, o resultado do ISA superou o do IE, mas a diferen\u00e7a se ampliou para 6,7 pontos, a mais alta desde o 2\u00ba trimestre de 2012, quando registrou 15 pontos. Mas, ao contr\u00e1rio do que se observa hoje, naquela ocasi\u00e3o ambos os indicadores estavam na zona favor\u00e1vel do ciclo (em 116,4 e 101,4 pontos, respectivamente)\u201d, informou.<\/p>\n<p>Na compara\u00e7\u00e3o do trimestre com igual per\u00edodo em 2020, 2021 e 2022, o ISA da Am\u00e9rica Latina em 2023 fica acima do n\u00edvel registrado nos tr\u00eas anos. Em movimento diferente, o IE, que se manteve em zona favor\u00e1vel em 2020 e 2021, agora est\u00e1 bem abaixo destes dois anos, e 18 pontos abaixo de 2022. \u201cO ICE registrou piora em rela\u00e7\u00e3o aos resultados de 2020 e 2021 e melhora em rela\u00e7\u00e3o a 2022\u201d, concluiu.<\/p>\n<p>\u201cChama aten\u00e7\u00e3o nessa compara\u00e7\u00e3o, a deteriora\u00e7\u00e3o das expectativas em rela\u00e7\u00e3o aos primeiros trimestres dos anos anteriores e a melhora do Indicador da Situa\u00e7\u00e3o Atual. Mesmo em per\u00edodos agudos da pandemia, a expectativa era favor\u00e1vel, como no in\u00edcio de 2021, o IE registrou 143,6 pontos\u201d, pontuou, acrescentando que o resultado na melhora na situa\u00e7\u00e3o atual, \u201creflete a retomada do crescimento econ\u00f4mico na regi\u00e3o em rela\u00e7\u00e3o ao per\u00edodo recessivo da pandemia\u201d.<\/p>\n<h2>PIB<\/h2>\n<p>Para o crescimento do Produto Interno Bruto (PIB, soma dos bens e servi\u00e7os produzidos no pa\u00eds) em 2023, houve mudan\u00e7as nas previs\u00f5es dos especialistas o patamar foi revisto para cima no Paraguai, M\u00e9xico e Argentina. A maior taxa de crescimento na regi\u00e3o ficou com o Paraguai, onde a proje\u00e7\u00e3o do PIB passou de 3,9% para 4,6%. No M\u00e9xico, a varia\u00e7\u00e3o do PIB aumentou de 1,4% para 1,7% e na Argentina, de 1,1% para 1,2%.<\/p>\n<p>\u201cEm todos os outros pa\u00edses, a nova previs\u00e3o reduziu a taxa de crescimento, com maior diferen\u00e7a para o Chile, que passou de uma queda esperada de 0,7% para 1,8%. Em seguida est\u00e1 a Col\u00f4mbia, com revis\u00e3o de 1,6% para 1%. As diferen\u00e7as percentuais para o restante dos pa\u00edses foram de apenas 0,1 ponto percentual (Bol\u00edvia), 0,2 ponto (Peru, Uruguai, Equador) e 0,3 ponto (Brasil). No Brasil, a proje\u00e7\u00e3o passou de 1,4% para 1,1%\u201d, afirmou.<\/p>\n<p>\u201cAs proje\u00e7\u00f5es mostram um desempenho pouco favor\u00e1vel, com a maior incid\u00eancia de taxas de crescimento abaixo de 3%, o que preocupa para uma regi\u00e3o em desenvolvimento e com limita\u00e7\u00f5es na infraestrutura f\u00edsica e nos indicadores de desenvolvimento social\u201d.<\/p>\n<h2>Sondagem<\/h2>\n<p>A Sondagem Econ\u00f4mica da Am\u00e9rica Latina, que serve para o acompanhamento e antecipa\u00e7\u00e3o de tend\u00eancias econ\u00f4micas da regi\u00e3o, \u00e9 realizada trimestralmente ao longo dos meses de janeiro, abril, julho e outubro, com base em informa\u00e7\u00f5es de especialistas econ\u00f4micos e simultaneamente com a mesma metodologia em todos os pa\u00edses da regi\u00e3o. A pesquisa atinge 19 pa\u00edses: Argentina, Bol\u00edvia, Chile, Col\u00f4mbia, Costa Rica, Cuba, Equador, El Salvador, Guatemala, Haiti, Honduras, M\u00e9xico, Nicar\u00e1gua, Panam\u00e1, Paraguai, Peru, Rep\u00fablica Dominicana, Uruguai e Venezuela.<\/p>\n<p>Fonte: Ag\u00eancia Brasil<\/p>\n<\/div>\n","protected":false},"excerpt":{"rendered":"<p>Dados s\u00e3o da Sondagem Econ\u00f4mica da Am\u00e9rica Latina da FGV O Brasil registrou recuo de 11 pontos no Indicador de Clima Econ\u00f4mico (ICE) e atingiu 73,5<span class=\"excerpt-hellip\"> [\u2026]<\/span><\/p>\n","protected":false},"author":10,"featured_media":32329,"comment_status":"open","ping_status":"open","sticky":false,"template":"","format":"standard","meta":{"_jetpack_memberships_contains_paid_content":false,"footnotes":"","jetpack_publicize_message":"","jetpack_publicize_feature_enabled":true,"jetpack_social_post_already_shared":false,"jetpack_social_options":{"image_generator_settings":{"template":"highway","default_image_id":0,"enabled":false},"version":2}},"categories":[28,44],"tags":[],"class_list":["post-32326","post","type-post","status-publish","format-standard","has-post-thumbnail","hentry","category-cotidiano","category-noticias"],"yoast_head":"<!-- This site is optimized with the Yoast SEO plugin v25.6 - https:\/\/yoast.com\/wordpress\/plugins\/seo\/ -->\n<title>Indicador Econ\u00f4mico recua 11 pontos no Brasil no 1\u00ba trimestre de 2023 - VerdadeOn<\/title>\n<meta name=\"robots\" content=\"index, follow, max-snippet:-1, max-image-preview:large, max-video-preview:-1\" \/>\n<link rel=\"canonical\" href=\"https:\/\/verdadeon.com.br\/portal\/2023\/03\/08\/indicador-economico-recua-11-pontos-no-brasil-no-1o-trimestre-de-2023\/\" \/>\n<meta property=\"og:locale\" content=\"pt_BR\" \/>\n<meta property=\"og:type\" content=\"article\" \/>\n<meta property=\"og:title\" content=\"Indicador Econ\u00f4mico recua 11 pontos no Brasil no 1\u00ba trimestre de 2023 - VerdadeOn\" \/>\n<meta property=\"og:description\" content=\"Dados s\u00e3o da Sondagem Econ\u00f4mica da Am\u00e9rica Latina da FGV O Brasil registrou recuo de 11 pontos no Indicador de Clima Econ\u00f4mico (ICE) e atingiu 73,5 [\u2026]\" \/>\n<meta property=\"og:url\" content=\"https:\/\/verdadeon.com.br\/portal\/2023\/03\/08\/indicador-economico-recua-11-pontos-no-brasil-no-1o-trimestre-de-2023\/\" \/>\n<meta property=\"og:site_name\" content=\"VerdadeOn\" \/>\n<meta property=\"article:published_time\" content=\"2023-03-08T16:00:01+00:00\" \/>\n<meta property=\"article:modified_time\" content=\"2023-03-08T18:42:32+00:00\" \/>\n<meta property=\"og:image\" content=\"https:\/\/verdadeon.com.br\/portal\/wp-content\/uploads\/2023\/03\/economia_ilustracao-2.jpg\" \/>\n\t<meta property=\"og:image:width\" content=\"1170\" \/>\n\t<meta property=\"og:image:height\" content=\"700\" \/>\n\t<meta property=\"og:image:type\" content=\"image\/jpeg\" \/>\n<meta name=\"author\" content=\"Redacao VerdadeOn\" \/>\n<meta name=\"twitter:card\" content=\"summary_large_image\" \/>\n<meta name=\"twitter:label1\" content=\"Escrito por\" \/>\n\t<meta name=\"twitter:data1\" content=\"Redacao VerdadeOn\" \/>\n\t<meta name=\"twitter:label2\" content=\"Est. tempo de leitura\" \/>\n\t<meta name=\"twitter:data2\" content=\"6 minutos\" \/>\n<script type=\"application\/ld+json\" class=\"yoast-schema-graph\">{\"@context\":\"https:\/\/schema.org\",\"@graph\":[{\"@type\":\"WebPage\",\"@id\":\"https:\/\/verdadeon.com.br\/portal\/2023\/03\/08\/indicador-economico-recua-11-pontos-no-brasil-no-1o-trimestre-de-2023\/\",\"url\":\"https:\/\/verdadeon.com.br\/portal\/2023\/03\/08\/indicador-economico-recua-11-pontos-no-brasil-no-1o-trimestre-de-2023\/\",\"name\":\"Indicador Econ\u00f4mico recua 11 pontos no Brasil no 1\u00ba trimestre de 2023 - VerdadeOn\",\"isPartOf\":{\"@id\":\"https:\/\/verdadeon.com.br\/portal\/#website\"},\"primaryImageOfPage\":{\"@id\":\"https:\/\/verdadeon.com.br\/portal\/2023\/03\/08\/indicador-economico-recua-11-pontos-no-brasil-no-1o-trimestre-de-2023\/#primaryimage\"},\"image\":{\"@id\":\"https:\/\/verdadeon.com.br\/portal\/2023\/03\/08\/indicador-economico-recua-11-pontos-no-brasil-no-1o-trimestre-de-2023\/#primaryimage\"},\"thumbnailUrl\":\"https:\/\/i0.wp.com\/verdadeon.com.br\/portal\/wp-content\/uploads\/2023\/03\/economia_ilustracao-2.jpg?fit=1170%2C700&ssl=1\",\"datePublished\":\"2023-03-08T16:00:01+00:00\",\"dateModified\":\"2023-03-08T18:42:32+00:00\",\"author\":{\"@id\":\"https:\/\/verdadeon.com.br\/portal\/#\/schema\/person\/a5060ad1e9ea3df545188fc93ce43d2f\"},\"breadcrumb\":{\"@id\":\"https:\/\/verdadeon.com.br\/portal\/2023\/03\/08\/indicador-economico-recua-11-pontos-no-brasil-no-1o-trimestre-de-2023\/#breadcrumb\"},\"inLanguage\":\"pt-BR\",\"potentialAction\":[{\"@type\":\"ReadAction\",\"target\":[\"https:\/\/verdadeon.com.br\/portal\/2023\/03\/08\/indicador-economico-recua-11-pontos-no-brasil-no-1o-trimestre-de-2023\/\"]}]},{\"@type\":\"ImageObject\",\"inLanguage\":\"pt-BR\",\"@id\":\"https:\/\/verdadeon.com.br\/portal\/2023\/03\/08\/indicador-economico-recua-11-pontos-no-brasil-no-1o-trimestre-de-2023\/#primaryimage\",\"url\":\"https:\/\/i0.wp.com\/verdadeon.com.br\/portal\/wp-content\/uploads\/2023\/03\/economia_ilustracao-2.jpg?fit=1170%2C700&ssl=1\",\"contentUrl\":\"https:\/\/i0.wp.com\/verdadeon.com.br\/portal\/wp-content\/uploads\/2023\/03\/economia_ilustracao-2.jpg?fit=1170%2C700&ssl=1\",\"width\":1170,\"height\":700,\"caption\":\"Para gerar novos investimentos, Governo do Estado de S\u00e3o Paulo reduz carga tribut\u00e1ria. (\u00a9Marcelo Casal Jr\/Ag\u00eancia Brasil)\"},{\"@type\":\"BreadcrumbList\",\"@id\":\"https:\/\/verdadeon.com.br\/portal\/2023\/03\/08\/indicador-economico-recua-11-pontos-no-brasil-no-1o-trimestre-de-2023\/#breadcrumb\",\"itemListElement\":[{\"@type\":\"ListItem\",\"position\":1,\"name\":\"In\u00edcio\",\"item\":\"https:\/\/verdadeon.com.br\/portal\/\"},{\"@type\":\"ListItem\",\"position\":2,\"name\":\"Indicador Econ\u00f4mico recua 11 pontos no Brasil no 1\u00ba trimestre de 2023\"}]},{\"@type\":\"WebSite\",\"@id\":\"https:\/\/verdadeon.com.br\/portal\/#website\",\"url\":\"https:\/\/verdadeon.com.br\/portal\/\",\"name\":\"VerdadeOn\",\"description\":\"Not\u00edcias di\u00e1rias sobre Franca, Regi\u00e3o, Esporte, Cultura, Cotidiano, Colunas. Cobertura nos principais eventos da cidade \u00e9 aqui - Verdadeon Franca\",\"potentialAction\":[{\"@type\":\"SearchAction\",\"target\":{\"@type\":\"EntryPoint\",\"urlTemplate\":\"https:\/\/verdadeon.com.br\/portal\/?s={search_term_string}\"},\"query-input\":{\"@type\":\"PropertyValueSpecification\",\"valueRequired\":true,\"valueName\":\"search_term_string\"}}],\"inLanguage\":\"pt-BR\"},{\"@type\":\"Person\",\"@id\":\"https:\/\/verdadeon.com.br\/portal\/#\/schema\/person\/a5060ad1e9ea3df545188fc93ce43d2f\",\"name\":\"Redacao VerdadeOn\",\"image\":{\"@type\":\"ImageObject\",\"inLanguage\":\"pt-BR\",\"@id\":\"https:\/\/verdadeon.com.br\/portal\/#\/schema\/person\/image\/\",\"url\":\"https:\/\/secure.gravatar.com\/avatar\/459a9613caaaf07f582c3d0841eea68bdd66f533e465e6ba8b9cb45619572cf4?s=96&d=mm&r=g\",\"contentUrl\":\"https:\/\/secure.gravatar.com\/avatar\/459a9613caaaf07f582c3d0841eea68bdd66f533e465e6ba8b9cb45619572cf4?s=96&d=mm&r=g\",\"caption\":\"Redacao VerdadeOn\"},\"url\":\"https:\/\/verdadeon.com.br\/portal\/author\/redacao\/\"}]}<\/script>\n<!-- \/ Yoast SEO plugin. -->","yoast_head_json":{"title":"Indicador Econ\u00f4mico recua 11 pontos no Brasil no 1\u00ba trimestre de 2023 - VerdadeOn","robots":{"index":"index","follow":"follow","max-snippet":"max-snippet:-1","max-image-preview":"max-image-preview:large","max-video-preview":"max-video-preview:-1"},"canonical":"https:\/\/verdadeon.com.br\/portal\/2023\/03\/08\/indicador-economico-recua-11-pontos-no-brasil-no-1o-trimestre-de-2023\/","og_locale":"pt_BR","og_type":"article","og_title":"Indicador Econ\u00f4mico recua 11 pontos no Brasil no 1\u00ba trimestre de 2023 - VerdadeOn","og_description":"Dados s\u00e3o da Sondagem Econ\u00f4mica da Am\u00e9rica Latina da FGV O Brasil registrou recuo de 11 pontos no Indicador de Clima Econ\u00f4mico (ICE) e atingiu 73,5 [\u2026]","og_url":"https:\/\/verdadeon.com.br\/portal\/2023\/03\/08\/indicador-economico-recua-11-pontos-no-brasil-no-1o-trimestre-de-2023\/","og_site_name":"VerdadeOn","article_published_time":"2023-03-08T16:00:01+00:00","article_modified_time":"2023-03-08T18:42:32+00:00","og_image":[{"width":1170,"height":700,"url":"https:\/\/verdadeon.com.br\/portal\/wp-content\/uploads\/2023\/03\/economia_ilustracao-2.jpg","type":"image\/jpeg"}],"author":"Redacao VerdadeOn","twitter_card":"summary_large_image","twitter_misc":{"Escrito por":"Redacao VerdadeOn","Est. tempo de leitura":"6 minutos"},"schema":{"@context":"https:\/\/schema.org","@graph":[{"@type":"WebPage","@id":"https:\/\/verdadeon.com.br\/portal\/2023\/03\/08\/indicador-economico-recua-11-pontos-no-brasil-no-1o-trimestre-de-2023\/","url":"https:\/\/verdadeon.com.br\/portal\/2023\/03\/08\/indicador-economico-recua-11-pontos-no-brasil-no-1o-trimestre-de-2023\/","name":"Indicador Econ\u00f4mico recua 11 pontos no Brasil no 1\u00ba trimestre de 2023 - VerdadeOn","isPartOf":{"@id":"https:\/\/verdadeon.com.br\/portal\/#website"},"primaryImageOfPage":{"@id":"https:\/\/verdadeon.com.br\/portal\/2023\/03\/08\/indicador-economico-recua-11-pontos-no-brasil-no-1o-trimestre-de-2023\/#primaryimage"},"image":{"@id":"https:\/\/verdadeon.com.br\/portal\/2023\/03\/08\/indicador-economico-recua-11-pontos-no-brasil-no-1o-trimestre-de-2023\/#primaryimage"},"thumbnailUrl":"https:\/\/i0.wp.com\/verdadeon.com.br\/portal\/wp-content\/uploads\/2023\/03\/economia_ilustracao-2.jpg?fit=1170%2C700&ssl=1","datePublished":"2023-03-08T16:00:01+00:00","dateModified":"2023-03-08T18:42:32+00:00","author":{"@id":"https:\/\/verdadeon.com.br\/portal\/#\/schema\/person\/a5060ad1e9ea3df545188fc93ce43d2f"},"breadcrumb":{"@id":"https:\/\/verdadeon.com.br\/portal\/2023\/03\/08\/indicador-economico-recua-11-pontos-no-brasil-no-1o-trimestre-de-2023\/#breadcrumb"},"inLanguage":"pt-BR","potentialAction":[{"@type":"ReadAction","target":["https:\/\/verdadeon.com.br\/portal\/2023\/03\/08\/indicador-economico-recua-11-pontos-no-brasil-no-1o-trimestre-de-2023\/"]}]},{"@type":"ImageObject","inLanguage":"pt-BR","@id":"https:\/\/verdadeon.com.br\/portal\/2023\/03\/08\/indicador-economico-recua-11-pontos-no-brasil-no-1o-trimestre-de-2023\/#primaryimage","url":"https:\/\/i0.wp.com\/verdadeon.com.br\/portal\/wp-content\/uploads\/2023\/03\/economia_ilustracao-2.jpg?fit=1170%2C700&ssl=1","contentUrl":"https:\/\/i0.wp.com\/verdadeon.com.br\/portal\/wp-content\/uploads\/2023\/03\/economia_ilustracao-2.jpg?fit=1170%2C700&ssl=1","width":1170,"height":700,"caption":"Para gerar novos investimentos, Governo do Estado de S\u00e3o Paulo reduz carga tribut\u00e1ria. (\u00a9Marcelo Casal Jr\/Ag\u00eancia Brasil)"},{"@type":"BreadcrumbList","@id":"https:\/\/verdadeon.com.br\/portal\/2023\/03\/08\/indicador-economico-recua-11-pontos-no-brasil-no-1o-trimestre-de-2023\/#breadcrumb","itemListElement":[{"@type":"ListItem","position":1,"name":"In\u00edcio","item":"https:\/\/verdadeon.com.br\/portal\/"},{"@type":"ListItem","position":2,"name":"Indicador Econ\u00f4mico recua 11 pontos no Brasil no 1\u00ba trimestre de 2023"}]},{"@type":"WebSite","@id":"https:\/\/verdadeon.com.br\/portal\/#website","url":"https:\/\/verdadeon.com.br\/portal\/","name":"VerdadeOn","description":"Not\u00edcias di\u00e1rias sobre Franca, Regi\u00e3o, Esporte, Cultura, Cotidiano, Colunas. Cobertura nos principais eventos da cidade \u00e9 aqui - Verdadeon Franca","potentialAction":[{"@type":"SearchAction","target":{"@type":"EntryPoint","urlTemplate":"https:\/\/verdadeon.com.br\/portal\/?s={search_term_string}"},"query-input":{"@type":"PropertyValueSpecification","valueRequired":true,"valueName":"search_term_string"}}],"inLanguage":"pt-BR"},{"@type":"Person","@id":"https:\/\/verdadeon.com.br\/portal\/#\/schema\/person\/a5060ad1e9ea3df545188fc93ce43d2f","name":"Redacao VerdadeOn","image":{"@type":"ImageObject","inLanguage":"pt-BR","@id":"https:\/\/verdadeon.com.br\/portal\/#\/schema\/person\/image\/","url":"https:\/\/secure.gravatar.com\/avatar\/459a9613caaaf07f582c3d0841eea68bdd66f533e465e6ba8b9cb45619572cf4?s=96&d=mm&r=g","contentUrl":"https:\/\/secure.gravatar.com\/avatar\/459a9613caaaf07f582c3d0841eea68bdd66f533e465e6ba8b9cb45619572cf4?s=96&d=mm&r=g","caption":"Redacao VerdadeOn"},"url":"https:\/\/verdadeon.com.br\/portal\/author\/redacao\/"}]}},"jetpack_publicize_connections":[],"jetpack_featured_media_url":"https:\/\/i0.wp.com\/verdadeon.com.br\/portal\/wp-content\/uploads\/2023\/03\/economia_ilustracao-2.jpg?fit=1170%2C700&ssl=1","jetpack_sharing_enabled":true,"_links":{"self":[{"href":"https:\/\/verdadeon.com.br\/portal\/wp-json\/wp\/v2\/posts\/32326","targetHints":{"allow":["GET"]}}],"collection":[{"href":"https:\/\/verdadeon.com.br\/portal\/wp-json\/wp\/v2\/posts"}],"about":[{"href":"https:\/\/verdadeon.com.br\/portal\/wp-json\/wp\/v2\/types\/post"}],"author":[{"embeddable":true,"href":"https:\/\/verdadeon.com.br\/portal\/wp-json\/wp\/v2\/users\/10"}],"replies":[{"embeddable":true,"href":"https:\/\/verdadeon.com.br\/portal\/wp-json\/wp\/v2\/comments?post=32326"}],"version-history":[{"count":2,"href":"https:\/\/verdadeon.com.br\/portal\/wp-json\/wp\/v2\/posts\/32326\/revisions"}],"predecessor-version":[{"id":32331,"href":"https:\/\/verdadeon.com.br\/portal\/wp-json\/wp\/v2\/posts\/32326\/revisions\/32331"}],"wp:featuredmedia":[{"embeddable":true,"href":"https:\/\/verdadeon.com.br\/portal\/wp-json\/wp\/v2\/media\/32329"}],"wp:attachment":[{"href":"https:\/\/verdadeon.com.br\/portal\/wp-json\/wp\/v2\/media?parent=32326"}],"wp:term":[{"taxonomy":"category","embeddable":true,"href":"https:\/\/verdadeon.com.br\/portal\/wp-json\/wp\/v2\/categories?post=32326"},{"taxonomy":"post_tag","embeddable":true,"href":"https:\/\/verdadeon.com.br\/portal\/wp-json\/wp\/v2\/tags?post=32326"}],"curies":[{"name":"wp","href":"https:\/\/api.w.org\/{rel}","templated":true}]}}