{"id":32209,"date":"2023-03-03T12:15:20","date_gmt":"2023-03-03T15:15:20","guid":{"rendered":"https:\/\/verdadeon.com.br\/portal\/?p=32209"},"modified":"2023-03-03T14:04:59","modified_gmt":"2023-03-03T17:04:59","slug":"sabesp-arrecada-105-toneladas-de-alimentos-para-vitimas-das-chuvas-no-litoral-norte","status":"publish","type":"post","link":"https:\/\/verdadeon.com.br\/portal\/2023\/03\/03\/sabesp-arrecada-105-toneladas-de-alimentos-para-vitimas-das-chuvas-no-litoral-norte\/","title":{"rendered":"Sabesp arrecada 105 toneladas de alimentos para v\u00edtimas das chuvas no Litoral Norte"},"content":{"rendered":"<h2 class=\"excerpt\">Doa\u00e7\u00f5es enviadas aos munic\u00edpios atingidos incluem quase 123 mil pe\u00e7as de roupas e mais de 75 mil itens de higiene e limpeza<\/h2>\n<p>A Sabesp arrecadou mais de 105,1 toneladas de alimentos em doa\u00e7\u00f5es para as fam\u00edlias v\u00edtimas das chuvas que ca\u00edram sobre o Litoral Norte de S\u00e3o Paulo. Tamb\u00e9m foram angariadas mais de 123 mil pe\u00e7as de\u00a0roupas e mais de 75 mil itens de higiene e limpeza.<\/p>\n<p>Recebidas em unidades da Sabesp em todo o Estado, as doa\u00e7\u00f5es seguiram em caminh\u00f5es da Companhia para o centro de distribui\u00e7\u00e3o em S\u00e3o Sebasti\u00e3o, munic\u00edpio com o maior n\u00famero de v\u00edtimas. De l\u00e1, os itens eram enviados tamb\u00e9m para Bertioga, Ilhabela, Caraguatatuba e Ubatuba.<\/p>\n<p>A distribui\u00e7\u00e3o em cada cidade foi feita com o apoio da Defesa Civil e pelo Fundo Social de Solidariedade.<\/p>\n<p>Nas doa\u00e7\u00f5es tamb\u00e9m est\u00e3o inclusos itens de cama e banho (22 mil); e a arrecada\u00e7\u00e3o de \u00e1gua e leite (26 mil litros). A Sabesp ainda continua atuando para a manuten\u00e7\u00e3o do funcionamento das redes de \u00e1gua e esgoto e\u00a0toda a infraestrutura da Companhia na regi\u00e3o.<\/p>\n<p>A Sabesp lembra que o\u00a0abastecimento de \u00e1gua na regi\u00e3o foi totalmente restabelecido, ap\u00f3s as fortes chuvas e que segue com caminh\u00f5es-tanque na regi\u00e3o para aux\u00edlio da popula\u00e7\u00e3o.<\/p>\n<p>Para receber, separar, embalar, colocar em caixas e transportar as doa\u00e7\u00f5es recebidas, a Sabesp contou com mais de 800 funcion\u00e1rios trabalhando dia e noite para que a a\u00e7\u00e3o de solidariedade fosse bem-sucedida. A campanha\u00a0encerrou-se esta semana.<\/p>\n<p>Fonte: SP Not\u00edcias<\/p>\n","protected":false},"excerpt":{"rendered":"<p>Doa\u00e7\u00f5es enviadas aos munic\u00edpios atingidos incluem quase 123 mil pe\u00e7as de roupas e mais de 75 mil itens de higiene e limpeza A Sabesp arrecadou mais<span class=\"excerpt-hellip\"> [\u2026]<\/span><\/p>\n","protected":false},"author":10,"featured_media":32210,"comment_status":"open","ping_status":"open","sticky":false,"template":"","format":"standard","meta":{"_jetpack_memberships_contains_paid_content":false,"footnotes":"","jetpack_publicize_message":"","jetpack_publicize_feature_enabled":true,"jetpack_social_post_already_shared":false,"jetpack_social_options":{"image_generator_settings":{"template":"highway","default_image_id":0,"enabled":false},"version":2}},"categories":[28,44],"tags":[],"class_list":["post-32209","post","type-post","status-publish","format-standard","has-post-thumbnail","hentry","category-cotidiano","category-noticias"],"yoast_head":"<!-- This site is optimized with the Yoast SEO plugin v25.6 - https:\/\/yoast.com\/wordpress\/plugins\/seo\/ -->\n<title>Sabesp arrecada 105 toneladas de alimentos para v\u00edtimas das chuvas no Litoral Norte - VerdadeOn<\/title>\n<meta name=\"robots\" content=\"index, follow, max-snippet:-1, max-image-preview:large, max-video-preview:-1\" \/>\n<link rel=\"canonical\" href=\"https:\/\/verdadeon.com.br\/portal\/2023\/03\/03\/sabesp-arrecada-105-toneladas-de-alimentos-para-vitimas-das-chuvas-no-litoral-norte\/\" \/>\n<meta property=\"og:locale\" content=\"pt_BR\" \/>\n<meta property=\"og:type\" content=\"article\" \/>\n<meta property=\"og:title\" content=\"Sabesp arrecada 105 toneladas de alimentos para v\u00edtimas das chuvas no Litoral Norte - VerdadeOn\" \/>\n<meta property=\"og:description\" content=\"Doa\u00e7\u00f5es enviadas aos munic\u00edpios atingidos incluem quase 123 mil pe\u00e7as de roupas e mais de 75 mil itens de higiene e limpeza A Sabesp arrecadou mais [\u2026]\" \/>\n<meta property=\"og:url\" content=\"https:\/\/verdadeon.com.br\/portal\/2023\/03\/03\/sabesp-arrecada-105-toneladas-de-alimentos-para-vitimas-das-chuvas-no-litoral-norte\/\" \/>\n<meta property=\"og:site_name\" content=\"VerdadeOn\" \/>\n<meta property=\"article:published_time\" content=\"2023-03-03T15:15:20+00:00\" \/>\n<meta property=\"article:modified_time\" content=\"2023-03-03T17:04:59+00:00\" \/>\n<meta property=\"og:image\" content=\"https:\/\/verdadeon.com.br\/portal\/wp-content\/uploads\/2023\/03\/campanha_doacoes_litoral_norte.jpg\" \/>\n\t<meta property=\"og:image:width\" content=\"1478\" \/>\n\t<meta property=\"og:image:height\" content=\"1030\" \/>\n\t<meta property=\"og:image:type\" content=\"image\/jpeg\" \/>\n<meta name=\"author\" content=\"Redacao VerdadeOn\" \/>\n<meta name=\"twitter:card\" content=\"summary_large_image\" \/>\n<meta name=\"twitter:label1\" content=\"Escrito por\" \/>\n\t<meta name=\"twitter:data1\" content=\"Redacao VerdadeOn\" \/>\n\t<meta name=\"twitter:label2\" content=\"Est. tempo de leitura\" \/>\n\t<meta name=\"twitter:data2\" content=\"2 minutos\" \/>\n<script type=\"application\/ld+json\" class=\"yoast-schema-graph\">{\"@context\":\"https:\/\/schema.org\",\"@graph\":[{\"@type\":\"WebPage\",\"@id\":\"https:\/\/verdadeon.com.br\/portal\/2023\/03\/03\/sabesp-arrecada-105-toneladas-de-alimentos-para-vitimas-das-chuvas-no-litoral-norte\/\",\"url\":\"https:\/\/verdadeon.com.br\/portal\/2023\/03\/03\/sabesp-arrecada-105-toneladas-de-alimentos-para-vitimas-das-chuvas-no-litoral-norte\/\",\"name\":\"Sabesp arrecada 105 toneladas de alimentos para v\u00edtimas das chuvas no Litoral Norte - VerdadeOn\",\"isPartOf\":{\"@id\":\"https:\/\/verdadeon.com.br\/portal\/#website\"},\"primaryImageOfPage\":{\"@id\":\"https:\/\/verdadeon.com.br\/portal\/2023\/03\/03\/sabesp-arrecada-105-toneladas-de-alimentos-para-vitimas-das-chuvas-no-litoral-norte\/#primaryimage\"},\"image\":{\"@id\":\"https:\/\/verdadeon.com.br\/portal\/2023\/03\/03\/sabesp-arrecada-105-toneladas-de-alimentos-para-vitimas-das-chuvas-no-litoral-norte\/#primaryimage\"},\"thumbnailUrl\":\"https:\/\/i0.wp.com\/verdadeon.com.br\/portal\/wp-content\/uploads\/2023\/03\/campanha_doacoes_litoral_norte.jpg?fit=1478%2C1030&ssl=1\",\"datePublished\":\"2023-03-03T15:15:20+00:00\",\"dateModified\":\"2023-03-03T17:04:59+00:00\",\"author\":{\"@id\":\"https:\/\/verdadeon.com.br\/portal\/#\/schema\/person\/a5060ad1e9ea3df545188fc93ce43d2f\"},\"breadcrumb\":{\"@id\":\"https:\/\/verdadeon.com.br\/portal\/2023\/03\/03\/sabesp-arrecada-105-toneladas-de-alimentos-para-vitimas-das-chuvas-no-litoral-norte\/#breadcrumb\"},\"inLanguage\":\"pt-BR\",\"potentialAction\":[{\"@type\":\"ReadAction\",\"target\":[\"https:\/\/verdadeon.com.br\/portal\/2023\/03\/03\/sabesp-arrecada-105-toneladas-de-alimentos-para-vitimas-das-chuvas-no-litoral-norte\/\"]}]},{\"@type\":\"ImageObject\",\"inLanguage\":\"pt-BR\",\"@id\":\"https:\/\/verdadeon.com.br\/portal\/2023\/03\/03\/sabesp-arrecada-105-toneladas-de-alimentos-para-vitimas-das-chuvas-no-litoral-norte\/#primaryimage\",\"url\":\"https:\/\/i0.wp.com\/verdadeon.com.br\/portal\/wp-content\/uploads\/2023\/03\/campanha_doacoes_litoral_norte.jpg?fit=1478%2C1030&ssl=1\",\"contentUrl\":\"https:\/\/i0.wp.com\/verdadeon.com.br\/portal\/wp-content\/uploads\/2023\/03\/campanha_doacoes_litoral_norte.jpg?fit=1478%2C1030&ssl=1\",\"width\":1478,\"height\":1030,\"caption\":\"Em todo o Estado, a Sabesp arrecadou , pelo menos, 105 toneladas de alimentos\"},{\"@type\":\"BreadcrumbList\",\"@id\":\"https:\/\/verdadeon.com.br\/portal\/2023\/03\/03\/sabesp-arrecada-105-toneladas-de-alimentos-para-vitimas-das-chuvas-no-litoral-norte\/#breadcrumb\",\"itemListElement\":[{\"@type\":\"ListItem\",\"position\":1,\"name\":\"In\u00edcio\",\"item\":\"https:\/\/verdadeon.com.br\/portal\/\"},{\"@type\":\"ListItem\",\"position\":2,\"name\":\"Sabesp arrecada 105 toneladas de alimentos para v\u00edtimas das chuvas no Litoral Norte\"}]},{\"@type\":\"WebSite\",\"@id\":\"https:\/\/verdadeon.com.br\/portal\/#website\",\"url\":\"https:\/\/verdadeon.com.br\/portal\/\",\"name\":\"VerdadeOn\",\"description\":\"Not\u00edcias di\u00e1rias sobre Franca, Regi\u00e3o, Esporte, Cultura, Cotidiano, Colunas. Cobertura nos principais eventos da cidade \u00e9 aqui - Verdadeon Franca\",\"potentialAction\":[{\"@type\":\"SearchAction\",\"target\":{\"@type\":\"EntryPoint\",\"urlTemplate\":\"https:\/\/verdadeon.com.br\/portal\/?s={search_term_string}\"},\"query-input\":{\"@type\":\"PropertyValueSpecification\",\"valueRequired\":true,\"valueName\":\"search_term_string\"}}],\"inLanguage\":\"pt-BR\"},{\"@type\":\"Person\",\"@id\":\"https:\/\/verdadeon.com.br\/portal\/#\/schema\/person\/a5060ad1e9ea3df545188fc93ce43d2f\",\"name\":\"Redacao VerdadeOn\",\"image\":{\"@type\":\"ImageObject\",\"inLanguage\":\"pt-BR\",\"@id\":\"https:\/\/verdadeon.com.br\/portal\/#\/schema\/person\/image\/\",\"url\":\"https:\/\/secure.gravatar.com\/avatar\/459a9613caaaf07f582c3d0841eea68bdd66f533e465e6ba8b9cb45619572cf4?s=96&d=mm&r=g\",\"contentUrl\":\"https:\/\/secure.gravatar.com\/avatar\/459a9613caaaf07f582c3d0841eea68bdd66f533e465e6ba8b9cb45619572cf4?s=96&d=mm&r=g\",\"caption\":\"Redacao VerdadeOn\"},\"url\":\"https:\/\/verdadeon.com.br\/portal\/author\/redacao\/\"}]}<\/script>\n<!-- \/ Yoast SEO plugin. -->","yoast_head_json":{"title":"Sabesp arrecada 105 toneladas de alimentos para v\u00edtimas das chuvas no Litoral Norte - VerdadeOn","robots":{"index":"index","follow":"follow","max-snippet":"max-snippet:-1","max-image-preview":"max-image-preview:large","max-video-preview":"max-video-preview:-1"},"canonical":"https:\/\/verdadeon.com.br\/portal\/2023\/03\/03\/sabesp-arrecada-105-toneladas-de-alimentos-para-vitimas-das-chuvas-no-litoral-norte\/","og_locale":"pt_BR","og_type":"article","og_title":"Sabesp arrecada 105 toneladas de alimentos para v\u00edtimas das chuvas no Litoral Norte - VerdadeOn","og_description":"Doa\u00e7\u00f5es enviadas aos munic\u00edpios atingidos incluem quase 123 mil pe\u00e7as de roupas e mais de 75 mil itens de higiene e limpeza A Sabesp arrecadou mais [\u2026]","og_url":"https:\/\/verdadeon.com.br\/portal\/2023\/03\/03\/sabesp-arrecada-105-toneladas-de-alimentos-para-vitimas-das-chuvas-no-litoral-norte\/","og_site_name":"VerdadeOn","article_published_time":"2023-03-03T15:15:20+00:00","article_modified_time":"2023-03-03T17:04:59+00:00","og_image":[{"width":1478,"height":1030,"url":"https:\/\/verdadeon.com.br\/portal\/wp-content\/uploads\/2023\/03\/campanha_doacoes_litoral_norte.jpg","type":"image\/jpeg"}],"author":"Redacao VerdadeOn","twitter_card":"summary_large_image","twitter_misc":{"Escrito por":"Redacao VerdadeOn","Est. tempo de leitura":"2 minutos"},"schema":{"@context":"https:\/\/schema.org","@graph":[{"@type":"WebPage","@id":"https:\/\/verdadeon.com.br\/portal\/2023\/03\/03\/sabesp-arrecada-105-toneladas-de-alimentos-para-vitimas-das-chuvas-no-litoral-norte\/","url":"https:\/\/verdadeon.com.br\/portal\/2023\/03\/03\/sabesp-arrecada-105-toneladas-de-alimentos-para-vitimas-das-chuvas-no-litoral-norte\/","name":"Sabesp arrecada 105 toneladas de alimentos para v\u00edtimas das chuvas no Litoral Norte - VerdadeOn","isPartOf":{"@id":"https:\/\/verdadeon.com.br\/portal\/#website"},"primaryImageOfPage":{"@id":"https:\/\/verdadeon.com.br\/portal\/2023\/03\/03\/sabesp-arrecada-105-toneladas-de-alimentos-para-vitimas-das-chuvas-no-litoral-norte\/#primaryimage"},"image":{"@id":"https:\/\/verdadeon.com.br\/portal\/2023\/03\/03\/sabesp-arrecada-105-toneladas-de-alimentos-para-vitimas-das-chuvas-no-litoral-norte\/#primaryimage"},"thumbnailUrl":"https:\/\/i0.wp.com\/verdadeon.com.br\/portal\/wp-content\/uploads\/2023\/03\/campanha_doacoes_litoral_norte.jpg?fit=1478%2C1030&ssl=1","datePublished":"2023-03-03T15:15:20+00:00","dateModified":"2023-03-03T17:04:59+00:00","author":{"@id":"https:\/\/verdadeon.com.br\/portal\/#\/schema\/person\/a5060ad1e9ea3df545188fc93ce43d2f"},"breadcrumb":{"@id":"https:\/\/verdadeon.com.br\/portal\/2023\/03\/03\/sabesp-arrecada-105-toneladas-de-alimentos-para-vitimas-das-chuvas-no-litoral-norte\/#breadcrumb"},"inLanguage":"pt-BR","potentialAction":[{"@type":"ReadAction","target":["https:\/\/verdadeon.com.br\/portal\/2023\/03\/03\/sabesp-arrecada-105-toneladas-de-alimentos-para-vitimas-das-chuvas-no-litoral-norte\/"]}]},{"@type":"ImageObject","inLanguage":"pt-BR","@id":"https:\/\/verdadeon.com.br\/portal\/2023\/03\/03\/sabesp-arrecada-105-toneladas-de-alimentos-para-vitimas-das-chuvas-no-litoral-norte\/#primaryimage","url":"https:\/\/i0.wp.com\/verdadeon.com.br\/portal\/wp-content\/uploads\/2023\/03\/campanha_doacoes_litoral_norte.jpg?fit=1478%2C1030&ssl=1","contentUrl":"https:\/\/i0.wp.com\/verdadeon.com.br\/portal\/wp-content\/uploads\/2023\/03\/campanha_doacoes_litoral_norte.jpg?fit=1478%2C1030&ssl=1","width":1478,"height":1030,"caption":"Em todo o Estado, a Sabesp arrecadou , pelo menos, 105 toneladas de alimentos"},{"@type":"BreadcrumbList","@id":"https:\/\/verdadeon.com.br\/portal\/2023\/03\/03\/sabesp-arrecada-105-toneladas-de-alimentos-para-vitimas-das-chuvas-no-litoral-norte\/#breadcrumb","itemListElement":[{"@type":"ListItem","position":1,"name":"In\u00edcio","item":"https:\/\/verdadeon.com.br\/portal\/"},{"@type":"ListItem","position":2,"name":"Sabesp arrecada 105 toneladas de alimentos para v\u00edtimas das chuvas no Litoral Norte"}]},{"@type":"WebSite","@id":"https:\/\/verdadeon.com.br\/portal\/#website","url":"https:\/\/verdadeon.com.br\/portal\/","name":"VerdadeOn","description":"Not\u00edcias di\u00e1rias sobre Franca, Regi\u00e3o, Esporte, Cultura, Cotidiano, Colunas. Cobertura nos principais eventos da cidade \u00e9 aqui - Verdadeon Franca","potentialAction":[{"@type":"SearchAction","target":{"@type":"EntryPoint","urlTemplate":"https:\/\/verdadeon.com.br\/portal\/?s={search_term_string}"},"query-input":{"@type":"PropertyValueSpecification","valueRequired":true,"valueName":"search_term_string"}}],"inLanguage":"pt-BR"},{"@type":"Person","@id":"https:\/\/verdadeon.com.br\/portal\/#\/schema\/person\/a5060ad1e9ea3df545188fc93ce43d2f","name":"Redacao VerdadeOn","image":{"@type":"ImageObject","inLanguage":"pt-BR","@id":"https:\/\/verdadeon.com.br\/portal\/#\/schema\/person\/image\/","url":"https:\/\/secure.gravatar.com\/avatar\/459a9613caaaf07f582c3d0841eea68bdd66f533e465e6ba8b9cb45619572cf4?s=96&d=mm&r=g","contentUrl":"https:\/\/secure.gravatar.com\/avatar\/459a9613caaaf07f582c3d0841eea68bdd66f533e465e6ba8b9cb45619572cf4?s=96&d=mm&r=g","caption":"Redacao VerdadeOn"},"url":"https:\/\/verdadeon.com.br\/portal\/author\/redacao\/"}]}},"jetpack_publicize_connections":[],"jetpack_featured_media_url":"https:\/\/i0.wp.com\/verdadeon.com.br\/portal\/wp-content\/uploads\/2023\/03\/campanha_doacoes_litoral_norte.jpg?fit=1478%2C1030&ssl=1","jetpack_sharing_enabled":true,"_links":{"self":[{"href":"https:\/\/verdadeon.com.br\/portal\/wp-json\/wp\/v2\/posts\/32209","targetHints":{"allow":["GET"]}}],"collection":[{"href":"https:\/\/verdadeon.com.br\/portal\/wp-json\/wp\/v2\/posts"}],"about":[{"href":"https:\/\/verdadeon.com.br\/portal\/wp-json\/wp\/v2\/types\/post"}],"author":[{"embeddable":true,"href":"https:\/\/verdadeon.com.br\/portal\/wp-json\/wp\/v2\/users\/10"}],"replies":[{"embeddable":true,"href":"https:\/\/verdadeon.com.br\/portal\/wp-json\/wp\/v2\/comments?post=32209"}],"version-history":[{"count":1,"href":"https:\/\/verdadeon.com.br\/portal\/wp-json\/wp\/v2\/posts\/32209\/revisions"}],"predecessor-version":[{"id":32211,"href":"https:\/\/verdadeon.com.br\/portal\/wp-json\/wp\/v2\/posts\/32209\/revisions\/32211"}],"wp:featuredmedia":[{"embeddable":true,"href":"https:\/\/verdadeon.com.br\/portal\/wp-json\/wp\/v2\/media\/32210"}],"wp:attachment":[{"href":"https:\/\/verdadeon.com.br\/portal\/wp-json\/wp\/v2\/media?parent=32209"}],"wp:term":[{"taxonomy":"category","embeddable":true,"href":"https:\/\/verdadeon.com.br\/portal\/wp-json\/wp\/v2\/categories?post=32209"},{"taxonomy":"post_tag","embeddable":true,"href":"https:\/\/verdadeon.com.br\/portal\/wp-json\/wp\/v2\/tags?post=32209"}],"curies":[{"name":"wp","href":"https:\/\/api.w.org\/{rel}","templated":true}]}}