{"id":32139,"date":"2023-03-01T16:00:45","date_gmt":"2023-03-01T19:00:45","guid":{"rendered":"https:\/\/verdadeon.com.br\/portal\/?p=32139"},"modified":"2023-03-01T16:17:05","modified_gmt":"2023-03-01T19:17:05","slug":"governo-de-sp-assina-acordo-de-cooperacao-com-o-movimento-brasil-competitivo-mbc","status":"publish","type":"post","link":"https:\/\/verdadeon.com.br\/portal\/2023\/03\/01\/governo-de-sp-assina-acordo-de-cooperacao-com-o-movimento-brasil-competitivo-mbc\/","title":{"rendered":"Governo de SP assina acordo de coopera\u00e7\u00e3o com o Movimento Brasil Competitivo (MBC)"},"content":{"rendered":"<h2 class=\"excerpt\">A\u00e7\u00e3o faz parte da agenda estrat\u00e9gica do governo para fortalecer o ambiente de neg\u00f3cios paulista<\/h2>\n<p>O governador\u00a0<a href=\"https:\/\/www.saopaulo.sp.gov.br\/orgaos-e-entidades\/orgaos-e-entidades\/governador\/\">Tarc\u00edsio de Freitas<\/a>\u00a0e o Secret\u00e1rio de Desenvolvimento Econ\u00f4mico Jorge Lima celebraram nesta ter\u00e7a-feira (28) um acordo de coopera\u00e7\u00e3o com o Movimento Brasil Competitivo (MBC), com o objetivo de unir esfor\u00e7os e promover a redu\u00e7\u00e3o do custo S\u00e3o Paulo, aumentando a competitividade das empresas paulistas.<\/p>\n<p>\u201cEsse projeto ser\u00e1 fundamental para direcionar uma s\u00e9rie de a\u00e7\u00f5es, muito importantes, para identificarmos onde o calo est\u00e1 apertando. Na segunda-feira, assinamos 11 decretos reduzindo a base de c\u00e1lculo do ICMS de diferentes setores produtivos. Temos de ser mais agressivos no campo tribut\u00e1rio para atrair mais neg\u00f3cios para S\u00e3o Paulo\u201d, afirmou o governador<\/p>\n<p>A principal proposta \u00e9 repetir a mesma parceria realizada no projeto de redu\u00e7\u00e3o do Custo Brasil, mas desta vez com o foco no estado de S\u00e3o Paulo.<\/p>\n<p>\u201cSer\u00e3o criados projetos para a redu\u00e7\u00e3o do Custo S\u00e3o Paulo ampliando a competitividade e melhorando o ambiente de neg\u00f3cios, al\u00e9m de maior seguran\u00e7a jur\u00eddica, desburocratiza\u00e7\u00e3o de processos, entre outros\u201d, afirmou o Secret\u00e1rio de Desenvolvimento Econ\u00f4mico Jorge Lima.<\/p>\n<p>A iniciativa ocorreu no Pal\u00e1cio dos Bandeirantes, sede do governo paulista, localizado na capital. O encontro contou com a participa\u00e7\u00e3o do governador Tarc\u00edsio de Freitas, do secret\u00e1rio da Casa Civil, Arthur Lima, do secret\u00e1rio de Desenvolvimento Econ\u00f4mico, Jorge Lima, e do conselho do MBC.<\/p>\n<p>Fonte: SP Not\u00edcias<\/p>\n","protected":false},"excerpt":{"rendered":"<p>A\u00e7\u00e3o faz parte da agenda estrat\u00e9gica do governo para fortalecer o ambiente de neg\u00f3cios paulista O governador\u00a0Tarc\u00edsio de Freitas\u00a0e o Secret\u00e1rio de Desenvolvimento Econ\u00f4mico Jorge Lima<span class=\"excerpt-hellip\"> [\u2026]<\/span><\/p>\n","protected":false},"author":10,"featured_media":32140,"comment_status":"open","ping_status":"open","sticky":false,"template":"","format":"standard","meta":{"_jetpack_memberships_contains_paid_content":false,"footnotes":"","jetpack_publicize_message":"","jetpack_publicize_feature_enabled":true,"jetpack_social_post_already_shared":false,"jetpack_social_options":{"image_generator_settings":{"template":"highway","default_image_id":0,"enabled":false},"version":2}},"categories":[28,44],"tags":[],"class_list":["post-32139","post","type-post","status-publish","format-standard","has-post-thumbnail","hentry","category-cotidiano","category-noticias"],"yoast_head":"<!-- This site is optimized with the Yoast SEO plugin v25.6 - https:\/\/yoast.com\/wordpress\/plugins\/seo\/ -->\n<title>Governo de SP assina acordo de coopera\u00e7\u00e3o com o Movimento Brasil Competitivo (MBC) - VerdadeOn<\/title>\n<meta name=\"robots\" content=\"index, follow, max-snippet:-1, max-image-preview:large, max-video-preview:-1\" \/>\n<link rel=\"canonical\" href=\"https:\/\/verdadeon.com.br\/portal\/2023\/03\/01\/governo-de-sp-assina-acordo-de-cooperacao-com-o-movimento-brasil-competitivo-mbc\/\" \/>\n<meta property=\"og:locale\" content=\"pt_BR\" \/>\n<meta property=\"og:type\" content=\"article\" \/>\n<meta property=\"og:title\" content=\"Governo de SP assina acordo de coopera\u00e7\u00e3o com o Movimento Brasil Competitivo (MBC) - VerdadeOn\" \/>\n<meta property=\"og:description\" content=\"A\u00e7\u00e3o faz parte da agenda estrat\u00e9gica do governo para fortalecer o ambiente de neg\u00f3cios paulista O governador\u00a0Tarc\u00edsio de Freitas\u00a0e o Secret\u00e1rio de Desenvolvimento Econ\u00f4mico Jorge Lima [\u2026]\" \/>\n<meta property=\"og:url\" content=\"https:\/\/verdadeon.com.br\/portal\/2023\/03\/01\/governo-de-sp-assina-acordo-de-cooperacao-com-o-movimento-brasil-competitivo-mbc\/\" \/>\n<meta property=\"og:site_name\" content=\"VerdadeOn\" \/>\n<meta property=\"article:published_time\" content=\"2023-03-01T19:00:45+00:00\" \/>\n<meta property=\"article:modified_time\" content=\"2023-03-01T19:17:05+00:00\" \/>\n<meta property=\"og:image\" content=\"https:\/\/verdadeon.com.br\/portal\/wp-content\/uploads\/2023\/03\/52718252431_946bf39d15_k-1.jpg\" \/>\n\t<meta property=\"og:image:width\" content=\"2048\" \/>\n\t<meta property=\"og:image:height\" content=\"1365\" \/>\n\t<meta property=\"og:image:type\" content=\"image\/jpeg\" \/>\n<meta name=\"author\" content=\"Redacao VerdadeOn\" \/>\n<meta name=\"twitter:card\" content=\"summary_large_image\" \/>\n<meta name=\"twitter:label1\" content=\"Escrito por\" \/>\n\t<meta name=\"twitter:data1\" content=\"Redacao VerdadeOn\" \/>\n\t<meta name=\"twitter:label2\" content=\"Est. tempo de leitura\" \/>\n\t<meta name=\"twitter:data2\" content=\"2 minutos\" \/>\n<script type=\"application\/ld+json\" class=\"yoast-schema-graph\">{\"@context\":\"https:\/\/schema.org\",\"@graph\":[{\"@type\":\"WebPage\",\"@id\":\"https:\/\/verdadeon.com.br\/portal\/2023\/03\/01\/governo-de-sp-assina-acordo-de-cooperacao-com-o-movimento-brasil-competitivo-mbc\/\",\"url\":\"https:\/\/verdadeon.com.br\/portal\/2023\/03\/01\/governo-de-sp-assina-acordo-de-cooperacao-com-o-movimento-brasil-competitivo-mbc\/\",\"name\":\"Governo de SP assina acordo de coopera\u00e7\u00e3o com o Movimento Brasil Competitivo (MBC) - VerdadeOn\",\"isPartOf\":{\"@id\":\"https:\/\/verdadeon.com.br\/portal\/#website\"},\"primaryImageOfPage\":{\"@id\":\"https:\/\/verdadeon.com.br\/portal\/2023\/03\/01\/governo-de-sp-assina-acordo-de-cooperacao-com-o-movimento-brasil-competitivo-mbc\/#primaryimage\"},\"image\":{\"@id\":\"https:\/\/verdadeon.com.br\/portal\/2023\/03\/01\/governo-de-sp-assina-acordo-de-cooperacao-com-o-movimento-brasil-competitivo-mbc\/#primaryimage\"},\"thumbnailUrl\":\"https:\/\/i0.wp.com\/verdadeon.com.br\/portal\/wp-content\/uploads\/2023\/03\/52718252431_946bf39d15_k-1.jpg?fit=2048%2C1365&ssl=1\",\"datePublished\":\"2023-03-01T19:00:45+00:00\",\"dateModified\":\"2023-03-01T19:17:05+00:00\",\"author\":{\"@id\":\"https:\/\/verdadeon.com.br\/portal\/#\/schema\/person\/a5060ad1e9ea3df545188fc93ce43d2f\"},\"breadcrumb\":{\"@id\":\"https:\/\/verdadeon.com.br\/portal\/2023\/03\/01\/governo-de-sp-assina-acordo-de-cooperacao-com-o-movimento-brasil-competitivo-mbc\/#breadcrumb\"},\"inLanguage\":\"pt-BR\",\"potentialAction\":[{\"@type\":\"ReadAction\",\"target\":[\"https:\/\/verdadeon.com.br\/portal\/2023\/03\/01\/governo-de-sp-assina-acordo-de-cooperacao-com-o-movimento-brasil-competitivo-mbc\/\"]}]},{\"@type\":\"ImageObject\",\"inLanguage\":\"pt-BR\",\"@id\":\"https:\/\/verdadeon.com.br\/portal\/2023\/03\/01\/governo-de-sp-assina-acordo-de-cooperacao-com-o-movimento-brasil-competitivo-mbc\/#primaryimage\",\"url\":\"https:\/\/i0.wp.com\/verdadeon.com.br\/portal\/wp-content\/uploads\/2023\/03\/52718252431_946bf39d15_k-1.jpg?fit=2048%2C1365&ssl=1\",\"contentUrl\":\"https:\/\/i0.wp.com\/verdadeon.com.br\/portal\/wp-content\/uploads\/2023\/03\/52718252431_946bf39d15_k-1.jpg?fit=2048%2C1365&ssl=1\",\"width\":2048,\"height\":1365,\"caption\":\"Reuni\u00e3o de Assinatura de Termo de Coopera\u00e7\u00e3o com o Movimento Brasil Competitivo (Por: Governo do Estado de S\u00e3o Paulo).\"},{\"@type\":\"BreadcrumbList\",\"@id\":\"https:\/\/verdadeon.com.br\/portal\/2023\/03\/01\/governo-de-sp-assina-acordo-de-cooperacao-com-o-movimento-brasil-competitivo-mbc\/#breadcrumb\",\"itemListElement\":[{\"@type\":\"ListItem\",\"position\":1,\"name\":\"In\u00edcio\",\"item\":\"https:\/\/verdadeon.com.br\/portal\/\"},{\"@type\":\"ListItem\",\"position\":2,\"name\":\"Governo de SP assina acordo de coopera\u00e7\u00e3o com o Movimento Brasil Competitivo (MBC)\"}]},{\"@type\":\"WebSite\",\"@id\":\"https:\/\/verdadeon.com.br\/portal\/#website\",\"url\":\"https:\/\/verdadeon.com.br\/portal\/\",\"name\":\"VerdadeOn\",\"description\":\"Not\u00edcias di\u00e1rias sobre Franca, Regi\u00e3o, Esporte, Cultura, Cotidiano, Colunas. Cobertura nos principais eventos da cidade \u00e9 aqui - Verdadeon Franca\",\"potentialAction\":[{\"@type\":\"SearchAction\",\"target\":{\"@type\":\"EntryPoint\",\"urlTemplate\":\"https:\/\/verdadeon.com.br\/portal\/?s={search_term_string}\"},\"query-input\":{\"@type\":\"PropertyValueSpecification\",\"valueRequired\":true,\"valueName\":\"search_term_string\"}}],\"inLanguage\":\"pt-BR\"},{\"@type\":\"Person\",\"@id\":\"https:\/\/verdadeon.com.br\/portal\/#\/schema\/person\/a5060ad1e9ea3df545188fc93ce43d2f\",\"name\":\"Redacao VerdadeOn\",\"image\":{\"@type\":\"ImageObject\",\"inLanguage\":\"pt-BR\",\"@id\":\"https:\/\/verdadeon.com.br\/portal\/#\/schema\/person\/image\/\",\"url\":\"https:\/\/secure.gravatar.com\/avatar\/459a9613caaaf07f582c3d0841eea68bdd66f533e465e6ba8b9cb45619572cf4?s=96&d=mm&r=g\",\"contentUrl\":\"https:\/\/secure.gravatar.com\/avatar\/459a9613caaaf07f582c3d0841eea68bdd66f533e465e6ba8b9cb45619572cf4?s=96&d=mm&r=g\",\"caption\":\"Redacao VerdadeOn\"},\"url\":\"https:\/\/verdadeon.com.br\/portal\/author\/redacao\/\"}]}<\/script>\n<!-- \/ Yoast SEO plugin. -->","yoast_head_json":{"title":"Governo de SP assina acordo de coopera\u00e7\u00e3o com o Movimento Brasil Competitivo (MBC) - VerdadeOn","robots":{"index":"index","follow":"follow","max-snippet":"max-snippet:-1","max-image-preview":"max-image-preview:large","max-video-preview":"max-video-preview:-1"},"canonical":"https:\/\/verdadeon.com.br\/portal\/2023\/03\/01\/governo-de-sp-assina-acordo-de-cooperacao-com-o-movimento-brasil-competitivo-mbc\/","og_locale":"pt_BR","og_type":"article","og_title":"Governo de SP assina acordo de coopera\u00e7\u00e3o com o Movimento Brasil Competitivo (MBC) - VerdadeOn","og_description":"A\u00e7\u00e3o faz parte da agenda estrat\u00e9gica do governo para fortalecer o ambiente de neg\u00f3cios paulista O governador\u00a0Tarc\u00edsio de Freitas\u00a0e o Secret\u00e1rio de Desenvolvimento Econ\u00f4mico Jorge Lima [\u2026]","og_url":"https:\/\/verdadeon.com.br\/portal\/2023\/03\/01\/governo-de-sp-assina-acordo-de-cooperacao-com-o-movimento-brasil-competitivo-mbc\/","og_site_name":"VerdadeOn","article_published_time":"2023-03-01T19:00:45+00:00","article_modified_time":"2023-03-01T19:17:05+00:00","og_image":[{"width":2048,"height":1365,"url":"https:\/\/verdadeon.com.br\/portal\/wp-content\/uploads\/2023\/03\/52718252431_946bf39d15_k-1.jpg","type":"image\/jpeg"}],"author":"Redacao VerdadeOn","twitter_card":"summary_large_image","twitter_misc":{"Escrito por":"Redacao VerdadeOn","Est. tempo de leitura":"2 minutos"},"schema":{"@context":"https:\/\/schema.org","@graph":[{"@type":"WebPage","@id":"https:\/\/verdadeon.com.br\/portal\/2023\/03\/01\/governo-de-sp-assina-acordo-de-cooperacao-com-o-movimento-brasil-competitivo-mbc\/","url":"https:\/\/verdadeon.com.br\/portal\/2023\/03\/01\/governo-de-sp-assina-acordo-de-cooperacao-com-o-movimento-brasil-competitivo-mbc\/","name":"Governo de SP assina acordo de coopera\u00e7\u00e3o com o Movimento Brasil Competitivo (MBC) - VerdadeOn","isPartOf":{"@id":"https:\/\/verdadeon.com.br\/portal\/#website"},"primaryImageOfPage":{"@id":"https:\/\/verdadeon.com.br\/portal\/2023\/03\/01\/governo-de-sp-assina-acordo-de-cooperacao-com-o-movimento-brasil-competitivo-mbc\/#primaryimage"},"image":{"@id":"https:\/\/verdadeon.com.br\/portal\/2023\/03\/01\/governo-de-sp-assina-acordo-de-cooperacao-com-o-movimento-brasil-competitivo-mbc\/#primaryimage"},"thumbnailUrl":"https:\/\/i0.wp.com\/verdadeon.com.br\/portal\/wp-content\/uploads\/2023\/03\/52718252431_946bf39d15_k-1.jpg?fit=2048%2C1365&ssl=1","datePublished":"2023-03-01T19:00:45+00:00","dateModified":"2023-03-01T19:17:05+00:00","author":{"@id":"https:\/\/verdadeon.com.br\/portal\/#\/schema\/person\/a5060ad1e9ea3df545188fc93ce43d2f"},"breadcrumb":{"@id":"https:\/\/verdadeon.com.br\/portal\/2023\/03\/01\/governo-de-sp-assina-acordo-de-cooperacao-com-o-movimento-brasil-competitivo-mbc\/#breadcrumb"},"inLanguage":"pt-BR","potentialAction":[{"@type":"ReadAction","target":["https:\/\/verdadeon.com.br\/portal\/2023\/03\/01\/governo-de-sp-assina-acordo-de-cooperacao-com-o-movimento-brasil-competitivo-mbc\/"]}]},{"@type":"ImageObject","inLanguage":"pt-BR","@id":"https:\/\/verdadeon.com.br\/portal\/2023\/03\/01\/governo-de-sp-assina-acordo-de-cooperacao-com-o-movimento-brasil-competitivo-mbc\/#primaryimage","url":"https:\/\/i0.wp.com\/verdadeon.com.br\/portal\/wp-content\/uploads\/2023\/03\/52718252431_946bf39d15_k-1.jpg?fit=2048%2C1365&ssl=1","contentUrl":"https:\/\/i0.wp.com\/verdadeon.com.br\/portal\/wp-content\/uploads\/2023\/03\/52718252431_946bf39d15_k-1.jpg?fit=2048%2C1365&ssl=1","width":2048,"height":1365,"caption":"Reuni\u00e3o de Assinatura de Termo de Coopera\u00e7\u00e3o com o Movimento Brasil Competitivo (Por: Governo do Estado de S\u00e3o Paulo)."},{"@type":"BreadcrumbList","@id":"https:\/\/verdadeon.com.br\/portal\/2023\/03\/01\/governo-de-sp-assina-acordo-de-cooperacao-com-o-movimento-brasil-competitivo-mbc\/#breadcrumb","itemListElement":[{"@type":"ListItem","position":1,"name":"In\u00edcio","item":"https:\/\/verdadeon.com.br\/portal\/"},{"@type":"ListItem","position":2,"name":"Governo de SP assina acordo de coopera\u00e7\u00e3o com o Movimento Brasil Competitivo (MBC)"}]},{"@type":"WebSite","@id":"https:\/\/verdadeon.com.br\/portal\/#website","url":"https:\/\/verdadeon.com.br\/portal\/","name":"VerdadeOn","description":"Not\u00edcias di\u00e1rias sobre Franca, Regi\u00e3o, Esporte, Cultura, Cotidiano, Colunas. Cobertura nos principais eventos da cidade \u00e9 aqui - Verdadeon Franca","potentialAction":[{"@type":"SearchAction","target":{"@type":"EntryPoint","urlTemplate":"https:\/\/verdadeon.com.br\/portal\/?s={search_term_string}"},"query-input":{"@type":"PropertyValueSpecification","valueRequired":true,"valueName":"search_term_string"}}],"inLanguage":"pt-BR"},{"@type":"Person","@id":"https:\/\/verdadeon.com.br\/portal\/#\/schema\/person\/a5060ad1e9ea3df545188fc93ce43d2f","name":"Redacao VerdadeOn","image":{"@type":"ImageObject","inLanguage":"pt-BR","@id":"https:\/\/verdadeon.com.br\/portal\/#\/schema\/person\/image\/","url":"https:\/\/secure.gravatar.com\/avatar\/459a9613caaaf07f582c3d0841eea68bdd66f533e465e6ba8b9cb45619572cf4?s=96&d=mm&r=g","contentUrl":"https:\/\/secure.gravatar.com\/avatar\/459a9613caaaf07f582c3d0841eea68bdd66f533e465e6ba8b9cb45619572cf4?s=96&d=mm&r=g","caption":"Redacao VerdadeOn"},"url":"https:\/\/verdadeon.com.br\/portal\/author\/redacao\/"}]}},"jetpack_publicize_connections":[],"jetpack_featured_media_url":"https:\/\/i0.wp.com\/verdadeon.com.br\/portal\/wp-content\/uploads\/2023\/03\/52718252431_946bf39d15_k-1.jpg?fit=2048%2C1365&ssl=1","jetpack_sharing_enabled":true,"_links":{"self":[{"href":"https:\/\/verdadeon.com.br\/portal\/wp-json\/wp\/v2\/posts\/32139","targetHints":{"allow":["GET"]}}],"collection":[{"href":"https:\/\/verdadeon.com.br\/portal\/wp-json\/wp\/v2\/posts"}],"about":[{"href":"https:\/\/verdadeon.com.br\/portal\/wp-json\/wp\/v2\/types\/post"}],"author":[{"embeddable":true,"href":"https:\/\/verdadeon.com.br\/portal\/wp-json\/wp\/v2\/users\/10"}],"replies":[{"embeddable":true,"href":"https:\/\/verdadeon.com.br\/portal\/wp-json\/wp\/v2\/comments?post=32139"}],"version-history":[{"count":2,"href":"https:\/\/verdadeon.com.br\/portal\/wp-json\/wp\/v2\/posts\/32139\/revisions"}],"predecessor-version":[{"id":32142,"href":"https:\/\/verdadeon.com.br\/portal\/wp-json\/wp\/v2\/posts\/32139\/revisions\/32142"}],"wp:featuredmedia":[{"embeddable":true,"href":"https:\/\/verdadeon.com.br\/portal\/wp-json\/wp\/v2\/media\/32140"}],"wp:attachment":[{"href":"https:\/\/verdadeon.com.br\/portal\/wp-json\/wp\/v2\/media?parent=32139"}],"wp:term":[{"taxonomy":"category","embeddable":true,"href":"https:\/\/verdadeon.com.br\/portal\/wp-json\/wp\/v2\/categories?post=32139"},{"taxonomy":"post_tag","embeddable":true,"href":"https:\/\/verdadeon.com.br\/portal\/wp-json\/wp\/v2\/tags?post=32139"}],"curies":[{"name":"wp","href":"https:\/\/api.w.org\/{rel}","templated":true}]}}