{"id":32128,"date":"2023-03-01T11:00:23","date_gmt":"2023-03-01T14:00:23","guid":{"rendered":"https:\/\/verdadeon.com.br\/portal\/?p=32128"},"modified":"2023-03-01T16:19:27","modified_gmt":"2023-03-01T19:19:27","slug":"em-marco-sesi-franca-basquete-tem-quatro-jogos-pelo-nbb-e-quartas-de-final-da-bcla","status":"publish","type":"post","link":"https:\/\/verdadeon.com.br\/portal\/2023\/03\/01\/em-marco-sesi-franca-basquete-tem-quatro-jogos-pelo-nbb-e-quartas-de-final-da-bcla\/","title":{"rendered":"Em mar\u00e7o, Sesi Franca Basquete tem quatro jogos pelo NBB e quartas de final da BCLA"},"content":{"rendered":"<h2>Neste novo m\u00eas, time francano se prepara para jogos pelo campeonato Nacional e Champions<\/h2>\n<p>Neste m\u00eas de mar\u00e7o, o Sesi Franca Basquete t\u00eam compromissos pela BCLA 2022\/23 (Basketball Champions League Americas) e pelo NBB 2022\/23 (Novo Basquete Brasil). S\u00e3o quatro jogos pelo NBB15 e a disputa das quartas de final da BCLA.<\/p>\n<p>O Sesi Franca inicia o m\u00eas enfrentando o Pinheiros Basquete, na quarta-feira (01\/03), \u00e0s 20h00, no Gin\u00e1sio Pedroc\u00e3o.<br \/>\nDepois o time francano sai de viagem para o Uruguai, para enfrentar o Pe\u00f1arol, no primeiro jogo das quartas de final da BCLA, na segunda-feira (06\/03), \u00e0s 20h00. A equipe retorna para Franca para fazer o jogo dois da s\u00e9rie no s\u00e1bado (11\/03), \u00e0s 20h00, no Gin\u00e1sio Pedroc\u00e3o. Se for necess\u00e1rio, a partida n\u00famero tr\u00eas das quartas de final acontece no domingo (12\/03), \u00e0s 20h00, no mesmo local.<\/p>\n<p>Do dia 13\/03 ao dia 19\/03 acontece o Jogo das Estrelas do NBB, em Belo Horizonte, na Arena UniBH. N\u00e3o haver\u00e1 partidas pelo torneio durante este per\u00edodo.<\/p>\n<p>O Sesi Franca volta ao NBB na ter\u00e7a-feira (21\/03), recebendo o 123 Minas, \u00e0s 20h00, no Gin\u00e1sio Pedroc\u00e3o.<br \/>\nDepois o time francano sai de viagem para o Sul para seus \u00faltimos compromissos no m\u00eas contra o Caxias do Sul, no s\u00e1bado (25\/03), \u00e0s 15h00, no Gin\u00e1sio do Sesi e contra o Uni\u00e3o Corinthians, na segunda-feira (27\/03), \u00e0s 19h30, no Gin\u00e1sio Poliesportivo Arn\u00e3o.<\/p>\n<p>O Sesi Franca Basquete lidera o NBB15 com 24 vit\u00f3rias em 24 jogos. Confira as datas, advers\u00e1rios e hor\u00e1rios dos pr\u00f3ximos confrontos:<br \/>\n01\/03\/2023 \u2013 20h00 \u2013 Sesi Franca x Pinheiros \u2013 Gin\u00e1sio Pedroc\u00e3o (NBB)<br \/>\n06\/03\/2023 \u2013 20h00 \u2013 Pe\u00f1arol x Sesi Franca \u2013 Palacio Montevideo (BCLA)<br \/>\n11\/03\/2023 \u2013 20h00 \u2013 Sesi Franca x Pe\u00f1arol \u2013 Gin\u00e1sio Pedroc\u00e3o (BCLA)<br \/>\n12\/03\/2023* &#8211; 20h00 \u2013 Sesi Franca x Pe\u00f1arol \u2013 Gin\u00e1sio Pedroc\u00e3o (BCLA)<br \/>\n21\/03\/2023 \u2013 20h00 \u2013 Sesi Franca x 123 Minas \u2013 Gin\u00e1sio Pedroc\u00e3o (NBB)<br \/>\n25\/03\/2023 \u2013 15h00 \u2013 Caxias do Sul x Sesi Franca \u2013 Gin\u00e1sio do Sesi (NBB)<br \/>\n27\/03\/2023 \u2013 19h30 \u2013 Uni\u00e3o Corinthians x Sesi Franca \u2013 Gin\u00e1sio Poliesportivo Arn\u00e3o (NBB)<\/p>\n","protected":false},"excerpt":{"rendered":"<p>Neste novo m\u00eas, time francano se prepara para jogos pelo campeonato Nacional e Champions Neste m\u00eas de mar\u00e7o, o Sesi Franca Basquete t\u00eam compromissos pela BCLA<span class=\"excerpt-hellip\"> [\u2026]<\/span><\/p>\n","protected":false},"author":10,"featured_media":32129,"comment_status":"open","ping_status":"open","sticky":false,"template":"","format":"standard","meta":{"_jetpack_memberships_contains_paid_content":false,"footnotes":"","jetpack_publicize_message":"","jetpack_publicize_feature_enabled":true,"jetpack_social_post_already_shared":false,"jetpack_social_options":{"image_generator_settings":{"template":"highway","default_image_id":0,"enabled":false},"version":2}},"categories":[28,81],"tags":[],"class_list":["post-32128","post","type-post","status-publish","format-standard","has-post-thumbnail","hentry","category-cotidiano","category-manchete"],"yoast_head":"<!-- This site is optimized with the Yoast SEO plugin v25.6 - https:\/\/yoast.com\/wordpress\/plugins\/seo\/ -->\n<title>Em mar\u00e7o, Sesi Franca Basquete tem quatro jogos pelo NBB e quartas de final da BCLA - VerdadeOn<\/title>\n<meta name=\"robots\" content=\"index, follow, max-snippet:-1, max-image-preview:large, max-video-preview:-1\" \/>\n<link rel=\"canonical\" href=\"https:\/\/verdadeon.com.br\/portal\/2023\/03\/01\/em-marco-sesi-franca-basquete-tem-quatro-jogos-pelo-nbb-e-quartas-de-final-da-bcla\/\" \/>\n<meta property=\"og:locale\" content=\"pt_BR\" \/>\n<meta property=\"og:type\" content=\"article\" \/>\n<meta property=\"og:title\" content=\"Em mar\u00e7o, Sesi Franca Basquete tem quatro jogos pelo NBB e quartas de final da BCLA - VerdadeOn\" \/>\n<meta property=\"og:description\" content=\"Neste novo m\u00eas, time francano se prepara para jogos pelo campeonato Nacional e Champions Neste m\u00eas de mar\u00e7o, o Sesi Franca Basquete t\u00eam compromissos pela BCLA [\u2026]\" \/>\n<meta property=\"og:url\" content=\"https:\/\/verdadeon.com.br\/portal\/2023\/03\/01\/em-marco-sesi-franca-basquete-tem-quatro-jogos-pelo-nbb-e-quartas-de-final-da-bcla\/\" \/>\n<meta property=\"og:site_name\" content=\"VerdadeOn\" \/>\n<meta property=\"article:published_time\" content=\"2023-03-01T14:00:23+00:00\" \/>\n<meta property=\"article:modified_time\" content=\"2023-03-01T19:19:27+00:00\" \/>\n<meta property=\"og:image\" content=\"https:\/\/verdadeon.com.br\/portal\/wp-content\/uploads\/2023\/03\/WhatsApp-Image-2023-03-01-at-11.22.16.jpeg\" \/>\n\t<meta property=\"og:image:width\" content=\"1000\" \/>\n\t<meta property=\"og:image:height\" content=\"670\" \/>\n\t<meta property=\"og:image:type\" content=\"image\/jpeg\" \/>\n<meta name=\"author\" content=\"Redacao VerdadeOn\" \/>\n<meta name=\"twitter:card\" content=\"summary_large_image\" \/>\n<meta name=\"twitter:label1\" content=\"Escrito por\" \/>\n\t<meta name=\"twitter:data1\" content=\"Redacao VerdadeOn\" \/>\n\t<meta name=\"twitter:label2\" content=\"Est. tempo de leitura\" \/>\n\t<meta name=\"twitter:data2\" content=\"2 minutos\" \/>\n<script type=\"application\/ld+json\" class=\"yoast-schema-graph\">{\"@context\":\"https:\/\/schema.org\",\"@graph\":[{\"@type\":\"WebPage\",\"@id\":\"https:\/\/verdadeon.com.br\/portal\/2023\/03\/01\/em-marco-sesi-franca-basquete-tem-quatro-jogos-pelo-nbb-e-quartas-de-final-da-bcla\/\",\"url\":\"https:\/\/verdadeon.com.br\/portal\/2023\/03\/01\/em-marco-sesi-franca-basquete-tem-quatro-jogos-pelo-nbb-e-quartas-de-final-da-bcla\/\",\"name\":\"Em mar\u00e7o, Sesi Franca Basquete tem quatro jogos pelo NBB e quartas de final da BCLA - VerdadeOn\",\"isPartOf\":{\"@id\":\"https:\/\/verdadeon.com.br\/portal\/#website\"},\"primaryImageOfPage\":{\"@id\":\"https:\/\/verdadeon.com.br\/portal\/2023\/03\/01\/em-marco-sesi-franca-basquete-tem-quatro-jogos-pelo-nbb-e-quartas-de-final-da-bcla\/#primaryimage\"},\"image\":{\"@id\":\"https:\/\/verdadeon.com.br\/portal\/2023\/03\/01\/em-marco-sesi-franca-basquete-tem-quatro-jogos-pelo-nbb-e-quartas-de-final-da-bcla\/#primaryimage\"},\"thumbnailUrl\":\"https:\/\/i0.wp.com\/verdadeon.com.br\/portal\/wp-content\/uploads\/2023\/03\/WhatsApp-Image-2023-03-01-at-11.22.16.jpeg?fit=1000%2C670&ssl=1\",\"datePublished\":\"2023-03-01T14:00:23+00:00\",\"dateModified\":\"2023-03-01T19:19:27+00:00\",\"author\":{\"@id\":\"https:\/\/verdadeon.com.br\/portal\/#\/schema\/person\/a5060ad1e9ea3df545188fc93ce43d2f\"},\"breadcrumb\":{\"@id\":\"https:\/\/verdadeon.com.br\/portal\/2023\/03\/01\/em-marco-sesi-franca-basquete-tem-quatro-jogos-pelo-nbb-e-quartas-de-final-da-bcla\/#breadcrumb\"},\"inLanguage\":\"pt-BR\",\"potentialAction\":[{\"@type\":\"ReadAction\",\"target\":[\"https:\/\/verdadeon.com.br\/portal\/2023\/03\/01\/em-marco-sesi-franca-basquete-tem-quatro-jogos-pelo-nbb-e-quartas-de-final-da-bcla\/\"]}]},{\"@type\":\"ImageObject\",\"inLanguage\":\"pt-BR\",\"@id\":\"https:\/\/verdadeon.com.br\/portal\/2023\/03\/01\/em-marco-sesi-franca-basquete-tem-quatro-jogos-pelo-nbb-e-quartas-de-final-da-bcla\/#primaryimage\",\"url\":\"https:\/\/i0.wp.com\/verdadeon.com.br\/portal\/wp-content\/uploads\/2023\/03\/WhatsApp-Image-2023-03-01-at-11.22.16.jpeg?fit=1000%2C670&ssl=1\",\"contentUrl\":\"https:\/\/i0.wp.com\/verdadeon.com.br\/portal\/wp-content\/uploads\/2023\/03\/WhatsApp-Image-2023-03-01-at-11.22.16.jpeg?fit=1000%2C670&ssl=1\",\"width\":1000,\"height\":670,\"caption\":\"Com a vit\u00f3ria sobre o Pinheiros, SESI Franca Basquete emplaca 35 vit\u00f3rias consecutivas na temporada, igualando recorde hist\u00f3rico.\"},{\"@type\":\"BreadcrumbList\",\"@id\":\"https:\/\/verdadeon.com.br\/portal\/2023\/03\/01\/em-marco-sesi-franca-basquete-tem-quatro-jogos-pelo-nbb-e-quartas-de-final-da-bcla\/#breadcrumb\",\"itemListElement\":[{\"@type\":\"ListItem\",\"position\":1,\"name\":\"In\u00edcio\",\"item\":\"https:\/\/verdadeon.com.br\/portal\/\"},{\"@type\":\"ListItem\",\"position\":2,\"name\":\"Em mar\u00e7o, Sesi Franca Basquete tem quatro jogos pelo NBB e quartas de final da BCLA\"}]},{\"@type\":\"WebSite\",\"@id\":\"https:\/\/verdadeon.com.br\/portal\/#website\",\"url\":\"https:\/\/verdadeon.com.br\/portal\/\",\"name\":\"VerdadeOn\",\"description\":\"Not\u00edcias di\u00e1rias sobre Franca, Regi\u00e3o, Esporte, Cultura, Cotidiano, Colunas. Cobertura nos principais eventos da cidade \u00e9 aqui - Verdadeon Franca\",\"potentialAction\":[{\"@type\":\"SearchAction\",\"target\":{\"@type\":\"EntryPoint\",\"urlTemplate\":\"https:\/\/verdadeon.com.br\/portal\/?s={search_term_string}\"},\"query-input\":{\"@type\":\"PropertyValueSpecification\",\"valueRequired\":true,\"valueName\":\"search_term_string\"}}],\"inLanguage\":\"pt-BR\"},{\"@type\":\"Person\",\"@id\":\"https:\/\/verdadeon.com.br\/portal\/#\/schema\/person\/a5060ad1e9ea3df545188fc93ce43d2f\",\"name\":\"Redacao VerdadeOn\",\"image\":{\"@type\":\"ImageObject\",\"inLanguage\":\"pt-BR\",\"@id\":\"https:\/\/verdadeon.com.br\/portal\/#\/schema\/person\/image\/\",\"url\":\"https:\/\/secure.gravatar.com\/avatar\/459a9613caaaf07f582c3d0841eea68bdd66f533e465e6ba8b9cb45619572cf4?s=96&d=mm&r=g\",\"contentUrl\":\"https:\/\/secure.gravatar.com\/avatar\/459a9613caaaf07f582c3d0841eea68bdd66f533e465e6ba8b9cb45619572cf4?s=96&d=mm&r=g\",\"caption\":\"Redacao VerdadeOn\"},\"url\":\"https:\/\/verdadeon.com.br\/portal\/author\/redacao\/\"}]}<\/script>\n<!-- \/ Yoast SEO plugin. -->","yoast_head_json":{"title":"Em mar\u00e7o, Sesi Franca Basquete tem quatro jogos pelo NBB e quartas de final da BCLA - VerdadeOn","robots":{"index":"index","follow":"follow","max-snippet":"max-snippet:-1","max-image-preview":"max-image-preview:large","max-video-preview":"max-video-preview:-1"},"canonical":"https:\/\/verdadeon.com.br\/portal\/2023\/03\/01\/em-marco-sesi-franca-basquete-tem-quatro-jogos-pelo-nbb-e-quartas-de-final-da-bcla\/","og_locale":"pt_BR","og_type":"article","og_title":"Em mar\u00e7o, Sesi Franca Basquete tem quatro jogos pelo NBB e quartas de final da BCLA - VerdadeOn","og_description":"Neste novo m\u00eas, time francano se prepara para jogos pelo campeonato Nacional e Champions Neste m\u00eas de mar\u00e7o, o Sesi Franca Basquete t\u00eam compromissos pela BCLA [\u2026]","og_url":"https:\/\/verdadeon.com.br\/portal\/2023\/03\/01\/em-marco-sesi-franca-basquete-tem-quatro-jogos-pelo-nbb-e-quartas-de-final-da-bcla\/","og_site_name":"VerdadeOn","article_published_time":"2023-03-01T14:00:23+00:00","article_modified_time":"2023-03-01T19:19:27+00:00","og_image":[{"width":1000,"height":670,"url":"https:\/\/verdadeon.com.br\/portal\/wp-content\/uploads\/2023\/03\/WhatsApp-Image-2023-03-01-at-11.22.16.jpeg","type":"image\/jpeg"}],"author":"Redacao VerdadeOn","twitter_card":"summary_large_image","twitter_misc":{"Escrito por":"Redacao VerdadeOn","Est. tempo de leitura":"2 minutos"},"schema":{"@context":"https:\/\/schema.org","@graph":[{"@type":"WebPage","@id":"https:\/\/verdadeon.com.br\/portal\/2023\/03\/01\/em-marco-sesi-franca-basquete-tem-quatro-jogos-pelo-nbb-e-quartas-de-final-da-bcla\/","url":"https:\/\/verdadeon.com.br\/portal\/2023\/03\/01\/em-marco-sesi-franca-basquete-tem-quatro-jogos-pelo-nbb-e-quartas-de-final-da-bcla\/","name":"Em mar\u00e7o, Sesi Franca Basquete tem quatro jogos pelo NBB e quartas de final da BCLA - VerdadeOn","isPartOf":{"@id":"https:\/\/verdadeon.com.br\/portal\/#website"},"primaryImageOfPage":{"@id":"https:\/\/verdadeon.com.br\/portal\/2023\/03\/01\/em-marco-sesi-franca-basquete-tem-quatro-jogos-pelo-nbb-e-quartas-de-final-da-bcla\/#primaryimage"},"image":{"@id":"https:\/\/verdadeon.com.br\/portal\/2023\/03\/01\/em-marco-sesi-franca-basquete-tem-quatro-jogos-pelo-nbb-e-quartas-de-final-da-bcla\/#primaryimage"},"thumbnailUrl":"https:\/\/i0.wp.com\/verdadeon.com.br\/portal\/wp-content\/uploads\/2023\/03\/WhatsApp-Image-2023-03-01-at-11.22.16.jpeg?fit=1000%2C670&ssl=1","datePublished":"2023-03-01T14:00:23+00:00","dateModified":"2023-03-01T19:19:27+00:00","author":{"@id":"https:\/\/verdadeon.com.br\/portal\/#\/schema\/person\/a5060ad1e9ea3df545188fc93ce43d2f"},"breadcrumb":{"@id":"https:\/\/verdadeon.com.br\/portal\/2023\/03\/01\/em-marco-sesi-franca-basquete-tem-quatro-jogos-pelo-nbb-e-quartas-de-final-da-bcla\/#breadcrumb"},"inLanguage":"pt-BR","potentialAction":[{"@type":"ReadAction","target":["https:\/\/verdadeon.com.br\/portal\/2023\/03\/01\/em-marco-sesi-franca-basquete-tem-quatro-jogos-pelo-nbb-e-quartas-de-final-da-bcla\/"]}]},{"@type":"ImageObject","inLanguage":"pt-BR","@id":"https:\/\/verdadeon.com.br\/portal\/2023\/03\/01\/em-marco-sesi-franca-basquete-tem-quatro-jogos-pelo-nbb-e-quartas-de-final-da-bcla\/#primaryimage","url":"https:\/\/i0.wp.com\/verdadeon.com.br\/portal\/wp-content\/uploads\/2023\/03\/WhatsApp-Image-2023-03-01-at-11.22.16.jpeg?fit=1000%2C670&ssl=1","contentUrl":"https:\/\/i0.wp.com\/verdadeon.com.br\/portal\/wp-content\/uploads\/2023\/03\/WhatsApp-Image-2023-03-01-at-11.22.16.jpeg?fit=1000%2C670&ssl=1","width":1000,"height":670,"caption":"Com a vit\u00f3ria sobre o Pinheiros, SESI Franca Basquete emplaca 35 vit\u00f3rias consecutivas na temporada, igualando recorde hist\u00f3rico."},{"@type":"BreadcrumbList","@id":"https:\/\/verdadeon.com.br\/portal\/2023\/03\/01\/em-marco-sesi-franca-basquete-tem-quatro-jogos-pelo-nbb-e-quartas-de-final-da-bcla\/#breadcrumb","itemListElement":[{"@type":"ListItem","position":1,"name":"In\u00edcio","item":"https:\/\/verdadeon.com.br\/portal\/"},{"@type":"ListItem","position":2,"name":"Em mar\u00e7o, Sesi Franca Basquete tem quatro jogos pelo NBB e quartas de final da BCLA"}]},{"@type":"WebSite","@id":"https:\/\/verdadeon.com.br\/portal\/#website","url":"https:\/\/verdadeon.com.br\/portal\/","name":"VerdadeOn","description":"Not\u00edcias di\u00e1rias sobre Franca, Regi\u00e3o, Esporte, Cultura, Cotidiano, Colunas. Cobertura nos principais eventos da cidade \u00e9 aqui - Verdadeon Franca","potentialAction":[{"@type":"SearchAction","target":{"@type":"EntryPoint","urlTemplate":"https:\/\/verdadeon.com.br\/portal\/?s={search_term_string}"},"query-input":{"@type":"PropertyValueSpecification","valueRequired":true,"valueName":"search_term_string"}}],"inLanguage":"pt-BR"},{"@type":"Person","@id":"https:\/\/verdadeon.com.br\/portal\/#\/schema\/person\/a5060ad1e9ea3df545188fc93ce43d2f","name":"Redacao VerdadeOn","image":{"@type":"ImageObject","inLanguage":"pt-BR","@id":"https:\/\/verdadeon.com.br\/portal\/#\/schema\/person\/image\/","url":"https:\/\/secure.gravatar.com\/avatar\/459a9613caaaf07f582c3d0841eea68bdd66f533e465e6ba8b9cb45619572cf4?s=96&d=mm&r=g","contentUrl":"https:\/\/secure.gravatar.com\/avatar\/459a9613caaaf07f582c3d0841eea68bdd66f533e465e6ba8b9cb45619572cf4?s=96&d=mm&r=g","caption":"Redacao VerdadeOn"},"url":"https:\/\/verdadeon.com.br\/portal\/author\/redacao\/"}]}},"jetpack_publicize_connections":[],"jetpack_featured_media_url":"https:\/\/i0.wp.com\/verdadeon.com.br\/portal\/wp-content\/uploads\/2023\/03\/WhatsApp-Image-2023-03-01-at-11.22.16.jpeg?fit=1000%2C670&ssl=1","jetpack_sharing_enabled":true,"_links":{"self":[{"href":"https:\/\/verdadeon.com.br\/portal\/wp-json\/wp\/v2\/posts\/32128","targetHints":{"allow":["GET"]}}],"collection":[{"href":"https:\/\/verdadeon.com.br\/portal\/wp-json\/wp\/v2\/posts"}],"about":[{"href":"https:\/\/verdadeon.com.br\/portal\/wp-json\/wp\/v2\/types\/post"}],"author":[{"embeddable":true,"href":"https:\/\/verdadeon.com.br\/portal\/wp-json\/wp\/v2\/users\/10"}],"replies":[{"embeddable":true,"href":"https:\/\/verdadeon.com.br\/portal\/wp-json\/wp\/v2\/comments?post=32128"}],"version-history":[{"count":1,"href":"https:\/\/verdadeon.com.br\/portal\/wp-json\/wp\/v2\/posts\/32128\/revisions"}],"predecessor-version":[{"id":32130,"href":"https:\/\/verdadeon.com.br\/portal\/wp-json\/wp\/v2\/posts\/32128\/revisions\/32130"}],"wp:featuredmedia":[{"embeddable":true,"href":"https:\/\/verdadeon.com.br\/portal\/wp-json\/wp\/v2\/media\/32129"}],"wp:attachment":[{"href":"https:\/\/verdadeon.com.br\/portal\/wp-json\/wp\/v2\/media?parent=32128"}],"wp:term":[{"taxonomy":"category","embeddable":true,"href":"https:\/\/verdadeon.com.br\/portal\/wp-json\/wp\/v2\/categories?post=32128"},{"taxonomy":"post_tag","embeddable":true,"href":"https:\/\/verdadeon.com.br\/portal\/wp-json\/wp\/v2\/tags?post=32128"}],"curies":[{"name":"wp","href":"https:\/\/api.w.org\/{rel}","templated":true}]}}