{"id":32120,"date":"2023-03-01T12:20:40","date_gmt":"2023-03-01T15:20:40","guid":{"rendered":"https:\/\/verdadeon.com.br\/portal\/?p=32120"},"modified":"2023-03-01T15:49:32","modified_gmt":"2023-03-01T18:49:32","slug":"nos-sentimos-refens-desabafa-frei-luis-apos-sequencia-de-furtos-a-paroquia-sao-judas-tadeu","status":"publish","type":"post","link":"https:\/\/verdadeon.com.br\/portal\/2023\/03\/01\/nos-sentimos-refens-desabafa-frei-luis-apos-sequencia-de-furtos-a-paroquia-sao-judas-tadeu\/","title":{"rendered":"&#8220;Nos sentimos ref\u00e9ns&#8221;, desabafa frei Lu\u00eds ap\u00f3s sequ\u00eancia de furtos \u00e0 Par\u00f3quia S\u00e3o Judas Tadeu"},"content":{"rendered":"<h2>Os fieis que quiserem ir at\u00e9 \u00e0 Igreja fora dos hor\u00e1rios de Missa, dever\u00e3o fazer agendamento no escrit\u00f3rio paroquial<\/h2>\n<p>Nesta segunda-feira, 27, a Par\u00f3quia S\u00e3o Judas Tadeu, localizada na Vila Raykos, em Franca, foi furtada por volta das 11h40.<\/p>\n<p>Segundo o Frei Lu\u00eds Fernando Leite, a Igreja fica aberta ao p\u00fablico para realizarem suas ora\u00e7\u00f5es. Ent\u00e3o, o ladr\u00e3o, aproveitando-se que n\u00e3o havia ningu\u00e9m dentro da par\u00f3quia, efetuou o furto de 5 cabos de 5 metros cada, que s\u00e3o usados pelo coral nas celebra\u00e7\u00f5es eucar\u00edsticas.<\/p>\n<p>&#8220;N\u00e3o foi a primeira vez que isso aconteceu. Pelas imagens [das c\u00e2meras de seguran\u00e7a], n\u00f3s podemos ver tamb\u00e9m que [o ladr\u00e3o] foi o mesmo que dias atr\u00e1s furtou algumas l\u00e2mpadas de emerg\u00eancia&#8221;, disse o Frei Lu\u00eds. O sacerdote ressalta ainda que, por essa raz\u00e3o, a igreja permanecer\u00e1 fechada durante o dia: &#8220;Ela n\u00e3o ficar\u00e1 mais aberta por um per\u00edodo at\u00e9 que se arrume um jeito para que esse povo [os assaltantes] n\u00e3o entre mais na Igreja&#8221;. O Frei continua: &#8220;Ent\u00e3o, para entrar e fazer sua ora\u00e7\u00e3o, \u00e9 necess\u00e1rio fazer o pedido no escrit\u00f3rio paroquial&#8221;.<\/p>\n<p>Frei Lu\u00eds frisou que essa decis\u00e3o ocorre por n\u00e3o ser a primeira vez em que a igreja \u00e9 furtada. &#8220;S\u00e3o pequenos furtos, mas levam as coisas que s\u00e3o do povo. J\u00e1 levaram placas comemorativas, o busto do Frei Roque (p\u00e1roco fundador)&#8230;&#8221;. Na sexta-feira passada, 24, um delito diferente aconteceu: &#8220;Um indiv\u00edduo entrou e urinou dentro da sala da capela do sant\u00edssimo, ent\u00e3o, estamos ref\u00e9ns a essas pessoas&#8221; conclui o Frei.<\/p>\n<p><strong>&#8220;Nos sentimos ref\u00e9ns&#8221;<\/strong><\/p>\n<p>Em entrevista a nossa reportagem, o Frei Lu\u00eds Fernando Leite expressa mais uma vez o quanto ele e os paroquianos se sentem ref\u00e9ns \u00e0 situa\u00e7\u00e3o: &#8220;Estamos ref\u00e9ns a essas pessoas que usam de m\u00e1 f\u00e9 para roubar. A igreja j\u00e1 foi alvo diversas vezes. Placas comemorativas, tampas de ferro, mangueira de bombeiros, l\u00e2mpadas de energia, agora os cabos. Morador de rua fazendo necessidades dentro da igreja. A seguran\u00e7a deixa a desejar, pois o fluxo dessas pessoas \u00e9 grande aqui na [rua] Francisco Marques. At\u00e9 mesmo intimidam as pessoas pedindo esmolas. O poder p\u00fablico deve olhar com carinho a essas regi\u00f5es da nossa cidade. N\u00e3o somente a igreja est\u00e1 sofrendo isso. Mas, o vizinhos est\u00e3o tensos, suas casas est\u00e3o sendo arrombadas por essas pessoas.&#8221;<\/p>\n<p>A par\u00f3quia acionou a pol\u00edcia em todos os acontecimentos, por\u00e9m registrou at\u00e9 ent\u00e3o apenas 01 boletim de ocorr\u00eancia. Segundo o frei narra: &#8220;Quando aparecem j\u00e1 aconteceu e nada mais \u00e9 feito, isso quando nos falam pra fazer o boletim online, que de nada adianta&#8221;. Lu\u00eds ainda alega n\u00e3o poder reclamar da ronda policial, pois est\u00e3o sempre aos arredores da Igreja. A quest\u00e3o em si, \u00e9 que isso sequer assusta os infratores. &#8220;Paroquianos e vizinhos da par\u00f3quia j\u00e1 pediram e falaram com respons\u00e1veis na prefeitura. Mas, pouca coisa \u00e9 feita. N\u00e3o podemos reclamar da ronda policial. Geralmente est\u00e3o sempre passando. Mas, mesmo assim n\u00e3o intimida&#8221;, diz o Padre.<\/p>\n","protected":false},"excerpt":{"rendered":"<p>Os fieis que quiserem ir at\u00e9 \u00e0 Igreja fora dos hor\u00e1rios de Missa, dever\u00e3o fazer agendamento no escrit\u00f3rio paroquial Nesta segunda-feira, 27, a Par\u00f3quia S\u00e3o Judas<span class=\"excerpt-hellip\"> [\u2026]<\/span><\/p>\n","protected":false},"author":10,"featured_media":32122,"comment_status":"open","ping_status":"open","sticky":false,"template":"","format":"standard","meta":{"_jetpack_memberships_contains_paid_content":false,"footnotes":"","jetpack_publicize_message":"","jetpack_publicize_feature_enabled":true,"jetpack_social_post_already_shared":false,"jetpack_social_options":{"image_generator_settings":{"template":"highway","default_image_id":0,"enabled":false},"version":2}},"categories":[28,81],"tags":[],"class_list":["post-32120","post","type-post","status-publish","format-standard","has-post-thumbnail","hentry","category-cotidiano","category-manchete"],"yoast_head":"<!-- This site is optimized with the Yoast SEO plugin v25.6 - https:\/\/yoast.com\/wordpress\/plugins\/seo\/ -->\n<title>&quot;Nos sentimos ref\u00e9ns&quot;, desabafa frei Lu\u00eds ap\u00f3s sequ\u00eancia de furtos \u00e0 Par\u00f3quia S\u00e3o Judas Tadeu - VerdadeOn<\/title>\n<meta name=\"robots\" content=\"index, follow, max-snippet:-1, max-image-preview:large, max-video-preview:-1\" \/>\n<link rel=\"canonical\" href=\"https:\/\/verdadeon.com.br\/portal\/2023\/03\/01\/nos-sentimos-refens-desabafa-frei-luis-apos-sequencia-de-furtos-a-paroquia-sao-judas-tadeu\/\" \/>\n<meta property=\"og:locale\" content=\"pt_BR\" \/>\n<meta property=\"og:type\" content=\"article\" \/>\n<meta property=\"og:title\" content=\"&quot;Nos sentimos ref\u00e9ns&quot;, desabafa frei Lu\u00eds ap\u00f3s sequ\u00eancia de furtos \u00e0 Par\u00f3quia S\u00e3o Judas Tadeu - VerdadeOn\" \/>\n<meta property=\"og:description\" content=\"Os fieis que quiserem ir at\u00e9 \u00e0 Igreja fora dos hor\u00e1rios de Missa, dever\u00e3o fazer agendamento no escrit\u00f3rio paroquial Nesta segunda-feira, 27, a Par\u00f3quia S\u00e3o Judas [\u2026]\" \/>\n<meta property=\"og:url\" content=\"https:\/\/verdadeon.com.br\/portal\/2023\/03\/01\/nos-sentimos-refens-desabafa-frei-luis-apos-sequencia-de-furtos-a-paroquia-sao-judas-tadeu\/\" \/>\n<meta property=\"og:site_name\" content=\"VerdadeOn\" \/>\n<meta property=\"article:published_time\" content=\"2023-03-01T15:20:40+00:00\" \/>\n<meta property=\"article:modified_time\" content=\"2023-03-01T18:49:32+00:00\" \/>\n<meta property=\"og:image\" content=\"https:\/\/verdadeon.com.br\/portal\/wp-content\/uploads\/2023\/03\/Capturar.png\" \/>\n\t<meta property=\"og:image:width\" content=\"1000\" \/>\n\t<meta property=\"og:image:height\" content=\"670\" \/>\n\t<meta property=\"og:image:type\" content=\"image\/png\" \/>\n<meta name=\"author\" content=\"Redacao VerdadeOn\" \/>\n<meta name=\"twitter:card\" content=\"summary_large_image\" \/>\n<meta name=\"twitter:label1\" content=\"Escrito por\" \/>\n\t<meta name=\"twitter:data1\" content=\"Redacao VerdadeOn\" \/>\n\t<meta name=\"twitter:label2\" content=\"Est. tempo de leitura\" \/>\n\t<meta name=\"twitter:data2\" content=\"3 minutos\" \/>\n<script type=\"application\/ld+json\" class=\"yoast-schema-graph\">{\"@context\":\"https:\/\/schema.org\",\"@graph\":[{\"@type\":\"WebPage\",\"@id\":\"https:\/\/verdadeon.com.br\/portal\/2023\/03\/01\/nos-sentimos-refens-desabafa-frei-luis-apos-sequencia-de-furtos-a-paroquia-sao-judas-tadeu\/\",\"url\":\"https:\/\/verdadeon.com.br\/portal\/2023\/03\/01\/nos-sentimos-refens-desabafa-frei-luis-apos-sequencia-de-furtos-a-paroquia-sao-judas-tadeu\/\",\"name\":\"\\\"Nos sentimos ref\u00e9ns\\\", desabafa frei Lu\u00eds ap\u00f3s sequ\u00eancia de furtos \u00e0 Par\u00f3quia S\u00e3o Judas Tadeu - VerdadeOn\",\"isPartOf\":{\"@id\":\"https:\/\/verdadeon.com.br\/portal\/#website\"},\"primaryImageOfPage\":{\"@id\":\"https:\/\/verdadeon.com.br\/portal\/2023\/03\/01\/nos-sentimos-refens-desabafa-frei-luis-apos-sequencia-de-furtos-a-paroquia-sao-judas-tadeu\/#primaryimage\"},\"image\":{\"@id\":\"https:\/\/verdadeon.com.br\/portal\/2023\/03\/01\/nos-sentimos-refens-desabafa-frei-luis-apos-sequencia-de-furtos-a-paroquia-sao-judas-tadeu\/#primaryimage\"},\"thumbnailUrl\":\"https:\/\/i0.wp.com\/verdadeon.com.br\/portal\/wp-content\/uploads\/2023\/03\/Capturar.png?fit=1000%2C670&ssl=1\",\"datePublished\":\"2023-03-01T15:20:40+00:00\",\"dateModified\":\"2023-03-01T18:49:32+00:00\",\"author\":{\"@id\":\"https:\/\/verdadeon.com.br\/portal\/#\/schema\/person\/a5060ad1e9ea3df545188fc93ce43d2f\"},\"breadcrumb\":{\"@id\":\"https:\/\/verdadeon.com.br\/portal\/2023\/03\/01\/nos-sentimos-refens-desabafa-frei-luis-apos-sequencia-de-furtos-a-paroquia-sao-judas-tadeu\/#breadcrumb\"},\"inLanguage\":\"pt-BR\",\"potentialAction\":[{\"@type\":\"ReadAction\",\"target\":[\"https:\/\/verdadeon.com.br\/portal\/2023\/03\/01\/nos-sentimos-refens-desabafa-frei-luis-apos-sequencia-de-furtos-a-paroquia-sao-judas-tadeu\/\"]}]},{\"@type\":\"ImageObject\",\"inLanguage\":\"pt-BR\",\"@id\":\"https:\/\/verdadeon.com.br\/portal\/2023\/03\/01\/nos-sentimos-refens-desabafa-frei-luis-apos-sequencia-de-furtos-a-paroquia-sao-judas-tadeu\/#primaryimage\",\"url\":\"https:\/\/i0.wp.com\/verdadeon.com.br\/portal\/wp-content\/uploads\/2023\/03\/Capturar.png?fit=1000%2C670&ssl=1\",\"contentUrl\":\"https:\/\/i0.wp.com\/verdadeon.com.br\/portal\/wp-content\/uploads\/2023\/03\/Capturar.png?fit=1000%2C670&ssl=1\",\"width\":1000,\"height\":670,\"caption\":\"Momento em que as c\u00e2meras de seguran\u00e7a flagram o furto\"},{\"@type\":\"BreadcrumbList\",\"@id\":\"https:\/\/verdadeon.com.br\/portal\/2023\/03\/01\/nos-sentimos-refens-desabafa-frei-luis-apos-sequencia-de-furtos-a-paroquia-sao-judas-tadeu\/#breadcrumb\",\"itemListElement\":[{\"@type\":\"ListItem\",\"position\":1,\"name\":\"In\u00edcio\",\"item\":\"https:\/\/verdadeon.com.br\/portal\/\"},{\"@type\":\"ListItem\",\"position\":2,\"name\":\"&#8220;Nos sentimos ref\u00e9ns&#8221;, desabafa frei Lu\u00eds ap\u00f3s sequ\u00eancia de furtos \u00e0 Par\u00f3quia S\u00e3o Judas Tadeu\"}]},{\"@type\":\"WebSite\",\"@id\":\"https:\/\/verdadeon.com.br\/portal\/#website\",\"url\":\"https:\/\/verdadeon.com.br\/portal\/\",\"name\":\"VerdadeOn\",\"description\":\"Not\u00edcias di\u00e1rias sobre Franca, Regi\u00e3o, Esporte, Cultura, Cotidiano, Colunas. Cobertura nos principais eventos da cidade \u00e9 aqui - Verdadeon Franca\",\"potentialAction\":[{\"@type\":\"SearchAction\",\"target\":{\"@type\":\"EntryPoint\",\"urlTemplate\":\"https:\/\/verdadeon.com.br\/portal\/?s={search_term_string}\"},\"query-input\":{\"@type\":\"PropertyValueSpecification\",\"valueRequired\":true,\"valueName\":\"search_term_string\"}}],\"inLanguage\":\"pt-BR\"},{\"@type\":\"Person\",\"@id\":\"https:\/\/verdadeon.com.br\/portal\/#\/schema\/person\/a5060ad1e9ea3df545188fc93ce43d2f\",\"name\":\"Redacao VerdadeOn\",\"image\":{\"@type\":\"ImageObject\",\"inLanguage\":\"pt-BR\",\"@id\":\"https:\/\/verdadeon.com.br\/portal\/#\/schema\/person\/image\/\",\"url\":\"https:\/\/secure.gravatar.com\/avatar\/459a9613caaaf07f582c3d0841eea68bdd66f533e465e6ba8b9cb45619572cf4?s=96&d=mm&r=g\",\"contentUrl\":\"https:\/\/secure.gravatar.com\/avatar\/459a9613caaaf07f582c3d0841eea68bdd66f533e465e6ba8b9cb45619572cf4?s=96&d=mm&r=g\",\"caption\":\"Redacao VerdadeOn\"},\"url\":\"https:\/\/verdadeon.com.br\/portal\/author\/redacao\/\"}]}<\/script>\n<!-- \/ Yoast SEO plugin. -->","yoast_head_json":{"title":"\"Nos sentimos ref\u00e9ns\", desabafa frei Lu\u00eds ap\u00f3s sequ\u00eancia de furtos \u00e0 Par\u00f3quia S\u00e3o Judas Tadeu - VerdadeOn","robots":{"index":"index","follow":"follow","max-snippet":"max-snippet:-1","max-image-preview":"max-image-preview:large","max-video-preview":"max-video-preview:-1"},"canonical":"https:\/\/verdadeon.com.br\/portal\/2023\/03\/01\/nos-sentimos-refens-desabafa-frei-luis-apos-sequencia-de-furtos-a-paroquia-sao-judas-tadeu\/","og_locale":"pt_BR","og_type":"article","og_title":"\"Nos sentimos ref\u00e9ns\", desabafa frei Lu\u00eds ap\u00f3s sequ\u00eancia de furtos \u00e0 Par\u00f3quia S\u00e3o Judas Tadeu - VerdadeOn","og_description":"Os fieis que quiserem ir at\u00e9 \u00e0 Igreja fora dos hor\u00e1rios de Missa, dever\u00e3o fazer agendamento no escrit\u00f3rio paroquial Nesta segunda-feira, 27, a Par\u00f3quia S\u00e3o Judas [\u2026]","og_url":"https:\/\/verdadeon.com.br\/portal\/2023\/03\/01\/nos-sentimos-refens-desabafa-frei-luis-apos-sequencia-de-furtos-a-paroquia-sao-judas-tadeu\/","og_site_name":"VerdadeOn","article_published_time":"2023-03-01T15:20:40+00:00","article_modified_time":"2023-03-01T18:49:32+00:00","og_image":[{"width":1000,"height":670,"url":"https:\/\/verdadeon.com.br\/portal\/wp-content\/uploads\/2023\/03\/Capturar.png","type":"image\/png"}],"author":"Redacao VerdadeOn","twitter_card":"summary_large_image","twitter_misc":{"Escrito por":"Redacao VerdadeOn","Est. tempo de leitura":"3 minutos"},"schema":{"@context":"https:\/\/schema.org","@graph":[{"@type":"WebPage","@id":"https:\/\/verdadeon.com.br\/portal\/2023\/03\/01\/nos-sentimos-refens-desabafa-frei-luis-apos-sequencia-de-furtos-a-paroquia-sao-judas-tadeu\/","url":"https:\/\/verdadeon.com.br\/portal\/2023\/03\/01\/nos-sentimos-refens-desabafa-frei-luis-apos-sequencia-de-furtos-a-paroquia-sao-judas-tadeu\/","name":"\"Nos sentimos ref\u00e9ns\", desabafa frei Lu\u00eds ap\u00f3s sequ\u00eancia de furtos \u00e0 Par\u00f3quia S\u00e3o Judas Tadeu - VerdadeOn","isPartOf":{"@id":"https:\/\/verdadeon.com.br\/portal\/#website"},"primaryImageOfPage":{"@id":"https:\/\/verdadeon.com.br\/portal\/2023\/03\/01\/nos-sentimos-refens-desabafa-frei-luis-apos-sequencia-de-furtos-a-paroquia-sao-judas-tadeu\/#primaryimage"},"image":{"@id":"https:\/\/verdadeon.com.br\/portal\/2023\/03\/01\/nos-sentimos-refens-desabafa-frei-luis-apos-sequencia-de-furtos-a-paroquia-sao-judas-tadeu\/#primaryimage"},"thumbnailUrl":"https:\/\/i0.wp.com\/verdadeon.com.br\/portal\/wp-content\/uploads\/2023\/03\/Capturar.png?fit=1000%2C670&ssl=1","datePublished":"2023-03-01T15:20:40+00:00","dateModified":"2023-03-01T18:49:32+00:00","author":{"@id":"https:\/\/verdadeon.com.br\/portal\/#\/schema\/person\/a5060ad1e9ea3df545188fc93ce43d2f"},"breadcrumb":{"@id":"https:\/\/verdadeon.com.br\/portal\/2023\/03\/01\/nos-sentimos-refens-desabafa-frei-luis-apos-sequencia-de-furtos-a-paroquia-sao-judas-tadeu\/#breadcrumb"},"inLanguage":"pt-BR","potentialAction":[{"@type":"ReadAction","target":["https:\/\/verdadeon.com.br\/portal\/2023\/03\/01\/nos-sentimos-refens-desabafa-frei-luis-apos-sequencia-de-furtos-a-paroquia-sao-judas-tadeu\/"]}]},{"@type":"ImageObject","inLanguage":"pt-BR","@id":"https:\/\/verdadeon.com.br\/portal\/2023\/03\/01\/nos-sentimos-refens-desabafa-frei-luis-apos-sequencia-de-furtos-a-paroquia-sao-judas-tadeu\/#primaryimage","url":"https:\/\/i0.wp.com\/verdadeon.com.br\/portal\/wp-content\/uploads\/2023\/03\/Capturar.png?fit=1000%2C670&ssl=1","contentUrl":"https:\/\/i0.wp.com\/verdadeon.com.br\/portal\/wp-content\/uploads\/2023\/03\/Capturar.png?fit=1000%2C670&ssl=1","width":1000,"height":670,"caption":"Momento em que as c\u00e2meras de seguran\u00e7a flagram o furto"},{"@type":"BreadcrumbList","@id":"https:\/\/verdadeon.com.br\/portal\/2023\/03\/01\/nos-sentimos-refens-desabafa-frei-luis-apos-sequencia-de-furtos-a-paroquia-sao-judas-tadeu\/#breadcrumb","itemListElement":[{"@type":"ListItem","position":1,"name":"In\u00edcio","item":"https:\/\/verdadeon.com.br\/portal\/"},{"@type":"ListItem","position":2,"name":"&#8220;Nos sentimos ref\u00e9ns&#8221;, desabafa frei Lu\u00eds ap\u00f3s sequ\u00eancia de furtos \u00e0 Par\u00f3quia S\u00e3o Judas Tadeu"}]},{"@type":"WebSite","@id":"https:\/\/verdadeon.com.br\/portal\/#website","url":"https:\/\/verdadeon.com.br\/portal\/","name":"VerdadeOn","description":"Not\u00edcias di\u00e1rias sobre Franca, Regi\u00e3o, Esporte, Cultura, Cotidiano, Colunas. Cobertura nos principais eventos da cidade \u00e9 aqui - Verdadeon Franca","potentialAction":[{"@type":"SearchAction","target":{"@type":"EntryPoint","urlTemplate":"https:\/\/verdadeon.com.br\/portal\/?s={search_term_string}"},"query-input":{"@type":"PropertyValueSpecification","valueRequired":true,"valueName":"search_term_string"}}],"inLanguage":"pt-BR"},{"@type":"Person","@id":"https:\/\/verdadeon.com.br\/portal\/#\/schema\/person\/a5060ad1e9ea3df545188fc93ce43d2f","name":"Redacao VerdadeOn","image":{"@type":"ImageObject","inLanguage":"pt-BR","@id":"https:\/\/verdadeon.com.br\/portal\/#\/schema\/person\/image\/","url":"https:\/\/secure.gravatar.com\/avatar\/459a9613caaaf07f582c3d0841eea68bdd66f533e465e6ba8b9cb45619572cf4?s=96&d=mm&r=g","contentUrl":"https:\/\/secure.gravatar.com\/avatar\/459a9613caaaf07f582c3d0841eea68bdd66f533e465e6ba8b9cb45619572cf4?s=96&d=mm&r=g","caption":"Redacao VerdadeOn"},"url":"https:\/\/verdadeon.com.br\/portal\/author\/redacao\/"}]}},"jetpack_publicize_connections":[],"jetpack_featured_media_url":"https:\/\/i0.wp.com\/verdadeon.com.br\/portal\/wp-content\/uploads\/2023\/03\/Capturar.png?fit=1000%2C670&ssl=1","jetpack_sharing_enabled":true,"_links":{"self":[{"href":"https:\/\/verdadeon.com.br\/portal\/wp-json\/wp\/v2\/posts\/32120","targetHints":{"allow":["GET"]}}],"collection":[{"href":"https:\/\/verdadeon.com.br\/portal\/wp-json\/wp\/v2\/posts"}],"about":[{"href":"https:\/\/verdadeon.com.br\/portal\/wp-json\/wp\/v2\/types\/post"}],"author":[{"embeddable":true,"href":"https:\/\/verdadeon.com.br\/portal\/wp-json\/wp\/v2\/users\/10"}],"replies":[{"embeddable":true,"href":"https:\/\/verdadeon.com.br\/portal\/wp-json\/wp\/v2\/comments?post=32120"}],"version-history":[{"count":2,"href":"https:\/\/verdadeon.com.br\/portal\/wp-json\/wp\/v2\/posts\/32120\/revisions"}],"predecessor-version":[{"id":32124,"href":"https:\/\/verdadeon.com.br\/portal\/wp-json\/wp\/v2\/posts\/32120\/revisions\/32124"}],"wp:featuredmedia":[{"embeddable":true,"href":"https:\/\/verdadeon.com.br\/portal\/wp-json\/wp\/v2\/media\/32122"}],"wp:attachment":[{"href":"https:\/\/verdadeon.com.br\/portal\/wp-json\/wp\/v2\/media?parent=32120"}],"wp:term":[{"taxonomy":"category","embeddable":true,"href":"https:\/\/verdadeon.com.br\/portal\/wp-json\/wp\/v2\/categories?post=32120"},{"taxonomy":"post_tag","embeddable":true,"href":"https:\/\/verdadeon.com.br\/portal\/wp-json\/wp\/v2\/tags?post=32120"}],"curies":[{"name":"wp","href":"https:\/\/api.w.org\/{rel}","templated":true}]}}