{"id":32086,"date":"2023-02-28T12:30:34","date_gmt":"2023-02-28T15:30:34","guid":{"rendered":"https:\/\/verdadeon.com.br\/portal\/?p=32086"},"modified":"2023-02-28T12:12:52","modified_gmt":"2023-02-28T15:12:52","slug":"programa-caminho-para-o-emprego-abre-vagas-para-cursos-de-ovos-de-pascoa","status":"publish","type":"post","link":"https:\/\/verdadeon.com.br\/portal\/2023\/02\/28\/programa-caminho-para-o-emprego-abre-vagas-para-cursos-de-ovos-de-pascoa\/","title":{"rendered":"Programa Caminho para o Emprego abre vagas para cursos de Ovos de P\u00e1scoa"},"content":{"rendered":"<h2>Parceria do programa com o FUSSOL e Chok Doce abre 145 vagas para o curso<\/h2>\n<p>Uma parceria entre o Programa Caminho para o Emprego, da Secretaria de Desenvolvimento, FUSSOL (Fundo Social de Solidariedade) e Chok Doce resultou na abertura de 145 vagas para o &#8220;Fa\u00e7a e Venda&#8221;, curso gratuito de confec\u00e7\u00e3o de ovos de P\u00e1scoa.<\/p>\n<p>Os alunos aprender\u00e3o a produzir ovos de P\u00e1scoa recheados, coloridos e pirulitos decorados. O pr\u00e9-requisito \u00e9 ter, no m\u00ednimo, 16 anos. H\u00e1 vagas em todas as regi\u00f5es da cidade e op\u00e7\u00e3o de fazer as inscri\u00e7\u00f5es pelos telefones dos locais indicados. Confira a rela\u00e7\u00e3o dos locais de cursos, formas de inscri\u00e7\u00f5es e datas:<\/p>\n<div><strong>Fa\u00e7a e Venda &#8211; P\u00e1scoa<\/strong><\/div>\n<div>Casa de Miseric\u00f3rdia &#8211; Rua General Osorio, 2294, Centro<\/div>\n<div>6 de mar\u00e7o (segunda-feira)<\/div>\n<div>13h30 \u00e0s 16h30<\/div>\n<div>20 vagas<\/div>\n<div>Inscri\u00e7\u00f5es: (16) 99279-3815<\/div>\n<div><\/div>\n<div>Igreja Assembleia de Deus Santa Cruz &#8211; Travessa Pedro Schirato, 2301, Santa Cruz<\/div>\n<div>6 de mar\u00e7o (segunda-feira)<\/div>\n<div>19 \u00e0s 22 horas<\/div>\n<div>20 vagas<\/div>\n<div>Inscri\u00e7\u00f5es: (16) 99114-2884<\/div>\n<div><\/div>\n<div>Centro Comunit\u00e1rio do Parque do Horto &#8211; Rua Dr. Nelson Facioli, 231, Parque do Horto<\/div>\n<div>9 de mar\u00e7o (quinta-feira)<\/div>\n<div>19 \u00e0s 22 horas<\/div>\n<div>25 vagas<\/div>\n<div>Inscri\u00e7\u00f5es: (16) 99362-4144<\/div>\n<div><\/div>\n<div>CRAS Norte &#8211; Rua Ilton Barbosa da Silva, 745, Leporace<\/div>\n<div>10 de mar\u00e7o (sexta-feira)<\/div>\n<div>13h30 \u00e0s 16h30<\/div>\n<div>30 vagas<\/div>\n<div>Inscri\u00e7\u00f5es: (16) 3704-8515<\/div>\n<div><\/div>\n<div>Centro Comunit\u00e1rio Santa Efig\u00eania &#8211; Rua Sargento Marcos Alfredo Lance, 1955, Santa Efig\u00eania<\/div>\n<div>10 de mar\u00e7o (sexta-feira)<\/div>\n<div>19 \u00e0s 22 horas<\/div>\n<div>30 vagas<\/div>\n<div>Inscri\u00e7\u00f5es: (16) 99213-7748<\/div>\n<div><\/div>\n<div>Cantinho Amor e Caridade &#8211;\u00a0 Avenida Gabriela Almeida Piraj\u00e1, 168, Jardim Aeroporto 2<\/div>\n<div>13 de mar\u00e7o (segunda-feira)<\/div>\n<div>19 \u00e0s 22 horas<\/div>\n<div>20 vagas<\/div>\n<div>Inscri\u00e7\u00f5es: (16)99440-1518<\/div>\n","protected":false},"excerpt":{"rendered":"<p>Parceria do programa com o FUSSOL e Chok Doce abre 145 vagas para o curso Uma parceria entre o Programa Caminho para o Emprego, da Secretaria<span class=\"excerpt-hellip\"> [\u2026]<\/span><\/p>\n","protected":false},"author":10,"featured_media":24458,"comment_status":"open","ping_status":"open","sticky":false,"template":"","format":"standard","meta":{"_jetpack_memberships_contains_paid_content":false,"footnotes":"","jetpack_publicize_message":"","jetpack_publicize_feature_enabled":true,"jetpack_social_post_already_shared":false,"jetpack_social_options":{"image_generator_settings":{"template":"highway","default_image_id":0,"enabled":false},"version":2}},"categories":[28,44],"tags":[],"class_list":["post-32086","post","type-post","status-publish","format-standard","has-post-thumbnail","hentry","category-cotidiano","category-noticias"],"yoast_head":"<!-- This site is optimized with the Yoast SEO plugin v25.6 - https:\/\/yoast.com\/wordpress\/plugins\/seo\/ -->\n<title>Programa Caminho para o Emprego abre vagas para cursos de Ovos de P\u00e1scoa - VerdadeOn<\/title>\n<meta name=\"robots\" content=\"index, follow, max-snippet:-1, max-image-preview:large, max-video-preview:-1\" \/>\n<link rel=\"canonical\" href=\"https:\/\/verdadeon.com.br\/portal\/2023\/02\/28\/programa-caminho-para-o-emprego-abre-vagas-para-cursos-de-ovos-de-pascoa\/\" \/>\n<meta property=\"og:locale\" content=\"pt_BR\" \/>\n<meta property=\"og:type\" content=\"article\" \/>\n<meta property=\"og:title\" content=\"Programa Caminho para o Emprego abre vagas para cursos de Ovos de P\u00e1scoa - VerdadeOn\" \/>\n<meta property=\"og:description\" content=\"Parceria do programa com o FUSSOL e Chok Doce abre 145 vagas para o curso Uma parceria entre o Programa Caminho para o Emprego, da Secretaria [\u2026]\" \/>\n<meta property=\"og:url\" content=\"https:\/\/verdadeon.com.br\/portal\/2023\/02\/28\/programa-caminho-para-o-emprego-abre-vagas-para-cursos-de-ovos-de-pascoa\/\" \/>\n<meta property=\"og:site_name\" content=\"VerdadeOn\" \/>\n<meta property=\"article:published_time\" content=\"2023-02-28T15:30:34+00:00\" \/>\n<meta property=\"og:image\" content=\"https:\/\/verdadeon.com.br\/portal\/wp-content\/uploads\/2022\/04\/adorable-little-boy-with-bunny-ears-hiding-scaled-e1677597137315.jpg\" \/>\n\t<meta property=\"og:image:width\" content=\"2060\" \/>\n\t<meta property=\"og:image:height\" content=\"1382\" \/>\n\t<meta property=\"og:image:type\" content=\"image\/jpeg\" \/>\n<meta name=\"author\" content=\"Redacao VerdadeOn\" \/>\n<meta name=\"twitter:card\" content=\"summary_large_image\" \/>\n<meta name=\"twitter:label1\" content=\"Escrito por\" \/>\n\t<meta name=\"twitter:data1\" content=\"Redacao VerdadeOn\" \/>\n\t<meta name=\"twitter:label2\" content=\"Est. tempo de leitura\" \/>\n\t<meta name=\"twitter:data2\" content=\"2 minutos\" \/>\n<script type=\"application\/ld+json\" class=\"yoast-schema-graph\">{\"@context\":\"https:\/\/schema.org\",\"@graph\":[{\"@type\":\"WebPage\",\"@id\":\"https:\/\/verdadeon.com.br\/portal\/2023\/02\/28\/programa-caminho-para-o-emprego-abre-vagas-para-cursos-de-ovos-de-pascoa\/\",\"url\":\"https:\/\/verdadeon.com.br\/portal\/2023\/02\/28\/programa-caminho-para-o-emprego-abre-vagas-para-cursos-de-ovos-de-pascoa\/\",\"name\":\"Programa Caminho para o Emprego abre vagas para cursos de Ovos de P\u00e1scoa - VerdadeOn\",\"isPartOf\":{\"@id\":\"https:\/\/verdadeon.com.br\/portal\/#website\"},\"primaryImageOfPage\":{\"@id\":\"https:\/\/verdadeon.com.br\/portal\/2023\/02\/28\/programa-caminho-para-o-emprego-abre-vagas-para-cursos-de-ovos-de-pascoa\/#primaryimage\"},\"image\":{\"@id\":\"https:\/\/verdadeon.com.br\/portal\/2023\/02\/28\/programa-caminho-para-o-emprego-abre-vagas-para-cursos-de-ovos-de-pascoa\/#primaryimage\"},\"thumbnailUrl\":\"https:\/\/i0.wp.com\/verdadeon.com.br\/portal\/wp-content\/uploads\/2022\/04\/adorable-little-boy-with-bunny-ears-hiding-scaled-e1677597137315.jpg?fit=2060%2C1382&ssl=1\",\"datePublished\":\"2023-02-28T15:30:34+00:00\",\"author\":{\"@id\":\"https:\/\/verdadeon.com.br\/portal\/#\/schema\/person\/a5060ad1e9ea3df545188fc93ce43d2f\"},\"breadcrumb\":{\"@id\":\"https:\/\/verdadeon.com.br\/portal\/2023\/02\/28\/programa-caminho-para-o-emprego-abre-vagas-para-cursos-de-ovos-de-pascoa\/#breadcrumb\"},\"inLanguage\":\"pt-BR\",\"potentialAction\":[{\"@type\":\"ReadAction\",\"target\":[\"https:\/\/verdadeon.com.br\/portal\/2023\/02\/28\/programa-caminho-para-o-emprego-abre-vagas-para-cursos-de-ovos-de-pascoa\/\"]}]},{\"@type\":\"ImageObject\",\"inLanguage\":\"pt-BR\",\"@id\":\"https:\/\/verdadeon.com.br\/portal\/2023\/02\/28\/programa-caminho-para-o-emprego-abre-vagas-para-cursos-de-ovos-de-pascoa\/#primaryimage\",\"url\":\"https:\/\/i0.wp.com\/verdadeon.com.br\/portal\/wp-content\/uploads\/2022\/04\/adorable-little-boy-with-bunny-ears-hiding-scaled-e1677597137315.jpg?fit=2060%2C1382&ssl=1\",\"contentUrl\":\"https:\/\/i0.wp.com\/verdadeon.com.br\/portal\/wp-content\/uploads\/2022\/04\/adorable-little-boy-with-bunny-ears-hiding-scaled-e1677597137315.jpg?fit=2060%2C1382&ssl=1\",\"width\":2060,\"height\":1382,\"caption\":\"Os alunos aprender\u00e3o a produzir ovos de P\u00e1scoa recheados, coloridos e pirulitos decorados.\"},{\"@type\":\"BreadcrumbList\",\"@id\":\"https:\/\/verdadeon.com.br\/portal\/2023\/02\/28\/programa-caminho-para-o-emprego-abre-vagas-para-cursos-de-ovos-de-pascoa\/#breadcrumb\",\"itemListElement\":[{\"@type\":\"ListItem\",\"position\":1,\"name\":\"In\u00edcio\",\"item\":\"https:\/\/verdadeon.com.br\/portal\/\"},{\"@type\":\"ListItem\",\"position\":2,\"name\":\"Programa Caminho para o Emprego abre vagas para cursos de Ovos de P\u00e1scoa\"}]},{\"@type\":\"WebSite\",\"@id\":\"https:\/\/verdadeon.com.br\/portal\/#website\",\"url\":\"https:\/\/verdadeon.com.br\/portal\/\",\"name\":\"VerdadeOn\",\"description\":\"Not\u00edcias di\u00e1rias sobre Franca, Regi\u00e3o, Esporte, Cultura, Cotidiano, Colunas. Cobertura nos principais eventos da cidade \u00e9 aqui - Verdadeon Franca\",\"potentialAction\":[{\"@type\":\"SearchAction\",\"target\":{\"@type\":\"EntryPoint\",\"urlTemplate\":\"https:\/\/verdadeon.com.br\/portal\/?s={search_term_string}\"},\"query-input\":{\"@type\":\"PropertyValueSpecification\",\"valueRequired\":true,\"valueName\":\"search_term_string\"}}],\"inLanguage\":\"pt-BR\"},{\"@type\":\"Person\",\"@id\":\"https:\/\/verdadeon.com.br\/portal\/#\/schema\/person\/a5060ad1e9ea3df545188fc93ce43d2f\",\"name\":\"Redacao VerdadeOn\",\"image\":{\"@type\":\"ImageObject\",\"inLanguage\":\"pt-BR\",\"@id\":\"https:\/\/verdadeon.com.br\/portal\/#\/schema\/person\/image\/\",\"url\":\"https:\/\/secure.gravatar.com\/avatar\/459a9613caaaf07f582c3d0841eea68bdd66f533e465e6ba8b9cb45619572cf4?s=96&d=mm&r=g\",\"contentUrl\":\"https:\/\/secure.gravatar.com\/avatar\/459a9613caaaf07f582c3d0841eea68bdd66f533e465e6ba8b9cb45619572cf4?s=96&d=mm&r=g\",\"caption\":\"Redacao VerdadeOn\"},\"url\":\"https:\/\/verdadeon.com.br\/portal\/author\/redacao\/\"}]}<\/script>\n<!-- \/ Yoast SEO plugin. -->","yoast_head_json":{"title":"Programa Caminho para o Emprego abre vagas para cursos de Ovos de P\u00e1scoa - VerdadeOn","robots":{"index":"index","follow":"follow","max-snippet":"max-snippet:-1","max-image-preview":"max-image-preview:large","max-video-preview":"max-video-preview:-1"},"canonical":"https:\/\/verdadeon.com.br\/portal\/2023\/02\/28\/programa-caminho-para-o-emprego-abre-vagas-para-cursos-de-ovos-de-pascoa\/","og_locale":"pt_BR","og_type":"article","og_title":"Programa Caminho para o Emprego abre vagas para cursos de Ovos de P\u00e1scoa - VerdadeOn","og_description":"Parceria do programa com o FUSSOL e Chok Doce abre 145 vagas para o curso Uma parceria entre o Programa Caminho para o Emprego, da Secretaria [\u2026]","og_url":"https:\/\/verdadeon.com.br\/portal\/2023\/02\/28\/programa-caminho-para-o-emprego-abre-vagas-para-cursos-de-ovos-de-pascoa\/","og_site_name":"VerdadeOn","article_published_time":"2023-02-28T15:30:34+00:00","og_image":[{"width":2060,"height":1382,"url":"https:\/\/verdadeon.com.br\/portal\/wp-content\/uploads\/2022\/04\/adorable-little-boy-with-bunny-ears-hiding-scaled-e1677597137315.jpg","type":"image\/jpeg"}],"author":"Redacao VerdadeOn","twitter_card":"summary_large_image","twitter_misc":{"Escrito por":"Redacao VerdadeOn","Est. tempo de leitura":"2 minutos"},"schema":{"@context":"https:\/\/schema.org","@graph":[{"@type":"WebPage","@id":"https:\/\/verdadeon.com.br\/portal\/2023\/02\/28\/programa-caminho-para-o-emprego-abre-vagas-para-cursos-de-ovos-de-pascoa\/","url":"https:\/\/verdadeon.com.br\/portal\/2023\/02\/28\/programa-caminho-para-o-emprego-abre-vagas-para-cursos-de-ovos-de-pascoa\/","name":"Programa Caminho para o Emprego abre vagas para cursos de Ovos de P\u00e1scoa - VerdadeOn","isPartOf":{"@id":"https:\/\/verdadeon.com.br\/portal\/#website"},"primaryImageOfPage":{"@id":"https:\/\/verdadeon.com.br\/portal\/2023\/02\/28\/programa-caminho-para-o-emprego-abre-vagas-para-cursos-de-ovos-de-pascoa\/#primaryimage"},"image":{"@id":"https:\/\/verdadeon.com.br\/portal\/2023\/02\/28\/programa-caminho-para-o-emprego-abre-vagas-para-cursos-de-ovos-de-pascoa\/#primaryimage"},"thumbnailUrl":"https:\/\/i0.wp.com\/verdadeon.com.br\/portal\/wp-content\/uploads\/2022\/04\/adorable-little-boy-with-bunny-ears-hiding-scaled-e1677597137315.jpg?fit=2060%2C1382&ssl=1","datePublished":"2023-02-28T15:30:34+00:00","author":{"@id":"https:\/\/verdadeon.com.br\/portal\/#\/schema\/person\/a5060ad1e9ea3df545188fc93ce43d2f"},"breadcrumb":{"@id":"https:\/\/verdadeon.com.br\/portal\/2023\/02\/28\/programa-caminho-para-o-emprego-abre-vagas-para-cursos-de-ovos-de-pascoa\/#breadcrumb"},"inLanguage":"pt-BR","potentialAction":[{"@type":"ReadAction","target":["https:\/\/verdadeon.com.br\/portal\/2023\/02\/28\/programa-caminho-para-o-emprego-abre-vagas-para-cursos-de-ovos-de-pascoa\/"]}]},{"@type":"ImageObject","inLanguage":"pt-BR","@id":"https:\/\/verdadeon.com.br\/portal\/2023\/02\/28\/programa-caminho-para-o-emprego-abre-vagas-para-cursos-de-ovos-de-pascoa\/#primaryimage","url":"https:\/\/i0.wp.com\/verdadeon.com.br\/portal\/wp-content\/uploads\/2022\/04\/adorable-little-boy-with-bunny-ears-hiding-scaled-e1677597137315.jpg?fit=2060%2C1382&ssl=1","contentUrl":"https:\/\/i0.wp.com\/verdadeon.com.br\/portal\/wp-content\/uploads\/2022\/04\/adorable-little-boy-with-bunny-ears-hiding-scaled-e1677597137315.jpg?fit=2060%2C1382&ssl=1","width":2060,"height":1382,"caption":"Os alunos aprender\u00e3o a produzir ovos de P\u00e1scoa recheados, coloridos e pirulitos decorados."},{"@type":"BreadcrumbList","@id":"https:\/\/verdadeon.com.br\/portal\/2023\/02\/28\/programa-caminho-para-o-emprego-abre-vagas-para-cursos-de-ovos-de-pascoa\/#breadcrumb","itemListElement":[{"@type":"ListItem","position":1,"name":"In\u00edcio","item":"https:\/\/verdadeon.com.br\/portal\/"},{"@type":"ListItem","position":2,"name":"Programa Caminho para o Emprego abre vagas para cursos de Ovos de P\u00e1scoa"}]},{"@type":"WebSite","@id":"https:\/\/verdadeon.com.br\/portal\/#website","url":"https:\/\/verdadeon.com.br\/portal\/","name":"VerdadeOn","description":"Not\u00edcias di\u00e1rias sobre Franca, Regi\u00e3o, Esporte, Cultura, Cotidiano, Colunas. Cobertura nos principais eventos da cidade \u00e9 aqui - Verdadeon Franca","potentialAction":[{"@type":"SearchAction","target":{"@type":"EntryPoint","urlTemplate":"https:\/\/verdadeon.com.br\/portal\/?s={search_term_string}"},"query-input":{"@type":"PropertyValueSpecification","valueRequired":true,"valueName":"search_term_string"}}],"inLanguage":"pt-BR"},{"@type":"Person","@id":"https:\/\/verdadeon.com.br\/portal\/#\/schema\/person\/a5060ad1e9ea3df545188fc93ce43d2f","name":"Redacao VerdadeOn","image":{"@type":"ImageObject","inLanguage":"pt-BR","@id":"https:\/\/verdadeon.com.br\/portal\/#\/schema\/person\/image\/","url":"https:\/\/secure.gravatar.com\/avatar\/459a9613caaaf07f582c3d0841eea68bdd66f533e465e6ba8b9cb45619572cf4?s=96&d=mm&r=g","contentUrl":"https:\/\/secure.gravatar.com\/avatar\/459a9613caaaf07f582c3d0841eea68bdd66f533e465e6ba8b9cb45619572cf4?s=96&d=mm&r=g","caption":"Redacao VerdadeOn"},"url":"https:\/\/verdadeon.com.br\/portal\/author\/redacao\/"}]}},"jetpack_publicize_connections":[],"jetpack_featured_media_url":"https:\/\/i0.wp.com\/verdadeon.com.br\/portal\/wp-content\/uploads\/2022\/04\/adorable-little-boy-with-bunny-ears-hiding-scaled-e1677597137315.jpg?fit=2060%2C1382&ssl=1","jetpack_sharing_enabled":true,"_links":{"self":[{"href":"https:\/\/verdadeon.com.br\/portal\/wp-json\/wp\/v2\/posts\/32086","targetHints":{"allow":["GET"]}}],"collection":[{"href":"https:\/\/verdadeon.com.br\/portal\/wp-json\/wp\/v2\/posts"}],"about":[{"href":"https:\/\/verdadeon.com.br\/portal\/wp-json\/wp\/v2\/types\/post"}],"author":[{"embeddable":true,"href":"https:\/\/verdadeon.com.br\/portal\/wp-json\/wp\/v2\/users\/10"}],"replies":[{"embeddable":true,"href":"https:\/\/verdadeon.com.br\/portal\/wp-json\/wp\/v2\/comments?post=32086"}],"version-history":[{"count":2,"href":"https:\/\/verdadeon.com.br\/portal\/wp-json\/wp\/v2\/posts\/32086\/revisions"}],"predecessor-version":[{"id":32092,"href":"https:\/\/verdadeon.com.br\/portal\/wp-json\/wp\/v2\/posts\/32086\/revisions\/32092"}],"wp:featuredmedia":[{"embeddable":true,"href":"https:\/\/verdadeon.com.br\/portal\/wp-json\/wp\/v2\/media\/24458"}],"wp:attachment":[{"href":"https:\/\/verdadeon.com.br\/portal\/wp-json\/wp\/v2\/media?parent=32086"}],"wp:term":[{"taxonomy":"category","embeddable":true,"href":"https:\/\/verdadeon.com.br\/portal\/wp-json\/wp\/v2\/categories?post=32086"},{"taxonomy":"post_tag","embeddable":true,"href":"https:\/\/verdadeon.com.br\/portal\/wp-json\/wp\/v2\/tags?post=32086"}],"curies":[{"name":"wp","href":"https:\/\/api.w.org\/{rel}","templated":true}]}}