{"id":32084,"date":"2023-02-28T13:00:17","date_gmt":"2023-02-28T16:00:17","guid":{"rendered":"https:\/\/verdadeon.com.br\/portal\/?p=32084"},"modified":"2023-02-28T12:21:28","modified_gmt":"2023-02-28T15:21:28","slug":"prefeitura-de-franca-tem-mais-de-r130-milhoes-para-receber-da-divida-ativa","status":"publish","type":"post","link":"https:\/\/verdadeon.com.br\/portal\/2023\/02\/28\/prefeitura-de-franca-tem-mais-de-r130-milhoes-para-receber-da-divida-ativa\/","title":{"rendered":"Prefeitura de Franca tem mais de R$130 milh\u00f5es para receber da D\u00edvida Ativa"},"content":{"rendered":"<h2>Dados foram levantados pela Procuradoria da Fazenda Municipal de Franca<\/h2>\n<div>Um levantamento da Procuradoria da Fazenda Municipal de Franca aponta que o munic\u00edpio tem cerca de R$ 130 milh\u00f5es a receber de contribuintes, que deixaram de pagar os impostos municipais, outras taxas e servi\u00e7os prestados pelo munic\u00edpio e, por isso, foram inscritos em D\u00edvida Ativa. Segundo o levantamento, s\u00e3o mais de 50 mil im\u00f3veis que se encontram nesta situa\u00e7\u00e3o.<\/div>\n<div>Na edi\u00e7\u00e3o do \u00faltimo s\u00e1bado, 25, do Di\u00e1rio Oficial do Munic\u00edpio, foi publicada uma ampla rela\u00e7\u00e3o de cadastros, contendo os valores devidos de contribuintes, que tiveram seus d\u00e9bitos de IPTU inscritos em D\u00edvida Ativa, referentes ao exerc\u00edcio de 2.022. A publica\u00e7\u00e3o poder\u00e1 ser consultada pelo site da Prefeitura, no link <a href=\"https:\/\/www.franca.sp.gov.br\/arquivos\/diario-oficial\/documentos\/2230-25022023.pdf\" target=\"_blank\" rel=\"noopener\" data-saferedirecturl=\"https:\/\/www.google.com\/url?q=https:\/\/www.franca.sp.gov.br\/arquivos\/diario-oficial\/documentos\/2230-25022023.pdf&amp;source=gmail&amp;ust=1677680274310000&amp;usg=AOvVaw0AQAOpGbM-NHLTRjJIJFXk\">https:\/\/www.franca.sp.gov.br\/<wbr \/>arquivos\/diario-oficial\/<wbr \/>documentos\/2230-25022023.pdf<\/a>\u00a0, a partir da p\u00e1gina 19.<\/div>\n<div>Ronaldo Xisto de P\u00e1dua Aylon, subprocurador Geral da Fazenda Municipal da Prefeitura, explicou que a inscri\u00e7\u00e3o em D\u00edvida Ativa \u00e9 um procedimento formal da administra\u00e7\u00e3o p\u00fablica, em que se verifica a legalidade, a certeza e a liquidez do cr\u00e9dito. A atividade fiscal \u00e9 de vital import\u00e2ncia para que o Poder P\u00fablico possa obter recursos financeiros, permitindo a realiza\u00e7\u00e3o de pol\u00edticas p\u00fablicas essenciais para a sociedade, como a presta\u00e7\u00e3o e manuten\u00e7\u00e3o dos servi\u00e7os p\u00fablicos de sa\u00fade, educa\u00e7\u00e3o, seguran\u00e7a. &#8220;\u00c9 necess\u00e1rio que o contribuinte que se encontra inadimplente, possa se valer dos servi\u00e7os prestados pelo Setor de D\u00edvida Ativa do Munic\u00edpio de Franca para regularizar a sua situa\u00e7\u00e3o\u201d, disse Ronaldo Aylon.<\/div>\n<div>Segundo ele, as d\u00edvidas s\u00e3o de natureza tribut\u00e1ria, oriundas de impostos, como IPTU, ISS, Contribui\u00e7\u00e3o de Melhorias, ITBI (Imposto sobre Transmiss\u00e3o de Bens Im\u00f3veis), taxas municipais como a Taxa de Licen\u00e7a e Funcionamento de um estabelecimento comercial e multas a eles vinculadas ou de natureza n\u00e3o tribut\u00e1ria, compostas por todos os demais d\u00e9bitos, como, por exemplo, as multas de tr\u00e2nsito, as indeniza\u00e7\u00f5es, as restitui\u00e7\u00f5es, dentre outras.<\/div>\n<div>Para resolver essas pend\u00eancias com a Prefeitura, o contribuinte pode efetuar o pagamento \u00e0 vista ou aproveitar o parcelamento oferecido pelo munic\u00edpio, que pode chegar a at\u00e9 60 meses, desde que o valor da parcela m\u00ednima seja igual ou superior a 1 UFMF (Unidade Fiscal do Munic\u00edpio) para a Pessoa F\u00edsica ou de 10 UFMF para a Pessoa Jur\u00eddica. O valor unit\u00e1rio da UFMF neste ano \u00e9 de R$ 76,61.<\/div>\n<div>O atendimento para a negocia\u00e7\u00e3o de D\u00edvida Ativa pode ser \u00e0 dist\u00e2ncia ou presencial. O contribuinte que optar pela primeira op\u00e7\u00e3o, poder\u00e1 enviar sua solicita\u00e7\u00e3o para o e-mail\u00a0<a href=\"mailto:divida@franca.sp.gov.br\" target=\"_blank\" rel=\"noopener\">divida@franca.sp.gov.br<\/a>, onde todo o procedimento ser\u00e1 iniciado e finalizado pelo endere\u00e7o eletr\u00f4nico.\u00a0J\u00e1 o presencial \u00e9 prestado no Setor de Atendimento da D\u00edvida Ativa, que funciona na Central de Atendimento do Pr\u00e9dio da Prefeitura, de segunda a sexta-feira, no hor\u00e1rio das 08h30 \u00e0s 16h, onde o interessado dever\u00e1 apresentar um documento, com foto que contenha o CPF.<\/div>\n<div>Outra op\u00e7\u00e3o \u00e9 acessar o site da Prefeitura,\u00a0<a href=\"http:\/\/www.franca.sp.gov.br\/\" target=\"_blank\" rel=\"noopener\" data-saferedirecturl=\"https:\/\/www.google.com\/url?q=http:\/\/www.franca.sp.gov.br&amp;source=gmail&amp;ust=1677680274310000&amp;usg=AOvVaw2vmwB2BJ1A8sqGi-5Lltlv\">www.franca.sp.gov.br<\/a>, no \u00edcone \u201cServi\u00e7os \u2013 D\u00edvida Ativa \u2013 Informa\u00e7\u00f5es Gerais\u201d, onde o contribuinte poder\u00e1 emitir guias para o pagamento \u00e0 vista ou parcelado.<\/div>\n<div>Mais informa\u00e7\u00f5es poder\u00e3o ser obtidas pelos telefones (16) 3711-9057; 3711-9118; 3711-9580; 3711-9169; 3711-9051 e 3711-9040.<\/div>\n","protected":false},"excerpt":{"rendered":"<p>Dados foram levantados pela Procuradoria da Fazenda Municipal de Franca Um levantamento da Procuradoria da Fazenda Municipal de Franca aponta que o munic\u00edpio tem cerca de<span class=\"excerpt-hellip\"> [\u2026]<\/span><\/p>\n","protected":false},"author":10,"featured_media":30747,"comment_status":"open","ping_status":"open","sticky":false,"template":"","format":"standard","meta":{"_jetpack_memberships_contains_paid_content":false,"footnotes":"","jetpack_publicize_message":"","jetpack_publicize_feature_enabled":true,"jetpack_social_post_already_shared":false,"jetpack_social_options":{"image_generator_settings":{"template":"highway","default_image_id":0,"enabled":false},"version":2}},"categories":[28,44],"tags":[],"class_list":["post-32084","post","type-post","status-publish","format-standard","has-post-thumbnail","hentry","category-cotidiano","category-noticias"],"yoast_head":"<!-- This site is optimized with the Yoast SEO plugin v25.6 - https:\/\/yoast.com\/wordpress\/plugins\/seo\/ -->\n<title>Prefeitura de Franca tem mais de R$130 milh\u00f5es para receber da D\u00edvida Ativa - VerdadeOn<\/title>\n<meta name=\"robots\" content=\"index, follow, max-snippet:-1, max-image-preview:large, max-video-preview:-1\" \/>\n<link rel=\"canonical\" href=\"https:\/\/verdadeon.com.br\/portal\/2023\/02\/28\/prefeitura-de-franca-tem-mais-de-r130-milhoes-para-receber-da-divida-ativa\/\" \/>\n<meta property=\"og:locale\" content=\"pt_BR\" \/>\n<meta property=\"og:type\" content=\"article\" \/>\n<meta property=\"og:title\" content=\"Prefeitura de Franca tem mais de R$130 milh\u00f5es para receber da D\u00edvida Ativa - VerdadeOn\" \/>\n<meta property=\"og:description\" content=\"Dados foram levantados pela Procuradoria da Fazenda Municipal de Franca Um levantamento da Procuradoria da Fazenda Municipal de Franca aponta que o munic\u00edpio tem cerca de [\u2026]\" \/>\n<meta property=\"og:url\" content=\"https:\/\/verdadeon.com.br\/portal\/2023\/02\/28\/prefeitura-de-franca-tem-mais-de-r130-milhoes-para-receber-da-divida-ativa\/\" \/>\n<meta property=\"og:site_name\" content=\"VerdadeOn\" \/>\n<meta property=\"article:published_time\" content=\"2023-02-28T16:00:17+00:00\" \/>\n<meta property=\"og:image\" content=\"https:\/\/verdadeon.com.br\/portal\/wp-content\/uploads\/2022\/12\/WhatsApp-Image-2022-12-27-at-11.24.48.jpeg\" \/>\n\t<meta property=\"og:image:width\" content=\"1280\" \/>\n\t<meta property=\"og:image:height\" content=\"854\" \/>\n\t<meta property=\"og:image:type\" content=\"image\/jpeg\" \/>\n<meta name=\"author\" content=\"Redacao VerdadeOn\" \/>\n<meta name=\"twitter:card\" content=\"summary_large_image\" \/>\n<meta name=\"twitter:label1\" content=\"Escrito por\" \/>\n\t<meta name=\"twitter:data1\" content=\"Redacao VerdadeOn\" \/>\n\t<meta name=\"twitter:label2\" content=\"Est. tempo de leitura\" \/>\n\t<meta name=\"twitter:data2\" content=\"3 minutos\" \/>\n<script type=\"application\/ld+json\" class=\"yoast-schema-graph\">{\"@context\":\"https:\/\/schema.org\",\"@graph\":[{\"@type\":\"WebPage\",\"@id\":\"https:\/\/verdadeon.com.br\/portal\/2023\/02\/28\/prefeitura-de-franca-tem-mais-de-r130-milhoes-para-receber-da-divida-ativa\/\",\"url\":\"https:\/\/verdadeon.com.br\/portal\/2023\/02\/28\/prefeitura-de-franca-tem-mais-de-r130-milhoes-para-receber-da-divida-ativa\/\",\"name\":\"Prefeitura de Franca tem mais de R$130 milh\u00f5es para receber da D\u00edvida Ativa - VerdadeOn\",\"isPartOf\":{\"@id\":\"https:\/\/verdadeon.com.br\/portal\/#website\"},\"primaryImageOfPage\":{\"@id\":\"https:\/\/verdadeon.com.br\/portal\/2023\/02\/28\/prefeitura-de-franca-tem-mais-de-r130-milhoes-para-receber-da-divida-ativa\/#primaryimage\"},\"image\":{\"@id\":\"https:\/\/verdadeon.com.br\/portal\/2023\/02\/28\/prefeitura-de-franca-tem-mais-de-r130-milhoes-para-receber-da-divida-ativa\/#primaryimage\"},\"thumbnailUrl\":\"https:\/\/i0.wp.com\/verdadeon.com.br\/portal\/wp-content\/uploads\/2022\/12\/WhatsApp-Image-2022-12-27-at-11.24.48.jpeg?fit=1280%2C854&ssl=1\",\"datePublished\":\"2023-02-28T16:00:17+00:00\",\"author\":{\"@id\":\"https:\/\/verdadeon.com.br\/portal\/#\/schema\/person\/a5060ad1e9ea3df545188fc93ce43d2f\"},\"breadcrumb\":{\"@id\":\"https:\/\/verdadeon.com.br\/portal\/2023\/02\/28\/prefeitura-de-franca-tem-mais-de-r130-milhoes-para-receber-da-divida-ativa\/#breadcrumb\"},\"inLanguage\":\"pt-BR\",\"potentialAction\":[{\"@type\":\"ReadAction\",\"target\":[\"https:\/\/verdadeon.com.br\/portal\/2023\/02\/28\/prefeitura-de-franca-tem-mais-de-r130-milhoes-para-receber-da-divida-ativa\/\"]}]},{\"@type\":\"ImageObject\",\"inLanguage\":\"pt-BR\",\"@id\":\"https:\/\/verdadeon.com.br\/portal\/2023\/02\/28\/prefeitura-de-franca-tem-mais-de-r130-milhoes-para-receber-da-divida-ativa\/#primaryimage\",\"url\":\"https:\/\/i0.wp.com\/verdadeon.com.br\/portal\/wp-content\/uploads\/2022\/12\/WhatsApp-Image-2022-12-27-at-11.24.48.jpeg?fit=1280%2C854&ssl=1\",\"contentUrl\":\"https:\/\/i0.wp.com\/verdadeon.com.br\/portal\/wp-content\/uploads\/2022\/12\/WhatsApp-Image-2022-12-27-at-11.24.48.jpeg?fit=1280%2C854&ssl=1\",\"width\":1280,\"height\":854,\"caption\":\"9.990 pessoas se inscreveram para os processos seletivos (\u00a9Divulga\u00e7\u00e3o)\"},{\"@type\":\"BreadcrumbList\",\"@id\":\"https:\/\/verdadeon.com.br\/portal\/2023\/02\/28\/prefeitura-de-franca-tem-mais-de-r130-milhoes-para-receber-da-divida-ativa\/#breadcrumb\",\"itemListElement\":[{\"@type\":\"ListItem\",\"position\":1,\"name\":\"In\u00edcio\",\"item\":\"https:\/\/verdadeon.com.br\/portal\/\"},{\"@type\":\"ListItem\",\"position\":2,\"name\":\"Prefeitura de Franca tem mais de R$130 milh\u00f5es para receber da D\u00edvida Ativa\"}]},{\"@type\":\"WebSite\",\"@id\":\"https:\/\/verdadeon.com.br\/portal\/#website\",\"url\":\"https:\/\/verdadeon.com.br\/portal\/\",\"name\":\"VerdadeOn\",\"description\":\"Not\u00edcias di\u00e1rias sobre Franca, Regi\u00e3o, Esporte, Cultura, Cotidiano, Colunas. Cobertura nos principais eventos da cidade \u00e9 aqui - Verdadeon Franca\",\"potentialAction\":[{\"@type\":\"SearchAction\",\"target\":{\"@type\":\"EntryPoint\",\"urlTemplate\":\"https:\/\/verdadeon.com.br\/portal\/?s={search_term_string}\"},\"query-input\":{\"@type\":\"PropertyValueSpecification\",\"valueRequired\":true,\"valueName\":\"search_term_string\"}}],\"inLanguage\":\"pt-BR\"},{\"@type\":\"Person\",\"@id\":\"https:\/\/verdadeon.com.br\/portal\/#\/schema\/person\/a5060ad1e9ea3df545188fc93ce43d2f\",\"name\":\"Redacao VerdadeOn\",\"image\":{\"@type\":\"ImageObject\",\"inLanguage\":\"pt-BR\",\"@id\":\"https:\/\/verdadeon.com.br\/portal\/#\/schema\/person\/image\/\",\"url\":\"https:\/\/secure.gravatar.com\/avatar\/459a9613caaaf07f582c3d0841eea68bdd66f533e465e6ba8b9cb45619572cf4?s=96&d=mm&r=g\",\"contentUrl\":\"https:\/\/secure.gravatar.com\/avatar\/459a9613caaaf07f582c3d0841eea68bdd66f533e465e6ba8b9cb45619572cf4?s=96&d=mm&r=g\",\"caption\":\"Redacao VerdadeOn\"},\"url\":\"https:\/\/verdadeon.com.br\/portal\/author\/redacao\/\"}]}<\/script>\n<!-- \/ Yoast SEO plugin. -->","yoast_head_json":{"title":"Prefeitura de Franca tem mais de R$130 milh\u00f5es para receber da D\u00edvida Ativa - VerdadeOn","robots":{"index":"index","follow":"follow","max-snippet":"max-snippet:-1","max-image-preview":"max-image-preview:large","max-video-preview":"max-video-preview:-1"},"canonical":"https:\/\/verdadeon.com.br\/portal\/2023\/02\/28\/prefeitura-de-franca-tem-mais-de-r130-milhoes-para-receber-da-divida-ativa\/","og_locale":"pt_BR","og_type":"article","og_title":"Prefeitura de Franca tem mais de R$130 milh\u00f5es para receber da D\u00edvida Ativa - VerdadeOn","og_description":"Dados foram levantados pela Procuradoria da Fazenda Municipal de Franca Um levantamento da Procuradoria da Fazenda Municipal de Franca aponta que o munic\u00edpio tem cerca de [\u2026]","og_url":"https:\/\/verdadeon.com.br\/portal\/2023\/02\/28\/prefeitura-de-franca-tem-mais-de-r130-milhoes-para-receber-da-divida-ativa\/","og_site_name":"VerdadeOn","article_published_time":"2023-02-28T16:00:17+00:00","og_image":[{"width":1280,"height":854,"url":"https:\/\/verdadeon.com.br\/portal\/wp-content\/uploads\/2022\/12\/WhatsApp-Image-2022-12-27-at-11.24.48.jpeg","type":"image\/jpeg"}],"author":"Redacao VerdadeOn","twitter_card":"summary_large_image","twitter_misc":{"Escrito por":"Redacao VerdadeOn","Est. tempo de leitura":"3 minutos"},"schema":{"@context":"https:\/\/schema.org","@graph":[{"@type":"WebPage","@id":"https:\/\/verdadeon.com.br\/portal\/2023\/02\/28\/prefeitura-de-franca-tem-mais-de-r130-milhoes-para-receber-da-divida-ativa\/","url":"https:\/\/verdadeon.com.br\/portal\/2023\/02\/28\/prefeitura-de-franca-tem-mais-de-r130-milhoes-para-receber-da-divida-ativa\/","name":"Prefeitura de Franca tem mais de R$130 milh\u00f5es para receber da D\u00edvida Ativa - VerdadeOn","isPartOf":{"@id":"https:\/\/verdadeon.com.br\/portal\/#website"},"primaryImageOfPage":{"@id":"https:\/\/verdadeon.com.br\/portal\/2023\/02\/28\/prefeitura-de-franca-tem-mais-de-r130-milhoes-para-receber-da-divida-ativa\/#primaryimage"},"image":{"@id":"https:\/\/verdadeon.com.br\/portal\/2023\/02\/28\/prefeitura-de-franca-tem-mais-de-r130-milhoes-para-receber-da-divida-ativa\/#primaryimage"},"thumbnailUrl":"https:\/\/i0.wp.com\/verdadeon.com.br\/portal\/wp-content\/uploads\/2022\/12\/WhatsApp-Image-2022-12-27-at-11.24.48.jpeg?fit=1280%2C854&ssl=1","datePublished":"2023-02-28T16:00:17+00:00","author":{"@id":"https:\/\/verdadeon.com.br\/portal\/#\/schema\/person\/a5060ad1e9ea3df545188fc93ce43d2f"},"breadcrumb":{"@id":"https:\/\/verdadeon.com.br\/portal\/2023\/02\/28\/prefeitura-de-franca-tem-mais-de-r130-milhoes-para-receber-da-divida-ativa\/#breadcrumb"},"inLanguage":"pt-BR","potentialAction":[{"@type":"ReadAction","target":["https:\/\/verdadeon.com.br\/portal\/2023\/02\/28\/prefeitura-de-franca-tem-mais-de-r130-milhoes-para-receber-da-divida-ativa\/"]}]},{"@type":"ImageObject","inLanguage":"pt-BR","@id":"https:\/\/verdadeon.com.br\/portal\/2023\/02\/28\/prefeitura-de-franca-tem-mais-de-r130-milhoes-para-receber-da-divida-ativa\/#primaryimage","url":"https:\/\/i0.wp.com\/verdadeon.com.br\/portal\/wp-content\/uploads\/2022\/12\/WhatsApp-Image-2022-12-27-at-11.24.48.jpeg?fit=1280%2C854&ssl=1","contentUrl":"https:\/\/i0.wp.com\/verdadeon.com.br\/portal\/wp-content\/uploads\/2022\/12\/WhatsApp-Image-2022-12-27-at-11.24.48.jpeg?fit=1280%2C854&ssl=1","width":1280,"height":854,"caption":"9.990 pessoas se inscreveram para os processos seletivos (\u00a9Divulga\u00e7\u00e3o)"},{"@type":"BreadcrumbList","@id":"https:\/\/verdadeon.com.br\/portal\/2023\/02\/28\/prefeitura-de-franca-tem-mais-de-r130-milhoes-para-receber-da-divida-ativa\/#breadcrumb","itemListElement":[{"@type":"ListItem","position":1,"name":"In\u00edcio","item":"https:\/\/verdadeon.com.br\/portal\/"},{"@type":"ListItem","position":2,"name":"Prefeitura de Franca tem mais de R$130 milh\u00f5es para receber da D\u00edvida Ativa"}]},{"@type":"WebSite","@id":"https:\/\/verdadeon.com.br\/portal\/#website","url":"https:\/\/verdadeon.com.br\/portal\/","name":"VerdadeOn","description":"Not\u00edcias di\u00e1rias sobre Franca, Regi\u00e3o, Esporte, Cultura, Cotidiano, Colunas. Cobertura nos principais eventos da cidade \u00e9 aqui - Verdadeon Franca","potentialAction":[{"@type":"SearchAction","target":{"@type":"EntryPoint","urlTemplate":"https:\/\/verdadeon.com.br\/portal\/?s={search_term_string}"},"query-input":{"@type":"PropertyValueSpecification","valueRequired":true,"valueName":"search_term_string"}}],"inLanguage":"pt-BR"},{"@type":"Person","@id":"https:\/\/verdadeon.com.br\/portal\/#\/schema\/person\/a5060ad1e9ea3df545188fc93ce43d2f","name":"Redacao VerdadeOn","image":{"@type":"ImageObject","inLanguage":"pt-BR","@id":"https:\/\/verdadeon.com.br\/portal\/#\/schema\/person\/image\/","url":"https:\/\/secure.gravatar.com\/avatar\/459a9613caaaf07f582c3d0841eea68bdd66f533e465e6ba8b9cb45619572cf4?s=96&d=mm&r=g","contentUrl":"https:\/\/secure.gravatar.com\/avatar\/459a9613caaaf07f582c3d0841eea68bdd66f533e465e6ba8b9cb45619572cf4?s=96&d=mm&r=g","caption":"Redacao VerdadeOn"},"url":"https:\/\/verdadeon.com.br\/portal\/author\/redacao\/"}]}},"jetpack_publicize_connections":[],"jetpack_featured_media_url":"https:\/\/i0.wp.com\/verdadeon.com.br\/portal\/wp-content\/uploads\/2022\/12\/WhatsApp-Image-2022-12-27-at-11.24.48.jpeg?fit=1280%2C854&ssl=1","jetpack_sharing_enabled":true,"_links":{"self":[{"href":"https:\/\/verdadeon.com.br\/portal\/wp-json\/wp\/v2\/posts\/32084","targetHints":{"allow":["GET"]}}],"collection":[{"href":"https:\/\/verdadeon.com.br\/portal\/wp-json\/wp\/v2\/posts"}],"about":[{"href":"https:\/\/verdadeon.com.br\/portal\/wp-json\/wp\/v2\/types\/post"}],"author":[{"embeddable":true,"href":"https:\/\/verdadeon.com.br\/portal\/wp-json\/wp\/v2\/users\/10"}],"replies":[{"embeddable":true,"href":"https:\/\/verdadeon.com.br\/portal\/wp-json\/wp\/v2\/comments?post=32084"}],"version-history":[{"count":1,"href":"https:\/\/verdadeon.com.br\/portal\/wp-json\/wp\/v2\/posts\/32084\/revisions"}],"predecessor-version":[{"id":32090,"href":"https:\/\/verdadeon.com.br\/portal\/wp-json\/wp\/v2\/posts\/32084\/revisions\/32090"}],"wp:featuredmedia":[{"embeddable":true,"href":"https:\/\/verdadeon.com.br\/portal\/wp-json\/wp\/v2\/media\/30747"}],"wp:attachment":[{"href":"https:\/\/verdadeon.com.br\/portal\/wp-json\/wp\/v2\/media?parent=32084"}],"wp:term":[{"taxonomy":"category","embeddable":true,"href":"https:\/\/verdadeon.com.br\/portal\/wp-json\/wp\/v2\/categories?post=32084"},{"taxonomy":"post_tag","embeddable":true,"href":"https:\/\/verdadeon.com.br\/portal\/wp-json\/wp\/v2\/tags?post=32084"}],"curies":[{"name":"wp","href":"https:\/\/api.w.org\/{rel}","templated":true}]}}