{"id":32058,"date":"2023-02-27T17:58:35","date_gmt":"2023-02-27T20:58:35","guid":{"rendered":"https:\/\/verdadeon.com.br\/portal\/?p=32058"},"modified":"2023-02-27T17:58:35","modified_gmt":"2023-02-27T20:58:35","slug":"instituto-do-cancer-reforca-campanha-contra-o-hpv-e-cancer-do-colo-do-utero","status":"publish","type":"post","link":"https:\/\/verdadeon.com.br\/portal\/2023\/02\/27\/instituto-do-cancer-reforca-campanha-contra-o-hpv-e-cancer-do-colo-do-utero\/","title":{"rendered":"Instituto do C\u00e2ncer refor\u00e7a campanha contra o HPV e c\u00e2ncer do colo do \u00fatero"},"content":{"rendered":"<h2>V\u00edrus est\u00e1 relacionado a 100% dos casos de c\u00e2ncer do colo do \u00fatero e pode ser prevenido<\/h2>\n<p>O Instituto do C\u00e2ncer do Estado de S\u00e3o Paulo (Icesp), unidade ligada ao Hospital das Cl\u00ednicas da Faculdade de Medicina da USP e \u00e0 Secretaria de Estado da Sa\u00fade de S\u00e3o Paulo, retoma a campanha contra o papilomav\u00edrus humano (HPV), com atividades que t\u00eam o intuito de levar informa\u00e7\u00f5es de forma din\u00e2mica e auxiliar na conscientiza\u00e7\u00e3o e preven\u00e7\u00e3o do v\u00edrus.<br \/>\nNa semana do Dia Internacional de Conscientiza\u00e7\u00e3o sobre o HPV, 4 de mar\u00e7o, o Instituto contar\u00e1 com uma programa\u00e7\u00e3o especial na sua p\u00e1gina do Instagram @institutodocancersp, com v\u00eddeos de perguntas da popula\u00e7\u00e3o a respeito do v\u00edrus, no modelo \u201cPovo Fala\u201d, que ser\u00e3o respondidas pela equipe do Centro de Investiga\u00e7\u00e3o Translacional em Oncologia (CTO) do Icesp.<br \/>\nJ\u00e1 no dia 3 de mar\u00e7o, das 10h \u00e0s 11h30, especialistas e colaboradores da institui\u00e7\u00e3o estar\u00e3o na esta\u00e7\u00e3o Cap\u00e3o Redondo, na Linha 5 \u2013 Lil\u00e1s do Metr\u00f4 de SP, na campanha \u201cUnidos pela conscientiza\u00e7\u00e3o sobre o HPV\u201d, que contar\u00e1 com plaquinhas estilizadas, m\u00e1scaras, banner interativo e distribui\u00e7\u00e3o de folhetos. A equipe estar\u00e1 dispon\u00edvel para responder d\u00favidas dos passageiros e disseminar informa\u00e7\u00f5es sobre o assunto.<br \/>\n\u201c\u00c9 nosso papel conscientizar as pessoas e abordar a import\u00e2ncia do autocuidado na preven\u00e7\u00e3o do v\u00edrus, que \u00e9 o causador da infec\u00e7\u00e3o sexualmente transmiss\u00edvel mais comum no mundo, atingindo n\u00e3o s\u00f3 mulheres, mas homens tamb\u00e9m\u201d, enfatiza a Profa. Dra. Luisa Lina Villa, chefe do Laborat\u00f3rio de Pesquisa e Inova\u00e7\u00e3o em C\u00e2ncer do Icesp.<\/p>\n<h4>O que \u00e9 o HPV?<\/h4>\n<p>O HPV \u00e9 um v\u00edrus que possui mais de 100 tipos, e que se instala na pele e em mucosas, sendo sua principal forma de transmiss\u00e3o por meio da rela\u00e7\u00e3o sexual. Mais raramente, pode acontecer tamb\u00e9m pelo contato com as m\u00e3os, objetos ou roupas de uso pessoal contaminados e de m\u00e3e para filho, durante o parto.<br \/>\nEle n\u00e3o s\u00f3 atinge mulheres, como tamb\u00e9m homens e crian\u00e7as de ambos os sexos, e pode causar diversas doen\u00e7as, como verrugas, al\u00e9m de tumores do colo do \u00fatero, vagina, \u00e2nus, boca e garganta, vulva e p\u00eanis.<br \/>\nPor isso, \u00e9 importante que mulheres consultem um ginecologista regularmente para realizar exames de rotina e principalmente o Papanicolau, a fim de fazer o rastreamento de les\u00f5es no colo do \u00fatero. Para os homens, por\u00e9m, ainda n\u00e3o existe rastreamento para os tumores causados por HPV.<br \/>\nDe acordo com a Profa. Dra. Luisa, n\u00e3o h\u00e1 um tratamento espec\u00edfico para a doen\u00e7a. \u201cNa maioria dos casos, as infec\u00e7\u00f5es s\u00e3o eliminadas espontaneamente pelo organismo, sem que se observe qualquer sinal ou les\u00e3o. Entretanto, alguns tipos de HPV podem causar verrugas genitais, e outros tipos, quando persistentes, podem causar o c\u00e2ncer\u201d, explica.<br \/>\nDentre os tumores causados pelo v\u00edrus, o do c\u00e2ncer do colo do \u00fatero est\u00e1 100% ligado a ele. Segundo o Instituto Nacional de C\u00e2ncer (Inca), este tumor \u00e9 o terceiro mais incidente entre as mulheres no Brasil. Em 2022, o Icesp atendeu cerca de 265 novos casos.<\/p>\n<h4>Preven\u00e7\u00e3o<\/h4>\n<p>O uso do preservativo \u00e9 uma barreira parcial na transmiss\u00e3o do HPV e \u00e9 sempre recomend\u00e1vel por ser muito eficaz na preven\u00e7\u00e3o de infec\u00e7\u00f5es sexualmente transmiss\u00edveis (IST), em todos os tipos de rela\u00e7\u00e3o. A boa higiene genital, das m\u00e3os e de objetos de uso \u00edntimo tamb\u00e9m pode minimizar o risco de contato com o v\u00edrus.<br \/>\nEntretanto, a melhor maneira de se prevenir contra o HPV continua sendo a vacina\u00e7\u00e3o. Desde 2014, o Programa Nacional de Imuniza\u00e7\u00f5es (PNI) disponibiliza, gratuitamente, a vacina quadrivalente, que protege contra quatro tipos diferentes de v\u00edrus, dentre os quais est\u00e3o os tipos 6 e 11, respons\u00e1veis por 90% das verrugas genitais, e 16 e 18, causadores de 70% dos c\u00e2nceres de colo do \u00fatero e uma propor\u00e7\u00e3o significativa dos tumores em outros locais do corpo.<br \/>\nAs vacinas s\u00e3o aplicadas em duas doses para meninos e meninas de 9 a 14 anos e, tamb\u00e9m, em tr\u00eas doses para homens e mulheres de 9 a 45 anos que vivem com doen\u00e7as, como HIV, l\u00fapus, pacientes com c\u00e2ncer em tratamento de radioterapia e quimioterapia, e pessoas transplantadas de \u00f3rg\u00e3os s\u00f3lidos e medula \u00f3ssea.<br \/>\nDe 2014 a 2022, a cobertura vacinal contra o HPV no Estado de S\u00e3o Paulo correspondeu a 78% da primeira dose e 59,6% da segunda dose em meninas. J\u00e1 de 2017 a 2022, foram registrados 58,4% da primeira dose e 39,2% da segunda dose em meninos. As taxas de cobertura podem ser menores dependendo da regi\u00e3o do pa\u00eds.<br \/>\n\u201cPara que a vacina seja 100% eficaz, ela deve ser administrada antes do in\u00edcio da atividade sexual, assim, permite que o v\u00edrus seja impedido de entrar no corpo. Al\u00e9m de que, uma pessoa mais nova possui um sistema imune mais potente, gerando anticorpos em grande quantidade e muito eficientes\u201d, finaliza a Profa. Dra. Luisa.<\/p>\n<p>Fonte: SP Not\u00edcias<\/p>\n","protected":false},"excerpt":{"rendered":"<p>V\u00edrus est\u00e1 relacionado a 100% dos casos de c\u00e2ncer do colo do \u00fatero e pode ser prevenido O Instituto do C\u00e2ncer do Estado de S\u00e3o Paulo<span class=\"excerpt-hellip\"> [\u2026]<\/span><\/p>\n","protected":false},"author":4,"featured_media":32069,"comment_status":"open","ping_status":"open","sticky":false,"template":"","format":"standard","meta":{"_jetpack_memberships_contains_paid_content":false,"footnotes":"","jetpack_publicize_message":"","jetpack_publicize_feature_enabled":true,"jetpack_social_post_already_shared":false,"jetpack_social_options":{"image_generator_settings":{"template":"highway","default_image_id":0,"enabled":false},"version":2}},"categories":[28,44],"tags":[],"class_list":["post-32058","post","type-post","status-publish","format-standard","has-post-thumbnail","hentry","category-cotidiano","category-noticias"],"yoast_head":"<!-- This site is optimized with the Yoast SEO plugin v25.6 - https:\/\/yoast.com\/wordpress\/plugins\/seo\/ -->\n<title>Instituto do C\u00e2ncer refor\u00e7a campanha contra o HPV e c\u00e2ncer do colo do \u00fatero - VerdadeOn<\/title>\n<meta name=\"robots\" content=\"index, follow, max-snippet:-1, max-image-preview:large, max-video-preview:-1\" \/>\n<link rel=\"canonical\" href=\"https:\/\/verdadeon.com.br\/portal\/2023\/02\/27\/instituto-do-cancer-reforca-campanha-contra-o-hpv-e-cancer-do-colo-do-utero\/\" \/>\n<meta property=\"og:locale\" content=\"pt_BR\" \/>\n<meta property=\"og:type\" content=\"article\" \/>\n<meta property=\"og:title\" content=\"Instituto do C\u00e2ncer refor\u00e7a campanha contra o HPV e c\u00e2ncer do colo do \u00fatero - VerdadeOn\" \/>\n<meta property=\"og:description\" content=\"V\u00edrus est\u00e1 relacionado a 100% dos casos de c\u00e2ncer do colo do \u00fatero e pode ser prevenido O Instituto do C\u00e2ncer do Estado de S\u00e3o Paulo [\u2026]\" \/>\n<meta property=\"og:url\" content=\"https:\/\/verdadeon.com.br\/portal\/2023\/02\/27\/instituto-do-cancer-reforca-campanha-contra-o-hpv-e-cancer-do-colo-do-utero\/\" \/>\n<meta property=\"og:site_name\" content=\"VerdadeOn\" \/>\n<meta property=\"article:published_time\" content=\"2023-02-27T20:58:35+00:00\" \/>\n<meta property=\"og:image\" content=\"https:\/\/verdadeon.com.br\/portal\/wp-content\/uploads\/2023\/02\/vacina-contra-hpv.jpg\" \/>\n\t<meta property=\"og:image:width\" content=\"1000\" \/>\n\t<meta property=\"og:image:height\" content=\"670\" \/>\n\t<meta property=\"og:image:type\" content=\"image\/jpeg\" \/>\n<meta name=\"author\" content=\"Fernando Calixto\" \/>\n<meta name=\"twitter:card\" content=\"summary_large_image\" \/>\n<meta name=\"twitter:label1\" content=\"Escrito por\" \/>\n\t<meta name=\"twitter:data1\" content=\"Fernando Calixto\" \/>\n\t<meta name=\"twitter:label2\" content=\"Est. tempo de leitura\" \/>\n\t<meta name=\"twitter:data2\" content=\"4 minutos\" \/>\n<script type=\"application\/ld+json\" class=\"yoast-schema-graph\">{\"@context\":\"https:\/\/schema.org\",\"@graph\":[{\"@type\":\"WebPage\",\"@id\":\"https:\/\/verdadeon.com.br\/portal\/2023\/02\/27\/instituto-do-cancer-reforca-campanha-contra-o-hpv-e-cancer-do-colo-do-utero\/\",\"url\":\"https:\/\/verdadeon.com.br\/portal\/2023\/02\/27\/instituto-do-cancer-reforca-campanha-contra-o-hpv-e-cancer-do-colo-do-utero\/\",\"name\":\"Instituto do C\u00e2ncer refor\u00e7a campanha contra o HPV e c\u00e2ncer do colo do \u00fatero - VerdadeOn\",\"isPartOf\":{\"@id\":\"https:\/\/verdadeon.com.br\/portal\/#website\"},\"primaryImageOfPage\":{\"@id\":\"https:\/\/verdadeon.com.br\/portal\/2023\/02\/27\/instituto-do-cancer-reforca-campanha-contra-o-hpv-e-cancer-do-colo-do-utero\/#primaryimage\"},\"image\":{\"@id\":\"https:\/\/verdadeon.com.br\/portal\/2023\/02\/27\/instituto-do-cancer-reforca-campanha-contra-o-hpv-e-cancer-do-colo-do-utero\/#primaryimage\"},\"thumbnailUrl\":\"https:\/\/i0.wp.com\/verdadeon.com.br\/portal\/wp-content\/uploads\/2023\/02\/vacina-contra-hpv.jpg?fit=1000%2C670&ssl=1\",\"datePublished\":\"2023-02-27T20:58:35+00:00\",\"author\":{\"@id\":\"https:\/\/verdadeon.com.br\/portal\/#\/schema\/person\/8994718f49ee62ba5610471e29ca1f62\"},\"breadcrumb\":{\"@id\":\"https:\/\/verdadeon.com.br\/portal\/2023\/02\/27\/instituto-do-cancer-reforca-campanha-contra-o-hpv-e-cancer-do-colo-do-utero\/#breadcrumb\"},\"inLanguage\":\"pt-BR\",\"potentialAction\":[{\"@type\":\"ReadAction\",\"target\":[\"https:\/\/verdadeon.com.br\/portal\/2023\/02\/27\/instituto-do-cancer-reforca-campanha-contra-o-hpv-e-cancer-do-colo-do-utero\/\"]}]},{\"@type\":\"ImageObject\",\"inLanguage\":\"pt-BR\",\"@id\":\"https:\/\/verdadeon.com.br\/portal\/2023\/02\/27\/instituto-do-cancer-reforca-campanha-contra-o-hpv-e-cancer-do-colo-do-utero\/#primaryimage\",\"url\":\"https:\/\/i0.wp.com\/verdadeon.com.br\/portal\/wp-content\/uploads\/2023\/02\/vacina-contra-hpv.jpg?fit=1000%2C670&ssl=1\",\"contentUrl\":\"https:\/\/i0.wp.com\/verdadeon.com.br\/portal\/wp-content\/uploads\/2023\/02\/vacina-contra-hpv.jpg?fit=1000%2C670&ssl=1\",\"width\":1000,\"height\":670,\"caption\":\"A vacina\u00e7\u00e3o \u00e9 a forma mais eficaz no combate ao papilomav\u00edrus humano (HPV)\"},{\"@type\":\"BreadcrumbList\",\"@id\":\"https:\/\/verdadeon.com.br\/portal\/2023\/02\/27\/instituto-do-cancer-reforca-campanha-contra-o-hpv-e-cancer-do-colo-do-utero\/#breadcrumb\",\"itemListElement\":[{\"@type\":\"ListItem\",\"position\":1,\"name\":\"In\u00edcio\",\"item\":\"https:\/\/verdadeon.com.br\/portal\/\"},{\"@type\":\"ListItem\",\"position\":2,\"name\":\"Instituto do C\u00e2ncer refor\u00e7a campanha contra o HPV e c\u00e2ncer do colo do \u00fatero\"}]},{\"@type\":\"WebSite\",\"@id\":\"https:\/\/verdadeon.com.br\/portal\/#website\",\"url\":\"https:\/\/verdadeon.com.br\/portal\/\",\"name\":\"VerdadeOn\",\"description\":\"Not\u00edcias di\u00e1rias sobre Franca, Regi\u00e3o, Esporte, Cultura, Cotidiano, Colunas. Cobertura nos principais eventos da cidade \u00e9 aqui - Verdadeon Franca\",\"potentialAction\":[{\"@type\":\"SearchAction\",\"target\":{\"@type\":\"EntryPoint\",\"urlTemplate\":\"https:\/\/verdadeon.com.br\/portal\/?s={search_term_string}\"},\"query-input\":{\"@type\":\"PropertyValueSpecification\",\"valueRequired\":true,\"valueName\":\"search_term_string\"}}],\"inLanguage\":\"pt-BR\"},{\"@type\":\"Person\",\"@id\":\"https:\/\/verdadeon.com.br\/portal\/#\/schema\/person\/8994718f49ee62ba5610471e29ca1f62\",\"name\":\"Fernando Calixto\",\"image\":{\"@type\":\"ImageObject\",\"inLanguage\":\"pt-BR\",\"@id\":\"https:\/\/verdadeon.com.br\/portal\/#\/schema\/person\/image\/\",\"url\":\"https:\/\/secure.gravatar.com\/avatar\/7578910c24966c0316c340f9dbd601e93ee9f9212e1033968b367af9306bd9fb?s=96&d=mm&r=g\",\"contentUrl\":\"https:\/\/secure.gravatar.com\/avatar\/7578910c24966c0316c340f9dbd601e93ee9f9212e1033968b367af9306bd9fb?s=96&d=mm&r=g\",\"caption\":\"Fernando Calixto\"},\"url\":\"https:\/\/verdadeon.com.br\/portal\/author\/fernando-calixto\/\"}]}<\/script>\n<!-- \/ Yoast SEO plugin. -->","yoast_head_json":{"title":"Instituto do C\u00e2ncer refor\u00e7a campanha contra o HPV e c\u00e2ncer do colo do \u00fatero - VerdadeOn","robots":{"index":"index","follow":"follow","max-snippet":"max-snippet:-1","max-image-preview":"max-image-preview:large","max-video-preview":"max-video-preview:-1"},"canonical":"https:\/\/verdadeon.com.br\/portal\/2023\/02\/27\/instituto-do-cancer-reforca-campanha-contra-o-hpv-e-cancer-do-colo-do-utero\/","og_locale":"pt_BR","og_type":"article","og_title":"Instituto do C\u00e2ncer refor\u00e7a campanha contra o HPV e c\u00e2ncer do colo do \u00fatero - VerdadeOn","og_description":"V\u00edrus est\u00e1 relacionado a 100% dos casos de c\u00e2ncer do colo do \u00fatero e pode ser prevenido O Instituto do C\u00e2ncer do Estado de S\u00e3o Paulo [\u2026]","og_url":"https:\/\/verdadeon.com.br\/portal\/2023\/02\/27\/instituto-do-cancer-reforca-campanha-contra-o-hpv-e-cancer-do-colo-do-utero\/","og_site_name":"VerdadeOn","article_published_time":"2023-02-27T20:58:35+00:00","og_image":[{"width":1000,"height":670,"url":"https:\/\/verdadeon.com.br\/portal\/wp-content\/uploads\/2023\/02\/vacina-contra-hpv.jpg","type":"image\/jpeg"}],"author":"Fernando Calixto","twitter_card":"summary_large_image","twitter_misc":{"Escrito por":"Fernando Calixto","Est. tempo de leitura":"4 minutos"},"schema":{"@context":"https:\/\/schema.org","@graph":[{"@type":"WebPage","@id":"https:\/\/verdadeon.com.br\/portal\/2023\/02\/27\/instituto-do-cancer-reforca-campanha-contra-o-hpv-e-cancer-do-colo-do-utero\/","url":"https:\/\/verdadeon.com.br\/portal\/2023\/02\/27\/instituto-do-cancer-reforca-campanha-contra-o-hpv-e-cancer-do-colo-do-utero\/","name":"Instituto do C\u00e2ncer refor\u00e7a campanha contra o HPV e c\u00e2ncer do colo do \u00fatero - VerdadeOn","isPartOf":{"@id":"https:\/\/verdadeon.com.br\/portal\/#website"},"primaryImageOfPage":{"@id":"https:\/\/verdadeon.com.br\/portal\/2023\/02\/27\/instituto-do-cancer-reforca-campanha-contra-o-hpv-e-cancer-do-colo-do-utero\/#primaryimage"},"image":{"@id":"https:\/\/verdadeon.com.br\/portal\/2023\/02\/27\/instituto-do-cancer-reforca-campanha-contra-o-hpv-e-cancer-do-colo-do-utero\/#primaryimage"},"thumbnailUrl":"https:\/\/i0.wp.com\/verdadeon.com.br\/portal\/wp-content\/uploads\/2023\/02\/vacina-contra-hpv.jpg?fit=1000%2C670&ssl=1","datePublished":"2023-02-27T20:58:35+00:00","author":{"@id":"https:\/\/verdadeon.com.br\/portal\/#\/schema\/person\/8994718f49ee62ba5610471e29ca1f62"},"breadcrumb":{"@id":"https:\/\/verdadeon.com.br\/portal\/2023\/02\/27\/instituto-do-cancer-reforca-campanha-contra-o-hpv-e-cancer-do-colo-do-utero\/#breadcrumb"},"inLanguage":"pt-BR","potentialAction":[{"@type":"ReadAction","target":["https:\/\/verdadeon.com.br\/portal\/2023\/02\/27\/instituto-do-cancer-reforca-campanha-contra-o-hpv-e-cancer-do-colo-do-utero\/"]}]},{"@type":"ImageObject","inLanguage":"pt-BR","@id":"https:\/\/verdadeon.com.br\/portal\/2023\/02\/27\/instituto-do-cancer-reforca-campanha-contra-o-hpv-e-cancer-do-colo-do-utero\/#primaryimage","url":"https:\/\/i0.wp.com\/verdadeon.com.br\/portal\/wp-content\/uploads\/2023\/02\/vacina-contra-hpv.jpg?fit=1000%2C670&ssl=1","contentUrl":"https:\/\/i0.wp.com\/verdadeon.com.br\/portal\/wp-content\/uploads\/2023\/02\/vacina-contra-hpv.jpg?fit=1000%2C670&ssl=1","width":1000,"height":670,"caption":"A vacina\u00e7\u00e3o \u00e9 a forma mais eficaz no combate ao papilomav\u00edrus humano (HPV)"},{"@type":"BreadcrumbList","@id":"https:\/\/verdadeon.com.br\/portal\/2023\/02\/27\/instituto-do-cancer-reforca-campanha-contra-o-hpv-e-cancer-do-colo-do-utero\/#breadcrumb","itemListElement":[{"@type":"ListItem","position":1,"name":"In\u00edcio","item":"https:\/\/verdadeon.com.br\/portal\/"},{"@type":"ListItem","position":2,"name":"Instituto do C\u00e2ncer refor\u00e7a campanha contra o HPV e c\u00e2ncer do colo do \u00fatero"}]},{"@type":"WebSite","@id":"https:\/\/verdadeon.com.br\/portal\/#website","url":"https:\/\/verdadeon.com.br\/portal\/","name":"VerdadeOn","description":"Not\u00edcias di\u00e1rias sobre Franca, Regi\u00e3o, Esporte, Cultura, Cotidiano, Colunas. Cobertura nos principais eventos da cidade \u00e9 aqui - Verdadeon Franca","potentialAction":[{"@type":"SearchAction","target":{"@type":"EntryPoint","urlTemplate":"https:\/\/verdadeon.com.br\/portal\/?s={search_term_string}"},"query-input":{"@type":"PropertyValueSpecification","valueRequired":true,"valueName":"search_term_string"}}],"inLanguage":"pt-BR"},{"@type":"Person","@id":"https:\/\/verdadeon.com.br\/portal\/#\/schema\/person\/8994718f49ee62ba5610471e29ca1f62","name":"Fernando Calixto","image":{"@type":"ImageObject","inLanguage":"pt-BR","@id":"https:\/\/verdadeon.com.br\/portal\/#\/schema\/person\/image\/","url":"https:\/\/secure.gravatar.com\/avatar\/7578910c24966c0316c340f9dbd601e93ee9f9212e1033968b367af9306bd9fb?s=96&d=mm&r=g","contentUrl":"https:\/\/secure.gravatar.com\/avatar\/7578910c24966c0316c340f9dbd601e93ee9f9212e1033968b367af9306bd9fb?s=96&d=mm&r=g","caption":"Fernando Calixto"},"url":"https:\/\/verdadeon.com.br\/portal\/author\/fernando-calixto\/"}]}},"jetpack_publicize_connections":[],"jetpack_featured_media_url":"https:\/\/i0.wp.com\/verdadeon.com.br\/portal\/wp-content\/uploads\/2023\/02\/vacina-contra-hpv.jpg?fit=1000%2C670&ssl=1","jetpack_sharing_enabled":true,"_links":{"self":[{"href":"https:\/\/verdadeon.com.br\/portal\/wp-json\/wp\/v2\/posts\/32058","targetHints":{"allow":["GET"]}}],"collection":[{"href":"https:\/\/verdadeon.com.br\/portal\/wp-json\/wp\/v2\/posts"}],"about":[{"href":"https:\/\/verdadeon.com.br\/portal\/wp-json\/wp\/v2\/types\/post"}],"author":[{"embeddable":true,"href":"https:\/\/verdadeon.com.br\/portal\/wp-json\/wp\/v2\/users\/4"}],"replies":[{"embeddable":true,"href":"https:\/\/verdadeon.com.br\/portal\/wp-json\/wp\/v2\/comments?post=32058"}],"version-history":[{"count":1,"href":"https:\/\/verdadeon.com.br\/portal\/wp-json\/wp\/v2\/posts\/32058\/revisions"}],"predecessor-version":[{"id":32070,"href":"https:\/\/verdadeon.com.br\/portal\/wp-json\/wp\/v2\/posts\/32058\/revisions\/32070"}],"wp:featuredmedia":[{"embeddable":true,"href":"https:\/\/verdadeon.com.br\/portal\/wp-json\/wp\/v2\/media\/32069"}],"wp:attachment":[{"href":"https:\/\/verdadeon.com.br\/portal\/wp-json\/wp\/v2\/media?parent=32058"}],"wp:term":[{"taxonomy":"category","embeddable":true,"href":"https:\/\/verdadeon.com.br\/portal\/wp-json\/wp\/v2\/categories?post=32058"},{"taxonomy":"post_tag","embeddable":true,"href":"https:\/\/verdadeon.com.br\/portal\/wp-json\/wp\/v2\/tags?post=32058"}],"curies":[{"name":"wp","href":"https:\/\/api.w.org\/{rel}","templated":true}]}}