{"id":31966,"date":"2023-02-23T12:52:14","date_gmt":"2023-02-23T15:52:14","guid":{"rendered":"https:\/\/verdadeon.com.br\/portal\/?p=31966"},"modified":"2023-02-23T12:52:14","modified_gmt":"2023-02-23T15:52:14","slug":"regiao-oeste-de-franca-recebera-arrastao-da-limpeza-neste-sabado-25","status":"publish","type":"post","link":"https:\/\/verdadeon.com.br\/portal\/2023\/02\/23\/regiao-oeste-de-franca-recebera-arrastao-da-limpeza-neste-sabado-25\/","title":{"rendered":"Regi\u00e3o Oeste de Franca receber\u00e1 \u201cArrast\u00e3o da Limpeza\u201d, neste s\u00e1bado (25)"},"content":{"rendered":"<h2>Secretaria de Meio Ambiente coordenar\u00e1 atividades em 61 bairros do munic\u00edpio<\/h2>\n<p>Neste s\u00e1bado (25), ocorrer\u00e1 o terceiro \u201carrast\u00e3o da limpeza\u201d deste ano. As atividades ser\u00e3o realizadas em 61 bairros, na regi\u00e3o oeste de Franca, passando por entre as Vilas S\u00e3o Sebasti\u00e3o-Rezende at\u00e9 os Jardins Zelinda, Pulicano, Peres Elias e ch\u00e1caras adjacentes.<br \/>\nA Secretaria de Meio Ambiente \u00e9 quem coordena o trabalho e orienta os moradores a providenciarem a separa\u00e7\u00e3o dos objetos que desejam descartar, como m\u00f3veis, sof\u00e1s, cadeiras, latas e outros, deixando-os nas cal\u00e7adas a partir da noite de sexta-feira ou nas primeiras horas de s\u00e1bado. Os caminh\u00f5es estar\u00e3o percorrendo as ruas dos 61 bairros, a partir das 7h30.<br \/>\nO Arrast\u00e3o da Limpeza \u00e9 uma opera\u00e7\u00e3o mensal, organizada pela Prefeitura, sempre no \u00faltimo s\u00e1bado de cada m\u00eas, com o objetivo de reduzir a presen\u00e7a de materiais que possam armazenar \u00e1gua e atrair insetos. No m\u00eas de janeiro, os servi\u00e7os foram realizados duas vezes: no dia 7, em 12 bairros da Regi\u00e3o Sul e no dia 28, que atendeu a 36 bairros.<br \/>\nFora dos Arrast\u00f5es da Limpeza, a Secretaria de Meio Ambiente mant\u00e9m, gratuitamente, um servi\u00e7o de recolha de inserv\u00edveis, mediante agendamento pr\u00e9vio. Basta que a pessoa ligue para o n\u00famero 3711-9440, fornecendo o endere\u00e7o completo e informe o tipo de material, que ser\u00e1 agendada data para a recolha.<br \/>\nConfira a rela\u00e7\u00e3o dos 61 bairros, que ser\u00e3o atendidos neste s\u00e1bado:<br \/>\nBAIRROS:<br \/>\n01) Recanto Bom Jardim<br \/>\n02) Ch\u00e1cara Morada do Sol<br \/>\n03) Ch\u00e1cara Ouro Verde<br \/>\n04) Jardim Sim\u00f5es<br \/>\n05) Jardim Zelinda<br \/>\n06) Parque Florestal<br \/>\n07) Residencial Peres Elias<br \/>\n08) Jardim Esmeralda (Parque das Esmeraldas e Prolongamento)<br \/>\n09) Distrito Industrial Onofre Jacometti<br \/>\n10) Distrito Industrial Ant\u00f4nio Della Torre<br \/>\n11) Village Santa Georgina<br \/>\n12) Polo Industrial Ab\u00edlio Nogueira<br \/>\n13) Polo Industrial Amazonas<br \/>\n14) Polo Industrial S\u00e3o Bernardo<br \/>\n15) Residencial Itapu\u00e3<br \/>\n16) Vila Santa Helena<br \/>\n17) Residencial Bosque dos Angicos<br \/>\n18) Bairro S\u00e3o Joaquim<br \/>\n19) Vila Rezende<br \/>\n20) Vila Pedigoni<br \/>\n21) Parque Piratininga<br \/>\n22) Jardim Derm\u00ednio<br \/>\n23) Jardim Santa Efig\u00eania<br \/>\n24) Jardim S\u00e3o Gabriel<br \/>\n25) Parque Residencial Santa Maria<br \/>\n26) Residencial Santa Clara<br \/>\n27) Jardim Bonsucesso<br \/>\n28) Residencial Copacabana<br \/>\n29) Residencial J\u00falio D\u2019Elia<br \/>\n30) Ch\u00e1cara S\u00e3o Paulo<br \/>\n31) Jardim S\u00e3o Paulo<br \/>\n32) Residencial S\u00e3o Paulo I e II<br \/>\n33) Residencial Sinsa\u00fade<br \/>\n34) Residencial Rubi<br \/>\n35) Jardim Stephani<br \/>\n36) Residencial Santa Anita<br \/>\n37) Residencial P\u00e9rola<br \/>\n38) Jardim Tangar\u00e1<br \/>\n39) Residencial Adriano Ferreira<br \/>\n40) Jardim Jacinto Nery<br \/>\n41) Residencial Paulo Henrique<br \/>\n42) Conjunto Ant\u00f4nio de P\u00e1dua R. Garcia (Franca N)<br \/>\n43) Jardim Anita<br \/>\n44) Jardim Palmeiras<br \/>\n45) Residencial Engenho Queimado<br \/>\n46) Ch\u00e1cara Engenho Queimado (Ch\u00e1cara Get\u00falio Vargas)<br \/>\n47) Residencial Palermo<br \/>\n48) Residencial Palermo City<br \/>\n49) Jardim Pulicano<br \/>\n50) Jardim Jo\u00e3o Liporoni<br \/>\n51)Villagio Mundo Novo<br \/>\n52) Jardim Meireles<br \/>\n53) Jardim Martins e Prolongamento<br \/>\n54) Jardim Eldorado<br \/>\n55) Jardim Paulo Archetti<br \/>\n56) Parque Continental<br \/>\n57) Vila S\u00e3o Sebasti\u00e3o<br \/>\n58) Bairro Novo Centro<br \/>\n59) Jardim Mar\u00edlia<br \/>\n60) Parque Vit\u00f3ria R\u00e9gia<br \/>\n61) Vila Pandolfo<\/p>\n","protected":false},"excerpt":{"rendered":"<p>Secretaria de Meio Ambiente coordenar\u00e1 atividades em 61 bairros do munic\u00edpio Neste s\u00e1bado (25), ocorrer\u00e1 o terceiro \u201carrast\u00e3o da limpeza\u201d deste ano. As atividades ser\u00e3o realizadas<span class=\"excerpt-hellip\"> [\u2026]<\/span><\/p>\n","protected":false},"author":4,"featured_media":31968,"comment_status":"open","ping_status":"open","sticky":false,"template":"","format":"standard","meta":{"_jetpack_memberships_contains_paid_content":false,"footnotes":"","jetpack_publicize_message":"","jetpack_publicize_feature_enabled":true,"jetpack_social_post_already_shared":false,"jetpack_social_options":{"image_generator_settings":{"template":"highway","default_image_id":0,"enabled":false},"version":2}},"categories":[28,44],"tags":[],"class_list":["post-31966","post","type-post","status-publish","format-standard","has-post-thumbnail","hentry","category-cotidiano","category-noticias"],"yoast_head":"<!-- This site is optimized with the Yoast SEO plugin v25.6 - https:\/\/yoast.com\/wordpress\/plugins\/seo\/ -->\n<title>Regi\u00e3o Oeste de Franca receber\u00e1 \u201cArrast\u00e3o da Limpeza\u201d, neste s\u00e1bado (25) - VerdadeOn<\/title>\n<meta name=\"robots\" content=\"index, follow, max-snippet:-1, max-image-preview:large, max-video-preview:-1\" \/>\n<link rel=\"canonical\" href=\"https:\/\/verdadeon.com.br\/portal\/2023\/02\/23\/regiao-oeste-de-franca-recebera-arrastao-da-limpeza-neste-sabado-25\/\" \/>\n<meta property=\"og:locale\" content=\"pt_BR\" \/>\n<meta property=\"og:type\" content=\"article\" \/>\n<meta property=\"og:title\" content=\"Regi\u00e3o Oeste de Franca receber\u00e1 \u201cArrast\u00e3o da Limpeza\u201d, neste s\u00e1bado (25) - VerdadeOn\" \/>\n<meta property=\"og:description\" content=\"Secretaria de Meio Ambiente coordenar\u00e1 atividades em 61 bairros do munic\u00edpio Neste s\u00e1bado (25), ocorrer\u00e1 o terceiro \u201carrast\u00e3o da limpeza\u201d deste ano. As atividades ser\u00e3o realizadas [\u2026]\" \/>\n<meta property=\"og:url\" content=\"https:\/\/verdadeon.com.br\/portal\/2023\/02\/23\/regiao-oeste-de-franca-recebera-arrastao-da-limpeza-neste-sabado-25\/\" \/>\n<meta property=\"og:site_name\" content=\"VerdadeOn\" \/>\n<meta property=\"article:published_time\" content=\"2023-02-23T15:52:14+00:00\" \/>\n<meta property=\"og:image\" content=\"https:\/\/verdadeon.com.br\/portal\/wp-content\/uploads\/2023\/02\/WhatsApp-Image-2023-02-22-at-17.42.18-2.jpeg\" \/>\n\t<meta property=\"og:image:width\" content=\"1000\" \/>\n\t<meta property=\"og:image:height\" content=\"670\" \/>\n\t<meta property=\"og:image:type\" content=\"image\/jpeg\" \/>\n<meta name=\"author\" content=\"Fernando Calixto\" \/>\n<meta name=\"twitter:card\" content=\"summary_large_image\" \/>\n<meta name=\"twitter:label1\" content=\"Escrito por\" \/>\n\t<meta name=\"twitter:data1\" content=\"Fernando Calixto\" \/>\n\t<meta name=\"twitter:label2\" content=\"Est. tempo de leitura\" \/>\n\t<meta name=\"twitter:data2\" content=\"3 minutos\" \/>\n<script type=\"application\/ld+json\" class=\"yoast-schema-graph\">{\"@context\":\"https:\/\/schema.org\",\"@graph\":[{\"@type\":\"WebPage\",\"@id\":\"https:\/\/verdadeon.com.br\/portal\/2023\/02\/23\/regiao-oeste-de-franca-recebera-arrastao-da-limpeza-neste-sabado-25\/\",\"url\":\"https:\/\/verdadeon.com.br\/portal\/2023\/02\/23\/regiao-oeste-de-franca-recebera-arrastao-da-limpeza-neste-sabado-25\/\",\"name\":\"Regi\u00e3o Oeste de Franca receber\u00e1 \u201cArrast\u00e3o da Limpeza\u201d, neste s\u00e1bado (25) - VerdadeOn\",\"isPartOf\":{\"@id\":\"https:\/\/verdadeon.com.br\/portal\/#website\"},\"primaryImageOfPage\":{\"@id\":\"https:\/\/verdadeon.com.br\/portal\/2023\/02\/23\/regiao-oeste-de-franca-recebera-arrastao-da-limpeza-neste-sabado-25\/#primaryimage\"},\"image\":{\"@id\":\"https:\/\/verdadeon.com.br\/portal\/2023\/02\/23\/regiao-oeste-de-franca-recebera-arrastao-da-limpeza-neste-sabado-25\/#primaryimage\"},\"thumbnailUrl\":\"https:\/\/i0.wp.com\/verdadeon.com.br\/portal\/wp-content\/uploads\/2023\/02\/WhatsApp-Image-2023-02-22-at-17.42.18-2.jpeg?fit=1000%2C670&ssl=1\",\"datePublished\":\"2023-02-23T15:52:14+00:00\",\"author\":{\"@id\":\"https:\/\/verdadeon.com.br\/portal\/#\/schema\/person\/8994718f49ee62ba5610471e29ca1f62\"},\"breadcrumb\":{\"@id\":\"https:\/\/verdadeon.com.br\/portal\/2023\/02\/23\/regiao-oeste-de-franca-recebera-arrastao-da-limpeza-neste-sabado-25\/#breadcrumb\"},\"inLanguage\":\"pt-BR\",\"potentialAction\":[{\"@type\":\"ReadAction\",\"target\":[\"https:\/\/verdadeon.com.br\/portal\/2023\/02\/23\/regiao-oeste-de-franca-recebera-arrastao-da-limpeza-neste-sabado-25\/\"]}]},{\"@type\":\"ImageObject\",\"inLanguage\":\"pt-BR\",\"@id\":\"https:\/\/verdadeon.com.br\/portal\/2023\/02\/23\/regiao-oeste-de-franca-recebera-arrastao-da-limpeza-neste-sabado-25\/#primaryimage\",\"url\":\"https:\/\/i0.wp.com\/verdadeon.com.br\/portal\/wp-content\/uploads\/2023\/02\/WhatsApp-Image-2023-02-22-at-17.42.18-2.jpeg?fit=1000%2C670&ssl=1\",\"contentUrl\":\"https:\/\/i0.wp.com\/verdadeon.com.br\/portal\/wp-content\/uploads\/2023\/02\/WhatsApp-Image-2023-02-22-at-17.42.18-2.jpeg?fit=1000%2C670&ssl=1\",\"width\":1000,\"height\":670,\"caption\":\"O Arrast\u00e3o da Limpeza \u00e9 uma opera\u00e7\u00e3o mensal, organizada pela Prefeitura, sempre no \u00faltimo s\u00e1bado de cada m\u00eas\"},{\"@type\":\"BreadcrumbList\",\"@id\":\"https:\/\/verdadeon.com.br\/portal\/2023\/02\/23\/regiao-oeste-de-franca-recebera-arrastao-da-limpeza-neste-sabado-25\/#breadcrumb\",\"itemListElement\":[{\"@type\":\"ListItem\",\"position\":1,\"name\":\"In\u00edcio\",\"item\":\"https:\/\/verdadeon.com.br\/portal\/\"},{\"@type\":\"ListItem\",\"position\":2,\"name\":\"Regi\u00e3o Oeste de Franca receber\u00e1 \u201cArrast\u00e3o da Limpeza\u201d, neste s\u00e1bado (25)\"}]},{\"@type\":\"WebSite\",\"@id\":\"https:\/\/verdadeon.com.br\/portal\/#website\",\"url\":\"https:\/\/verdadeon.com.br\/portal\/\",\"name\":\"VerdadeOn\",\"description\":\"Not\u00edcias di\u00e1rias sobre Franca, Regi\u00e3o, Esporte, Cultura, Cotidiano, Colunas. Cobertura nos principais eventos da cidade \u00e9 aqui - Verdadeon Franca\",\"potentialAction\":[{\"@type\":\"SearchAction\",\"target\":{\"@type\":\"EntryPoint\",\"urlTemplate\":\"https:\/\/verdadeon.com.br\/portal\/?s={search_term_string}\"},\"query-input\":{\"@type\":\"PropertyValueSpecification\",\"valueRequired\":true,\"valueName\":\"search_term_string\"}}],\"inLanguage\":\"pt-BR\"},{\"@type\":\"Person\",\"@id\":\"https:\/\/verdadeon.com.br\/portal\/#\/schema\/person\/8994718f49ee62ba5610471e29ca1f62\",\"name\":\"Fernando Calixto\",\"image\":{\"@type\":\"ImageObject\",\"inLanguage\":\"pt-BR\",\"@id\":\"https:\/\/verdadeon.com.br\/portal\/#\/schema\/person\/image\/\",\"url\":\"https:\/\/secure.gravatar.com\/avatar\/7578910c24966c0316c340f9dbd601e93ee9f9212e1033968b367af9306bd9fb?s=96&d=mm&r=g\",\"contentUrl\":\"https:\/\/secure.gravatar.com\/avatar\/7578910c24966c0316c340f9dbd601e93ee9f9212e1033968b367af9306bd9fb?s=96&d=mm&r=g\",\"caption\":\"Fernando Calixto\"},\"url\":\"https:\/\/verdadeon.com.br\/portal\/author\/fernando-calixto\/\"}]}<\/script>\n<!-- \/ Yoast SEO plugin. -->","yoast_head_json":{"title":"Regi\u00e3o Oeste de Franca receber\u00e1 \u201cArrast\u00e3o da Limpeza\u201d, neste s\u00e1bado (25) - VerdadeOn","robots":{"index":"index","follow":"follow","max-snippet":"max-snippet:-1","max-image-preview":"max-image-preview:large","max-video-preview":"max-video-preview:-1"},"canonical":"https:\/\/verdadeon.com.br\/portal\/2023\/02\/23\/regiao-oeste-de-franca-recebera-arrastao-da-limpeza-neste-sabado-25\/","og_locale":"pt_BR","og_type":"article","og_title":"Regi\u00e3o Oeste de Franca receber\u00e1 \u201cArrast\u00e3o da Limpeza\u201d, neste s\u00e1bado (25) - VerdadeOn","og_description":"Secretaria de Meio Ambiente coordenar\u00e1 atividades em 61 bairros do munic\u00edpio Neste s\u00e1bado (25), ocorrer\u00e1 o terceiro \u201carrast\u00e3o da limpeza\u201d deste ano. As atividades ser\u00e3o realizadas [\u2026]","og_url":"https:\/\/verdadeon.com.br\/portal\/2023\/02\/23\/regiao-oeste-de-franca-recebera-arrastao-da-limpeza-neste-sabado-25\/","og_site_name":"VerdadeOn","article_published_time":"2023-02-23T15:52:14+00:00","og_image":[{"width":1000,"height":670,"url":"https:\/\/verdadeon.com.br\/portal\/wp-content\/uploads\/2023\/02\/WhatsApp-Image-2023-02-22-at-17.42.18-2.jpeg","type":"image\/jpeg"}],"author":"Fernando Calixto","twitter_card":"summary_large_image","twitter_misc":{"Escrito por":"Fernando Calixto","Est. tempo de leitura":"3 minutos"},"schema":{"@context":"https:\/\/schema.org","@graph":[{"@type":"WebPage","@id":"https:\/\/verdadeon.com.br\/portal\/2023\/02\/23\/regiao-oeste-de-franca-recebera-arrastao-da-limpeza-neste-sabado-25\/","url":"https:\/\/verdadeon.com.br\/portal\/2023\/02\/23\/regiao-oeste-de-franca-recebera-arrastao-da-limpeza-neste-sabado-25\/","name":"Regi\u00e3o Oeste de Franca receber\u00e1 \u201cArrast\u00e3o da Limpeza\u201d, neste s\u00e1bado (25) - VerdadeOn","isPartOf":{"@id":"https:\/\/verdadeon.com.br\/portal\/#website"},"primaryImageOfPage":{"@id":"https:\/\/verdadeon.com.br\/portal\/2023\/02\/23\/regiao-oeste-de-franca-recebera-arrastao-da-limpeza-neste-sabado-25\/#primaryimage"},"image":{"@id":"https:\/\/verdadeon.com.br\/portal\/2023\/02\/23\/regiao-oeste-de-franca-recebera-arrastao-da-limpeza-neste-sabado-25\/#primaryimage"},"thumbnailUrl":"https:\/\/i0.wp.com\/verdadeon.com.br\/portal\/wp-content\/uploads\/2023\/02\/WhatsApp-Image-2023-02-22-at-17.42.18-2.jpeg?fit=1000%2C670&ssl=1","datePublished":"2023-02-23T15:52:14+00:00","author":{"@id":"https:\/\/verdadeon.com.br\/portal\/#\/schema\/person\/8994718f49ee62ba5610471e29ca1f62"},"breadcrumb":{"@id":"https:\/\/verdadeon.com.br\/portal\/2023\/02\/23\/regiao-oeste-de-franca-recebera-arrastao-da-limpeza-neste-sabado-25\/#breadcrumb"},"inLanguage":"pt-BR","potentialAction":[{"@type":"ReadAction","target":["https:\/\/verdadeon.com.br\/portal\/2023\/02\/23\/regiao-oeste-de-franca-recebera-arrastao-da-limpeza-neste-sabado-25\/"]}]},{"@type":"ImageObject","inLanguage":"pt-BR","@id":"https:\/\/verdadeon.com.br\/portal\/2023\/02\/23\/regiao-oeste-de-franca-recebera-arrastao-da-limpeza-neste-sabado-25\/#primaryimage","url":"https:\/\/i0.wp.com\/verdadeon.com.br\/portal\/wp-content\/uploads\/2023\/02\/WhatsApp-Image-2023-02-22-at-17.42.18-2.jpeg?fit=1000%2C670&ssl=1","contentUrl":"https:\/\/i0.wp.com\/verdadeon.com.br\/portal\/wp-content\/uploads\/2023\/02\/WhatsApp-Image-2023-02-22-at-17.42.18-2.jpeg?fit=1000%2C670&ssl=1","width":1000,"height":670,"caption":"O Arrast\u00e3o da Limpeza \u00e9 uma opera\u00e7\u00e3o mensal, organizada pela Prefeitura, sempre no \u00faltimo s\u00e1bado de cada m\u00eas"},{"@type":"BreadcrumbList","@id":"https:\/\/verdadeon.com.br\/portal\/2023\/02\/23\/regiao-oeste-de-franca-recebera-arrastao-da-limpeza-neste-sabado-25\/#breadcrumb","itemListElement":[{"@type":"ListItem","position":1,"name":"In\u00edcio","item":"https:\/\/verdadeon.com.br\/portal\/"},{"@type":"ListItem","position":2,"name":"Regi\u00e3o Oeste de Franca receber\u00e1 \u201cArrast\u00e3o da Limpeza\u201d, neste s\u00e1bado (25)"}]},{"@type":"WebSite","@id":"https:\/\/verdadeon.com.br\/portal\/#website","url":"https:\/\/verdadeon.com.br\/portal\/","name":"VerdadeOn","description":"Not\u00edcias di\u00e1rias sobre Franca, Regi\u00e3o, Esporte, Cultura, Cotidiano, Colunas. Cobertura nos principais eventos da cidade \u00e9 aqui - Verdadeon Franca","potentialAction":[{"@type":"SearchAction","target":{"@type":"EntryPoint","urlTemplate":"https:\/\/verdadeon.com.br\/portal\/?s={search_term_string}"},"query-input":{"@type":"PropertyValueSpecification","valueRequired":true,"valueName":"search_term_string"}}],"inLanguage":"pt-BR"},{"@type":"Person","@id":"https:\/\/verdadeon.com.br\/portal\/#\/schema\/person\/8994718f49ee62ba5610471e29ca1f62","name":"Fernando Calixto","image":{"@type":"ImageObject","inLanguage":"pt-BR","@id":"https:\/\/verdadeon.com.br\/portal\/#\/schema\/person\/image\/","url":"https:\/\/secure.gravatar.com\/avatar\/7578910c24966c0316c340f9dbd601e93ee9f9212e1033968b367af9306bd9fb?s=96&d=mm&r=g","contentUrl":"https:\/\/secure.gravatar.com\/avatar\/7578910c24966c0316c340f9dbd601e93ee9f9212e1033968b367af9306bd9fb?s=96&d=mm&r=g","caption":"Fernando Calixto"},"url":"https:\/\/verdadeon.com.br\/portal\/author\/fernando-calixto\/"}]}},"jetpack_publicize_connections":[],"jetpack_featured_media_url":"https:\/\/i0.wp.com\/verdadeon.com.br\/portal\/wp-content\/uploads\/2023\/02\/WhatsApp-Image-2023-02-22-at-17.42.18-2.jpeg?fit=1000%2C670&ssl=1","jetpack_sharing_enabled":true,"_links":{"self":[{"href":"https:\/\/verdadeon.com.br\/portal\/wp-json\/wp\/v2\/posts\/31966","targetHints":{"allow":["GET"]}}],"collection":[{"href":"https:\/\/verdadeon.com.br\/portal\/wp-json\/wp\/v2\/posts"}],"about":[{"href":"https:\/\/verdadeon.com.br\/portal\/wp-json\/wp\/v2\/types\/post"}],"author":[{"embeddable":true,"href":"https:\/\/verdadeon.com.br\/portal\/wp-json\/wp\/v2\/users\/4"}],"replies":[{"embeddable":true,"href":"https:\/\/verdadeon.com.br\/portal\/wp-json\/wp\/v2\/comments?post=31966"}],"version-history":[{"count":1,"href":"https:\/\/verdadeon.com.br\/portal\/wp-json\/wp\/v2\/posts\/31966\/revisions"}],"predecessor-version":[{"id":31972,"href":"https:\/\/verdadeon.com.br\/portal\/wp-json\/wp\/v2\/posts\/31966\/revisions\/31972"}],"wp:featuredmedia":[{"embeddable":true,"href":"https:\/\/verdadeon.com.br\/portal\/wp-json\/wp\/v2\/media\/31968"}],"wp:attachment":[{"href":"https:\/\/verdadeon.com.br\/portal\/wp-json\/wp\/v2\/media?parent=31966"}],"wp:term":[{"taxonomy":"category","embeddable":true,"href":"https:\/\/verdadeon.com.br\/portal\/wp-json\/wp\/v2\/categories?post=31966"},{"taxonomy":"post_tag","embeddable":true,"href":"https:\/\/verdadeon.com.br\/portal\/wp-json\/wp\/v2\/tags?post=31966"}],"curies":[{"name":"wp","href":"https:\/\/api.w.org\/{rel}","templated":true}]}}