{"id":31947,"date":"2023-02-22T16:11:31","date_gmt":"2023-02-22T19:11:31","guid":{"rendered":"https:\/\/verdadeon.com.br\/portal\/?p=31947"},"modified":"2023-02-22T16:32:56","modified_gmt":"2023-02-22T19:32:56","slug":"moradores-do-recanto-fortuna-e-jardim-monte-carlo-reclamam-ausencia-da-prefeitura-quanto-ao-asfaltamento-dos-bairros","status":"publish","type":"post","link":"https:\/\/verdadeon.com.br\/portal\/2023\/02\/22\/moradores-do-recanto-fortuna-e-jardim-monte-carlo-reclamam-ausencia-da-prefeitura-quanto-ao-asfaltamento-dos-bairros\/","title":{"rendered":"Moradores do Recanto Fortuna e Jardim Monte Carlo reclamam aus\u00eancia da prefeitura quanto ao asfaltamento dos bairros"},"content":{"rendered":"<h2>Segundo o representante da associa\u00e7\u00e3o dos moradores, o prefeito Alexandre Ferreira disse que \u201cA prefeitura n\u00e3o vai assumir nada, quem tem que assumir s\u00e3o os moradores\u201d<\/h2>\n<p>A Associa\u00e7\u00e3o dos Moradores dos bairros Recanto Fortuna e Jardim Monte Carlo, em Franca, reclama h\u00e1 anos por um projeto de asfalto. Segundo \u00e1udio que corre nas redes sociais, o asfaltamento desses bairros fazia parte das promessas de campanha do prefeito Alexandre Ferreira, informa\u00e7\u00e3o confirmada por Osmar Andrade, representante da associa\u00e7\u00e3o.<br \/>\nNo \u00e1udio que foi divulgado, o prefeito teria dito que: \u201cTemos que ajustar algumas coisas para podermos fazer o asfalto, mas, vou te falar, sou companheiro viu? A gente senta agora em dezembro [2020], tra\u00e7a alguns objetivos para conseguirmos fazer esse asfalto l\u00e1 [no Recanto Fortuna e no Jardim Monte Carlo] (&#8230;). Acho que n\u00e3o tem problema nenhum a gente ajustar, inclusive valores dentro de um pre\u00e7o de custo, para que a EMDEF (Empresa Municipal para Desenvolvimento de Franca) possa fazer o servi\u00e7o. A gente senta, re\u00fane e ajusta uma maneira que fique boa pra todo mundo, que vai melhorar muito pra voc\u00eas, vai agregar valor ao im\u00f3vel de voc\u00eas e vamos ficar muito felizes em poder fazer isso\u201d.<br \/>\nSegundo informado por Osmar, em 2021, o prefeito teria dito o seguinte: \u201cA empresa voc\u00eas podem contratar por conta pr\u00f3pria. O que a EMDEF for fazer vai custar 70 mil reais pra cada lote\u201d. Osmar continua: \u201cPor isso nunca vamos conseguir asfaltar, porque 70 mil reais pra cada lote&#8230; [n\u00e3o d\u00e1 para arrecadar]\u201d. Para os moradores, tudo n\u00e3o passou de \u201cpromessas de campanha\u201d.<br \/>\nO representante da Associa\u00e7\u00e3o dos bairros relatou a nossa reportagem que, em raz\u00e3o de n\u00e3o existir asfalto nas ruas, a poeira que sobe \u00e9 enorme e culmina n\u00e3o s\u00f3 em sujeira, mas suscita doen\u00e7as tamb\u00e9m. Questionado se ele havia conversado com o prefeito Alexandre depois de ter sido eleito, ele confirma que foram diversas as vezes em que se falaram, mas que nada mudou: \u201cDepois de eleito n\u00f3s falamos v\u00e1rias vezes com ele [prefeito] e, ele, sempre com a mesma conversa de que \u2018a prefeitura n\u00e3o vai assumir nada, quem tem que assumir s\u00e3o os moradores\u2019\u201d.<\/p>\n<h4>Cobran\u00e7a na c\u00e2mara<\/h4>\n<p>No dia 14 de fevereiro, Osmar Alves de Andrade, representante da Associa\u00e7\u00e3o, fez uso da Tribuna na 2\u00aa sess\u00e3o ordin\u00e1ria da C\u00e2mara de vereadores para cobrar tais reformas. \u201cO Recanto Fortuna h\u00e1 37 anos foi assumido pela Prefeitura deixando de ser zona rural passando a ser um bairro e passou a cobrar IPTU dos propriet\u00e1rios. O Monte Carlo h\u00e1 30 anos foi feito o loteamento j\u00e1 como zona urbana\u201d disse ele.<br \/>\nOsmar ainda ressaltou que, em um projeto realizado h\u00e1 15 anos pela EMDEF (Empresa Municipal para Desenvolvimento de Franca), continha algumas ruas que se encontravam dentro de vo\u00e7orocas, n\u00e3o tendo como paviment\u00e1-las e nem ao menos serem instaladas galerias de \u00e1guas pluviais: \u201cPor algumas vezes, na \u00e9poca do ex-prefeito Gilson de Souza, n\u00f3s solicitamos que este projeto fosse refeito pela EMDEF e tamb\u00e9m ao prefeito Alexandre solicitamos que fosse refeito\u201d.<\/p>\n<p>&nbsp;<\/p>\n<h4>Resposta da Prefeitura<\/h4>\n<p>O Jornal Verdade entrou em contato com a Prefeitura que enviou a seguinte Nota:<\/p>\n<p>A Secretaria de Infraestrutura informa que para a execu\u00e7\u00e3o da constru\u00e7\u00e3o da rede de galerias e a pavimenta\u00e7\u00e3o do Recanto Fortuna e Monte Carlo \u00e9 necess\u00e1ria a realiza\u00e7\u00e3o de um Plano de Contribui\u00e7\u00e3o de Melhorias (PCM), onde os moradores dever\u00e3o fazer ades\u00e3o ao plano, arcando com os custos das obras. Cabe \u00e0 Prefeitura, o pagamento da execu\u00e7\u00e3o dos servi\u00e7os nas \u00e1reas p\u00fablicas. J\u00e1 foram feitas v\u00e1rias reuni\u00f5es com os moradores pela Prefeitura e Emdef, por\u00e9m sem a ades\u00e3o necess\u00e1ria dos propriet\u00e1rios.<\/p>\n<p>A Secretaria de Meio Ambiente realiza a manuten\u00e7\u00e3o peri\u00f3dica das ruas do local.<\/p>\n<p>A ades\u00e3o do PCM deve ser de, no m\u00ednimo, 70% dos moradores para a autoriza\u00e7\u00e3o do in\u00edcio do projeto<\/p>\n<p>&nbsp;<\/p>\n<p><img data-recalc-dims=\"1\" loading=\"lazy\" decoding=\"async\" class=\"alignnone size-full wp-image-31949\" src=\"https:\/\/i0.wp.com\/verdadeon.com.br\/portal\/wp-content\/uploads\/2023\/02\/WhatsApp-Image-2023-02-21-at-17.36.15-1.jpeg?resize=1000%2C670&#038;ssl=1\" alt=\"\" width=\"1000\" height=\"670\" srcset=\"https:\/\/i0.wp.com\/verdadeon.com.br\/portal\/wp-content\/uploads\/2023\/02\/WhatsApp-Image-2023-02-21-at-17.36.15-1.jpeg?w=1000&amp;ssl=1 1000w, https:\/\/i0.wp.com\/verdadeon.com.br\/portal\/wp-content\/uploads\/2023\/02\/WhatsApp-Image-2023-02-21-at-17.36.15-1.jpeg?resize=300%2C201&amp;ssl=1 300w, https:\/\/i0.wp.com\/verdadeon.com.br\/portal\/wp-content\/uploads\/2023\/02\/WhatsApp-Image-2023-02-21-at-17.36.15-1.jpeg?resize=768%2C515&amp;ssl=1 768w, https:\/\/i0.wp.com\/verdadeon.com.br\/portal\/wp-content\/uploads\/2023\/02\/WhatsApp-Image-2023-02-21-at-17.36.15-1.jpeg?resize=218%2C146&amp;ssl=1 218w, https:\/\/i0.wp.com\/verdadeon.com.br\/portal\/wp-content\/uploads\/2023\/02\/WhatsApp-Image-2023-02-21-at-17.36.15-1.jpeg?resize=50%2C34&amp;ssl=1 50w, https:\/\/i0.wp.com\/verdadeon.com.br\/portal\/wp-content\/uploads\/2023\/02\/WhatsApp-Image-2023-02-21-at-17.36.15-1.jpeg?resize=112%2C75&amp;ssl=1 112w\" sizes=\"auto, (max-width: 1000px) 100vw, 1000px\" \/> <img data-recalc-dims=\"1\" loading=\"lazy\" decoding=\"async\" class=\"alignnone size-full wp-image-31948\" src=\"https:\/\/i0.wp.com\/verdadeon.com.br\/portal\/wp-content\/uploads\/2023\/02\/WhatsApp-Image-2023-02-21-at-20.13.35-3.jpeg?resize=1000%2C670&#038;ssl=1\" alt=\"\" width=\"1000\" height=\"670\" srcset=\"https:\/\/i0.wp.com\/verdadeon.com.br\/portal\/wp-content\/uploads\/2023\/02\/WhatsApp-Image-2023-02-21-at-20.13.35-3.jpeg?w=1000&amp;ssl=1 1000w, https:\/\/i0.wp.com\/verdadeon.com.br\/portal\/wp-content\/uploads\/2023\/02\/WhatsApp-Image-2023-02-21-at-20.13.35-3.jpeg?resize=300%2C201&amp;ssl=1 300w, https:\/\/i0.wp.com\/verdadeon.com.br\/portal\/wp-content\/uploads\/2023\/02\/WhatsApp-Image-2023-02-21-at-20.13.35-3.jpeg?resize=768%2C515&amp;ssl=1 768w, https:\/\/i0.wp.com\/verdadeon.com.br\/portal\/wp-content\/uploads\/2023\/02\/WhatsApp-Image-2023-02-21-at-20.13.35-3.jpeg?resize=218%2C146&amp;ssl=1 218w, https:\/\/i0.wp.com\/verdadeon.com.br\/portal\/wp-content\/uploads\/2023\/02\/WhatsApp-Image-2023-02-21-at-20.13.35-3.jpeg?resize=50%2C34&amp;ssl=1 50w, https:\/\/i0.wp.com\/verdadeon.com.br\/portal\/wp-content\/uploads\/2023\/02\/WhatsApp-Image-2023-02-21-at-20.13.35-3.jpeg?resize=112%2C75&amp;ssl=1 112w\" sizes=\"auto, (max-width: 1000px) 100vw, 1000px\" \/><\/p>\n","protected":false},"excerpt":{"rendered":"<p>Segundo o representante da associa\u00e7\u00e3o dos moradores, o prefeito Alexandre Ferreira disse que \u201cA prefeitura n\u00e3o vai assumir nada, quem tem que assumir s\u00e3o os moradores\u201d<span class=\"excerpt-hellip\"> [\u2026]<\/span><\/p>\n","protected":false},"author":4,"featured_media":31950,"comment_status":"open","ping_status":"open","sticky":false,"template":"","format":"standard","meta":{"_jetpack_memberships_contains_paid_content":false,"footnotes":"","jetpack_publicize_message":"","jetpack_publicize_feature_enabled":true,"jetpack_social_post_already_shared":false,"jetpack_social_options":{"image_generator_settings":{"template":"highway","default_image_id":0,"enabled":false},"version":2}},"categories":[28,81],"tags":[],"class_list":["post-31947","post","type-post","status-publish","format-standard","has-post-thumbnail","hentry","category-cotidiano","category-manchete"],"yoast_head":"<!-- This site is optimized with the Yoast SEO plugin v25.6 - https:\/\/yoast.com\/wordpress\/plugins\/seo\/ -->\n<title>Moradores do Recanto Fortuna e Jardim Monte Carlo reclamam aus\u00eancia da prefeitura quanto ao asfaltamento dos bairros - VerdadeOn<\/title>\n<meta name=\"robots\" content=\"index, follow, max-snippet:-1, max-image-preview:large, max-video-preview:-1\" \/>\n<link rel=\"canonical\" href=\"https:\/\/verdadeon.com.br\/portal\/2023\/02\/22\/moradores-do-recanto-fortuna-e-jardim-monte-carlo-reclamam-ausencia-da-prefeitura-quanto-ao-asfaltamento-dos-bairros\/\" \/>\n<meta property=\"og:locale\" content=\"pt_BR\" \/>\n<meta property=\"og:type\" content=\"article\" \/>\n<meta property=\"og:title\" content=\"Moradores do Recanto Fortuna e Jardim Monte Carlo reclamam aus\u00eancia da prefeitura quanto ao asfaltamento dos bairros - VerdadeOn\" \/>\n<meta property=\"og:description\" content=\"Segundo o representante da associa\u00e7\u00e3o dos moradores, o prefeito Alexandre Ferreira disse que \u201cA prefeitura n\u00e3o vai assumir nada, quem tem que assumir s\u00e3o os moradores\u201d [\u2026]\" \/>\n<meta property=\"og:url\" content=\"https:\/\/verdadeon.com.br\/portal\/2023\/02\/22\/moradores-do-recanto-fortuna-e-jardim-monte-carlo-reclamam-ausencia-da-prefeitura-quanto-ao-asfaltamento-dos-bairros\/\" \/>\n<meta property=\"og:site_name\" content=\"VerdadeOn\" \/>\n<meta property=\"article:published_time\" content=\"2023-02-22T19:11:31+00:00\" \/>\n<meta property=\"article:modified_time\" content=\"2023-02-22T19:32:56+00:00\" \/>\n<meta property=\"og:image\" content=\"https:\/\/verdadeon.com.br\/portal\/wp-content\/uploads\/2023\/02\/WhatsApp-Image-2023-02-21-at-17.36.14-1.jpeg\" \/>\n\t<meta property=\"og:image:width\" content=\"1000\" \/>\n\t<meta property=\"og:image:height\" content=\"670\" \/>\n\t<meta property=\"og:image:type\" content=\"image\/jpeg\" \/>\n<meta name=\"author\" content=\"Fernando Calixto\" \/>\n<meta name=\"twitter:card\" content=\"summary_large_image\" \/>\n<meta name=\"twitter:label1\" content=\"Escrito por\" \/>\n\t<meta name=\"twitter:data1\" content=\"Fernando Calixto\" \/>\n\t<meta name=\"twitter:label2\" content=\"Est. tempo de leitura\" \/>\n\t<meta name=\"twitter:data2\" content=\"4 minutos\" \/>\n<script type=\"application\/ld+json\" class=\"yoast-schema-graph\">{\"@context\":\"https:\/\/schema.org\",\"@graph\":[{\"@type\":\"WebPage\",\"@id\":\"https:\/\/verdadeon.com.br\/portal\/2023\/02\/22\/moradores-do-recanto-fortuna-e-jardim-monte-carlo-reclamam-ausencia-da-prefeitura-quanto-ao-asfaltamento-dos-bairros\/\",\"url\":\"https:\/\/verdadeon.com.br\/portal\/2023\/02\/22\/moradores-do-recanto-fortuna-e-jardim-monte-carlo-reclamam-ausencia-da-prefeitura-quanto-ao-asfaltamento-dos-bairros\/\",\"name\":\"Moradores do Recanto Fortuna e Jardim Monte Carlo reclamam aus\u00eancia da prefeitura quanto ao asfaltamento dos bairros - VerdadeOn\",\"isPartOf\":{\"@id\":\"https:\/\/verdadeon.com.br\/portal\/#website\"},\"primaryImageOfPage\":{\"@id\":\"https:\/\/verdadeon.com.br\/portal\/2023\/02\/22\/moradores-do-recanto-fortuna-e-jardim-monte-carlo-reclamam-ausencia-da-prefeitura-quanto-ao-asfaltamento-dos-bairros\/#primaryimage\"},\"image\":{\"@id\":\"https:\/\/verdadeon.com.br\/portal\/2023\/02\/22\/moradores-do-recanto-fortuna-e-jardim-monte-carlo-reclamam-ausencia-da-prefeitura-quanto-ao-asfaltamento-dos-bairros\/#primaryimage\"},\"thumbnailUrl\":\"https:\/\/i0.wp.com\/verdadeon.com.br\/portal\/wp-content\/uploads\/2023\/02\/WhatsApp-Image-2023-02-21-at-17.36.14-1.jpeg?fit=1000%2C670&ssl=1\",\"datePublished\":\"2023-02-22T19:11:31+00:00\",\"dateModified\":\"2023-02-22T19:32:56+00:00\",\"author\":{\"@id\":\"https:\/\/verdadeon.com.br\/portal\/#\/schema\/person\/8994718f49ee62ba5610471e29ca1f62\"},\"breadcrumb\":{\"@id\":\"https:\/\/verdadeon.com.br\/portal\/2023\/02\/22\/moradores-do-recanto-fortuna-e-jardim-monte-carlo-reclamam-ausencia-da-prefeitura-quanto-ao-asfaltamento-dos-bairros\/#breadcrumb\"},\"inLanguage\":\"pt-BR\",\"potentialAction\":[{\"@type\":\"ReadAction\",\"target\":[\"https:\/\/verdadeon.com.br\/portal\/2023\/02\/22\/moradores-do-recanto-fortuna-e-jardim-monte-carlo-reclamam-ausencia-da-prefeitura-quanto-ao-asfaltamento-dos-bairros\/\"]}]},{\"@type\":\"ImageObject\",\"inLanguage\":\"pt-BR\",\"@id\":\"https:\/\/verdadeon.com.br\/portal\/2023\/02\/22\/moradores-do-recanto-fortuna-e-jardim-monte-carlo-reclamam-ausencia-da-prefeitura-quanto-ao-asfaltamento-dos-bairros\/#primaryimage\",\"url\":\"https:\/\/i0.wp.com\/verdadeon.com.br\/portal\/wp-content\/uploads\/2023\/02\/WhatsApp-Image-2023-02-21-at-17.36.14-1.jpeg?fit=1000%2C670&ssl=1\",\"contentUrl\":\"https:\/\/i0.wp.com\/verdadeon.com.br\/portal\/wp-content\/uploads\/2023\/02\/WhatsApp-Image-2023-02-21-at-17.36.14-1.jpeg?fit=1000%2C670&ssl=1\",\"width\":1000,\"height\":670,\"caption\":\"Por n\u00e3o existir asfalto nas ruas, a poeira que sobe \u00e9 enorme e culmina n\u00e3o s\u00f3 em sujeira, mas suscita doen\u00e7as tamb\u00e9m\"},{\"@type\":\"BreadcrumbList\",\"@id\":\"https:\/\/verdadeon.com.br\/portal\/2023\/02\/22\/moradores-do-recanto-fortuna-e-jardim-monte-carlo-reclamam-ausencia-da-prefeitura-quanto-ao-asfaltamento-dos-bairros\/#breadcrumb\",\"itemListElement\":[{\"@type\":\"ListItem\",\"position\":1,\"name\":\"In\u00edcio\",\"item\":\"https:\/\/verdadeon.com.br\/portal\/\"},{\"@type\":\"ListItem\",\"position\":2,\"name\":\"Moradores do Recanto Fortuna e Jardim Monte Carlo reclamam aus\u00eancia da prefeitura quanto ao asfaltamento dos bairros\"}]},{\"@type\":\"WebSite\",\"@id\":\"https:\/\/verdadeon.com.br\/portal\/#website\",\"url\":\"https:\/\/verdadeon.com.br\/portal\/\",\"name\":\"VerdadeOn\",\"description\":\"Not\u00edcias di\u00e1rias sobre Franca, Regi\u00e3o, Esporte, Cultura, Cotidiano, Colunas. Cobertura nos principais eventos da cidade \u00e9 aqui - Verdadeon Franca\",\"potentialAction\":[{\"@type\":\"SearchAction\",\"target\":{\"@type\":\"EntryPoint\",\"urlTemplate\":\"https:\/\/verdadeon.com.br\/portal\/?s={search_term_string}\"},\"query-input\":{\"@type\":\"PropertyValueSpecification\",\"valueRequired\":true,\"valueName\":\"search_term_string\"}}],\"inLanguage\":\"pt-BR\"},{\"@type\":\"Person\",\"@id\":\"https:\/\/verdadeon.com.br\/portal\/#\/schema\/person\/8994718f49ee62ba5610471e29ca1f62\",\"name\":\"Fernando Calixto\",\"image\":{\"@type\":\"ImageObject\",\"inLanguage\":\"pt-BR\",\"@id\":\"https:\/\/verdadeon.com.br\/portal\/#\/schema\/person\/image\/\",\"url\":\"https:\/\/secure.gravatar.com\/avatar\/7578910c24966c0316c340f9dbd601e93ee9f9212e1033968b367af9306bd9fb?s=96&d=mm&r=g\",\"contentUrl\":\"https:\/\/secure.gravatar.com\/avatar\/7578910c24966c0316c340f9dbd601e93ee9f9212e1033968b367af9306bd9fb?s=96&d=mm&r=g\",\"caption\":\"Fernando Calixto\"},\"url\":\"https:\/\/verdadeon.com.br\/portal\/author\/fernando-calixto\/\"}]}<\/script>\n<!-- \/ Yoast SEO plugin. -->","yoast_head_json":{"title":"Moradores do Recanto Fortuna e Jardim Monte Carlo reclamam aus\u00eancia da prefeitura quanto ao asfaltamento dos bairros - VerdadeOn","robots":{"index":"index","follow":"follow","max-snippet":"max-snippet:-1","max-image-preview":"max-image-preview:large","max-video-preview":"max-video-preview:-1"},"canonical":"https:\/\/verdadeon.com.br\/portal\/2023\/02\/22\/moradores-do-recanto-fortuna-e-jardim-monte-carlo-reclamam-ausencia-da-prefeitura-quanto-ao-asfaltamento-dos-bairros\/","og_locale":"pt_BR","og_type":"article","og_title":"Moradores do Recanto Fortuna e Jardim Monte Carlo reclamam aus\u00eancia da prefeitura quanto ao asfaltamento dos bairros - VerdadeOn","og_description":"Segundo o representante da associa\u00e7\u00e3o dos moradores, o prefeito Alexandre Ferreira disse que \u201cA prefeitura n\u00e3o vai assumir nada, quem tem que assumir s\u00e3o os moradores\u201d [\u2026]","og_url":"https:\/\/verdadeon.com.br\/portal\/2023\/02\/22\/moradores-do-recanto-fortuna-e-jardim-monte-carlo-reclamam-ausencia-da-prefeitura-quanto-ao-asfaltamento-dos-bairros\/","og_site_name":"VerdadeOn","article_published_time":"2023-02-22T19:11:31+00:00","article_modified_time":"2023-02-22T19:32:56+00:00","og_image":[{"width":1000,"height":670,"url":"https:\/\/verdadeon.com.br\/portal\/wp-content\/uploads\/2023\/02\/WhatsApp-Image-2023-02-21-at-17.36.14-1.jpeg","type":"image\/jpeg"}],"author":"Fernando Calixto","twitter_card":"summary_large_image","twitter_misc":{"Escrito por":"Fernando Calixto","Est. tempo de leitura":"4 minutos"},"schema":{"@context":"https:\/\/schema.org","@graph":[{"@type":"WebPage","@id":"https:\/\/verdadeon.com.br\/portal\/2023\/02\/22\/moradores-do-recanto-fortuna-e-jardim-monte-carlo-reclamam-ausencia-da-prefeitura-quanto-ao-asfaltamento-dos-bairros\/","url":"https:\/\/verdadeon.com.br\/portal\/2023\/02\/22\/moradores-do-recanto-fortuna-e-jardim-monte-carlo-reclamam-ausencia-da-prefeitura-quanto-ao-asfaltamento-dos-bairros\/","name":"Moradores do Recanto Fortuna e Jardim Monte Carlo reclamam aus\u00eancia da prefeitura quanto ao asfaltamento dos bairros - VerdadeOn","isPartOf":{"@id":"https:\/\/verdadeon.com.br\/portal\/#website"},"primaryImageOfPage":{"@id":"https:\/\/verdadeon.com.br\/portal\/2023\/02\/22\/moradores-do-recanto-fortuna-e-jardim-monte-carlo-reclamam-ausencia-da-prefeitura-quanto-ao-asfaltamento-dos-bairros\/#primaryimage"},"image":{"@id":"https:\/\/verdadeon.com.br\/portal\/2023\/02\/22\/moradores-do-recanto-fortuna-e-jardim-monte-carlo-reclamam-ausencia-da-prefeitura-quanto-ao-asfaltamento-dos-bairros\/#primaryimage"},"thumbnailUrl":"https:\/\/i0.wp.com\/verdadeon.com.br\/portal\/wp-content\/uploads\/2023\/02\/WhatsApp-Image-2023-02-21-at-17.36.14-1.jpeg?fit=1000%2C670&ssl=1","datePublished":"2023-02-22T19:11:31+00:00","dateModified":"2023-02-22T19:32:56+00:00","author":{"@id":"https:\/\/verdadeon.com.br\/portal\/#\/schema\/person\/8994718f49ee62ba5610471e29ca1f62"},"breadcrumb":{"@id":"https:\/\/verdadeon.com.br\/portal\/2023\/02\/22\/moradores-do-recanto-fortuna-e-jardim-monte-carlo-reclamam-ausencia-da-prefeitura-quanto-ao-asfaltamento-dos-bairros\/#breadcrumb"},"inLanguage":"pt-BR","potentialAction":[{"@type":"ReadAction","target":["https:\/\/verdadeon.com.br\/portal\/2023\/02\/22\/moradores-do-recanto-fortuna-e-jardim-monte-carlo-reclamam-ausencia-da-prefeitura-quanto-ao-asfaltamento-dos-bairros\/"]}]},{"@type":"ImageObject","inLanguage":"pt-BR","@id":"https:\/\/verdadeon.com.br\/portal\/2023\/02\/22\/moradores-do-recanto-fortuna-e-jardim-monte-carlo-reclamam-ausencia-da-prefeitura-quanto-ao-asfaltamento-dos-bairros\/#primaryimage","url":"https:\/\/i0.wp.com\/verdadeon.com.br\/portal\/wp-content\/uploads\/2023\/02\/WhatsApp-Image-2023-02-21-at-17.36.14-1.jpeg?fit=1000%2C670&ssl=1","contentUrl":"https:\/\/i0.wp.com\/verdadeon.com.br\/portal\/wp-content\/uploads\/2023\/02\/WhatsApp-Image-2023-02-21-at-17.36.14-1.jpeg?fit=1000%2C670&ssl=1","width":1000,"height":670,"caption":"Por n\u00e3o existir asfalto nas ruas, a poeira que sobe \u00e9 enorme e culmina n\u00e3o s\u00f3 em sujeira, mas suscita doen\u00e7as tamb\u00e9m"},{"@type":"BreadcrumbList","@id":"https:\/\/verdadeon.com.br\/portal\/2023\/02\/22\/moradores-do-recanto-fortuna-e-jardim-monte-carlo-reclamam-ausencia-da-prefeitura-quanto-ao-asfaltamento-dos-bairros\/#breadcrumb","itemListElement":[{"@type":"ListItem","position":1,"name":"In\u00edcio","item":"https:\/\/verdadeon.com.br\/portal\/"},{"@type":"ListItem","position":2,"name":"Moradores do Recanto Fortuna e Jardim Monte Carlo reclamam aus\u00eancia da prefeitura quanto ao asfaltamento dos bairros"}]},{"@type":"WebSite","@id":"https:\/\/verdadeon.com.br\/portal\/#website","url":"https:\/\/verdadeon.com.br\/portal\/","name":"VerdadeOn","description":"Not\u00edcias di\u00e1rias sobre Franca, Regi\u00e3o, Esporte, Cultura, Cotidiano, Colunas. Cobertura nos principais eventos da cidade \u00e9 aqui - Verdadeon Franca","potentialAction":[{"@type":"SearchAction","target":{"@type":"EntryPoint","urlTemplate":"https:\/\/verdadeon.com.br\/portal\/?s={search_term_string}"},"query-input":{"@type":"PropertyValueSpecification","valueRequired":true,"valueName":"search_term_string"}}],"inLanguage":"pt-BR"},{"@type":"Person","@id":"https:\/\/verdadeon.com.br\/portal\/#\/schema\/person\/8994718f49ee62ba5610471e29ca1f62","name":"Fernando Calixto","image":{"@type":"ImageObject","inLanguage":"pt-BR","@id":"https:\/\/verdadeon.com.br\/portal\/#\/schema\/person\/image\/","url":"https:\/\/secure.gravatar.com\/avatar\/7578910c24966c0316c340f9dbd601e93ee9f9212e1033968b367af9306bd9fb?s=96&d=mm&r=g","contentUrl":"https:\/\/secure.gravatar.com\/avatar\/7578910c24966c0316c340f9dbd601e93ee9f9212e1033968b367af9306bd9fb?s=96&d=mm&r=g","caption":"Fernando Calixto"},"url":"https:\/\/verdadeon.com.br\/portal\/author\/fernando-calixto\/"}]}},"jetpack_publicize_connections":[],"jetpack_featured_media_url":"https:\/\/i0.wp.com\/verdadeon.com.br\/portal\/wp-content\/uploads\/2023\/02\/WhatsApp-Image-2023-02-21-at-17.36.14-1.jpeg?fit=1000%2C670&ssl=1","jetpack_sharing_enabled":true,"_links":{"self":[{"href":"https:\/\/verdadeon.com.br\/portal\/wp-json\/wp\/v2\/posts\/31947","targetHints":{"allow":["GET"]}}],"collection":[{"href":"https:\/\/verdadeon.com.br\/portal\/wp-json\/wp\/v2\/posts"}],"about":[{"href":"https:\/\/verdadeon.com.br\/portal\/wp-json\/wp\/v2\/types\/post"}],"author":[{"embeddable":true,"href":"https:\/\/verdadeon.com.br\/portal\/wp-json\/wp\/v2\/users\/4"}],"replies":[{"embeddable":true,"href":"https:\/\/verdadeon.com.br\/portal\/wp-json\/wp\/v2\/comments?post=31947"}],"version-history":[{"count":3,"href":"https:\/\/verdadeon.com.br\/portal\/wp-json\/wp\/v2\/posts\/31947\/revisions"}],"predecessor-version":[{"id":31955,"href":"https:\/\/verdadeon.com.br\/portal\/wp-json\/wp\/v2\/posts\/31947\/revisions\/31955"}],"wp:featuredmedia":[{"embeddable":true,"href":"https:\/\/verdadeon.com.br\/portal\/wp-json\/wp\/v2\/media\/31950"}],"wp:attachment":[{"href":"https:\/\/verdadeon.com.br\/portal\/wp-json\/wp\/v2\/media?parent=31947"}],"wp:term":[{"taxonomy":"category","embeddable":true,"href":"https:\/\/verdadeon.com.br\/portal\/wp-json\/wp\/v2\/categories?post=31947"},{"taxonomy":"post_tag","embeddable":true,"href":"https:\/\/verdadeon.com.br\/portal\/wp-json\/wp\/v2\/tags?post=31947"}],"curies":[{"name":"wp","href":"https:\/\/api.w.org\/{rel}","templated":true}]}}