{"id":31927,"date":"2023-02-20T15:52:38","date_gmt":"2023-02-20T18:52:38","guid":{"rendered":"https:\/\/verdadeon.com.br\/portal\/?p=31927"},"modified":"2023-02-20T15:52:38","modified_gmt":"2023-02-20T18:52:38","slug":"em-tributo-as-vitimas-da-tragedia-no-litoral-governador-de-sao-paulo-declara-luto-oficial-de-tres-dias","status":"publish","type":"post","link":"https:\/\/verdadeon.com.br\/portal\/2023\/02\/20\/em-tributo-as-vitimas-da-tragedia-no-litoral-governador-de-sao-paulo-declara-luto-oficial-de-tres-dias\/","title":{"rendered":"Em tributo \u00e0s v\u00edtimas da trag\u00e9dia no litoral, Governador de S\u00e3o Paulo declara luto oficial de tr\u00eas dias"},"content":{"rendered":"<h2>An\u00fancio foi feito por Tarc\u00edsio de Freitas nesta segunda-feira (20)<\/h2>\n<p>Nesta segunda-feira (20), o governador do Estado de S\u00e3o Paulo, Tarc\u00edsio de Freitas, decretou luto oficial de tr\u00eas dias, em homenagem \u00e0s v\u00edtimas da fatalidade ocorrida no Litoral Norte do Estado, palco das chuvas impetuosas nestes dias de carnaval.<\/p>\n<p>As precipita\u00e7\u00f5es foram fort\u00edssimas nesse s\u00e1bado (19) e no domingo (20). Desde ent\u00e3o, 1730 pessoas ficaram desalojadas e 766 em situa\u00e7\u00e3o de desabrigo. No domingo, o governo do Estado confirmou a morte de pelo menos 36 pessoas, entre elas, 35 de S\u00e3o Sebasti\u00e3o e 1 de Ubatuba.<\/p>\n<p>Em artigo publicado no Di\u00e1rio Oficial do Estado nesta segunda, destaca-se: &#8220;Fica declarado luto oficial no Estado, por 3 (tr\u00eas) dias, em manifesta\u00e7\u00e3o de profundo pesar pelas v\u00edtimas das fortes chuvas que atingiram os Munic\u00edpios de Bertioga, Caraguatatuba, Guaruj\u00e1, Ilhabela, S\u00e3o Sebasti\u00e3o e Ubatuba nas \u00faltimas horas&#8221;. A provid\u00eancia passou a vigorar assim que publicada.<\/p>\n","protected":false},"excerpt":{"rendered":"<p>An\u00fancio foi feito por Tarc\u00edsio de Freitas nesta segunda-feira (20) Nesta segunda-feira (20), o governador do Estado de S\u00e3o Paulo, Tarc\u00edsio de Freitas, decretou luto oficial<span class=\"excerpt-hellip\"> [\u2026]<\/span><\/p>\n","protected":false},"author":4,"featured_media":31915,"comment_status":"open","ping_status":"open","sticky":false,"template":"","format":"standard","meta":{"_jetpack_memberships_contains_paid_content":false,"footnotes":"","jetpack_publicize_message":"","jetpack_publicize_feature_enabled":true,"jetpack_social_post_already_shared":false,"jetpack_social_options":{"image_generator_settings":{"template":"highway","default_image_id":0,"enabled":false},"version":2}},"categories":[28,44],"tags":[],"class_list":["post-31927","post","type-post","status-publish","format-standard","has-post-thumbnail","hentry","category-cotidiano","category-noticias"],"yoast_head":"<!-- This site is optimized with the Yoast SEO plugin v25.6 - https:\/\/yoast.com\/wordpress\/plugins\/seo\/ -->\n<title>Em tributo \u00e0s v\u00edtimas da trag\u00e9dia no litoral, Governador de S\u00e3o Paulo declara luto oficial de tr\u00eas dias - VerdadeOn<\/title>\n<meta name=\"robots\" content=\"index, follow, max-snippet:-1, max-image-preview:large, max-video-preview:-1\" \/>\n<link rel=\"canonical\" href=\"https:\/\/verdadeon.com.br\/portal\/2023\/02\/20\/em-tributo-as-vitimas-da-tragedia-no-litoral-governador-de-sao-paulo-declara-luto-oficial-de-tres-dias\/\" \/>\n<meta property=\"og:locale\" content=\"pt_BR\" \/>\n<meta property=\"og:type\" content=\"article\" \/>\n<meta property=\"og:title\" content=\"Em tributo \u00e0s v\u00edtimas da trag\u00e9dia no litoral, Governador de S\u00e3o Paulo declara luto oficial de tr\u00eas dias - VerdadeOn\" \/>\n<meta property=\"og:description\" content=\"An\u00fancio foi feito por Tarc\u00edsio de Freitas nesta segunda-feira (20) Nesta segunda-feira (20), o governador do Estado de S\u00e3o Paulo, Tarc\u00edsio de Freitas, decretou luto oficial [\u2026]\" \/>\n<meta property=\"og:url\" content=\"https:\/\/verdadeon.com.br\/portal\/2023\/02\/20\/em-tributo-as-vitimas-da-tragedia-no-litoral-governador-de-sao-paulo-declara-luto-oficial-de-tres-dias\/\" \/>\n<meta property=\"og:site_name\" content=\"VerdadeOn\" \/>\n<meta property=\"article:published_time\" content=\"2023-02-20T18:52:38+00:00\" \/>\n<meta property=\"og:image\" content=\"https:\/\/verdadeon.com.br\/portal\/wp-content\/uploads\/2023\/02\/foto1.jpg\" \/>\n\t<meta property=\"og:image:width\" content=\"1000\" \/>\n\t<meta property=\"og:image:height\" content=\"670\" \/>\n\t<meta property=\"og:image:type\" content=\"image\/jpeg\" \/>\n<meta name=\"author\" content=\"Fernando Calixto\" \/>\n<meta name=\"twitter:card\" content=\"summary_large_image\" \/>\n<meta name=\"twitter:label1\" content=\"Escrito por\" \/>\n\t<meta name=\"twitter:data1\" content=\"Fernando Calixto\" \/>\n\t<meta name=\"twitter:label2\" content=\"Est. tempo de leitura\" \/>\n\t<meta name=\"twitter:data2\" content=\"1 minuto\" \/>\n<script type=\"application\/ld+json\" class=\"yoast-schema-graph\">{\"@context\":\"https:\/\/schema.org\",\"@graph\":[{\"@type\":\"WebPage\",\"@id\":\"https:\/\/verdadeon.com.br\/portal\/2023\/02\/20\/em-tributo-as-vitimas-da-tragedia-no-litoral-governador-de-sao-paulo-declara-luto-oficial-de-tres-dias\/\",\"url\":\"https:\/\/verdadeon.com.br\/portal\/2023\/02\/20\/em-tributo-as-vitimas-da-tragedia-no-litoral-governador-de-sao-paulo-declara-luto-oficial-de-tres-dias\/\",\"name\":\"Em tributo \u00e0s v\u00edtimas da trag\u00e9dia no litoral, Governador de S\u00e3o Paulo declara luto oficial de tr\u00eas dias - VerdadeOn\",\"isPartOf\":{\"@id\":\"https:\/\/verdadeon.com.br\/portal\/#website\"},\"primaryImageOfPage\":{\"@id\":\"https:\/\/verdadeon.com.br\/portal\/2023\/02\/20\/em-tributo-as-vitimas-da-tragedia-no-litoral-governador-de-sao-paulo-declara-luto-oficial-de-tres-dias\/#primaryimage\"},\"image\":{\"@id\":\"https:\/\/verdadeon.com.br\/portal\/2023\/02\/20\/em-tributo-as-vitimas-da-tragedia-no-litoral-governador-de-sao-paulo-declara-luto-oficial-de-tres-dias\/#primaryimage\"},\"thumbnailUrl\":\"https:\/\/i0.wp.com\/verdadeon.com.br\/portal\/wp-content\/uploads\/2023\/02\/foto1.jpg?fit=1000%2C670&ssl=1\",\"datePublished\":\"2023-02-20T18:52:38+00:00\",\"author\":{\"@id\":\"https:\/\/verdadeon.com.br\/portal\/#\/schema\/person\/8994718f49ee62ba5610471e29ca1f62\"},\"breadcrumb\":{\"@id\":\"https:\/\/verdadeon.com.br\/portal\/2023\/02\/20\/em-tributo-as-vitimas-da-tragedia-no-litoral-governador-de-sao-paulo-declara-luto-oficial-de-tres-dias\/#breadcrumb\"},\"inLanguage\":\"pt-BR\",\"potentialAction\":[{\"@type\":\"ReadAction\",\"target\":[\"https:\/\/verdadeon.com.br\/portal\/2023\/02\/20\/em-tributo-as-vitimas-da-tragedia-no-litoral-governador-de-sao-paulo-declara-luto-oficial-de-tres-dias\/\"]}]},{\"@type\":\"ImageObject\",\"inLanguage\":\"pt-BR\",\"@id\":\"https:\/\/verdadeon.com.br\/portal\/2023\/02\/20\/em-tributo-as-vitimas-da-tragedia-no-litoral-governador-de-sao-paulo-declara-luto-oficial-de-tres-dias\/#primaryimage\",\"url\":\"https:\/\/i0.wp.com\/verdadeon.com.br\/portal\/wp-content\/uploads\/2023\/02\/foto1.jpg?fit=1000%2C670&ssl=1\",\"contentUrl\":\"https:\/\/i0.wp.com\/verdadeon.com.br\/portal\/wp-content\/uploads\/2023\/02\/foto1.jpg?fit=1000%2C670&ssl=1\",\"width\":1000,\"height\":670,\"caption\":\"Tarc\u00edsio de Freitas, decretou luto oficial de tr\u00eas dias, em homenagem \u00e0s v\u00edtimas da fatalidade ocorrida no Litoral Norte do Estado\"},{\"@type\":\"BreadcrumbList\",\"@id\":\"https:\/\/verdadeon.com.br\/portal\/2023\/02\/20\/em-tributo-as-vitimas-da-tragedia-no-litoral-governador-de-sao-paulo-declara-luto-oficial-de-tres-dias\/#breadcrumb\",\"itemListElement\":[{\"@type\":\"ListItem\",\"position\":1,\"name\":\"In\u00edcio\",\"item\":\"https:\/\/verdadeon.com.br\/portal\/\"},{\"@type\":\"ListItem\",\"position\":2,\"name\":\"Em tributo \u00e0s v\u00edtimas da trag\u00e9dia no litoral, Governador de S\u00e3o Paulo declara luto oficial de tr\u00eas dias\"}]},{\"@type\":\"WebSite\",\"@id\":\"https:\/\/verdadeon.com.br\/portal\/#website\",\"url\":\"https:\/\/verdadeon.com.br\/portal\/\",\"name\":\"VerdadeOn\",\"description\":\"Not\u00edcias di\u00e1rias sobre Franca, Regi\u00e3o, Esporte, Cultura, Cotidiano, Colunas. Cobertura nos principais eventos da cidade \u00e9 aqui - Verdadeon Franca\",\"potentialAction\":[{\"@type\":\"SearchAction\",\"target\":{\"@type\":\"EntryPoint\",\"urlTemplate\":\"https:\/\/verdadeon.com.br\/portal\/?s={search_term_string}\"},\"query-input\":{\"@type\":\"PropertyValueSpecification\",\"valueRequired\":true,\"valueName\":\"search_term_string\"}}],\"inLanguage\":\"pt-BR\"},{\"@type\":\"Person\",\"@id\":\"https:\/\/verdadeon.com.br\/portal\/#\/schema\/person\/8994718f49ee62ba5610471e29ca1f62\",\"name\":\"Fernando Calixto\",\"image\":{\"@type\":\"ImageObject\",\"inLanguage\":\"pt-BR\",\"@id\":\"https:\/\/verdadeon.com.br\/portal\/#\/schema\/person\/image\/\",\"url\":\"https:\/\/secure.gravatar.com\/avatar\/7578910c24966c0316c340f9dbd601e93ee9f9212e1033968b367af9306bd9fb?s=96&d=mm&r=g\",\"contentUrl\":\"https:\/\/secure.gravatar.com\/avatar\/7578910c24966c0316c340f9dbd601e93ee9f9212e1033968b367af9306bd9fb?s=96&d=mm&r=g\",\"caption\":\"Fernando Calixto\"},\"url\":\"https:\/\/verdadeon.com.br\/portal\/author\/fernando-calixto\/\"}]}<\/script>\n<!-- \/ Yoast SEO plugin. -->","yoast_head_json":{"title":"Em tributo \u00e0s v\u00edtimas da trag\u00e9dia no litoral, Governador de S\u00e3o Paulo declara luto oficial de tr\u00eas dias - VerdadeOn","robots":{"index":"index","follow":"follow","max-snippet":"max-snippet:-1","max-image-preview":"max-image-preview:large","max-video-preview":"max-video-preview:-1"},"canonical":"https:\/\/verdadeon.com.br\/portal\/2023\/02\/20\/em-tributo-as-vitimas-da-tragedia-no-litoral-governador-de-sao-paulo-declara-luto-oficial-de-tres-dias\/","og_locale":"pt_BR","og_type":"article","og_title":"Em tributo \u00e0s v\u00edtimas da trag\u00e9dia no litoral, Governador de S\u00e3o Paulo declara luto oficial de tr\u00eas dias - VerdadeOn","og_description":"An\u00fancio foi feito por Tarc\u00edsio de Freitas nesta segunda-feira (20) Nesta segunda-feira (20), o governador do Estado de S\u00e3o Paulo, Tarc\u00edsio de Freitas, decretou luto oficial [\u2026]","og_url":"https:\/\/verdadeon.com.br\/portal\/2023\/02\/20\/em-tributo-as-vitimas-da-tragedia-no-litoral-governador-de-sao-paulo-declara-luto-oficial-de-tres-dias\/","og_site_name":"VerdadeOn","article_published_time":"2023-02-20T18:52:38+00:00","og_image":[{"width":1000,"height":670,"url":"https:\/\/verdadeon.com.br\/portal\/wp-content\/uploads\/2023\/02\/foto1.jpg","type":"image\/jpeg"}],"author":"Fernando Calixto","twitter_card":"summary_large_image","twitter_misc":{"Escrito por":"Fernando Calixto","Est. tempo de leitura":"1 minuto"},"schema":{"@context":"https:\/\/schema.org","@graph":[{"@type":"WebPage","@id":"https:\/\/verdadeon.com.br\/portal\/2023\/02\/20\/em-tributo-as-vitimas-da-tragedia-no-litoral-governador-de-sao-paulo-declara-luto-oficial-de-tres-dias\/","url":"https:\/\/verdadeon.com.br\/portal\/2023\/02\/20\/em-tributo-as-vitimas-da-tragedia-no-litoral-governador-de-sao-paulo-declara-luto-oficial-de-tres-dias\/","name":"Em tributo \u00e0s v\u00edtimas da trag\u00e9dia no litoral, Governador de S\u00e3o Paulo declara luto oficial de tr\u00eas dias - VerdadeOn","isPartOf":{"@id":"https:\/\/verdadeon.com.br\/portal\/#website"},"primaryImageOfPage":{"@id":"https:\/\/verdadeon.com.br\/portal\/2023\/02\/20\/em-tributo-as-vitimas-da-tragedia-no-litoral-governador-de-sao-paulo-declara-luto-oficial-de-tres-dias\/#primaryimage"},"image":{"@id":"https:\/\/verdadeon.com.br\/portal\/2023\/02\/20\/em-tributo-as-vitimas-da-tragedia-no-litoral-governador-de-sao-paulo-declara-luto-oficial-de-tres-dias\/#primaryimage"},"thumbnailUrl":"https:\/\/i0.wp.com\/verdadeon.com.br\/portal\/wp-content\/uploads\/2023\/02\/foto1.jpg?fit=1000%2C670&ssl=1","datePublished":"2023-02-20T18:52:38+00:00","author":{"@id":"https:\/\/verdadeon.com.br\/portal\/#\/schema\/person\/8994718f49ee62ba5610471e29ca1f62"},"breadcrumb":{"@id":"https:\/\/verdadeon.com.br\/portal\/2023\/02\/20\/em-tributo-as-vitimas-da-tragedia-no-litoral-governador-de-sao-paulo-declara-luto-oficial-de-tres-dias\/#breadcrumb"},"inLanguage":"pt-BR","potentialAction":[{"@type":"ReadAction","target":["https:\/\/verdadeon.com.br\/portal\/2023\/02\/20\/em-tributo-as-vitimas-da-tragedia-no-litoral-governador-de-sao-paulo-declara-luto-oficial-de-tres-dias\/"]}]},{"@type":"ImageObject","inLanguage":"pt-BR","@id":"https:\/\/verdadeon.com.br\/portal\/2023\/02\/20\/em-tributo-as-vitimas-da-tragedia-no-litoral-governador-de-sao-paulo-declara-luto-oficial-de-tres-dias\/#primaryimage","url":"https:\/\/i0.wp.com\/verdadeon.com.br\/portal\/wp-content\/uploads\/2023\/02\/foto1.jpg?fit=1000%2C670&ssl=1","contentUrl":"https:\/\/i0.wp.com\/verdadeon.com.br\/portal\/wp-content\/uploads\/2023\/02\/foto1.jpg?fit=1000%2C670&ssl=1","width":1000,"height":670,"caption":"Tarc\u00edsio de Freitas, decretou luto oficial de tr\u00eas dias, em homenagem \u00e0s v\u00edtimas da fatalidade ocorrida no Litoral Norte do Estado"},{"@type":"BreadcrumbList","@id":"https:\/\/verdadeon.com.br\/portal\/2023\/02\/20\/em-tributo-as-vitimas-da-tragedia-no-litoral-governador-de-sao-paulo-declara-luto-oficial-de-tres-dias\/#breadcrumb","itemListElement":[{"@type":"ListItem","position":1,"name":"In\u00edcio","item":"https:\/\/verdadeon.com.br\/portal\/"},{"@type":"ListItem","position":2,"name":"Em tributo \u00e0s v\u00edtimas da trag\u00e9dia no litoral, Governador de S\u00e3o Paulo declara luto oficial de tr\u00eas dias"}]},{"@type":"WebSite","@id":"https:\/\/verdadeon.com.br\/portal\/#website","url":"https:\/\/verdadeon.com.br\/portal\/","name":"VerdadeOn","description":"Not\u00edcias di\u00e1rias sobre Franca, Regi\u00e3o, Esporte, Cultura, Cotidiano, Colunas. Cobertura nos principais eventos da cidade \u00e9 aqui - Verdadeon Franca","potentialAction":[{"@type":"SearchAction","target":{"@type":"EntryPoint","urlTemplate":"https:\/\/verdadeon.com.br\/portal\/?s={search_term_string}"},"query-input":{"@type":"PropertyValueSpecification","valueRequired":true,"valueName":"search_term_string"}}],"inLanguage":"pt-BR"},{"@type":"Person","@id":"https:\/\/verdadeon.com.br\/portal\/#\/schema\/person\/8994718f49ee62ba5610471e29ca1f62","name":"Fernando Calixto","image":{"@type":"ImageObject","inLanguage":"pt-BR","@id":"https:\/\/verdadeon.com.br\/portal\/#\/schema\/person\/image\/","url":"https:\/\/secure.gravatar.com\/avatar\/7578910c24966c0316c340f9dbd601e93ee9f9212e1033968b367af9306bd9fb?s=96&d=mm&r=g","contentUrl":"https:\/\/secure.gravatar.com\/avatar\/7578910c24966c0316c340f9dbd601e93ee9f9212e1033968b367af9306bd9fb?s=96&d=mm&r=g","caption":"Fernando Calixto"},"url":"https:\/\/verdadeon.com.br\/portal\/author\/fernando-calixto\/"}]}},"jetpack_publicize_connections":[],"jetpack_featured_media_url":"https:\/\/i0.wp.com\/verdadeon.com.br\/portal\/wp-content\/uploads\/2023\/02\/foto1.jpg?fit=1000%2C670&ssl=1","jetpack_sharing_enabled":true,"_links":{"self":[{"href":"https:\/\/verdadeon.com.br\/portal\/wp-json\/wp\/v2\/posts\/31927","targetHints":{"allow":["GET"]}}],"collection":[{"href":"https:\/\/verdadeon.com.br\/portal\/wp-json\/wp\/v2\/posts"}],"about":[{"href":"https:\/\/verdadeon.com.br\/portal\/wp-json\/wp\/v2\/types\/post"}],"author":[{"embeddable":true,"href":"https:\/\/verdadeon.com.br\/portal\/wp-json\/wp\/v2\/users\/4"}],"replies":[{"embeddable":true,"href":"https:\/\/verdadeon.com.br\/portal\/wp-json\/wp\/v2\/comments?post=31927"}],"version-history":[{"count":1,"href":"https:\/\/verdadeon.com.br\/portal\/wp-json\/wp\/v2\/posts\/31927\/revisions"}],"predecessor-version":[{"id":31928,"href":"https:\/\/verdadeon.com.br\/portal\/wp-json\/wp\/v2\/posts\/31927\/revisions\/31928"}],"wp:featuredmedia":[{"embeddable":true,"href":"https:\/\/verdadeon.com.br\/portal\/wp-json\/wp\/v2\/media\/31915"}],"wp:attachment":[{"href":"https:\/\/verdadeon.com.br\/portal\/wp-json\/wp\/v2\/media?parent=31927"}],"wp:term":[{"taxonomy":"category","embeddable":true,"href":"https:\/\/verdadeon.com.br\/portal\/wp-json\/wp\/v2\/categories?post=31927"},{"taxonomy":"post_tag","embeddable":true,"href":"https:\/\/verdadeon.com.br\/portal\/wp-json\/wp\/v2\/tags?post=31927"}],"curies":[{"name":"wp","href":"https:\/\/api.w.org\/{rel}","templated":true}]}}