{"id":31918,"date":"2023-02-20T15:45:30","date_gmt":"2023-02-20T18:45:30","guid":{"rendered":"https:\/\/verdadeon.com.br\/portal\/?p=31918"},"modified":"2023-02-20T15:45:30","modified_gmt":"2023-02-20T18:45:30","slug":"sobe-numero-de-desabrigados-e-desalojados-apos-fortes-chuvas-em-sp","status":"publish","type":"post","link":"https:\/\/verdadeon.com.br\/portal\/2023\/02\/20\/sobe-numero-de-desabrigados-e-desalojados-apos-fortes-chuvas-em-sp\/","title":{"rendered":"Sobe n\u00famero de desabrigados e desalojados ap\u00f3s fortes chuvas em SP"},"content":{"rendered":"<div class=\"col-lg-12 mb-3\">\n<div class=\"row\">\n<h3 class=\"col-10 offset-1 animated fadeInDown dealy-900 display-8 display-md-8 alt-font font-italic my-1 text-center\">Hospital da regi\u00e3o atendeu 13 adultos e cinco crian\u00e7as<\/h3>\n<\/div>\n<\/div>\n<div class=\"col-xl-7 offset-xl-1 col-lg-8 offset-lg-0 col-md-10 offset-md-1 mb-3\">\n<div class=\"post-item alt-font\">\n<div class=\"post-item-wrap\">\n<p>Mais de 1.730 pessoas est\u00e3o desalojadas e outras 766 continuam\u00a0desabrigadas em todo Estado de S\u00e3o Paulo, v\u00edtimas das fortes chuvas que atingiram o litoral norte ao longo do fim de semana. At\u00e9 o momento, foram confirmados 36 \u00f3bitos, sendo 35 em S\u00e3o Sebasti\u00e3o e um em Ubatuba. As informa\u00e7\u00f5es foram divulgadas no in\u00edcio da tarde desta\u00a0<span id=\"OBJ_PREFIX_DWT375_com_zimbra_date\" role=\"link\">segunda<\/span>-feira (20), pelo governo do estado.<img data-recalc-dims=\"1\" decoding=\"async\" src=\"https:\/\/i0.wp.com\/agenciabrasil.ebc.com.br\/ebc.png?w=1220&#038;ssl=1\" \/><img data-recalc-dims=\"1\" decoding=\"async\" src=\"https:\/\/i0.wp.com\/agenciabrasil.ebc.com.br\/ebc.gif?w=1220&#038;ssl=1\" \/><\/p>\n<p>A Secretaria de Sa\u00fade de S\u00e3o Paulo informou que 13 adultos e cinco crian\u00e7as v\u00edtimas das chuvas s\u00e3o atendidas no Hospital Regional do Litoral Norte. Deste total, cinco est\u00e3o em estado grave, 11 est\u00e1veis e dois receberam alta.<\/p>\n<p>Cerca de 500 pessoas est\u00e3o atuando na regi\u00e3o, entre servidores das for\u00e7as de seguran\u00e7a e resgate do Governo do Estado de S\u00e3o Paulo, das For\u00e7as Armadas, da Pol\u00edcia Federal, da prefeitura municipal de S\u00e3o Sebasti\u00e3o e volunt\u00e1rios. O Comando de Avia\u00e7\u00e3o da Pol\u00edcia Militar e o Ex\u00e9rcito Brasileiro ampliaram para 14 o n\u00famero de aeronaves destacadas aos trabalhos de resgate, salvamento e identifica\u00e7\u00e3o das v\u00edtimas.<\/p>\n<h2>Abastecimento de \u00e1gua<\/h2>\n<p>Em S\u00e3o Sebasti\u00e3o e Ilhabela, 33 caminh\u00f5es tanque da Companhia de Saneamento B\u00e1sico do Estado de S\u00e3o Paulo (Sabesp) realizam o abastecimento emergencial at\u00e9 a regulariza\u00e7\u00e3o total dos sistemas. A produ\u00e7\u00e3o de \u00e1gua na Barra do Una (Sistema Cristina) foi retomada parcialmente com 62 litros por segundo. Equipes da Sabesp\u00a0trabalham para reparar a esta\u00e7\u00e3o de capta\u00e7\u00e3o de \u00e1gua em Maresias.<\/p>\n<p>Em Caraguatatuba\u00a0e Ubatuba, os sistemas de abastecimento est\u00e3o em processo de recupera\u00e7\u00e3o. Ao todo, 104 t\u00e9cnicos da companhia est\u00e3o empenhados nesse trabalho, com o apoio de caminh\u00f5es de hidrojateamento e alto v\u00e1cuo, seis retroescavadeiras e outros ve\u00edculos.<\/p>\n<h2>Estradas<\/h2>\n<p>Neste momento, as seguintes rodovias est\u00e3o com pontos de interdi\u00e7\u00e3o total e parcial:<\/p>\n<h2>Total<\/h2>\n<p>Rodovia Dr. Manoel Hypp\u00f3lito Rego (SP-055)<\/p>\n<p>Km 174+500 \u2013 queda de barreira<\/p>\n<p>Km 157 ao 162 \u2013 queda de barreira<\/p>\n<h2>Parcial<\/h2>\n<p>Rodovia Dr. Manoel Hypp\u00f3lito Rego (SP-055)<\/p>\n<p>Km 061 \u2013 queda de barreira; Km 066 \u2013 queda de barreira; Km 084 \u2013 queda de \u00e1rvore; Km 87\u2013 queda de barreira e \u00e1rvores; Km 095 \u2013 alagamento; Km 95 ao 096 \u2013 queda de barreira; Km 116 \u2013 queda de barreira; Km 136 ao 142 \u2013 queda de barreira e \u00e1rvores; Km 164 \u2013 queda de barreira; Km 180 \u2013 queda de \u00e1rvore; Km 188 \u2013 eros\u00e3o; Km 237 \u2013 queda de barreira.<\/p>\n<h2>Mogi-Bertioga<\/h2>\n<p>A Rodovia Mogi-Bertioga (SP-098) segue interditada, em raz\u00e3o do rompimento de tubula\u00e7\u00e3o, na altura do km 82, em Biritiba Mirim. Tamb\u00e9m h\u00e1 interdi\u00e7\u00e3o parcial nos km 90 e 91, devido \u00e0 queda de barreira; e no Km 87, devido a uma eros\u00e3o. Uma equipe do DER esteve no local e avalia as obras emergenciais que ser\u00e3o necess\u00e1rias para recupera\u00e7\u00e3o da via. Caso necess\u00e1rio o deslocamento, os motoristas devem usar como rotas alternativas as rodovias do Sistema Imigrantes\/Anchieta (SP-160 e SP-150). Devido a uma queda de barreira no km 174+500 da SP-055, na Praia do Juquehy, o acesso a uma rota alternativa pela Rodovia dos Tamoios est\u00e1 interditado para quem est\u00e1 entre Bertioga e Juquehy.<\/p>\n<h2>Rodovias Concessionadas<\/h2>\n<p>As principais rodovias que d\u00e3o acesso ao litoral paulista n\u00e3o apresentam engarrafamentos, j\u00e1 no sentido interior do estado, a Rodovia Castello Branco apresenta congestionamento.<\/p>\n<\/div>\n<\/div>\n<\/div>\n","protected":false},"excerpt":{"rendered":"<p>Hospital da regi\u00e3o atendeu 13 adultos e cinco crian\u00e7as Mais de 1.730 pessoas est\u00e3o desalojadas e outras 766 continuam\u00a0desabrigadas em todo Estado de S\u00e3o Paulo, v\u00edtimas<span class=\"excerpt-hellip\"> [\u2026]<\/span><\/p>\n","protected":false},"author":4,"featured_media":31923,"comment_status":"open","ping_status":"open","sticky":false,"template":"","format":"standard","meta":{"_jetpack_memberships_contains_paid_content":false,"footnotes":"","jetpack_publicize_message":"","jetpack_publicize_feature_enabled":true,"jetpack_social_post_already_shared":false,"jetpack_social_options":{"image_generator_settings":{"template":"highway","default_image_id":0,"enabled":false},"version":2}},"categories":[28,81],"tags":[],"class_list":["post-31918","post","type-post","status-publish","format-standard","has-post-thumbnail","hentry","category-cotidiano","category-manchete"],"yoast_head":"<!-- This site is optimized with the Yoast SEO plugin v25.6 - https:\/\/yoast.com\/wordpress\/plugins\/seo\/ -->\n<title>Sobe n\u00famero de desabrigados e desalojados ap\u00f3s fortes chuvas em SP - VerdadeOn<\/title>\n<meta name=\"robots\" content=\"index, follow, max-snippet:-1, max-image-preview:large, max-video-preview:-1\" \/>\n<link rel=\"canonical\" href=\"https:\/\/verdadeon.com.br\/portal\/2023\/02\/20\/sobe-numero-de-desabrigados-e-desalojados-apos-fortes-chuvas-em-sp\/\" \/>\n<meta property=\"og:locale\" content=\"pt_BR\" \/>\n<meta property=\"og:type\" content=\"article\" \/>\n<meta property=\"og:title\" content=\"Sobe n\u00famero de desabrigados e desalojados ap\u00f3s fortes chuvas em SP - VerdadeOn\" \/>\n<meta property=\"og:description\" content=\"Hospital da regi\u00e3o atendeu 13 adultos e cinco crian\u00e7as Mais de 1.730 pessoas est\u00e3o desalojadas e outras 766 continuam\u00a0desabrigadas em todo Estado de S\u00e3o Paulo, v\u00edtimas [\u2026]\" \/>\n<meta property=\"og:url\" content=\"https:\/\/verdadeon.com.br\/portal\/2023\/02\/20\/sobe-numero-de-desabrigados-e-desalojados-apos-fortes-chuvas-em-sp\/\" \/>\n<meta property=\"og:site_name\" content=\"VerdadeOn\" \/>\n<meta property=\"article:published_time\" content=\"2023-02-20T18:45:30+00:00\" \/>\n<meta property=\"og:image\" content=\"https:\/\/verdadeon.com.br\/portal\/wp-content\/uploads\/2023\/02\/52700771100_fbe4234876_o.jpg\" \/>\n\t<meta property=\"og:image:width\" content=\"1000\" \/>\n\t<meta property=\"og:image:height\" content=\"670\" \/>\n\t<meta property=\"og:image:type\" content=\"image\/jpeg\" \/>\n<meta name=\"author\" content=\"Fernando Calixto\" \/>\n<meta name=\"twitter:card\" content=\"summary_large_image\" \/>\n<meta name=\"twitter:label1\" content=\"Escrito por\" \/>\n\t<meta name=\"twitter:data1\" content=\"Fernando Calixto\" \/>\n\t<meta name=\"twitter:label2\" content=\"Est. tempo de leitura\" \/>\n\t<meta name=\"twitter:data2\" content=\"4 minutos\" \/>\n<script type=\"application\/ld+json\" class=\"yoast-schema-graph\">{\"@context\":\"https:\/\/schema.org\",\"@graph\":[{\"@type\":\"WebPage\",\"@id\":\"https:\/\/verdadeon.com.br\/portal\/2023\/02\/20\/sobe-numero-de-desabrigados-e-desalojados-apos-fortes-chuvas-em-sp\/\",\"url\":\"https:\/\/verdadeon.com.br\/portal\/2023\/02\/20\/sobe-numero-de-desabrigados-e-desalojados-apos-fortes-chuvas-em-sp\/\",\"name\":\"Sobe n\u00famero de desabrigados e desalojados ap\u00f3s fortes chuvas em SP - VerdadeOn\",\"isPartOf\":{\"@id\":\"https:\/\/verdadeon.com.br\/portal\/#website\"},\"primaryImageOfPage\":{\"@id\":\"https:\/\/verdadeon.com.br\/portal\/2023\/02\/20\/sobe-numero-de-desabrigados-e-desalojados-apos-fortes-chuvas-em-sp\/#primaryimage\"},\"image\":{\"@id\":\"https:\/\/verdadeon.com.br\/portal\/2023\/02\/20\/sobe-numero-de-desabrigados-e-desalojados-apos-fortes-chuvas-em-sp\/#primaryimage\"},\"thumbnailUrl\":\"https:\/\/i0.wp.com\/verdadeon.com.br\/portal\/wp-content\/uploads\/2023\/02\/52700771100_fbe4234876_o.jpg?fit=1000%2C670&ssl=1\",\"datePublished\":\"2023-02-20T18:45:30+00:00\",\"author\":{\"@id\":\"https:\/\/verdadeon.com.br\/portal\/#\/schema\/person\/8994718f49ee62ba5610471e29ca1f62\"},\"breadcrumb\":{\"@id\":\"https:\/\/verdadeon.com.br\/portal\/2023\/02\/20\/sobe-numero-de-desabrigados-e-desalojados-apos-fortes-chuvas-em-sp\/#breadcrumb\"},\"inLanguage\":\"pt-BR\",\"potentialAction\":[{\"@type\":\"ReadAction\",\"target\":[\"https:\/\/verdadeon.com.br\/portal\/2023\/02\/20\/sobe-numero-de-desabrigados-e-desalojados-apos-fortes-chuvas-em-sp\/\"]}]},{\"@type\":\"ImageObject\",\"inLanguage\":\"pt-BR\",\"@id\":\"https:\/\/verdadeon.com.br\/portal\/2023\/02\/20\/sobe-numero-de-desabrigados-e-desalojados-apos-fortes-chuvas-em-sp\/#primaryimage\",\"url\":\"https:\/\/i0.wp.com\/verdadeon.com.br\/portal\/wp-content\/uploads\/2023\/02\/52700771100_fbe4234876_o.jpg?fit=1000%2C670&ssl=1\",\"contentUrl\":\"https:\/\/i0.wp.com\/verdadeon.com.br\/portal\/wp-content\/uploads\/2023\/02\/52700771100_fbe4234876_o.jpg?fit=1000%2C670&ssl=1\",\"width\":1000,\"height\":670,\"caption\":\"Mais de 1.730 pessoas est\u00e3o desalojadas e outras 766 continuam\u00a0desabrigadas em todo Estado de S\u00e3o Paulo\"},{\"@type\":\"BreadcrumbList\",\"@id\":\"https:\/\/verdadeon.com.br\/portal\/2023\/02\/20\/sobe-numero-de-desabrigados-e-desalojados-apos-fortes-chuvas-em-sp\/#breadcrumb\",\"itemListElement\":[{\"@type\":\"ListItem\",\"position\":1,\"name\":\"In\u00edcio\",\"item\":\"https:\/\/verdadeon.com.br\/portal\/\"},{\"@type\":\"ListItem\",\"position\":2,\"name\":\"Sobe n\u00famero de desabrigados e desalojados ap\u00f3s fortes chuvas em SP\"}]},{\"@type\":\"WebSite\",\"@id\":\"https:\/\/verdadeon.com.br\/portal\/#website\",\"url\":\"https:\/\/verdadeon.com.br\/portal\/\",\"name\":\"VerdadeOn\",\"description\":\"Not\u00edcias di\u00e1rias sobre Franca, Regi\u00e3o, Esporte, Cultura, Cotidiano, Colunas. Cobertura nos principais eventos da cidade \u00e9 aqui - Verdadeon Franca\",\"potentialAction\":[{\"@type\":\"SearchAction\",\"target\":{\"@type\":\"EntryPoint\",\"urlTemplate\":\"https:\/\/verdadeon.com.br\/portal\/?s={search_term_string}\"},\"query-input\":{\"@type\":\"PropertyValueSpecification\",\"valueRequired\":true,\"valueName\":\"search_term_string\"}}],\"inLanguage\":\"pt-BR\"},{\"@type\":\"Person\",\"@id\":\"https:\/\/verdadeon.com.br\/portal\/#\/schema\/person\/8994718f49ee62ba5610471e29ca1f62\",\"name\":\"Fernando Calixto\",\"image\":{\"@type\":\"ImageObject\",\"inLanguage\":\"pt-BR\",\"@id\":\"https:\/\/verdadeon.com.br\/portal\/#\/schema\/person\/image\/\",\"url\":\"https:\/\/secure.gravatar.com\/avatar\/7578910c24966c0316c340f9dbd601e93ee9f9212e1033968b367af9306bd9fb?s=96&d=mm&r=g\",\"contentUrl\":\"https:\/\/secure.gravatar.com\/avatar\/7578910c24966c0316c340f9dbd601e93ee9f9212e1033968b367af9306bd9fb?s=96&d=mm&r=g\",\"caption\":\"Fernando Calixto\"},\"url\":\"https:\/\/verdadeon.com.br\/portal\/author\/fernando-calixto\/\"}]}<\/script>\n<!-- \/ Yoast SEO plugin. -->","yoast_head_json":{"title":"Sobe n\u00famero de desabrigados e desalojados ap\u00f3s fortes chuvas em SP - VerdadeOn","robots":{"index":"index","follow":"follow","max-snippet":"max-snippet:-1","max-image-preview":"max-image-preview:large","max-video-preview":"max-video-preview:-1"},"canonical":"https:\/\/verdadeon.com.br\/portal\/2023\/02\/20\/sobe-numero-de-desabrigados-e-desalojados-apos-fortes-chuvas-em-sp\/","og_locale":"pt_BR","og_type":"article","og_title":"Sobe n\u00famero de desabrigados e desalojados ap\u00f3s fortes chuvas em SP - VerdadeOn","og_description":"Hospital da regi\u00e3o atendeu 13 adultos e cinco crian\u00e7as Mais de 1.730 pessoas est\u00e3o desalojadas e outras 766 continuam\u00a0desabrigadas em todo Estado de S\u00e3o Paulo, v\u00edtimas [\u2026]","og_url":"https:\/\/verdadeon.com.br\/portal\/2023\/02\/20\/sobe-numero-de-desabrigados-e-desalojados-apos-fortes-chuvas-em-sp\/","og_site_name":"VerdadeOn","article_published_time":"2023-02-20T18:45:30+00:00","og_image":[{"width":1000,"height":670,"url":"https:\/\/verdadeon.com.br\/portal\/wp-content\/uploads\/2023\/02\/52700771100_fbe4234876_o.jpg","type":"image\/jpeg"}],"author":"Fernando Calixto","twitter_card":"summary_large_image","twitter_misc":{"Escrito por":"Fernando Calixto","Est. tempo de leitura":"4 minutos"},"schema":{"@context":"https:\/\/schema.org","@graph":[{"@type":"WebPage","@id":"https:\/\/verdadeon.com.br\/portal\/2023\/02\/20\/sobe-numero-de-desabrigados-e-desalojados-apos-fortes-chuvas-em-sp\/","url":"https:\/\/verdadeon.com.br\/portal\/2023\/02\/20\/sobe-numero-de-desabrigados-e-desalojados-apos-fortes-chuvas-em-sp\/","name":"Sobe n\u00famero de desabrigados e desalojados ap\u00f3s fortes chuvas em SP - VerdadeOn","isPartOf":{"@id":"https:\/\/verdadeon.com.br\/portal\/#website"},"primaryImageOfPage":{"@id":"https:\/\/verdadeon.com.br\/portal\/2023\/02\/20\/sobe-numero-de-desabrigados-e-desalojados-apos-fortes-chuvas-em-sp\/#primaryimage"},"image":{"@id":"https:\/\/verdadeon.com.br\/portal\/2023\/02\/20\/sobe-numero-de-desabrigados-e-desalojados-apos-fortes-chuvas-em-sp\/#primaryimage"},"thumbnailUrl":"https:\/\/i0.wp.com\/verdadeon.com.br\/portal\/wp-content\/uploads\/2023\/02\/52700771100_fbe4234876_o.jpg?fit=1000%2C670&ssl=1","datePublished":"2023-02-20T18:45:30+00:00","author":{"@id":"https:\/\/verdadeon.com.br\/portal\/#\/schema\/person\/8994718f49ee62ba5610471e29ca1f62"},"breadcrumb":{"@id":"https:\/\/verdadeon.com.br\/portal\/2023\/02\/20\/sobe-numero-de-desabrigados-e-desalojados-apos-fortes-chuvas-em-sp\/#breadcrumb"},"inLanguage":"pt-BR","potentialAction":[{"@type":"ReadAction","target":["https:\/\/verdadeon.com.br\/portal\/2023\/02\/20\/sobe-numero-de-desabrigados-e-desalojados-apos-fortes-chuvas-em-sp\/"]}]},{"@type":"ImageObject","inLanguage":"pt-BR","@id":"https:\/\/verdadeon.com.br\/portal\/2023\/02\/20\/sobe-numero-de-desabrigados-e-desalojados-apos-fortes-chuvas-em-sp\/#primaryimage","url":"https:\/\/i0.wp.com\/verdadeon.com.br\/portal\/wp-content\/uploads\/2023\/02\/52700771100_fbe4234876_o.jpg?fit=1000%2C670&ssl=1","contentUrl":"https:\/\/i0.wp.com\/verdadeon.com.br\/portal\/wp-content\/uploads\/2023\/02\/52700771100_fbe4234876_o.jpg?fit=1000%2C670&ssl=1","width":1000,"height":670,"caption":"Mais de 1.730 pessoas est\u00e3o desalojadas e outras 766 continuam\u00a0desabrigadas em todo Estado de S\u00e3o Paulo"},{"@type":"BreadcrumbList","@id":"https:\/\/verdadeon.com.br\/portal\/2023\/02\/20\/sobe-numero-de-desabrigados-e-desalojados-apos-fortes-chuvas-em-sp\/#breadcrumb","itemListElement":[{"@type":"ListItem","position":1,"name":"In\u00edcio","item":"https:\/\/verdadeon.com.br\/portal\/"},{"@type":"ListItem","position":2,"name":"Sobe n\u00famero de desabrigados e desalojados ap\u00f3s fortes chuvas em SP"}]},{"@type":"WebSite","@id":"https:\/\/verdadeon.com.br\/portal\/#website","url":"https:\/\/verdadeon.com.br\/portal\/","name":"VerdadeOn","description":"Not\u00edcias di\u00e1rias sobre Franca, Regi\u00e3o, Esporte, Cultura, Cotidiano, Colunas. Cobertura nos principais eventos da cidade \u00e9 aqui - Verdadeon Franca","potentialAction":[{"@type":"SearchAction","target":{"@type":"EntryPoint","urlTemplate":"https:\/\/verdadeon.com.br\/portal\/?s={search_term_string}"},"query-input":{"@type":"PropertyValueSpecification","valueRequired":true,"valueName":"search_term_string"}}],"inLanguage":"pt-BR"},{"@type":"Person","@id":"https:\/\/verdadeon.com.br\/portal\/#\/schema\/person\/8994718f49ee62ba5610471e29ca1f62","name":"Fernando Calixto","image":{"@type":"ImageObject","inLanguage":"pt-BR","@id":"https:\/\/verdadeon.com.br\/portal\/#\/schema\/person\/image\/","url":"https:\/\/secure.gravatar.com\/avatar\/7578910c24966c0316c340f9dbd601e93ee9f9212e1033968b367af9306bd9fb?s=96&d=mm&r=g","contentUrl":"https:\/\/secure.gravatar.com\/avatar\/7578910c24966c0316c340f9dbd601e93ee9f9212e1033968b367af9306bd9fb?s=96&d=mm&r=g","caption":"Fernando Calixto"},"url":"https:\/\/verdadeon.com.br\/portal\/author\/fernando-calixto\/"}]}},"jetpack_publicize_connections":[],"jetpack_featured_media_url":"https:\/\/i0.wp.com\/verdadeon.com.br\/portal\/wp-content\/uploads\/2023\/02\/52700771100_fbe4234876_o.jpg?fit=1000%2C670&ssl=1","jetpack_sharing_enabled":true,"_links":{"self":[{"href":"https:\/\/verdadeon.com.br\/portal\/wp-json\/wp\/v2\/posts\/31918","targetHints":{"allow":["GET"]}}],"collection":[{"href":"https:\/\/verdadeon.com.br\/portal\/wp-json\/wp\/v2\/posts"}],"about":[{"href":"https:\/\/verdadeon.com.br\/portal\/wp-json\/wp\/v2\/types\/post"}],"author":[{"embeddable":true,"href":"https:\/\/verdadeon.com.br\/portal\/wp-json\/wp\/v2\/users\/4"}],"replies":[{"embeddable":true,"href":"https:\/\/verdadeon.com.br\/portal\/wp-json\/wp\/v2\/comments?post=31918"}],"version-history":[{"count":1,"href":"https:\/\/verdadeon.com.br\/portal\/wp-json\/wp\/v2\/posts\/31918\/revisions"}],"predecessor-version":[{"id":31924,"href":"https:\/\/verdadeon.com.br\/portal\/wp-json\/wp\/v2\/posts\/31918\/revisions\/31924"}],"wp:featuredmedia":[{"embeddable":true,"href":"https:\/\/verdadeon.com.br\/portal\/wp-json\/wp\/v2\/media\/31923"}],"wp:attachment":[{"href":"https:\/\/verdadeon.com.br\/portal\/wp-json\/wp\/v2\/media?parent=31918"}],"wp:term":[{"taxonomy":"category","embeddable":true,"href":"https:\/\/verdadeon.com.br\/portal\/wp-json\/wp\/v2\/categories?post=31918"},{"taxonomy":"post_tag","embeddable":true,"href":"https:\/\/verdadeon.com.br\/portal\/wp-json\/wp\/v2\/tags?post=31918"}],"curies":[{"name":"wp","href":"https:\/\/api.w.org\/{rel}","templated":true}]}}