{"id":31909,"date":"2023-02-18T10:00:59","date_gmt":"2023-02-18T13:00:59","guid":{"rendered":"https:\/\/verdadeon.com.br\/portal\/?p=31909"},"modified":"2023-02-18T13:35:18","modified_gmt":"2023-02-18T16:35:18","slug":"camara-municipal-de-franca-vota-projetos-de-regularizacao-de-condominios-na-proxima-quinta","status":"publish","type":"post","link":"https:\/\/verdadeon.com.br\/portal\/2023\/02\/18\/camara-municipal-de-franca-vota-projetos-de-regularizacao-de-condominios-na-proxima-quinta\/","title":{"rendered":"C\u00e2mara Municipal de Franca vota projetos de regulariza\u00e7\u00e3o de condom\u00ednios na pr\u00f3xima Quinta"},"content":{"rendered":"<h2>Sess\u00e3o que deveria ser realizada na ter\u00e7a-feira (21) foi adiada em virtude do carnaval<\/h2>\n<p>Devido a suspens\u00e3o do expediente pelo feriado de Carnaval, conforme Portaria 10\/2023 publicada no Di\u00e1rio Oficial do Munic\u00edpio, a C\u00e2mara de Franca que geralmente realiza as sess\u00f5es \u00e0s ter\u00e7as-feiras, ter\u00e1 o encontro dos vereadores na quinta-feira, 24 de fevereiro, na 3\u00aa Sess\u00e3o Ordin\u00e1ria de 2023.<\/p>\n<p>As atividades come\u00e7am no per\u00edodo da manh\u00e3, com as leituras dos documentos e of\u00edcios, al\u00e9m de uso da Tribuna tanto pelos mun\u00edcipes inscritos previamente, quanto pelos pr\u00f3prios parlamentares, a partir das 9h. \u00c0 tarde, a partir das 14h, acontecem os debates e vota\u00e7\u00f5es.<\/p>\n<p>Dez itens dever\u00e3o ser pautados, entre eles, est\u00e3o propostas de autoria do prefeito Alexandre Ferreira (MDB), sendo o Projeto de Lei Ordin\u00e1ria n\u00ba 7\/2023 que disp\u00f5e sobre a fixa\u00e7\u00e3o dos padr\u00f5es urban\u00edsticos do Edif\u00edcio Residencial Atrium e o Projeto de Lei Ordin\u00e1ria n\u00ba 8\/2023 que disp\u00f5e sobre a fixa\u00e7\u00e3o dos padr\u00f5es urban\u00edsticos do Edif\u00edcio Via Franca, para fins de regulariza\u00e7\u00e3o. S\u00e3o adequa\u00e7\u00f5es que cumprem as exig\u00eancias de obras no munic\u00edpio tendo havido acompanhamento do Minist\u00e9rio P\u00fablico.<\/p>\n<p>De acordo com o texto do Edif\u00edcio Atrium \u2018\u00e0 taxa de ocupa\u00e7\u00e3o do edif\u00edcio, \u00e9 necess\u00e1ria outorga onerosa de acordo com o novo projeto aprovado, n\u00e3o sendo poss\u00edvel nova discuss\u00e3o sobre o valor fixado, de R$ 214.577,52; os interessados concordaram com o pagamento, solicitando prazo para que a quest\u00e3o seja levada \u00e0 Assembleia do Condom\u00ednio para aprova\u00e7\u00e3o, comprometendo-se a providenciar a respectiva convoca\u00e7\u00e3o. Em rela\u00e7\u00e3o aos danos morais coletivos, fixou-se o valor de R$ 15.000,00 (quinze mil reais). O valor foi aceito pelo empreendedor, sendo que a aprova\u00e7\u00e3o tamb\u00e9m depender\u00e1 da realiza\u00e7\u00e3o da Assembleia\u2019<\/p>\n<p>Ainda de acordo com o documento \u2018o projeto de regulariza\u00e7\u00e3o foi previamente aprovado em Assembleia Geral Extraordin\u00e1ria do Condom\u00ednio Edif\u00edcio Atrium, em 26 de outubro de 2022\u2019<\/p>\n<p>No que se refere ao Edif\u00edcio Via Franca, \u2018o valor referente \u00e0 outorga onerosa j\u00e1 foi pago. Em rela\u00e7\u00e3o aos danos morais, foi tamb\u00e9m fixado o valor de R$ 15.000,00. Pela construtora, foi proposto que, ao serem pagos os valores referentes \u00e0 outorga onerosa e aos danos morais, seja fixado um prazo para que o Munic\u00edpio expe\u00e7a o habite-se dos empreendimentos\u2019<\/p>\n<p>Conforme estabelece o documento, \u2018o projeto de regulariza\u00e7\u00e3o foi previamente aprovado em Assembleia Geral Extraordin\u00e1ria do Condom\u00ednio Edif\u00edcio Via Franca, em 14 de outubro de 2022\u2019.<\/p>\n","protected":false},"excerpt":{"rendered":"<p>Sess\u00e3o que deveria ser realizada na ter\u00e7a-feira (21) foi adiada em virtude do carnaval Devido a suspens\u00e3o do expediente pelo feriado de Carnaval, conforme Portaria 10\/2023<span class=\"excerpt-hellip\"> [\u2026]<\/span><\/p>\n","protected":false},"author":4,"featured_media":31904,"comment_status":"open","ping_status":"open","sticky":false,"template":"","format":"standard","meta":{"_jetpack_memberships_contains_paid_content":false,"footnotes":"","jetpack_publicize_message":"","jetpack_publicize_feature_enabled":true,"jetpack_social_post_already_shared":false,"jetpack_social_options":{"image_generator_settings":{"template":"highway","default_image_id":0,"enabled":false},"version":2}},"categories":[28,81],"tags":[],"class_list":["post-31909","post","type-post","status-publish","format-standard","has-post-thumbnail","hentry","category-cotidiano","category-manchete"],"yoast_head":"<!-- This site is optimized with the Yoast SEO plugin v25.6 - https:\/\/yoast.com\/wordpress\/plugins\/seo\/ -->\n<title>C\u00e2mara Municipal de Franca vota projetos de regulariza\u00e7\u00e3o de condom\u00ednios na pr\u00f3xima Quinta - VerdadeOn<\/title>\n<meta name=\"robots\" content=\"index, follow, max-snippet:-1, max-image-preview:large, max-video-preview:-1\" \/>\n<link rel=\"canonical\" href=\"https:\/\/verdadeon.com.br\/portal\/2023\/02\/18\/camara-municipal-de-franca-vota-projetos-de-regularizacao-de-condominios-na-proxima-quinta\/\" \/>\n<meta property=\"og:locale\" content=\"pt_BR\" \/>\n<meta property=\"og:type\" content=\"article\" \/>\n<meta property=\"og:title\" content=\"C\u00e2mara Municipal de Franca vota projetos de regulariza\u00e7\u00e3o de condom\u00ednios na pr\u00f3xima Quinta - VerdadeOn\" \/>\n<meta property=\"og:description\" content=\"Sess\u00e3o que deveria ser realizada na ter\u00e7a-feira (21) foi adiada em virtude do carnaval Devido a suspens\u00e3o do expediente pelo feriado de Carnaval, conforme Portaria 10\/2023 [\u2026]\" \/>\n<meta property=\"og:url\" content=\"https:\/\/verdadeon.com.br\/portal\/2023\/02\/18\/camara-municipal-de-franca-vota-projetos-de-regularizacao-de-condominios-na-proxima-quinta\/\" \/>\n<meta property=\"og:site_name\" content=\"VerdadeOn\" \/>\n<meta property=\"article:published_time\" content=\"2023-02-18T13:00:59+00:00\" \/>\n<meta property=\"article:modified_time\" content=\"2023-02-18T16:35:18+00:00\" \/>\n<meta property=\"og:image\" content=\"https:\/\/verdadeon.com.br\/portal\/wp-content\/uploads\/2023\/02\/WhatsApp-Image-2023-02-18-at-08.56.06.jpeg\" \/>\n\t<meta property=\"og:image:width\" content=\"1000\" \/>\n\t<meta property=\"og:image:height\" content=\"670\" \/>\n\t<meta property=\"og:image:type\" content=\"image\/jpeg\" \/>\n<meta name=\"author\" content=\"Fernando Calixto\" \/>\n<meta name=\"twitter:card\" content=\"summary_large_image\" \/>\n<meta name=\"twitter:label1\" content=\"Escrito por\" \/>\n\t<meta name=\"twitter:data1\" content=\"Fernando Calixto\" \/>\n\t<meta name=\"twitter:label2\" content=\"Est. tempo de leitura\" \/>\n\t<meta name=\"twitter:data2\" content=\"2 minutos\" \/>\n<script type=\"application\/ld+json\" class=\"yoast-schema-graph\">{\"@context\":\"https:\/\/schema.org\",\"@graph\":[{\"@type\":\"WebPage\",\"@id\":\"https:\/\/verdadeon.com.br\/portal\/2023\/02\/18\/camara-municipal-de-franca-vota-projetos-de-regularizacao-de-condominios-na-proxima-quinta\/\",\"url\":\"https:\/\/verdadeon.com.br\/portal\/2023\/02\/18\/camara-municipal-de-franca-vota-projetos-de-regularizacao-de-condominios-na-proxima-quinta\/\",\"name\":\"C\u00e2mara Municipal de Franca vota projetos de regulariza\u00e7\u00e3o de condom\u00ednios na pr\u00f3xima Quinta - VerdadeOn\",\"isPartOf\":{\"@id\":\"https:\/\/verdadeon.com.br\/portal\/#website\"},\"primaryImageOfPage\":{\"@id\":\"https:\/\/verdadeon.com.br\/portal\/2023\/02\/18\/camara-municipal-de-franca-vota-projetos-de-regularizacao-de-condominios-na-proxima-quinta\/#primaryimage\"},\"image\":{\"@id\":\"https:\/\/verdadeon.com.br\/portal\/2023\/02\/18\/camara-municipal-de-franca-vota-projetos-de-regularizacao-de-condominios-na-proxima-quinta\/#primaryimage\"},\"thumbnailUrl\":\"https:\/\/i0.wp.com\/verdadeon.com.br\/portal\/wp-content\/uploads\/2023\/02\/WhatsApp-Image-2023-02-18-at-08.56.06.jpeg?fit=1000%2C670&ssl=1\",\"datePublished\":\"2023-02-18T13:00:59+00:00\",\"dateModified\":\"2023-02-18T16:35:18+00:00\",\"author\":{\"@id\":\"https:\/\/verdadeon.com.br\/portal\/#\/schema\/person\/8994718f49ee62ba5610471e29ca1f62\"},\"breadcrumb\":{\"@id\":\"https:\/\/verdadeon.com.br\/portal\/2023\/02\/18\/camara-municipal-de-franca-vota-projetos-de-regularizacao-de-condominios-na-proxima-quinta\/#breadcrumb\"},\"inLanguage\":\"pt-BR\",\"potentialAction\":[{\"@type\":\"ReadAction\",\"target\":[\"https:\/\/verdadeon.com.br\/portal\/2023\/02\/18\/camara-municipal-de-franca-vota-projetos-de-regularizacao-de-condominios-na-proxima-quinta\/\"]}]},{\"@type\":\"ImageObject\",\"inLanguage\":\"pt-BR\",\"@id\":\"https:\/\/verdadeon.com.br\/portal\/2023\/02\/18\/camara-municipal-de-franca-vota-projetos-de-regularizacao-de-condominios-na-proxima-quinta\/#primaryimage\",\"url\":\"https:\/\/i0.wp.com\/verdadeon.com.br\/portal\/wp-content\/uploads\/2023\/02\/WhatsApp-Image-2023-02-18-at-08.56.06.jpeg?fit=1000%2C670&ssl=1\",\"contentUrl\":\"https:\/\/i0.wp.com\/verdadeon.com.br\/portal\/wp-content\/uploads\/2023\/02\/WhatsApp-Image-2023-02-18-at-08.56.06.jpeg?fit=1000%2C670&ssl=1\",\"width\":1000,\"height\":670,\"caption\":\"Al\u00e9m de aumento para magistrados da educa\u00e7\u00e3o b\u00e1sica de Franca, outros projetos ser\u00e3o pautados na reuni\u00e3o da pr\u00f3xima ter\u00e7a-feira, 14.\"},{\"@type\":\"BreadcrumbList\",\"@id\":\"https:\/\/verdadeon.com.br\/portal\/2023\/02\/18\/camara-municipal-de-franca-vota-projetos-de-regularizacao-de-condominios-na-proxima-quinta\/#breadcrumb\",\"itemListElement\":[{\"@type\":\"ListItem\",\"position\":1,\"name\":\"In\u00edcio\",\"item\":\"https:\/\/verdadeon.com.br\/portal\/\"},{\"@type\":\"ListItem\",\"position\":2,\"name\":\"C\u00e2mara Municipal de Franca vota projetos de regulariza\u00e7\u00e3o de condom\u00ednios na pr\u00f3xima Quinta\"}]},{\"@type\":\"WebSite\",\"@id\":\"https:\/\/verdadeon.com.br\/portal\/#website\",\"url\":\"https:\/\/verdadeon.com.br\/portal\/\",\"name\":\"VerdadeOn\",\"description\":\"Not\u00edcias di\u00e1rias sobre Franca, Regi\u00e3o, Esporte, Cultura, Cotidiano, Colunas. Cobertura nos principais eventos da cidade \u00e9 aqui - Verdadeon Franca\",\"potentialAction\":[{\"@type\":\"SearchAction\",\"target\":{\"@type\":\"EntryPoint\",\"urlTemplate\":\"https:\/\/verdadeon.com.br\/portal\/?s={search_term_string}\"},\"query-input\":{\"@type\":\"PropertyValueSpecification\",\"valueRequired\":true,\"valueName\":\"search_term_string\"}}],\"inLanguage\":\"pt-BR\"},{\"@type\":\"Person\",\"@id\":\"https:\/\/verdadeon.com.br\/portal\/#\/schema\/person\/8994718f49ee62ba5610471e29ca1f62\",\"name\":\"Fernando Calixto\",\"image\":{\"@type\":\"ImageObject\",\"inLanguage\":\"pt-BR\",\"@id\":\"https:\/\/verdadeon.com.br\/portal\/#\/schema\/person\/image\/\",\"url\":\"https:\/\/secure.gravatar.com\/avatar\/7578910c24966c0316c340f9dbd601e93ee9f9212e1033968b367af9306bd9fb?s=96&d=mm&r=g\",\"contentUrl\":\"https:\/\/secure.gravatar.com\/avatar\/7578910c24966c0316c340f9dbd601e93ee9f9212e1033968b367af9306bd9fb?s=96&d=mm&r=g\",\"caption\":\"Fernando Calixto\"},\"url\":\"https:\/\/verdadeon.com.br\/portal\/author\/fernando-calixto\/\"}]}<\/script>\n<!-- \/ Yoast SEO plugin. -->","yoast_head_json":{"title":"C\u00e2mara Municipal de Franca vota projetos de regulariza\u00e7\u00e3o de condom\u00ednios na pr\u00f3xima Quinta - VerdadeOn","robots":{"index":"index","follow":"follow","max-snippet":"max-snippet:-1","max-image-preview":"max-image-preview:large","max-video-preview":"max-video-preview:-1"},"canonical":"https:\/\/verdadeon.com.br\/portal\/2023\/02\/18\/camara-municipal-de-franca-vota-projetos-de-regularizacao-de-condominios-na-proxima-quinta\/","og_locale":"pt_BR","og_type":"article","og_title":"C\u00e2mara Municipal de Franca vota projetos de regulariza\u00e7\u00e3o de condom\u00ednios na pr\u00f3xima Quinta - VerdadeOn","og_description":"Sess\u00e3o que deveria ser realizada na ter\u00e7a-feira (21) foi adiada em virtude do carnaval Devido a suspens\u00e3o do expediente pelo feriado de Carnaval, conforme Portaria 10\/2023 [\u2026]","og_url":"https:\/\/verdadeon.com.br\/portal\/2023\/02\/18\/camara-municipal-de-franca-vota-projetos-de-regularizacao-de-condominios-na-proxima-quinta\/","og_site_name":"VerdadeOn","article_published_time":"2023-02-18T13:00:59+00:00","article_modified_time":"2023-02-18T16:35:18+00:00","og_image":[{"width":1000,"height":670,"url":"https:\/\/verdadeon.com.br\/portal\/wp-content\/uploads\/2023\/02\/WhatsApp-Image-2023-02-18-at-08.56.06.jpeg","type":"image\/jpeg"}],"author":"Fernando Calixto","twitter_card":"summary_large_image","twitter_misc":{"Escrito por":"Fernando Calixto","Est. tempo de leitura":"2 minutos"},"schema":{"@context":"https:\/\/schema.org","@graph":[{"@type":"WebPage","@id":"https:\/\/verdadeon.com.br\/portal\/2023\/02\/18\/camara-municipal-de-franca-vota-projetos-de-regularizacao-de-condominios-na-proxima-quinta\/","url":"https:\/\/verdadeon.com.br\/portal\/2023\/02\/18\/camara-municipal-de-franca-vota-projetos-de-regularizacao-de-condominios-na-proxima-quinta\/","name":"C\u00e2mara Municipal de Franca vota projetos de regulariza\u00e7\u00e3o de condom\u00ednios na pr\u00f3xima Quinta - VerdadeOn","isPartOf":{"@id":"https:\/\/verdadeon.com.br\/portal\/#website"},"primaryImageOfPage":{"@id":"https:\/\/verdadeon.com.br\/portal\/2023\/02\/18\/camara-municipal-de-franca-vota-projetos-de-regularizacao-de-condominios-na-proxima-quinta\/#primaryimage"},"image":{"@id":"https:\/\/verdadeon.com.br\/portal\/2023\/02\/18\/camara-municipal-de-franca-vota-projetos-de-regularizacao-de-condominios-na-proxima-quinta\/#primaryimage"},"thumbnailUrl":"https:\/\/i0.wp.com\/verdadeon.com.br\/portal\/wp-content\/uploads\/2023\/02\/WhatsApp-Image-2023-02-18-at-08.56.06.jpeg?fit=1000%2C670&ssl=1","datePublished":"2023-02-18T13:00:59+00:00","dateModified":"2023-02-18T16:35:18+00:00","author":{"@id":"https:\/\/verdadeon.com.br\/portal\/#\/schema\/person\/8994718f49ee62ba5610471e29ca1f62"},"breadcrumb":{"@id":"https:\/\/verdadeon.com.br\/portal\/2023\/02\/18\/camara-municipal-de-franca-vota-projetos-de-regularizacao-de-condominios-na-proxima-quinta\/#breadcrumb"},"inLanguage":"pt-BR","potentialAction":[{"@type":"ReadAction","target":["https:\/\/verdadeon.com.br\/portal\/2023\/02\/18\/camara-municipal-de-franca-vota-projetos-de-regularizacao-de-condominios-na-proxima-quinta\/"]}]},{"@type":"ImageObject","inLanguage":"pt-BR","@id":"https:\/\/verdadeon.com.br\/portal\/2023\/02\/18\/camara-municipal-de-franca-vota-projetos-de-regularizacao-de-condominios-na-proxima-quinta\/#primaryimage","url":"https:\/\/i0.wp.com\/verdadeon.com.br\/portal\/wp-content\/uploads\/2023\/02\/WhatsApp-Image-2023-02-18-at-08.56.06.jpeg?fit=1000%2C670&ssl=1","contentUrl":"https:\/\/i0.wp.com\/verdadeon.com.br\/portal\/wp-content\/uploads\/2023\/02\/WhatsApp-Image-2023-02-18-at-08.56.06.jpeg?fit=1000%2C670&ssl=1","width":1000,"height":670,"caption":"Al\u00e9m de aumento para magistrados da educa\u00e7\u00e3o b\u00e1sica de Franca, outros projetos ser\u00e3o pautados na reuni\u00e3o da pr\u00f3xima ter\u00e7a-feira, 14."},{"@type":"BreadcrumbList","@id":"https:\/\/verdadeon.com.br\/portal\/2023\/02\/18\/camara-municipal-de-franca-vota-projetos-de-regularizacao-de-condominios-na-proxima-quinta\/#breadcrumb","itemListElement":[{"@type":"ListItem","position":1,"name":"In\u00edcio","item":"https:\/\/verdadeon.com.br\/portal\/"},{"@type":"ListItem","position":2,"name":"C\u00e2mara Municipal de Franca vota projetos de regulariza\u00e7\u00e3o de condom\u00ednios na pr\u00f3xima Quinta"}]},{"@type":"WebSite","@id":"https:\/\/verdadeon.com.br\/portal\/#website","url":"https:\/\/verdadeon.com.br\/portal\/","name":"VerdadeOn","description":"Not\u00edcias di\u00e1rias sobre Franca, Regi\u00e3o, Esporte, Cultura, Cotidiano, Colunas. Cobertura nos principais eventos da cidade \u00e9 aqui - Verdadeon Franca","potentialAction":[{"@type":"SearchAction","target":{"@type":"EntryPoint","urlTemplate":"https:\/\/verdadeon.com.br\/portal\/?s={search_term_string}"},"query-input":{"@type":"PropertyValueSpecification","valueRequired":true,"valueName":"search_term_string"}}],"inLanguage":"pt-BR"},{"@type":"Person","@id":"https:\/\/verdadeon.com.br\/portal\/#\/schema\/person\/8994718f49ee62ba5610471e29ca1f62","name":"Fernando Calixto","image":{"@type":"ImageObject","inLanguage":"pt-BR","@id":"https:\/\/verdadeon.com.br\/portal\/#\/schema\/person\/image\/","url":"https:\/\/secure.gravatar.com\/avatar\/7578910c24966c0316c340f9dbd601e93ee9f9212e1033968b367af9306bd9fb?s=96&d=mm&r=g","contentUrl":"https:\/\/secure.gravatar.com\/avatar\/7578910c24966c0316c340f9dbd601e93ee9f9212e1033968b367af9306bd9fb?s=96&d=mm&r=g","caption":"Fernando Calixto"},"url":"https:\/\/verdadeon.com.br\/portal\/author\/fernando-calixto\/"}]}},"jetpack_publicize_connections":[],"jetpack_featured_media_url":"https:\/\/i0.wp.com\/verdadeon.com.br\/portal\/wp-content\/uploads\/2023\/02\/WhatsApp-Image-2023-02-18-at-08.56.06.jpeg?fit=1000%2C670&ssl=1","jetpack_sharing_enabled":true,"_links":{"self":[{"href":"https:\/\/verdadeon.com.br\/portal\/wp-json\/wp\/v2\/posts\/31909","targetHints":{"allow":["GET"]}}],"collection":[{"href":"https:\/\/verdadeon.com.br\/portal\/wp-json\/wp\/v2\/posts"}],"about":[{"href":"https:\/\/verdadeon.com.br\/portal\/wp-json\/wp\/v2\/types\/post"}],"author":[{"embeddable":true,"href":"https:\/\/verdadeon.com.br\/portal\/wp-json\/wp\/v2\/users\/4"}],"replies":[{"embeddable":true,"href":"https:\/\/verdadeon.com.br\/portal\/wp-json\/wp\/v2\/comments?post=31909"}],"version-history":[{"count":1,"href":"https:\/\/verdadeon.com.br\/portal\/wp-json\/wp\/v2\/posts\/31909\/revisions"}],"predecessor-version":[{"id":31911,"href":"https:\/\/verdadeon.com.br\/portal\/wp-json\/wp\/v2\/posts\/31909\/revisions\/31911"}],"wp:featuredmedia":[{"embeddable":true,"href":"https:\/\/verdadeon.com.br\/portal\/wp-json\/wp\/v2\/media\/31904"}],"wp:attachment":[{"href":"https:\/\/verdadeon.com.br\/portal\/wp-json\/wp\/v2\/media?parent=31909"}],"wp:term":[{"taxonomy":"category","embeddable":true,"href":"https:\/\/verdadeon.com.br\/portal\/wp-json\/wp\/v2\/categories?post=31909"},{"taxonomy":"post_tag","embeddable":true,"href":"https:\/\/verdadeon.com.br\/portal\/wp-json\/wp\/v2\/tags?post=31909"}],"curies":[{"name":"wp","href":"https:\/\/api.w.org\/{rel}","templated":true}]}}