{"id":31902,"date":"2023-02-18T13:33:00","date_gmt":"2023-02-18T16:33:00","guid":{"rendered":"https:\/\/verdadeon.com.br\/portal\/?p=31902"},"modified":"2023-02-18T13:33:00","modified_gmt":"2023-02-18T16:33:00","slug":"vacinacoes-em-franca-retornam-somente-apos-o-feriadao","status":"publish","type":"post","link":"https:\/\/verdadeon.com.br\/portal\/2023\/02\/18\/vacinacoes-em-franca-retornam-somente-apos-o-feriadao\/","title":{"rendered":"Vacina\u00e7\u00f5es em Franca retornam somente ap\u00f3s o Feriad\u00e3o"},"content":{"rendered":"<h2>Cronograma de vacina\u00e7\u00e3o ser\u00e1 retomado ap\u00f3s o 12h, na Quarta-feira de Cinzas<\/h2>\n<p>De acordo com a Secretaria de Sa\u00fade, as vacina\u00e7\u00f5es contra a COVID-19 e de Rotina, voltar\u00e3o a serem aplicadas a partir do meio-dia, na Quarta-Feira de Cinzas, dia 22. O cronograma segue o Decreto Municipal n\u00ba 11.588, de 8 de fevereiro, que previa ponto facultativo nas reparti\u00e7\u00f5es municipais durante os dias de carnaval. Segue abaixo a programa\u00e7\u00e3o:<\/p>\n<p>1\u00aa, 2\u00aa e 3\u00aa DOSES (6 MESES A 2 ANOS, 11 MESES E 29 DIAS) \/ PFIZER BABY &#8211; A primeira, segunda e terceira doses da vacina Pfizer Baby para crian\u00e7as de 6 meses a 2 anos, 11 meses e 29 dias, estar\u00e3o dispon\u00edveis nas UBSs Aeroporto 1 e 3, \u00c2ngela Rosa, Brasil\u00e2ndia, Esta\u00e7\u00e3o, Guanabara, Horto, Leporace, Paulistano, Paulista, Planalto, Progresso, Santa Terezinha, Santa Clara e S\u00e3o Sebasti\u00e3o, das 12 \u00e0s 18h. As crian\u00e7as dever\u00e3o estar acompanhadas pelos pais e respons\u00e1veis, que dever\u00e3o estar munidos da carteira de vacina\u00e7\u00e3o e um documento de identidade.<\/p>\n<p>1\u00aa, 2\u00aa E 3\u00aa DOSES (05 A 11 ANOS) &#8211; PFIZER PEDI\u00c1TRICA &#8211; Estar\u00e3o dispon\u00edveis a primeira, segunda e terceira doses da vacina Pfizer Pedi\u00e1trica para crian\u00e7as de 5 a 11 anos (Pfizer Pedi\u00e1trica), no hor\u00e1rio das 12 \u00e0s 18h, nas UBS Aeroporto 1 e 3, \u00c2ngela Rosa, Brasil\u00e2ndia, Esta\u00e7\u00e3o, Guanabara, Horto, Leporace, Paulistano, Paulista, Planalto, Progresso, Santa Terezinha, Santa Clara e S\u00e3o Sebasti\u00e3o.<\/p>\n<p>1\u00aa, 2\u00aa, 3\u00aa DOSES (12 A 29 ANOS &#8211; GESTANTES \/ 4\u00aa DOSE (30 ANOS OU MAIS) &#8211; PROFISSIONAIS DE SA\u00daDE \/ 5\u00aa DOSE IMUNOSSUPRIMIDOS (18 ANOS OU MAIS) \u2013 PFIZER &#8211; A primeira, segunda e terceira doses para 12 a 29 anos, gestantes, quarta dose para pessoas, que tenham 30 anos ou mais e 5\u00aa dose para imunossuprimidos, com 18 anos ou mais da vacina Pfizer, poder\u00e3o ser recebidas nas UBS&#8217;s Aeroporto 1, Progresso, Guanabara, Horto, Leporace, Planalto, Brasil\u00e2ndia, Paulista, \u00c2ngela Rosa, Esta\u00e7\u00e3o, Paulistano, Santa Clara, S\u00e3o Sebasti\u00e3o, Santa Terezinha e Aeroporto 3, das 12 \u00e0s 18 horas. Pessoas que completaram o esquema vacinal com a dose \u00fanica de Janssen, antes da gesta\u00e7\u00e3o ou puerp\u00e9rio, podem realizar a 1\u00aa dose adicional com 28 dias, ap\u00f3s a dose \u00fanica; a 2\u00aa dose adicional, com 4 meses, ap\u00f3s a 1\u00aa dose adicional e a 3\u00aa dose adicional, com 4 meses ap\u00f3s a 2\u00aa.<\/p>\n<p><strong>Influenza<\/strong><br \/>\nEst\u00e1 sendo disponibilizada a vacina contra a Influenza para a popula\u00e7\u00e3o em geral, com idade a partir de 6 meses, nas UBSs Aeroporto 1, Progresso, S\u00e3o Sebasti\u00e3o, Guanabara, Horto, Leporace, Planalto, Brasil\u00e2ndia, \u00c2ngela Rosa, Santa Clara, Esta\u00e7\u00e3o, Paulistano, Aeroporto 3, Santa Terezinha e Paulista, das 12 \u00e0s 18 horas.<\/p>\n<p><strong>Meningoc\u00f3cica C<\/strong><br \/>\nA imuniza\u00e7\u00e3o segue para os jovens, na faixa et\u00e1ria de 11 a 19 anos, al\u00e9m de profissionais e trabalhadores que atuam na \u00e1rea, com o objetivo de aumentar a prote\u00e7\u00e3o, considerando a gravidade e a letalidade da doen\u00e7a, independentemente da idade. Os profissionais que poder\u00e3o receber a vacina s\u00e3o m\u00e9dicos, enfermeiros, nutricionistas, fisioterapeutas, terapeutas ocupacionais, bi\u00f3logos, biom\u00e9dicos, farmac\u00eauticos, odontologistas, fonoaudi\u00f3logos, psic\u00f3logos, assistentes sociais, profissionais de educa\u00e7\u00e3o f\u00edsica, m\u00e9dicos veterin\u00e1rios e seus respectivos t\u00e9cnicos e auxiliares, recepcionistas, seguran\u00e7as, pessoal da limpeza, cozinheiros e auxiliares, motoristas de ambul\u00e2ncias e estudantes da \u00e1rea da sa\u00fade, nas Aeroporto 1, Progresso, S\u00e3o Sebasti\u00e3o, Guanabara, Horto, Leporace, Planalto, Brasil\u00e2ndia, \u00c2ngela Rosa, Santa Clara, Esta\u00e7\u00e3o, Paulistano, Aeroporto 3, Santa Terezinha e Paulista, das 12 \u00e0s 18 horas, mediante apresenta\u00e7\u00e3o de comprovante de v\u00ednculo ou carteira do referido conselho e comprovante de matr\u00edcula para os estudantes.<\/p>\n<p><strong>Vacinas de Rotina<\/strong><br \/>\nPara quarta-feira, 22, os atendimentos ser\u00e3o prestados para atualiza\u00e7\u00e3o da carteira de vacina\u00e7\u00e3o de crian\u00e7as e adolescentes nas UBSs Aeroporto 1, Progresso, S\u00e3o Sebasti\u00e3o, Guanabara, Horto, Leporace, Planalto, Brasil\u00e2ndia, \u00c2ngela Rosa, Santa Clara, Esta\u00e7\u00e3o, Paulistano, Aeroporto 3, Santa Terezinha e Paulista, das 12 \u00e0s 18 horas, al\u00e9m das unidades de ESF (Estrat\u00e9gia de Sa\u00fade da Fam\u00edlia) Palma, City Petr\u00f3polis, Lu\u00edza, Esmeralda e Paineiras, com hor\u00e1rios das 12h \u00e0s 18 horas.<\/p>\n<p>A vacina Tr\u00edplice Viral ser\u00e1 aplicada no per\u00edodo de 22 a 24 de fevereiro, atendendo ao seguinte cronograma:<br \/>\n22\/02- Quarta-feira &#8211; UBS Paulistano<br \/>\n23\/02- Quinta-feira &#8211; UBS Aeroporto 3<br \/>\n24\/02 &#8211; Sexta-feira &#8211; UBS Brasil\u00e2ndia<\/p>\n","protected":false},"excerpt":{"rendered":"<p>Cronograma de vacina\u00e7\u00e3o ser\u00e1 retomado ap\u00f3s o 12h, na Quarta-feira de Cinzas De acordo com a Secretaria de Sa\u00fade, as vacina\u00e7\u00f5es contra a COVID-19 e de<span class=\"excerpt-hellip\"> [\u2026]<\/span><\/p>\n","protected":false},"author":4,"featured_media":31530,"comment_status":"open","ping_status":"open","sticky":false,"template":"","format":"standard","meta":{"_jetpack_memberships_contains_paid_content":false,"footnotes":"","jetpack_publicize_message":"","jetpack_publicize_feature_enabled":true,"jetpack_social_post_already_shared":false,"jetpack_social_options":{"image_generator_settings":{"template":"highway","default_image_id":0,"enabled":false},"version":2}},"categories":[28,44],"tags":[],"class_list":["post-31902","post","type-post","status-publish","format-standard","has-post-thumbnail","hentry","category-cotidiano","category-noticias"],"yoast_head":"<!-- This site is optimized with the Yoast SEO plugin v25.6 - https:\/\/yoast.com\/wordpress\/plugins\/seo\/ -->\n<title>Vacina\u00e7\u00f5es em Franca retornam somente ap\u00f3s o Feriad\u00e3o - VerdadeOn<\/title>\n<meta name=\"robots\" content=\"index, follow, max-snippet:-1, max-image-preview:large, max-video-preview:-1\" \/>\n<link rel=\"canonical\" href=\"https:\/\/verdadeon.com.br\/portal\/2023\/02\/18\/vacinacoes-em-franca-retornam-somente-apos-o-feriadao\/\" \/>\n<meta property=\"og:locale\" content=\"pt_BR\" \/>\n<meta property=\"og:type\" content=\"article\" \/>\n<meta property=\"og:title\" content=\"Vacina\u00e7\u00f5es em Franca retornam somente ap\u00f3s o Feriad\u00e3o - VerdadeOn\" \/>\n<meta property=\"og:description\" content=\"Cronograma de vacina\u00e7\u00e3o ser\u00e1 retomado ap\u00f3s o 12h, na Quarta-feira de Cinzas De acordo com a Secretaria de Sa\u00fade, as vacina\u00e7\u00f5es contra a COVID-19 e de [\u2026]\" \/>\n<meta property=\"og:url\" content=\"https:\/\/verdadeon.com.br\/portal\/2023\/02\/18\/vacinacoes-em-franca-retornam-somente-apos-o-feriadao\/\" \/>\n<meta property=\"og:site_name\" content=\"VerdadeOn\" \/>\n<meta property=\"article:published_time\" content=\"2023-02-18T16:33:00+00:00\" \/>\n<meta property=\"og:image\" content=\"https:\/\/verdadeon.com.br\/portal\/wp-content\/uploads\/2023\/02\/pzzb5152.jpg\" \/>\n\t<meta property=\"og:image:width\" content=\"1000\" \/>\n\t<meta property=\"og:image:height\" content=\"670\" \/>\n\t<meta property=\"og:image:type\" content=\"image\/jpeg\" \/>\n<meta name=\"author\" content=\"Fernando Calixto\" \/>\n<meta name=\"twitter:card\" content=\"summary_large_image\" \/>\n<meta name=\"twitter:label1\" content=\"Escrito por\" \/>\n\t<meta name=\"twitter:data1\" content=\"Fernando Calixto\" \/>\n\t<meta name=\"twitter:label2\" content=\"Est. tempo de leitura\" \/>\n\t<meta name=\"twitter:data2\" content=\"4 minutos\" \/>\n<script type=\"application\/ld+json\" class=\"yoast-schema-graph\">{\"@context\":\"https:\/\/schema.org\",\"@graph\":[{\"@type\":\"WebPage\",\"@id\":\"https:\/\/verdadeon.com.br\/portal\/2023\/02\/18\/vacinacoes-em-franca-retornam-somente-apos-o-feriadao\/\",\"url\":\"https:\/\/verdadeon.com.br\/portal\/2023\/02\/18\/vacinacoes-em-franca-retornam-somente-apos-o-feriadao\/\",\"name\":\"Vacina\u00e7\u00f5es em Franca retornam somente ap\u00f3s o Feriad\u00e3o - VerdadeOn\",\"isPartOf\":{\"@id\":\"https:\/\/verdadeon.com.br\/portal\/#website\"},\"primaryImageOfPage\":{\"@id\":\"https:\/\/verdadeon.com.br\/portal\/2023\/02\/18\/vacinacoes-em-franca-retornam-somente-apos-o-feriadao\/#primaryimage\"},\"image\":{\"@id\":\"https:\/\/verdadeon.com.br\/portal\/2023\/02\/18\/vacinacoes-em-franca-retornam-somente-apos-o-feriadao\/#primaryimage\"},\"thumbnailUrl\":\"https:\/\/i0.wp.com\/verdadeon.com.br\/portal\/wp-content\/uploads\/2023\/02\/pzzb5152.jpg?fit=1000%2C670&ssl=1\",\"datePublished\":\"2023-02-18T16:33:00+00:00\",\"author\":{\"@id\":\"https:\/\/verdadeon.com.br\/portal\/#\/schema\/person\/8994718f49ee62ba5610471e29ca1f62\"},\"breadcrumb\":{\"@id\":\"https:\/\/verdadeon.com.br\/portal\/2023\/02\/18\/vacinacoes-em-franca-retornam-somente-apos-o-feriadao\/#breadcrumb\"},\"inLanguage\":\"pt-BR\",\"potentialAction\":[{\"@type\":\"ReadAction\",\"target\":[\"https:\/\/verdadeon.com.br\/portal\/2023\/02\/18\/vacinacoes-em-franca-retornam-somente-apos-o-feriadao\/\"]}]},{\"@type\":\"ImageObject\",\"inLanguage\":\"pt-BR\",\"@id\":\"https:\/\/verdadeon.com.br\/portal\/2023\/02\/18\/vacinacoes-em-franca-retornam-somente-apos-o-feriadao\/#primaryimage\",\"url\":\"https:\/\/i0.wp.com\/verdadeon.com.br\/portal\/wp-content\/uploads\/2023\/02\/pzzb5152.jpg?fit=1000%2C670&ssl=1\",\"contentUrl\":\"https:\/\/i0.wp.com\/verdadeon.com.br\/portal\/wp-content\/uploads\/2023\/02\/pzzb5152.jpg?fit=1000%2C670&ssl=1\",\"width\":1000,\"height\":670,\"caption\":\"Tamb\u00e9m poder\u00e3o ser aplicadas a primeira, segunda e terceira doses da vacina Pfizer Pedi\u00e1trica para crian\u00e7as de 5 a 11 anos\"},{\"@type\":\"BreadcrumbList\",\"@id\":\"https:\/\/verdadeon.com.br\/portal\/2023\/02\/18\/vacinacoes-em-franca-retornam-somente-apos-o-feriadao\/#breadcrumb\",\"itemListElement\":[{\"@type\":\"ListItem\",\"position\":1,\"name\":\"In\u00edcio\",\"item\":\"https:\/\/verdadeon.com.br\/portal\/\"},{\"@type\":\"ListItem\",\"position\":2,\"name\":\"Vacina\u00e7\u00f5es em Franca retornam somente ap\u00f3s o Feriad\u00e3o\"}]},{\"@type\":\"WebSite\",\"@id\":\"https:\/\/verdadeon.com.br\/portal\/#website\",\"url\":\"https:\/\/verdadeon.com.br\/portal\/\",\"name\":\"VerdadeOn\",\"description\":\"Not\u00edcias di\u00e1rias sobre Franca, Regi\u00e3o, Esporte, Cultura, Cotidiano, Colunas. Cobertura nos principais eventos da cidade \u00e9 aqui - Verdadeon Franca\",\"potentialAction\":[{\"@type\":\"SearchAction\",\"target\":{\"@type\":\"EntryPoint\",\"urlTemplate\":\"https:\/\/verdadeon.com.br\/portal\/?s={search_term_string}\"},\"query-input\":{\"@type\":\"PropertyValueSpecification\",\"valueRequired\":true,\"valueName\":\"search_term_string\"}}],\"inLanguage\":\"pt-BR\"},{\"@type\":\"Person\",\"@id\":\"https:\/\/verdadeon.com.br\/portal\/#\/schema\/person\/8994718f49ee62ba5610471e29ca1f62\",\"name\":\"Fernando Calixto\",\"image\":{\"@type\":\"ImageObject\",\"inLanguage\":\"pt-BR\",\"@id\":\"https:\/\/verdadeon.com.br\/portal\/#\/schema\/person\/image\/\",\"url\":\"https:\/\/secure.gravatar.com\/avatar\/7578910c24966c0316c340f9dbd601e93ee9f9212e1033968b367af9306bd9fb?s=96&d=mm&r=g\",\"contentUrl\":\"https:\/\/secure.gravatar.com\/avatar\/7578910c24966c0316c340f9dbd601e93ee9f9212e1033968b367af9306bd9fb?s=96&d=mm&r=g\",\"caption\":\"Fernando Calixto\"},\"url\":\"https:\/\/verdadeon.com.br\/portal\/author\/fernando-calixto\/\"}]}<\/script>\n<!-- \/ Yoast SEO plugin. -->","yoast_head_json":{"title":"Vacina\u00e7\u00f5es em Franca retornam somente ap\u00f3s o Feriad\u00e3o - VerdadeOn","robots":{"index":"index","follow":"follow","max-snippet":"max-snippet:-1","max-image-preview":"max-image-preview:large","max-video-preview":"max-video-preview:-1"},"canonical":"https:\/\/verdadeon.com.br\/portal\/2023\/02\/18\/vacinacoes-em-franca-retornam-somente-apos-o-feriadao\/","og_locale":"pt_BR","og_type":"article","og_title":"Vacina\u00e7\u00f5es em Franca retornam somente ap\u00f3s o Feriad\u00e3o - VerdadeOn","og_description":"Cronograma de vacina\u00e7\u00e3o ser\u00e1 retomado ap\u00f3s o 12h, na Quarta-feira de Cinzas De acordo com a Secretaria de Sa\u00fade, as vacina\u00e7\u00f5es contra a COVID-19 e de [\u2026]","og_url":"https:\/\/verdadeon.com.br\/portal\/2023\/02\/18\/vacinacoes-em-franca-retornam-somente-apos-o-feriadao\/","og_site_name":"VerdadeOn","article_published_time":"2023-02-18T16:33:00+00:00","og_image":[{"width":1000,"height":670,"url":"https:\/\/verdadeon.com.br\/portal\/wp-content\/uploads\/2023\/02\/pzzb5152.jpg","type":"image\/jpeg"}],"author":"Fernando Calixto","twitter_card":"summary_large_image","twitter_misc":{"Escrito por":"Fernando Calixto","Est. tempo de leitura":"4 minutos"},"schema":{"@context":"https:\/\/schema.org","@graph":[{"@type":"WebPage","@id":"https:\/\/verdadeon.com.br\/portal\/2023\/02\/18\/vacinacoes-em-franca-retornam-somente-apos-o-feriadao\/","url":"https:\/\/verdadeon.com.br\/portal\/2023\/02\/18\/vacinacoes-em-franca-retornam-somente-apos-o-feriadao\/","name":"Vacina\u00e7\u00f5es em Franca retornam somente ap\u00f3s o Feriad\u00e3o - VerdadeOn","isPartOf":{"@id":"https:\/\/verdadeon.com.br\/portal\/#website"},"primaryImageOfPage":{"@id":"https:\/\/verdadeon.com.br\/portal\/2023\/02\/18\/vacinacoes-em-franca-retornam-somente-apos-o-feriadao\/#primaryimage"},"image":{"@id":"https:\/\/verdadeon.com.br\/portal\/2023\/02\/18\/vacinacoes-em-franca-retornam-somente-apos-o-feriadao\/#primaryimage"},"thumbnailUrl":"https:\/\/i0.wp.com\/verdadeon.com.br\/portal\/wp-content\/uploads\/2023\/02\/pzzb5152.jpg?fit=1000%2C670&ssl=1","datePublished":"2023-02-18T16:33:00+00:00","author":{"@id":"https:\/\/verdadeon.com.br\/portal\/#\/schema\/person\/8994718f49ee62ba5610471e29ca1f62"},"breadcrumb":{"@id":"https:\/\/verdadeon.com.br\/portal\/2023\/02\/18\/vacinacoes-em-franca-retornam-somente-apos-o-feriadao\/#breadcrumb"},"inLanguage":"pt-BR","potentialAction":[{"@type":"ReadAction","target":["https:\/\/verdadeon.com.br\/portal\/2023\/02\/18\/vacinacoes-em-franca-retornam-somente-apos-o-feriadao\/"]}]},{"@type":"ImageObject","inLanguage":"pt-BR","@id":"https:\/\/verdadeon.com.br\/portal\/2023\/02\/18\/vacinacoes-em-franca-retornam-somente-apos-o-feriadao\/#primaryimage","url":"https:\/\/i0.wp.com\/verdadeon.com.br\/portal\/wp-content\/uploads\/2023\/02\/pzzb5152.jpg?fit=1000%2C670&ssl=1","contentUrl":"https:\/\/i0.wp.com\/verdadeon.com.br\/portal\/wp-content\/uploads\/2023\/02\/pzzb5152.jpg?fit=1000%2C670&ssl=1","width":1000,"height":670,"caption":"Tamb\u00e9m poder\u00e3o ser aplicadas a primeira, segunda e terceira doses da vacina Pfizer Pedi\u00e1trica para crian\u00e7as de 5 a 11 anos"},{"@type":"BreadcrumbList","@id":"https:\/\/verdadeon.com.br\/portal\/2023\/02\/18\/vacinacoes-em-franca-retornam-somente-apos-o-feriadao\/#breadcrumb","itemListElement":[{"@type":"ListItem","position":1,"name":"In\u00edcio","item":"https:\/\/verdadeon.com.br\/portal\/"},{"@type":"ListItem","position":2,"name":"Vacina\u00e7\u00f5es em Franca retornam somente ap\u00f3s o Feriad\u00e3o"}]},{"@type":"WebSite","@id":"https:\/\/verdadeon.com.br\/portal\/#website","url":"https:\/\/verdadeon.com.br\/portal\/","name":"VerdadeOn","description":"Not\u00edcias di\u00e1rias sobre Franca, Regi\u00e3o, Esporte, Cultura, Cotidiano, Colunas. Cobertura nos principais eventos da cidade \u00e9 aqui - Verdadeon Franca","potentialAction":[{"@type":"SearchAction","target":{"@type":"EntryPoint","urlTemplate":"https:\/\/verdadeon.com.br\/portal\/?s={search_term_string}"},"query-input":{"@type":"PropertyValueSpecification","valueRequired":true,"valueName":"search_term_string"}}],"inLanguage":"pt-BR"},{"@type":"Person","@id":"https:\/\/verdadeon.com.br\/portal\/#\/schema\/person\/8994718f49ee62ba5610471e29ca1f62","name":"Fernando Calixto","image":{"@type":"ImageObject","inLanguage":"pt-BR","@id":"https:\/\/verdadeon.com.br\/portal\/#\/schema\/person\/image\/","url":"https:\/\/secure.gravatar.com\/avatar\/7578910c24966c0316c340f9dbd601e93ee9f9212e1033968b367af9306bd9fb?s=96&d=mm&r=g","contentUrl":"https:\/\/secure.gravatar.com\/avatar\/7578910c24966c0316c340f9dbd601e93ee9f9212e1033968b367af9306bd9fb?s=96&d=mm&r=g","caption":"Fernando Calixto"},"url":"https:\/\/verdadeon.com.br\/portal\/author\/fernando-calixto\/"}]}},"jetpack_publicize_connections":[],"jetpack_featured_media_url":"https:\/\/i0.wp.com\/verdadeon.com.br\/portal\/wp-content\/uploads\/2023\/02\/pzzb5152.jpg?fit=1000%2C670&ssl=1","jetpack_sharing_enabled":true,"_links":{"self":[{"href":"https:\/\/verdadeon.com.br\/portal\/wp-json\/wp\/v2\/posts\/31902","targetHints":{"allow":["GET"]}}],"collection":[{"href":"https:\/\/verdadeon.com.br\/portal\/wp-json\/wp\/v2\/posts"}],"about":[{"href":"https:\/\/verdadeon.com.br\/portal\/wp-json\/wp\/v2\/types\/post"}],"author":[{"embeddable":true,"href":"https:\/\/verdadeon.com.br\/portal\/wp-json\/wp\/v2\/users\/4"}],"replies":[{"embeddable":true,"href":"https:\/\/verdadeon.com.br\/portal\/wp-json\/wp\/v2\/comments?post=31902"}],"version-history":[{"count":1,"href":"https:\/\/verdadeon.com.br\/portal\/wp-json\/wp\/v2\/posts\/31902\/revisions"}],"predecessor-version":[{"id":31910,"href":"https:\/\/verdadeon.com.br\/portal\/wp-json\/wp\/v2\/posts\/31902\/revisions\/31910"}],"wp:featuredmedia":[{"embeddable":true,"href":"https:\/\/verdadeon.com.br\/portal\/wp-json\/wp\/v2\/media\/31530"}],"wp:attachment":[{"href":"https:\/\/verdadeon.com.br\/portal\/wp-json\/wp\/v2\/media?parent=31902"}],"wp:term":[{"taxonomy":"category","embeddable":true,"href":"https:\/\/verdadeon.com.br\/portal\/wp-json\/wp\/v2\/categories?post=31902"},{"taxonomy":"post_tag","embeddable":true,"href":"https:\/\/verdadeon.com.br\/portal\/wp-json\/wp\/v2\/tags?post=31902"}],"curies":[{"name":"wp","href":"https:\/\/api.w.org\/{rel}","templated":true}]}}