{"id":31896,"date":"2023-02-18T10:55:46","date_gmt":"2023-02-18T13:55:46","guid":{"rendered":"https:\/\/verdadeon.com.br\/portal\/?p=31896"},"modified":"2023-02-18T10:55:46","modified_gmt":"2023-02-18T13:55:46","slug":"jefferson-batista-pereira-atleta-da-apae-franca-multicampeao-no-esporte-e-na-vida","status":"publish","type":"post","link":"https:\/\/verdadeon.com.br\/portal\/2023\/02\/18\/jefferson-batista-pereira-atleta-da-apae-franca-multicampeao-no-esporte-e-na-vida\/","title":{"rendered":"Jefferson Batista Pereira, atleta da APAE Franca: multicampe\u00e3o no esporte e na vida"},"content":{"rendered":"<h2>Jefferson Batista Pereira, 29 anos, chegou \u00e0 institui\u00e7\u00e3o aos 5 anos, se desenvolveu na educa\u00e7\u00e3o, brilhou no esporte e hoje \u00e9 exemplo para os colegas<\/h2>\n<p>&#8220;Se voc\u00ea n\u00e3o treinar, n\u00e3o vai competir. \u00c9 assim que \u00e9&#8221;, afirma Jefferson Batista Pereira, 29 anos, atleta da APAE (Associa\u00e7\u00e3o de Pais e Amigos dos Excepcionais) de Franca. A frase pode ser simples, mas para o atleta multicampe\u00e3o, foi a disciplina do esporte que o ajudou a se desenvolver motora e intelectualmente, vencer os desafios da vida e do mundo.<\/p>\n<p>Jefferson possui defici\u00eancia intelectual. Hoje mora com o pai, no Jardim Paraty. \u201cMeu pai e minha m\u00e3e s\u00e3o pessoas separadas, e eu resolvi morar com ele\u201d.<\/p>\n<p>Antes de se tornar um campe\u00e3o nas pistas e quadras, Jefferson enfrentou desafios em sua educa\u00e7\u00e3o e desenvolvimento motor. Aos 5 anos de idade, ele chegou \u00e0 educa\u00e7\u00e3o especial da APAE e foi encaminhado para o esporte, j\u00e1 que sua hiperatividade dificultava a concentra\u00e7\u00e3o na sala de aula.<\/p>\n<p>Com treinamento e dedica\u00e7\u00e3o, ele cresceu no esporte e foi convocado para as Olimp\u00edadas Nacionais em 2009, quando ainda n\u00e3o fazia parte da equipe de esportes da APAE Franca. Um dos atletas &#8211; S\u00e9rgio Alves Flor\u00eancio, o Serginho -, n\u00e3o p\u00f4de participar dos jogos em Belo Horizonte, em Minas Gerais, e Jefferson foi recrutado.<\/p>\n<p>\u201cTenho a primeira cesta (no basquete) dele gravada nessa competi\u00e7\u00e3o. A gente estava perdendo o jogo para o Maranh\u00e3o. Ele era reserva, n\u00e3o tinha entrado ainda no jogo, os meninos estavam muito cansados. Ele era magrinho, mas ele arremessava bem de fora. A\u00ed eu falei: \u2018Jefferson, vai l\u00e1. Voc\u00ea n\u00e3o deixa ningu\u00e9m chegar perto de voc\u00ea: recebeu a bola, voc\u00ea arremessa\u2019. E a primeira bola que ele pegou, ele arremessou e fez a cesta\u201d, relembra o coordenador de Esportes e Artes da APAE Franca, o professor Adauto Edson Ferreira.<\/p>\n<p>Um dos momentos marcantes na carreira de Jefferson foi em Jaboticabal, em 2013, quando o titular da equipe de futsal e atletismo da APAE Franca, Muller Aparecido Cintra, se machucou e Jefferson assumiu seu lugar. Mesmo n\u00e3o sendo titular, Jefferson se deu muito bem, conquistando a medalha de campe\u00e3o no futsal.<\/p>\n<p>E teve mais. No atletismo, ao ser questionado pelo professor sobre quem correria no lugar de Muller, Jefferson com tanta inspira\u00e7\u00e3o falou: \u201cDeixa eu fazer no lugar do Muller, que eu vou ganhar a prova\u201d. E ganhou, conquistando a primeira medalha no revezamento 4 x 100.<\/p>\n<p>Mas o amor pelo esporte n\u00e3o \u00e9 o \u00fanico v\u00ednculo de Jefferson com a APAE. &#8220;O que p\u00f4r para fazer, eu fa\u00e7o&#8221;, diz orgulhoso. J\u00e1 trabalhou como participante do programa Emprego Inclusivo da APAE de Franca, na biblioteca do Uni-Facef e anexando pap\u00e9is na Cetesb, al\u00e9m de lixador de sola na JP. &#8220;Passei por tudo, passei por todos os setores&#8221;, afirma.<\/p>\n<p>Mas o esporte \u00e9 seu grande amor, como ele mesmo declara: &#8220;(O basquete e o atletismo) s\u00e3o minha vida e meu amor&#8221;. Atualmente, ele vai \u00e0 APAE tr\u00eas dias por semana para participar do Emprego Inclusivo. E espera o carnaval passar, para voltar \u00e0 rotina de treinos dentro do projeto de Esporte, com treinamento espec\u00edfico de atletismo e basquete.<\/p>\n<p>&nbsp;<\/p>\n<div id=\"attachment_31897\" style=\"width: 1010px\" class=\"wp-caption alignnone\"><img data-recalc-dims=\"1\" loading=\"lazy\" decoding=\"async\" aria-describedby=\"caption-attachment-31897\" class=\"size-full wp-image-31897\" src=\"https:\/\/i0.wp.com\/verdadeon.com.br\/portal\/wp-content\/uploads\/2023\/02\/f5f9b7f7-b97a-4b19-8b47-0f0f5f8f7589.jpeg?resize=1000%2C670&#038;ssl=1\" alt=\"\" width=\"1000\" height=\"670\" srcset=\"https:\/\/i0.wp.com\/verdadeon.com.br\/portal\/wp-content\/uploads\/2023\/02\/f5f9b7f7-b97a-4b19-8b47-0f0f5f8f7589.jpeg?w=1000&amp;ssl=1 1000w, https:\/\/i0.wp.com\/verdadeon.com.br\/portal\/wp-content\/uploads\/2023\/02\/f5f9b7f7-b97a-4b19-8b47-0f0f5f8f7589.jpeg?resize=300%2C201&amp;ssl=1 300w, https:\/\/i0.wp.com\/verdadeon.com.br\/portal\/wp-content\/uploads\/2023\/02\/f5f9b7f7-b97a-4b19-8b47-0f0f5f8f7589.jpeg?resize=768%2C515&amp;ssl=1 768w, https:\/\/i0.wp.com\/verdadeon.com.br\/portal\/wp-content\/uploads\/2023\/02\/f5f9b7f7-b97a-4b19-8b47-0f0f5f8f7589.jpeg?resize=218%2C146&amp;ssl=1 218w, https:\/\/i0.wp.com\/verdadeon.com.br\/portal\/wp-content\/uploads\/2023\/02\/f5f9b7f7-b97a-4b19-8b47-0f0f5f8f7589.jpeg?resize=50%2C34&amp;ssl=1 50w, https:\/\/i0.wp.com\/verdadeon.com.br\/portal\/wp-content\/uploads\/2023\/02\/f5f9b7f7-b97a-4b19-8b47-0f0f5f8f7589.jpeg?resize=112%2C75&amp;ssl=1 112w\" sizes=\"auto, (max-width: 1000px) 100vw, 1000px\" \/><p id=\"caption-attachment-31897\" class=\"wp-caption-text\">O professor de educa\u00e7\u00e3o f\u00edsica Alexandre de Oliveira Matos, o atleta da APAE Franca Jefferson Batista Pereira e o coordenador de Esportes e Artes da institui\u00e7\u00e3o, Adauto Edson Ferreira<\/p><\/div>\n<p><strong>\u00a0<\/strong><\/p>\n<p><strong>Multicampe\u00e3o<\/strong><\/p>\n<p>As mais recentes conquistas de Jefferson foram tr\u00eas medalhas de ouro na 23\u00aa edi\u00e7\u00e3o das Olimp\u00edadas Nacionais das APAES, disputadas em dezembro de 2022, em Aracaj\u00fa (SE). O atleta da APAE Franca foi campe\u00e3o no basquete e no atletismo \u2013 salto em altura e revezamento 4 x 100.<\/p>\n<p>Mas para Jefferson, a quantidade de medalhas conquistadas em sua carreira n\u00e3o importa tanto quanto a paix\u00e3o pelo esporte. &#8220;Vou falar pra voc\u00ea que eu n\u00e3o conto medalhas. Se voc\u00ea conta, vem um atraso para sua vida, parece que voc\u00ea n\u00e3o pega o que voc\u00ea quer&#8221;, explica. Para ele, o que importa \u00e9 seguir em frente, sempre treinando e competindo com determina\u00e7\u00e3o e inspira\u00e7\u00e3o.<\/p>\n<p>E as conquistas mais recentes, revela Jefferson, foram para o colega de APAE e \u00eddolo no esporte Muller Aparecido Cintra, que faleceu em 2020, aos 35 anos, v\u00edtima de um infarto ap\u00f3s contrair covid-19. Jefferson se emociona ao lembrar do amigo e colega de equipe, que o inspira a continuar competindo. &#8220;E o moleque que faleceu e vai deixar muita esperan\u00e7a, que \u00e9 o Muller. Esse moleque era bruto, comia a bola&#8221;.<\/p>\n<p>De f\u00e3, Jefferson virou \u00eddolo. \u201cO que ele tem de potencial, a gente usa em favor dos atletas que est\u00e3o chegando. N\u00f3s estamos renovando a equipe, \u00e9 ele agora que incentiva os amigos. Ele tem nossa confian\u00e7a. Tanto que na parte de aquecimento, de treinamento, \u00e9 ele que incentiva os amigos. Ent\u00e3o, ele incentiva os mais novos para chegar ao mesmo processo que ele chegou. Toda a hist\u00f3ria que ele conta de vida, que est\u00e1 contando agora, ele conta pros meninos. Ent\u00e3o, hoje ele serve de exemplo\u201d, destaca o professor Alexandre de Oliveira Matos, t\u00e9cnico da equipe da APAE Franca.<\/p>\n<p>Neste momento da entrevista, Jefferson se emociona com as palavras do professor e chora. \u201cSem palavras. O que eles fazem por mim, n\u00e3o \u00e9 qualquer um que faz. Eu fa\u00e7o para merecer, para poder acolher o outro, para poderem fazer igual ao que eu estou fazendo. \u00c9 isso, sem palavras.\u201d<\/p>\n<p>A hist\u00f3ria de Jefferson, assim como a de Muller, Serginho e tantos outros alunos-atletas da APAE Franca, s\u00f3 existe por conta do comprometimento e apoio da diretoria da institui\u00e7\u00e3o com o projeto, revelam os professores.<\/p>\n<p>\u201cO fator mais importante \u00e9 a credibilidade da diretoria, que acredita no que a gente prop\u00f5e. Essa proposta n\u00e3o \u00e9 do Adauto, n\u00e3o \u00e9 do Alexandre, essa proposta \u00e9 do esporte da APAE de Franca. N\u00f3s somos vistos por muitas outras entidades como refer\u00eancia no esporte, porque acreditamos nos meninos e passamos para eles que eles devem acreditar no esporte como um meio de conquistar coisas que talvez eles jamais conquistariam fora do esporte\u201d, diz Adauto.<\/p>\n<p>E a APAE Franca proporciona a atendidos como Jefferson, atrav\u00e9s do esporte, a possibilidade de conquistas dentro e fora das quadras. \u201cO Jefferson disse que chegou a jogar na v\u00e1rzea, mas ele percebeu que o mundo oferece muito l\u00e1 fora, ou seja, oferece coisas boas e coisas ruins. E a luta dele \u00e9 sempre pelo esporte, \u00e9 ser exemplo. E ele falou assim: \u2018Professor, o esporte salvou minha vida\u2019\u201d, relembra o coordenador.<\/p>\n<p>A hist\u00f3ria de Jefferson mostra que, com apoio e oportunidades as pessoas com defici\u00eancia podem superar desafios e alcan\u00e7ar seus sonhos. A APAE de Franca, que atende cerca de 1.200 pessoas, \u00e9 uma institui\u00e7\u00e3o que oferece programas nas \u00e1reas de Educa\u00e7\u00e3o, Sa\u00fade e Assist\u00eancia Social, incluindo Esporte e Artes, contribuindo para sua inclus\u00e3o social e para o desenvolvimento de suas habilidades e potencialidades.<\/p>\n","protected":false},"excerpt":{"rendered":"<p>Jefferson Batista Pereira, 29 anos, chegou \u00e0 institui\u00e7\u00e3o aos 5 anos, se desenvolveu na educa\u00e7\u00e3o, brilhou no esporte e hoje \u00e9 exemplo para os colegas &#8220;Se<span class=\"excerpt-hellip\"> [\u2026]<\/span><\/p>\n","protected":false},"author":4,"featured_media":31898,"comment_status":"open","ping_status":"open","sticky":false,"template":"","format":"standard","meta":{"_jetpack_memberships_contains_paid_content":false,"footnotes":"","jetpack_publicize_message":"","jetpack_publicize_feature_enabled":true,"jetpack_social_post_already_shared":false,"jetpack_social_options":{"image_generator_settings":{"template":"highway","default_image_id":0,"enabled":false},"version":2}},"categories":[28,44],"tags":[],"class_list":["post-31896","post","type-post","status-publish","format-standard","has-post-thumbnail","hentry","category-cotidiano","category-noticias"],"yoast_head":"<!-- This site is optimized with the Yoast SEO plugin v25.6 - https:\/\/yoast.com\/wordpress\/plugins\/seo\/ -->\n<title>Jefferson Batista Pereira, atleta da APAE Franca: multicampe\u00e3o no esporte e na vida - VerdadeOn<\/title>\n<meta name=\"robots\" content=\"index, follow, max-snippet:-1, max-image-preview:large, max-video-preview:-1\" \/>\n<link rel=\"canonical\" href=\"https:\/\/verdadeon.com.br\/portal\/2023\/02\/18\/jefferson-batista-pereira-atleta-da-apae-franca-multicampeao-no-esporte-e-na-vida\/\" \/>\n<meta property=\"og:locale\" content=\"pt_BR\" \/>\n<meta property=\"og:type\" content=\"article\" \/>\n<meta property=\"og:title\" content=\"Jefferson Batista Pereira, atleta da APAE Franca: multicampe\u00e3o no esporte e na vida - VerdadeOn\" \/>\n<meta property=\"og:description\" content=\"Jefferson Batista Pereira, 29 anos, chegou \u00e0 institui\u00e7\u00e3o aos 5 anos, se desenvolveu na educa\u00e7\u00e3o, brilhou no esporte e hoje \u00e9 exemplo para os colegas &#8220;Se [\u2026]\" \/>\n<meta property=\"og:url\" content=\"https:\/\/verdadeon.com.br\/portal\/2023\/02\/18\/jefferson-batista-pereira-atleta-da-apae-franca-multicampeao-no-esporte-e-na-vida\/\" \/>\n<meta property=\"og:site_name\" content=\"VerdadeOn\" \/>\n<meta property=\"article:published_time\" content=\"2023-02-18T13:55:46+00:00\" \/>\n<meta property=\"og:image\" content=\"https:\/\/verdadeon.com.br\/portal\/wp-content\/uploads\/2023\/02\/de6874c0-938c-468a-b9df-71255b5f63b8.jpeg\" \/>\n\t<meta property=\"og:image:width\" content=\"1000\" \/>\n\t<meta property=\"og:image:height\" content=\"670\" \/>\n\t<meta property=\"og:image:type\" content=\"image\/jpeg\" \/>\n<meta name=\"author\" content=\"Fernando Calixto\" \/>\n<meta name=\"twitter:card\" content=\"summary_large_image\" \/>\n<meta name=\"twitter:label1\" content=\"Escrito por\" \/>\n\t<meta name=\"twitter:data1\" content=\"Fernando Calixto\" \/>\n\t<meta name=\"twitter:label2\" content=\"Est. tempo de leitura\" \/>\n\t<meta name=\"twitter:data2\" content=\"7 minutos\" \/>\n<script type=\"application\/ld+json\" class=\"yoast-schema-graph\">{\"@context\":\"https:\/\/schema.org\",\"@graph\":[{\"@type\":\"WebPage\",\"@id\":\"https:\/\/verdadeon.com.br\/portal\/2023\/02\/18\/jefferson-batista-pereira-atleta-da-apae-franca-multicampeao-no-esporte-e-na-vida\/\",\"url\":\"https:\/\/verdadeon.com.br\/portal\/2023\/02\/18\/jefferson-batista-pereira-atleta-da-apae-franca-multicampeao-no-esporte-e-na-vida\/\",\"name\":\"Jefferson Batista Pereira, atleta da APAE Franca: multicampe\u00e3o no esporte e na vida - VerdadeOn\",\"isPartOf\":{\"@id\":\"https:\/\/verdadeon.com.br\/portal\/#website\"},\"primaryImageOfPage\":{\"@id\":\"https:\/\/verdadeon.com.br\/portal\/2023\/02\/18\/jefferson-batista-pereira-atleta-da-apae-franca-multicampeao-no-esporte-e-na-vida\/#primaryimage\"},\"image\":{\"@id\":\"https:\/\/verdadeon.com.br\/portal\/2023\/02\/18\/jefferson-batista-pereira-atleta-da-apae-franca-multicampeao-no-esporte-e-na-vida\/#primaryimage\"},\"thumbnailUrl\":\"https:\/\/i0.wp.com\/verdadeon.com.br\/portal\/wp-content\/uploads\/2023\/02\/de6874c0-938c-468a-b9df-71255b5f63b8.jpeg?fit=1000%2C670&ssl=1\",\"datePublished\":\"2023-02-18T13:55:46+00:00\",\"author\":{\"@id\":\"https:\/\/verdadeon.com.br\/portal\/#\/schema\/person\/8994718f49ee62ba5610471e29ca1f62\"},\"breadcrumb\":{\"@id\":\"https:\/\/verdadeon.com.br\/portal\/2023\/02\/18\/jefferson-batista-pereira-atleta-da-apae-franca-multicampeao-no-esporte-e-na-vida\/#breadcrumb\"},\"inLanguage\":\"pt-BR\",\"potentialAction\":[{\"@type\":\"ReadAction\",\"target\":[\"https:\/\/verdadeon.com.br\/portal\/2023\/02\/18\/jefferson-batista-pereira-atleta-da-apae-franca-multicampeao-no-esporte-e-na-vida\/\"]}]},{\"@type\":\"ImageObject\",\"inLanguage\":\"pt-BR\",\"@id\":\"https:\/\/verdadeon.com.br\/portal\/2023\/02\/18\/jefferson-batista-pereira-atleta-da-apae-franca-multicampeao-no-esporte-e-na-vida\/#primaryimage\",\"url\":\"https:\/\/i0.wp.com\/verdadeon.com.br\/portal\/wp-content\/uploads\/2023\/02\/de6874c0-938c-468a-b9df-71255b5f63b8.jpeg?fit=1000%2C670&ssl=1\",\"contentUrl\":\"https:\/\/i0.wp.com\/verdadeon.com.br\/portal\/wp-content\/uploads\/2023\/02\/de6874c0-938c-468a-b9df-71255b5f63b8.jpeg?fit=1000%2C670&ssl=1\",\"width\":1000,\"height\":670,\"caption\":\"Jefferson Batista Pereira, atleta da APAE Franca, com a camiseta em homenagem ao colega Muller Aparecido Cintra\"},{\"@type\":\"BreadcrumbList\",\"@id\":\"https:\/\/verdadeon.com.br\/portal\/2023\/02\/18\/jefferson-batista-pereira-atleta-da-apae-franca-multicampeao-no-esporte-e-na-vida\/#breadcrumb\",\"itemListElement\":[{\"@type\":\"ListItem\",\"position\":1,\"name\":\"In\u00edcio\",\"item\":\"https:\/\/verdadeon.com.br\/portal\/\"},{\"@type\":\"ListItem\",\"position\":2,\"name\":\"Jefferson Batista Pereira, atleta da APAE Franca: multicampe\u00e3o no esporte e na vida\"}]},{\"@type\":\"WebSite\",\"@id\":\"https:\/\/verdadeon.com.br\/portal\/#website\",\"url\":\"https:\/\/verdadeon.com.br\/portal\/\",\"name\":\"VerdadeOn\",\"description\":\"Not\u00edcias di\u00e1rias sobre Franca, Regi\u00e3o, Esporte, Cultura, Cotidiano, Colunas. Cobertura nos principais eventos da cidade \u00e9 aqui - Verdadeon Franca\",\"potentialAction\":[{\"@type\":\"SearchAction\",\"target\":{\"@type\":\"EntryPoint\",\"urlTemplate\":\"https:\/\/verdadeon.com.br\/portal\/?s={search_term_string}\"},\"query-input\":{\"@type\":\"PropertyValueSpecification\",\"valueRequired\":true,\"valueName\":\"search_term_string\"}}],\"inLanguage\":\"pt-BR\"},{\"@type\":\"Person\",\"@id\":\"https:\/\/verdadeon.com.br\/portal\/#\/schema\/person\/8994718f49ee62ba5610471e29ca1f62\",\"name\":\"Fernando Calixto\",\"image\":{\"@type\":\"ImageObject\",\"inLanguage\":\"pt-BR\",\"@id\":\"https:\/\/verdadeon.com.br\/portal\/#\/schema\/person\/image\/\",\"url\":\"https:\/\/secure.gravatar.com\/avatar\/7578910c24966c0316c340f9dbd601e93ee9f9212e1033968b367af9306bd9fb?s=96&d=mm&r=g\",\"contentUrl\":\"https:\/\/secure.gravatar.com\/avatar\/7578910c24966c0316c340f9dbd601e93ee9f9212e1033968b367af9306bd9fb?s=96&d=mm&r=g\",\"caption\":\"Fernando Calixto\"},\"url\":\"https:\/\/verdadeon.com.br\/portal\/author\/fernando-calixto\/\"}]}<\/script>\n<!-- \/ Yoast SEO plugin. -->","yoast_head_json":{"title":"Jefferson Batista Pereira, atleta da APAE Franca: multicampe\u00e3o no esporte e na vida - VerdadeOn","robots":{"index":"index","follow":"follow","max-snippet":"max-snippet:-1","max-image-preview":"max-image-preview:large","max-video-preview":"max-video-preview:-1"},"canonical":"https:\/\/verdadeon.com.br\/portal\/2023\/02\/18\/jefferson-batista-pereira-atleta-da-apae-franca-multicampeao-no-esporte-e-na-vida\/","og_locale":"pt_BR","og_type":"article","og_title":"Jefferson Batista Pereira, atleta da APAE Franca: multicampe\u00e3o no esporte e na vida - VerdadeOn","og_description":"Jefferson Batista Pereira, 29 anos, chegou \u00e0 institui\u00e7\u00e3o aos 5 anos, se desenvolveu na educa\u00e7\u00e3o, brilhou no esporte e hoje \u00e9 exemplo para os colegas &#8220;Se [\u2026]","og_url":"https:\/\/verdadeon.com.br\/portal\/2023\/02\/18\/jefferson-batista-pereira-atleta-da-apae-franca-multicampeao-no-esporte-e-na-vida\/","og_site_name":"VerdadeOn","article_published_time":"2023-02-18T13:55:46+00:00","og_image":[{"width":1000,"height":670,"url":"https:\/\/verdadeon.com.br\/portal\/wp-content\/uploads\/2023\/02\/de6874c0-938c-468a-b9df-71255b5f63b8.jpeg","type":"image\/jpeg"}],"author":"Fernando Calixto","twitter_card":"summary_large_image","twitter_misc":{"Escrito por":"Fernando Calixto","Est. tempo de leitura":"7 minutos"},"schema":{"@context":"https:\/\/schema.org","@graph":[{"@type":"WebPage","@id":"https:\/\/verdadeon.com.br\/portal\/2023\/02\/18\/jefferson-batista-pereira-atleta-da-apae-franca-multicampeao-no-esporte-e-na-vida\/","url":"https:\/\/verdadeon.com.br\/portal\/2023\/02\/18\/jefferson-batista-pereira-atleta-da-apae-franca-multicampeao-no-esporte-e-na-vida\/","name":"Jefferson Batista Pereira, atleta da APAE Franca: multicampe\u00e3o no esporte e na vida - VerdadeOn","isPartOf":{"@id":"https:\/\/verdadeon.com.br\/portal\/#website"},"primaryImageOfPage":{"@id":"https:\/\/verdadeon.com.br\/portal\/2023\/02\/18\/jefferson-batista-pereira-atleta-da-apae-franca-multicampeao-no-esporte-e-na-vida\/#primaryimage"},"image":{"@id":"https:\/\/verdadeon.com.br\/portal\/2023\/02\/18\/jefferson-batista-pereira-atleta-da-apae-franca-multicampeao-no-esporte-e-na-vida\/#primaryimage"},"thumbnailUrl":"https:\/\/i0.wp.com\/verdadeon.com.br\/portal\/wp-content\/uploads\/2023\/02\/de6874c0-938c-468a-b9df-71255b5f63b8.jpeg?fit=1000%2C670&ssl=1","datePublished":"2023-02-18T13:55:46+00:00","author":{"@id":"https:\/\/verdadeon.com.br\/portal\/#\/schema\/person\/8994718f49ee62ba5610471e29ca1f62"},"breadcrumb":{"@id":"https:\/\/verdadeon.com.br\/portal\/2023\/02\/18\/jefferson-batista-pereira-atleta-da-apae-franca-multicampeao-no-esporte-e-na-vida\/#breadcrumb"},"inLanguage":"pt-BR","potentialAction":[{"@type":"ReadAction","target":["https:\/\/verdadeon.com.br\/portal\/2023\/02\/18\/jefferson-batista-pereira-atleta-da-apae-franca-multicampeao-no-esporte-e-na-vida\/"]}]},{"@type":"ImageObject","inLanguage":"pt-BR","@id":"https:\/\/verdadeon.com.br\/portal\/2023\/02\/18\/jefferson-batista-pereira-atleta-da-apae-franca-multicampeao-no-esporte-e-na-vida\/#primaryimage","url":"https:\/\/i0.wp.com\/verdadeon.com.br\/portal\/wp-content\/uploads\/2023\/02\/de6874c0-938c-468a-b9df-71255b5f63b8.jpeg?fit=1000%2C670&ssl=1","contentUrl":"https:\/\/i0.wp.com\/verdadeon.com.br\/portal\/wp-content\/uploads\/2023\/02\/de6874c0-938c-468a-b9df-71255b5f63b8.jpeg?fit=1000%2C670&ssl=1","width":1000,"height":670,"caption":"Jefferson Batista Pereira, atleta da APAE Franca, com a camiseta em homenagem ao colega Muller Aparecido Cintra"},{"@type":"BreadcrumbList","@id":"https:\/\/verdadeon.com.br\/portal\/2023\/02\/18\/jefferson-batista-pereira-atleta-da-apae-franca-multicampeao-no-esporte-e-na-vida\/#breadcrumb","itemListElement":[{"@type":"ListItem","position":1,"name":"In\u00edcio","item":"https:\/\/verdadeon.com.br\/portal\/"},{"@type":"ListItem","position":2,"name":"Jefferson Batista Pereira, atleta da APAE Franca: multicampe\u00e3o no esporte e na vida"}]},{"@type":"WebSite","@id":"https:\/\/verdadeon.com.br\/portal\/#website","url":"https:\/\/verdadeon.com.br\/portal\/","name":"VerdadeOn","description":"Not\u00edcias di\u00e1rias sobre Franca, Regi\u00e3o, Esporte, Cultura, Cotidiano, Colunas. Cobertura nos principais eventos da cidade \u00e9 aqui - Verdadeon Franca","potentialAction":[{"@type":"SearchAction","target":{"@type":"EntryPoint","urlTemplate":"https:\/\/verdadeon.com.br\/portal\/?s={search_term_string}"},"query-input":{"@type":"PropertyValueSpecification","valueRequired":true,"valueName":"search_term_string"}}],"inLanguage":"pt-BR"},{"@type":"Person","@id":"https:\/\/verdadeon.com.br\/portal\/#\/schema\/person\/8994718f49ee62ba5610471e29ca1f62","name":"Fernando Calixto","image":{"@type":"ImageObject","inLanguage":"pt-BR","@id":"https:\/\/verdadeon.com.br\/portal\/#\/schema\/person\/image\/","url":"https:\/\/secure.gravatar.com\/avatar\/7578910c24966c0316c340f9dbd601e93ee9f9212e1033968b367af9306bd9fb?s=96&d=mm&r=g","contentUrl":"https:\/\/secure.gravatar.com\/avatar\/7578910c24966c0316c340f9dbd601e93ee9f9212e1033968b367af9306bd9fb?s=96&d=mm&r=g","caption":"Fernando Calixto"},"url":"https:\/\/verdadeon.com.br\/portal\/author\/fernando-calixto\/"}]}},"jetpack_publicize_connections":[],"jetpack_featured_media_url":"https:\/\/i0.wp.com\/verdadeon.com.br\/portal\/wp-content\/uploads\/2023\/02\/de6874c0-938c-468a-b9df-71255b5f63b8.jpeg?fit=1000%2C670&ssl=1","jetpack_sharing_enabled":true,"_links":{"self":[{"href":"https:\/\/verdadeon.com.br\/portal\/wp-json\/wp\/v2\/posts\/31896","targetHints":{"allow":["GET"]}}],"collection":[{"href":"https:\/\/verdadeon.com.br\/portal\/wp-json\/wp\/v2\/posts"}],"about":[{"href":"https:\/\/verdadeon.com.br\/portal\/wp-json\/wp\/v2\/types\/post"}],"author":[{"embeddable":true,"href":"https:\/\/verdadeon.com.br\/portal\/wp-json\/wp\/v2\/users\/4"}],"replies":[{"embeddable":true,"href":"https:\/\/verdadeon.com.br\/portal\/wp-json\/wp\/v2\/comments?post=31896"}],"version-history":[{"count":1,"href":"https:\/\/verdadeon.com.br\/portal\/wp-json\/wp\/v2\/posts\/31896\/revisions"}],"predecessor-version":[{"id":31899,"href":"https:\/\/verdadeon.com.br\/portal\/wp-json\/wp\/v2\/posts\/31896\/revisions\/31899"}],"wp:featuredmedia":[{"embeddable":true,"href":"https:\/\/verdadeon.com.br\/portal\/wp-json\/wp\/v2\/media\/31898"}],"wp:attachment":[{"href":"https:\/\/verdadeon.com.br\/portal\/wp-json\/wp\/v2\/media?parent=31896"}],"wp:term":[{"taxonomy":"category","embeddable":true,"href":"https:\/\/verdadeon.com.br\/portal\/wp-json\/wp\/v2\/categories?post=31896"},{"taxonomy":"post_tag","embeddable":true,"href":"https:\/\/verdadeon.com.br\/portal\/wp-json\/wp\/v2\/tags?post=31896"}],"curies":[{"name":"wp","href":"https:\/\/api.w.org\/{rel}","templated":true}]}}