{"id":31891,"date":"2023-02-18T10:12:21","date_gmt":"2023-02-18T13:12:21","guid":{"rendered":"https:\/\/verdadeon.com.br\/portal\/?p=31891"},"modified":"2023-02-18T10:12:21","modified_gmt":"2023-02-18T13:12:21","slug":"voluntarios-e-equipes-de-saude-levam-a-alegria-do-carnaval-para-pacientes-do-hospital-regional-de-franca","status":"publish","type":"post","link":"https:\/\/verdadeon.com.br\/portal\/2023\/02\/18\/voluntarios-e-equipes-de-saude-levam-a-alegria-do-carnaval-para-pacientes-do-hospital-regional-de-franca\/","title":{"rendered":"Volunt\u00e1rios e equipes de sa\u00fade levam a alegria do carnaval para pacientes do Hospital Regional de Franca"},"content":{"rendered":"<h2>A\u00e7\u00e3o ocorreu na sexta-feira, dia 17. Marchinhas, adere\u00e7os, animadores e decora\u00e7\u00e3o especial tomaram conta de alas da entidade levando alegria e descontra\u00e7\u00e3o aos participantes<\/h2>\n<p>O clima de Carnaval tomou conta do Hospital Regional de Franca, do Grupo Hapvida NotreDame Interm\u00e9dica, na sexta-feira, dia 17. Ao som das tradicionais m\u00fasicas e marchinhas de carnaval, pacientes e colaboradores puderam desfrutar de um dia com bastante anima\u00e7\u00e3o proporcionado pelas equipes de sa\u00fade da entidade e pelo grupo de volunt\u00e1rios da cidade Andarilhos da Luz.<\/p>\n<p>De acordo com a diretora-m\u00e9dica do Hospital Regional de Franca, Brunna Freire, a iniciativa surgiu nas reuni\u00f5es da Comiss\u00e3o de Humaniza\u00e7\u00e3o do Hospital (HumanizaHap), com o objetivo de proporcionar momentos de leveza e mais alegria para os pacientes que est\u00e3o internados na institui\u00e7\u00e3o, al\u00e9m de animar a pr\u00f3pria equipe com um momento l\u00fadico.<\/p>\n<p>\u201c\u00c9 uma a\u00e7\u00e3o que impacta muito positivamente na rotina do ambiente hospitalar. A equipe sempre se une e colabora diretamente\u201d, frisa.<\/p>\n<p>O Carnaval no Hospital Regional de Franca teve a participa\u00e7\u00e3o de cinco volunt\u00e1rios do grupo francano Andarilhos da Luz que, fantasiados e levando adere\u00e7os carnavalescos, garantiram momentos divertidos aos pacientes da enfermaria e da UTI adulto.<\/p>\n<p>A diretora-m\u00e9dica Brunna Freire explica ainda que, para a seguran\u00e7a de todos, os preparativos foram previamente alinhados junto ao time da CCIH (Comiss\u00e3o de Controle de Infec\u00e7\u00f5es Hospitalares).<\/p>\n<p><img data-recalc-dims=\"1\" loading=\"lazy\" decoding=\"async\" class=\"alignnone size-full wp-image-31893\" src=\"https:\/\/i0.wp.com\/verdadeon.com.br\/portal\/wp-content\/uploads\/2023\/02\/WhatsApp-Image-2023-02-17-at-18.57.58-1.jpeg?resize=1000%2C670&#038;ssl=1\" alt=\"\" width=\"1000\" height=\"670\" \/> <img data-recalc-dims=\"1\" loading=\"lazy\" decoding=\"async\" class=\"alignnone size-full wp-image-31894\" src=\"https:\/\/i0.wp.com\/verdadeon.com.br\/portal\/wp-content\/uploads\/2023\/02\/WhatsApp-Image-2023-02-17-at-18.57.58.jpeg?resize=1000%2C670&#038;ssl=1\" alt=\"\" width=\"1000\" height=\"670\" srcset=\"https:\/\/i0.wp.com\/verdadeon.com.br\/portal\/wp-content\/uploads\/2023\/02\/WhatsApp-Image-2023-02-17-at-18.57.58.jpeg?w=1000&amp;ssl=1 1000w, https:\/\/i0.wp.com\/verdadeon.com.br\/portal\/wp-content\/uploads\/2023\/02\/WhatsApp-Image-2023-02-17-at-18.57.58.jpeg?resize=300%2C201&amp;ssl=1 300w, https:\/\/i0.wp.com\/verdadeon.com.br\/portal\/wp-content\/uploads\/2023\/02\/WhatsApp-Image-2023-02-17-at-18.57.58.jpeg?resize=768%2C515&amp;ssl=1 768w, https:\/\/i0.wp.com\/verdadeon.com.br\/portal\/wp-content\/uploads\/2023\/02\/WhatsApp-Image-2023-02-17-at-18.57.58.jpeg?resize=218%2C146&amp;ssl=1 218w, https:\/\/i0.wp.com\/verdadeon.com.br\/portal\/wp-content\/uploads\/2023\/02\/WhatsApp-Image-2023-02-17-at-18.57.58.jpeg?resize=50%2C34&amp;ssl=1 50w, https:\/\/i0.wp.com\/verdadeon.com.br\/portal\/wp-content\/uploads\/2023\/02\/WhatsApp-Image-2023-02-17-at-18.57.58.jpeg?resize=112%2C75&amp;ssl=1 112w\" sizes=\"auto, (max-width: 1000px) 100vw, 1000px\" \/><\/p>\n","protected":false},"excerpt":{"rendered":"<p>A\u00e7\u00e3o ocorreu na sexta-feira, dia 17. Marchinhas, adere\u00e7os, animadores e decora\u00e7\u00e3o especial tomaram conta de alas da entidade levando alegria e descontra\u00e7\u00e3o aos participantes O clima<span class=\"excerpt-hellip\"> [\u2026]<\/span><\/p>\n","protected":false},"author":4,"featured_media":31892,"comment_status":"open","ping_status":"open","sticky":false,"template":"","format":"standard","meta":{"_jetpack_memberships_contains_paid_content":false,"footnotes":"","jetpack_publicize_message":"","jetpack_publicize_feature_enabled":true,"jetpack_social_post_already_shared":false,"jetpack_social_options":{"image_generator_settings":{"template":"highway","default_image_id":0,"enabled":false},"version":2}},"categories":[28,81],"tags":[],"class_list":["post-31891","post","type-post","status-publish","format-standard","has-post-thumbnail","hentry","category-cotidiano","category-manchete"],"yoast_head":"<!-- This site is optimized with the Yoast SEO plugin v25.6 - https:\/\/yoast.com\/wordpress\/plugins\/seo\/ -->\n<title>Volunt\u00e1rios e equipes de sa\u00fade levam a alegria do carnaval para pacientes do Hospital Regional de Franca - VerdadeOn<\/title>\n<meta name=\"robots\" content=\"index, follow, max-snippet:-1, max-image-preview:large, max-video-preview:-1\" \/>\n<link rel=\"canonical\" href=\"https:\/\/verdadeon.com.br\/portal\/2023\/02\/18\/voluntarios-e-equipes-de-saude-levam-a-alegria-do-carnaval-para-pacientes-do-hospital-regional-de-franca\/\" \/>\n<meta property=\"og:locale\" content=\"pt_BR\" \/>\n<meta property=\"og:type\" content=\"article\" \/>\n<meta property=\"og:title\" content=\"Volunt\u00e1rios e equipes de sa\u00fade levam a alegria do carnaval para pacientes do Hospital Regional de Franca - VerdadeOn\" \/>\n<meta property=\"og:description\" content=\"A\u00e7\u00e3o ocorreu na sexta-feira, dia 17. Marchinhas, adere\u00e7os, animadores e decora\u00e7\u00e3o especial tomaram conta de alas da entidade levando alegria e descontra\u00e7\u00e3o aos participantes O clima [\u2026]\" \/>\n<meta property=\"og:url\" content=\"https:\/\/verdadeon.com.br\/portal\/2023\/02\/18\/voluntarios-e-equipes-de-saude-levam-a-alegria-do-carnaval-para-pacientes-do-hospital-regional-de-franca\/\" \/>\n<meta property=\"og:site_name\" content=\"VerdadeOn\" \/>\n<meta property=\"article:published_time\" content=\"2023-02-18T13:12:21+00:00\" \/>\n<meta property=\"og:image\" content=\"https:\/\/verdadeon.com.br\/portal\/wp-content\/uploads\/2023\/02\/WhatsApp-Image-2023-02-17-at-19.20.00.jpeg\" \/>\n\t<meta property=\"og:image:width\" content=\"1000\" \/>\n\t<meta property=\"og:image:height\" content=\"670\" \/>\n\t<meta property=\"og:image:type\" content=\"image\/jpeg\" \/>\n<meta name=\"author\" content=\"Fernando Calixto\" \/>\n<meta name=\"twitter:card\" content=\"summary_large_image\" \/>\n<meta name=\"twitter:label1\" content=\"Escrito por\" \/>\n\t<meta name=\"twitter:data1\" content=\"Fernando Calixto\" \/>\n\t<meta name=\"twitter:label2\" content=\"Est. tempo de leitura\" \/>\n\t<meta name=\"twitter:data2\" content=\"2 minutos\" \/>\n<script type=\"application\/ld+json\" class=\"yoast-schema-graph\">{\"@context\":\"https:\/\/schema.org\",\"@graph\":[{\"@type\":\"WebPage\",\"@id\":\"https:\/\/verdadeon.com.br\/portal\/2023\/02\/18\/voluntarios-e-equipes-de-saude-levam-a-alegria-do-carnaval-para-pacientes-do-hospital-regional-de-franca\/\",\"url\":\"https:\/\/verdadeon.com.br\/portal\/2023\/02\/18\/voluntarios-e-equipes-de-saude-levam-a-alegria-do-carnaval-para-pacientes-do-hospital-regional-de-franca\/\",\"name\":\"Volunt\u00e1rios e equipes de sa\u00fade levam a alegria do carnaval para pacientes do Hospital Regional de Franca - VerdadeOn\",\"isPartOf\":{\"@id\":\"https:\/\/verdadeon.com.br\/portal\/#website\"},\"primaryImageOfPage\":{\"@id\":\"https:\/\/verdadeon.com.br\/portal\/2023\/02\/18\/voluntarios-e-equipes-de-saude-levam-a-alegria-do-carnaval-para-pacientes-do-hospital-regional-de-franca\/#primaryimage\"},\"image\":{\"@id\":\"https:\/\/verdadeon.com.br\/portal\/2023\/02\/18\/voluntarios-e-equipes-de-saude-levam-a-alegria-do-carnaval-para-pacientes-do-hospital-regional-de-franca\/#primaryimage\"},\"thumbnailUrl\":\"https:\/\/i0.wp.com\/verdadeon.com.br\/portal\/wp-content\/uploads\/2023\/02\/WhatsApp-Image-2023-02-17-at-19.20.00.jpeg?fit=1000%2C670&ssl=1\",\"datePublished\":\"2023-02-18T13:12:21+00:00\",\"author\":{\"@id\":\"https:\/\/verdadeon.com.br\/portal\/#\/schema\/person\/8994718f49ee62ba5610471e29ca1f62\"},\"breadcrumb\":{\"@id\":\"https:\/\/verdadeon.com.br\/portal\/2023\/02\/18\/voluntarios-e-equipes-de-saude-levam-a-alegria-do-carnaval-para-pacientes-do-hospital-regional-de-franca\/#breadcrumb\"},\"inLanguage\":\"pt-BR\",\"potentialAction\":[{\"@type\":\"ReadAction\",\"target\":[\"https:\/\/verdadeon.com.br\/portal\/2023\/02\/18\/voluntarios-e-equipes-de-saude-levam-a-alegria-do-carnaval-para-pacientes-do-hospital-regional-de-franca\/\"]}]},{\"@type\":\"ImageObject\",\"inLanguage\":\"pt-BR\",\"@id\":\"https:\/\/verdadeon.com.br\/portal\/2023\/02\/18\/voluntarios-e-equipes-de-saude-levam-a-alegria-do-carnaval-para-pacientes-do-hospital-regional-de-franca\/#primaryimage\",\"url\":\"https:\/\/i0.wp.com\/verdadeon.com.br\/portal\/wp-content\/uploads\/2023\/02\/WhatsApp-Image-2023-02-17-at-19.20.00.jpeg?fit=1000%2C670&ssl=1\",\"contentUrl\":\"https:\/\/i0.wp.com\/verdadeon.com.br\/portal\/wp-content\/uploads\/2023\/02\/WhatsApp-Image-2023-02-17-at-19.20.00.jpeg?fit=1000%2C670&ssl=1\",\"width\":1000,\"height\":670},{\"@type\":\"BreadcrumbList\",\"@id\":\"https:\/\/verdadeon.com.br\/portal\/2023\/02\/18\/voluntarios-e-equipes-de-saude-levam-a-alegria-do-carnaval-para-pacientes-do-hospital-regional-de-franca\/#breadcrumb\",\"itemListElement\":[{\"@type\":\"ListItem\",\"position\":1,\"name\":\"In\u00edcio\",\"item\":\"https:\/\/verdadeon.com.br\/portal\/\"},{\"@type\":\"ListItem\",\"position\":2,\"name\":\"Volunt\u00e1rios e equipes de sa\u00fade levam a alegria do carnaval para pacientes do Hospital Regional de Franca\"}]},{\"@type\":\"WebSite\",\"@id\":\"https:\/\/verdadeon.com.br\/portal\/#website\",\"url\":\"https:\/\/verdadeon.com.br\/portal\/\",\"name\":\"VerdadeOn\",\"description\":\"Not\u00edcias di\u00e1rias sobre Franca, Regi\u00e3o, Esporte, Cultura, Cotidiano, Colunas. Cobertura nos principais eventos da cidade \u00e9 aqui - Verdadeon Franca\",\"potentialAction\":[{\"@type\":\"SearchAction\",\"target\":{\"@type\":\"EntryPoint\",\"urlTemplate\":\"https:\/\/verdadeon.com.br\/portal\/?s={search_term_string}\"},\"query-input\":{\"@type\":\"PropertyValueSpecification\",\"valueRequired\":true,\"valueName\":\"search_term_string\"}}],\"inLanguage\":\"pt-BR\"},{\"@type\":\"Person\",\"@id\":\"https:\/\/verdadeon.com.br\/portal\/#\/schema\/person\/8994718f49ee62ba5610471e29ca1f62\",\"name\":\"Fernando Calixto\",\"image\":{\"@type\":\"ImageObject\",\"inLanguage\":\"pt-BR\",\"@id\":\"https:\/\/verdadeon.com.br\/portal\/#\/schema\/person\/image\/\",\"url\":\"https:\/\/secure.gravatar.com\/avatar\/7578910c24966c0316c340f9dbd601e93ee9f9212e1033968b367af9306bd9fb?s=96&d=mm&r=g\",\"contentUrl\":\"https:\/\/secure.gravatar.com\/avatar\/7578910c24966c0316c340f9dbd601e93ee9f9212e1033968b367af9306bd9fb?s=96&d=mm&r=g\",\"caption\":\"Fernando Calixto\"},\"url\":\"https:\/\/verdadeon.com.br\/portal\/author\/fernando-calixto\/\"}]}<\/script>\n<!-- \/ Yoast SEO plugin. -->","yoast_head_json":{"title":"Volunt\u00e1rios e equipes de sa\u00fade levam a alegria do carnaval para pacientes do Hospital Regional de Franca - VerdadeOn","robots":{"index":"index","follow":"follow","max-snippet":"max-snippet:-1","max-image-preview":"max-image-preview:large","max-video-preview":"max-video-preview:-1"},"canonical":"https:\/\/verdadeon.com.br\/portal\/2023\/02\/18\/voluntarios-e-equipes-de-saude-levam-a-alegria-do-carnaval-para-pacientes-do-hospital-regional-de-franca\/","og_locale":"pt_BR","og_type":"article","og_title":"Volunt\u00e1rios e equipes de sa\u00fade levam a alegria do carnaval para pacientes do Hospital Regional de Franca - VerdadeOn","og_description":"A\u00e7\u00e3o ocorreu na sexta-feira, dia 17. Marchinhas, adere\u00e7os, animadores e decora\u00e7\u00e3o especial tomaram conta de alas da entidade levando alegria e descontra\u00e7\u00e3o aos participantes O clima [\u2026]","og_url":"https:\/\/verdadeon.com.br\/portal\/2023\/02\/18\/voluntarios-e-equipes-de-saude-levam-a-alegria-do-carnaval-para-pacientes-do-hospital-regional-de-franca\/","og_site_name":"VerdadeOn","article_published_time":"2023-02-18T13:12:21+00:00","og_image":[{"width":1000,"height":670,"url":"https:\/\/verdadeon.com.br\/portal\/wp-content\/uploads\/2023\/02\/WhatsApp-Image-2023-02-17-at-19.20.00.jpeg","type":"image\/jpeg"}],"author":"Fernando Calixto","twitter_card":"summary_large_image","twitter_misc":{"Escrito por":"Fernando Calixto","Est. tempo de leitura":"2 minutos"},"schema":{"@context":"https:\/\/schema.org","@graph":[{"@type":"WebPage","@id":"https:\/\/verdadeon.com.br\/portal\/2023\/02\/18\/voluntarios-e-equipes-de-saude-levam-a-alegria-do-carnaval-para-pacientes-do-hospital-regional-de-franca\/","url":"https:\/\/verdadeon.com.br\/portal\/2023\/02\/18\/voluntarios-e-equipes-de-saude-levam-a-alegria-do-carnaval-para-pacientes-do-hospital-regional-de-franca\/","name":"Volunt\u00e1rios e equipes de sa\u00fade levam a alegria do carnaval para pacientes do Hospital Regional de Franca - VerdadeOn","isPartOf":{"@id":"https:\/\/verdadeon.com.br\/portal\/#website"},"primaryImageOfPage":{"@id":"https:\/\/verdadeon.com.br\/portal\/2023\/02\/18\/voluntarios-e-equipes-de-saude-levam-a-alegria-do-carnaval-para-pacientes-do-hospital-regional-de-franca\/#primaryimage"},"image":{"@id":"https:\/\/verdadeon.com.br\/portal\/2023\/02\/18\/voluntarios-e-equipes-de-saude-levam-a-alegria-do-carnaval-para-pacientes-do-hospital-regional-de-franca\/#primaryimage"},"thumbnailUrl":"https:\/\/i0.wp.com\/verdadeon.com.br\/portal\/wp-content\/uploads\/2023\/02\/WhatsApp-Image-2023-02-17-at-19.20.00.jpeg?fit=1000%2C670&ssl=1","datePublished":"2023-02-18T13:12:21+00:00","author":{"@id":"https:\/\/verdadeon.com.br\/portal\/#\/schema\/person\/8994718f49ee62ba5610471e29ca1f62"},"breadcrumb":{"@id":"https:\/\/verdadeon.com.br\/portal\/2023\/02\/18\/voluntarios-e-equipes-de-saude-levam-a-alegria-do-carnaval-para-pacientes-do-hospital-regional-de-franca\/#breadcrumb"},"inLanguage":"pt-BR","potentialAction":[{"@type":"ReadAction","target":["https:\/\/verdadeon.com.br\/portal\/2023\/02\/18\/voluntarios-e-equipes-de-saude-levam-a-alegria-do-carnaval-para-pacientes-do-hospital-regional-de-franca\/"]}]},{"@type":"ImageObject","inLanguage":"pt-BR","@id":"https:\/\/verdadeon.com.br\/portal\/2023\/02\/18\/voluntarios-e-equipes-de-saude-levam-a-alegria-do-carnaval-para-pacientes-do-hospital-regional-de-franca\/#primaryimage","url":"https:\/\/i0.wp.com\/verdadeon.com.br\/portal\/wp-content\/uploads\/2023\/02\/WhatsApp-Image-2023-02-17-at-19.20.00.jpeg?fit=1000%2C670&ssl=1","contentUrl":"https:\/\/i0.wp.com\/verdadeon.com.br\/portal\/wp-content\/uploads\/2023\/02\/WhatsApp-Image-2023-02-17-at-19.20.00.jpeg?fit=1000%2C670&ssl=1","width":1000,"height":670},{"@type":"BreadcrumbList","@id":"https:\/\/verdadeon.com.br\/portal\/2023\/02\/18\/voluntarios-e-equipes-de-saude-levam-a-alegria-do-carnaval-para-pacientes-do-hospital-regional-de-franca\/#breadcrumb","itemListElement":[{"@type":"ListItem","position":1,"name":"In\u00edcio","item":"https:\/\/verdadeon.com.br\/portal\/"},{"@type":"ListItem","position":2,"name":"Volunt\u00e1rios e equipes de sa\u00fade levam a alegria do carnaval para pacientes do Hospital Regional de Franca"}]},{"@type":"WebSite","@id":"https:\/\/verdadeon.com.br\/portal\/#website","url":"https:\/\/verdadeon.com.br\/portal\/","name":"VerdadeOn","description":"Not\u00edcias di\u00e1rias sobre Franca, Regi\u00e3o, Esporte, Cultura, Cotidiano, Colunas. Cobertura nos principais eventos da cidade \u00e9 aqui - Verdadeon Franca","potentialAction":[{"@type":"SearchAction","target":{"@type":"EntryPoint","urlTemplate":"https:\/\/verdadeon.com.br\/portal\/?s={search_term_string}"},"query-input":{"@type":"PropertyValueSpecification","valueRequired":true,"valueName":"search_term_string"}}],"inLanguage":"pt-BR"},{"@type":"Person","@id":"https:\/\/verdadeon.com.br\/portal\/#\/schema\/person\/8994718f49ee62ba5610471e29ca1f62","name":"Fernando Calixto","image":{"@type":"ImageObject","inLanguage":"pt-BR","@id":"https:\/\/verdadeon.com.br\/portal\/#\/schema\/person\/image\/","url":"https:\/\/secure.gravatar.com\/avatar\/7578910c24966c0316c340f9dbd601e93ee9f9212e1033968b367af9306bd9fb?s=96&d=mm&r=g","contentUrl":"https:\/\/secure.gravatar.com\/avatar\/7578910c24966c0316c340f9dbd601e93ee9f9212e1033968b367af9306bd9fb?s=96&d=mm&r=g","caption":"Fernando Calixto"},"url":"https:\/\/verdadeon.com.br\/portal\/author\/fernando-calixto\/"}]}},"jetpack_publicize_connections":[],"jetpack_featured_media_url":"https:\/\/i0.wp.com\/verdadeon.com.br\/portal\/wp-content\/uploads\/2023\/02\/WhatsApp-Image-2023-02-17-at-19.20.00.jpeg?fit=1000%2C670&ssl=1","jetpack_sharing_enabled":true,"_links":{"self":[{"href":"https:\/\/verdadeon.com.br\/portal\/wp-json\/wp\/v2\/posts\/31891","targetHints":{"allow":["GET"]}}],"collection":[{"href":"https:\/\/verdadeon.com.br\/portal\/wp-json\/wp\/v2\/posts"}],"about":[{"href":"https:\/\/verdadeon.com.br\/portal\/wp-json\/wp\/v2\/types\/post"}],"author":[{"embeddable":true,"href":"https:\/\/verdadeon.com.br\/portal\/wp-json\/wp\/v2\/users\/4"}],"replies":[{"embeddable":true,"href":"https:\/\/verdadeon.com.br\/portal\/wp-json\/wp\/v2\/comments?post=31891"}],"version-history":[{"count":1,"href":"https:\/\/verdadeon.com.br\/portal\/wp-json\/wp\/v2\/posts\/31891\/revisions"}],"predecessor-version":[{"id":31895,"href":"https:\/\/verdadeon.com.br\/portal\/wp-json\/wp\/v2\/posts\/31891\/revisions\/31895"}],"wp:featuredmedia":[{"embeddable":true,"href":"https:\/\/verdadeon.com.br\/portal\/wp-json\/wp\/v2\/media\/31892"}],"wp:attachment":[{"href":"https:\/\/verdadeon.com.br\/portal\/wp-json\/wp\/v2\/media?parent=31891"}],"wp:term":[{"taxonomy":"category","embeddable":true,"href":"https:\/\/verdadeon.com.br\/portal\/wp-json\/wp\/v2\/categories?post=31891"},{"taxonomy":"post_tag","embeddable":true,"href":"https:\/\/verdadeon.com.br\/portal\/wp-json\/wp\/v2\/tags?post=31891"}],"curies":[{"name":"wp","href":"https:\/\/api.w.org\/{rel}","templated":true}]}}