{"id":31888,"date":"2023-02-17T13:00:49","date_gmt":"2023-02-17T16:00:49","guid":{"rendered":"https:\/\/verdadeon.com.br\/portal\/?p=31888"},"modified":"2023-02-17T17:05:06","modified_gmt":"2023-02-17T20:05:06","slug":"feac-recebe-inscricoes-para-atividades-culturais-e-esportivas","status":"publish","type":"post","link":"https:\/\/verdadeon.com.br\/portal\/2023\/02\/17\/feac-recebe-inscricoes-para-atividades-culturais-e-esportivas\/","title":{"rendered":"FEAC recebe inscri\u00e7\u00f5es para atividades culturais e esportivas"},"content":{"rendered":"<h2>Na cultura, h\u00e1 vagas para viol\u00e3o, violino, viola, violoncelo, trompete, trombone, musicaliza\u00e7\u00e3o, percuss\u00e3o, sax, clarinete, coral e canto, teatro e flauta doce<\/h2>\n<div>A FEAC (Funda\u00e7\u00e3o Esporte, Arte e Cultura) segue com inscri\u00e7\u00f5es abertas para as Escolinhas de Inicia\u00e7\u00e3o Esportiva e oficinas culturais por toda a cidade. As atividades s\u00e3o resultados de parcerias firmadas entre a FEAC e entidades de Franca, com 103 polos de atendimento \u00e0 popula\u00e7\u00e3o. O novo quadro de hor\u00e1rios est\u00e1 dispon\u00edvel no site da FEAC, atrav\u00e9s do link\u00a0<a href=\"http:\/\/feacfranca.sp.gov.br\/FEAC\/1477-feac-inscricoes\" target=\"_blank\" rel=\"noopener\" data-saferedirecturl=\"https:\/\/www.google.com\/url?q=http:\/\/feacfranca.sp.gov.br\/FEAC\/1477-feac-inscricoes&amp;source=gmail&amp;ust=1676746910841000&amp;usg=AOvVaw0tu7eZIVxSG4uHd3wOo33R\">http:\/\/feacfranca.sp.gov.br\/<wbr \/>FEAC\/1477-feac-inscricoes<\/a>\u00a0.<\/div>\n<div>Na cultura, h\u00e1 vagas para viol\u00e3o, violino, viola, violoncelo, trompete, trombone, musicaliza\u00e7\u00e3o, percuss\u00e3o, sax, clarinete, coral e canto, teatro e flauta doce. S\u00e3o para todas as faixas et\u00e1rias, a partir de 4 anos e h\u00e1 op\u00e7\u00f5es de hor\u00e1rios nos tr\u00eas per\u00edodos manh\u00e3, tarde e noite, dependendo da localiza\u00e7\u00e3o e modalidade.<\/div>\n<div>J\u00e1 as modalidades esportivas oferecidas, gratuitamente, s\u00e3o nata\u00e7\u00e3o, nata\u00e7\u00e3o ACD (Atletas com Defici\u00eancia), futebol masculino e feminino, futsal misto, v\u00f4lei feminino e masculino, v\u00f4lei de Praia, v\u00f4lei adaptado, gin\u00e1stica art\u00edstica, gin\u00e1stica r\u00edtmica, xadrez, jud\u00f4, taekwondo, basquete misto, futev\u00f4lei, handebol misto, hidrogin\u00e1stica, karat\u00ea, t\u00eanis de mesa, atletismo, atletismo ACD, ballet, ciclismo, dan\u00e7a livre e jazz.<\/div>\n<div>As aulas foram iniciadas na \u00faltima quinta-feira, 16, mas quem ainda n\u00e3o fez inscri\u00e7\u00e3o, pode acessar o site\u00a0<a href=\"https:\/\/www.franca.sp.gov.br\/pmf-esporte\/paginas\/publica\/cadastro_interessados.xhtml\" target=\"_blank\" rel=\"noopener\" data-saferedirecturl=\"https:\/\/www.google.com\/url?q=https:\/\/www.franca.sp.gov.br\/pmf-esporte\/paginas\/publica\/cadastro_interessados.xhtml&amp;source=gmail&amp;ust=1676746910841000&amp;usg=AOvVaw1fF3rSHvABVv8R19pMZTWn\">https:\/\/www.franca.sp.gov.br\/<wbr \/>pmf-esporte\/paginas\/publica\/<wbr \/>cadastro_interessados.xhtml<\/a>\u00a0, sendo necess\u00e1rio o preenchimento de formul\u00e1rio. Ser\u00e1 disponibilizado um n\u00famero de protocolo, que dever\u00e1 ser levado ao professor no dia e hor\u00e1rio estipulados para a atividade selecionada.<\/div>\n<div>Os alunos, que j\u00e1 frequentavam as aulas em 2022, podem continuar desde que verifiquem se houve altera\u00e7\u00e3o de local e hor\u00e1rio em sua modalidade, comparecendo \u00e0 atividade para confirma\u00e7\u00e3o das turmas.<\/div>\n<div>D\u00favidas podem ser esclarecidas pelos telefones da FEAC, (16) 3711-9350 e 99221-7360 (WhatsApp).<\/div>\n","protected":false},"excerpt":{"rendered":"<p>Na cultura, h\u00e1 vagas para viol\u00e3o, violino, viola, violoncelo, trompete, trombone, musicaliza\u00e7\u00e3o, percuss\u00e3o, sax, clarinete, coral e canto, teatro e flauta doce A FEAC (Funda\u00e7\u00e3o Esporte,<span class=\"excerpt-hellip\"> [\u2026]<\/span><\/p>\n","protected":false},"author":4,"featured_media":29645,"comment_status":"open","ping_status":"open","sticky":false,"template":"","format":"standard","meta":{"_jetpack_memberships_contains_paid_content":false,"footnotes":"","jetpack_publicize_message":"","jetpack_publicize_feature_enabled":true,"jetpack_social_post_already_shared":false,"jetpack_social_options":{"image_generator_settings":{"template":"highway","default_image_id":0,"enabled":false},"version":2}},"categories":[28,44],"tags":[],"class_list":["post-31888","post","type-post","status-publish","format-standard","has-post-thumbnail","hentry","category-cotidiano","category-noticias"],"yoast_head":"<!-- This site is optimized with the Yoast SEO plugin v25.6 - https:\/\/yoast.com\/wordpress\/plugins\/seo\/ -->\n<title>FEAC recebe inscri\u00e7\u00f5es para atividades culturais e esportivas - VerdadeOn<\/title>\n<meta name=\"robots\" content=\"index, follow, max-snippet:-1, max-image-preview:large, max-video-preview:-1\" \/>\n<link rel=\"canonical\" href=\"https:\/\/verdadeon.com.br\/portal\/2023\/02\/17\/feac-recebe-inscricoes-para-atividades-culturais-e-esportivas\/\" \/>\n<meta property=\"og:locale\" content=\"pt_BR\" \/>\n<meta property=\"og:type\" content=\"article\" \/>\n<meta property=\"og:title\" content=\"FEAC recebe inscri\u00e7\u00f5es para atividades culturais e esportivas - VerdadeOn\" \/>\n<meta property=\"og:description\" content=\"Na cultura, h\u00e1 vagas para viol\u00e3o, violino, viola, violoncelo, trompete, trombone, musicaliza\u00e7\u00e3o, percuss\u00e3o, sax, clarinete, coral e canto, teatro e flauta doce A FEAC (Funda\u00e7\u00e3o Esporte, [\u2026]\" \/>\n<meta property=\"og:url\" content=\"https:\/\/verdadeon.com.br\/portal\/2023\/02\/17\/feac-recebe-inscricoes-para-atividades-culturais-e-esportivas\/\" \/>\n<meta property=\"og:site_name\" content=\"VerdadeOn\" \/>\n<meta property=\"article:published_time\" content=\"2023-02-17T16:00:49+00:00\" \/>\n<meta property=\"article:modified_time\" content=\"2023-02-17T20:05:06+00:00\" \/>\n<meta property=\"og:image\" content=\"https:\/\/verdadeon.com.br\/portal\/wp-content\/uploads\/2022\/11\/WhatsApp-Image-2022-11-18-at-18.12.00.jpeg\" \/>\n\t<meta property=\"og:image:width\" content=\"1000\" \/>\n\t<meta property=\"og:image:height\" content=\"670\" \/>\n\t<meta property=\"og:image:type\" content=\"image\/jpeg\" \/>\n<meta name=\"author\" content=\"Fernando Calixto\" \/>\n<meta name=\"twitter:card\" content=\"summary_large_image\" \/>\n<meta name=\"twitter:label1\" content=\"Escrito por\" \/>\n\t<meta name=\"twitter:data1\" content=\"Fernando Calixto\" \/>\n\t<meta name=\"twitter:label2\" content=\"Est. tempo de leitura\" \/>\n\t<meta name=\"twitter:data2\" content=\"2 minutos\" \/>\n<script type=\"application\/ld+json\" class=\"yoast-schema-graph\">{\"@context\":\"https:\/\/schema.org\",\"@graph\":[{\"@type\":\"WebPage\",\"@id\":\"https:\/\/verdadeon.com.br\/portal\/2023\/02\/17\/feac-recebe-inscricoes-para-atividades-culturais-e-esportivas\/\",\"url\":\"https:\/\/verdadeon.com.br\/portal\/2023\/02\/17\/feac-recebe-inscricoes-para-atividades-culturais-e-esportivas\/\",\"name\":\"FEAC recebe inscri\u00e7\u00f5es para atividades culturais e esportivas - VerdadeOn\",\"isPartOf\":{\"@id\":\"https:\/\/verdadeon.com.br\/portal\/#website\"},\"primaryImageOfPage\":{\"@id\":\"https:\/\/verdadeon.com.br\/portal\/2023\/02\/17\/feac-recebe-inscricoes-para-atividades-culturais-e-esportivas\/#primaryimage\"},\"image\":{\"@id\":\"https:\/\/verdadeon.com.br\/portal\/2023\/02\/17\/feac-recebe-inscricoes-para-atividades-culturais-e-esportivas\/#primaryimage\"},\"thumbnailUrl\":\"https:\/\/i0.wp.com\/verdadeon.com.br\/portal\/wp-content\/uploads\/2022\/11\/WhatsApp-Image-2022-11-18-at-18.12.00.jpeg?fit=1000%2C670&ssl=1\",\"datePublished\":\"2023-02-17T16:00:49+00:00\",\"dateModified\":\"2023-02-17T20:05:06+00:00\",\"author\":{\"@id\":\"https:\/\/verdadeon.com.br\/portal\/#\/schema\/person\/8994718f49ee62ba5610471e29ca1f62\"},\"breadcrumb\":{\"@id\":\"https:\/\/verdadeon.com.br\/portal\/2023\/02\/17\/feac-recebe-inscricoes-para-atividades-culturais-e-esportivas\/#breadcrumb\"},\"inLanguage\":\"pt-BR\",\"potentialAction\":[{\"@type\":\"ReadAction\",\"target\":[\"https:\/\/verdadeon.com.br\/portal\/2023\/02\/17\/feac-recebe-inscricoes-para-atividades-culturais-e-esportivas\/\"]}]},{\"@type\":\"ImageObject\",\"inLanguage\":\"pt-BR\",\"@id\":\"https:\/\/verdadeon.com.br\/portal\/2023\/02\/17\/feac-recebe-inscricoes-para-atividades-culturais-e-esportivas\/#primaryimage\",\"url\":\"https:\/\/i0.wp.com\/verdadeon.com.br\/portal\/wp-content\/uploads\/2022\/11\/WhatsApp-Image-2022-11-18-at-18.12.00.jpeg?fit=1000%2C670&ssl=1\",\"contentUrl\":\"https:\/\/i0.wp.com\/verdadeon.com.br\/portal\/wp-content\/uploads\/2022\/11\/WhatsApp-Image-2022-11-18-at-18.12.00.jpeg?fit=1000%2C670&ssl=1\",\"width\":1000,\"height\":670,\"caption\":\"As modalidades esportivas oferecidas, gratuitamente, s\u00e3o nata\u00e7\u00e3o, nata\u00e7\u00e3o ACD (Atletas com Defici\u00eancia), futebol masculino e feminino\"},{\"@type\":\"BreadcrumbList\",\"@id\":\"https:\/\/verdadeon.com.br\/portal\/2023\/02\/17\/feac-recebe-inscricoes-para-atividades-culturais-e-esportivas\/#breadcrumb\",\"itemListElement\":[{\"@type\":\"ListItem\",\"position\":1,\"name\":\"In\u00edcio\",\"item\":\"https:\/\/verdadeon.com.br\/portal\/\"},{\"@type\":\"ListItem\",\"position\":2,\"name\":\"FEAC recebe inscri\u00e7\u00f5es para atividades culturais e esportivas\"}]},{\"@type\":\"WebSite\",\"@id\":\"https:\/\/verdadeon.com.br\/portal\/#website\",\"url\":\"https:\/\/verdadeon.com.br\/portal\/\",\"name\":\"VerdadeOn\",\"description\":\"Not\u00edcias di\u00e1rias sobre Franca, Regi\u00e3o, Esporte, Cultura, Cotidiano, Colunas. Cobertura nos principais eventos da cidade \u00e9 aqui - Verdadeon Franca\",\"potentialAction\":[{\"@type\":\"SearchAction\",\"target\":{\"@type\":\"EntryPoint\",\"urlTemplate\":\"https:\/\/verdadeon.com.br\/portal\/?s={search_term_string}\"},\"query-input\":{\"@type\":\"PropertyValueSpecification\",\"valueRequired\":true,\"valueName\":\"search_term_string\"}}],\"inLanguage\":\"pt-BR\"},{\"@type\":\"Person\",\"@id\":\"https:\/\/verdadeon.com.br\/portal\/#\/schema\/person\/8994718f49ee62ba5610471e29ca1f62\",\"name\":\"Fernando Calixto\",\"image\":{\"@type\":\"ImageObject\",\"inLanguage\":\"pt-BR\",\"@id\":\"https:\/\/verdadeon.com.br\/portal\/#\/schema\/person\/image\/\",\"url\":\"https:\/\/secure.gravatar.com\/avatar\/7578910c24966c0316c340f9dbd601e93ee9f9212e1033968b367af9306bd9fb?s=96&d=mm&r=g\",\"contentUrl\":\"https:\/\/secure.gravatar.com\/avatar\/7578910c24966c0316c340f9dbd601e93ee9f9212e1033968b367af9306bd9fb?s=96&d=mm&r=g\",\"caption\":\"Fernando Calixto\"},\"url\":\"https:\/\/verdadeon.com.br\/portal\/author\/fernando-calixto\/\"}]}<\/script>\n<!-- \/ Yoast SEO plugin. -->","yoast_head_json":{"title":"FEAC recebe inscri\u00e7\u00f5es para atividades culturais e esportivas - VerdadeOn","robots":{"index":"index","follow":"follow","max-snippet":"max-snippet:-1","max-image-preview":"max-image-preview:large","max-video-preview":"max-video-preview:-1"},"canonical":"https:\/\/verdadeon.com.br\/portal\/2023\/02\/17\/feac-recebe-inscricoes-para-atividades-culturais-e-esportivas\/","og_locale":"pt_BR","og_type":"article","og_title":"FEAC recebe inscri\u00e7\u00f5es para atividades culturais e esportivas - VerdadeOn","og_description":"Na cultura, h\u00e1 vagas para viol\u00e3o, violino, viola, violoncelo, trompete, trombone, musicaliza\u00e7\u00e3o, percuss\u00e3o, sax, clarinete, coral e canto, teatro e flauta doce A FEAC (Funda\u00e7\u00e3o Esporte, [\u2026]","og_url":"https:\/\/verdadeon.com.br\/portal\/2023\/02\/17\/feac-recebe-inscricoes-para-atividades-culturais-e-esportivas\/","og_site_name":"VerdadeOn","article_published_time":"2023-02-17T16:00:49+00:00","article_modified_time":"2023-02-17T20:05:06+00:00","og_image":[{"width":1000,"height":670,"url":"https:\/\/verdadeon.com.br\/portal\/wp-content\/uploads\/2022\/11\/WhatsApp-Image-2022-11-18-at-18.12.00.jpeg","type":"image\/jpeg"}],"author":"Fernando Calixto","twitter_card":"summary_large_image","twitter_misc":{"Escrito por":"Fernando Calixto","Est. tempo de leitura":"2 minutos"},"schema":{"@context":"https:\/\/schema.org","@graph":[{"@type":"WebPage","@id":"https:\/\/verdadeon.com.br\/portal\/2023\/02\/17\/feac-recebe-inscricoes-para-atividades-culturais-e-esportivas\/","url":"https:\/\/verdadeon.com.br\/portal\/2023\/02\/17\/feac-recebe-inscricoes-para-atividades-culturais-e-esportivas\/","name":"FEAC recebe inscri\u00e7\u00f5es para atividades culturais e esportivas - VerdadeOn","isPartOf":{"@id":"https:\/\/verdadeon.com.br\/portal\/#website"},"primaryImageOfPage":{"@id":"https:\/\/verdadeon.com.br\/portal\/2023\/02\/17\/feac-recebe-inscricoes-para-atividades-culturais-e-esportivas\/#primaryimage"},"image":{"@id":"https:\/\/verdadeon.com.br\/portal\/2023\/02\/17\/feac-recebe-inscricoes-para-atividades-culturais-e-esportivas\/#primaryimage"},"thumbnailUrl":"https:\/\/i0.wp.com\/verdadeon.com.br\/portal\/wp-content\/uploads\/2022\/11\/WhatsApp-Image-2022-11-18-at-18.12.00.jpeg?fit=1000%2C670&ssl=1","datePublished":"2023-02-17T16:00:49+00:00","dateModified":"2023-02-17T20:05:06+00:00","author":{"@id":"https:\/\/verdadeon.com.br\/portal\/#\/schema\/person\/8994718f49ee62ba5610471e29ca1f62"},"breadcrumb":{"@id":"https:\/\/verdadeon.com.br\/portal\/2023\/02\/17\/feac-recebe-inscricoes-para-atividades-culturais-e-esportivas\/#breadcrumb"},"inLanguage":"pt-BR","potentialAction":[{"@type":"ReadAction","target":["https:\/\/verdadeon.com.br\/portal\/2023\/02\/17\/feac-recebe-inscricoes-para-atividades-culturais-e-esportivas\/"]}]},{"@type":"ImageObject","inLanguage":"pt-BR","@id":"https:\/\/verdadeon.com.br\/portal\/2023\/02\/17\/feac-recebe-inscricoes-para-atividades-culturais-e-esportivas\/#primaryimage","url":"https:\/\/i0.wp.com\/verdadeon.com.br\/portal\/wp-content\/uploads\/2022\/11\/WhatsApp-Image-2022-11-18-at-18.12.00.jpeg?fit=1000%2C670&ssl=1","contentUrl":"https:\/\/i0.wp.com\/verdadeon.com.br\/portal\/wp-content\/uploads\/2022\/11\/WhatsApp-Image-2022-11-18-at-18.12.00.jpeg?fit=1000%2C670&ssl=1","width":1000,"height":670,"caption":"As modalidades esportivas oferecidas, gratuitamente, s\u00e3o nata\u00e7\u00e3o, nata\u00e7\u00e3o ACD (Atletas com Defici\u00eancia), futebol masculino e feminino"},{"@type":"BreadcrumbList","@id":"https:\/\/verdadeon.com.br\/portal\/2023\/02\/17\/feac-recebe-inscricoes-para-atividades-culturais-e-esportivas\/#breadcrumb","itemListElement":[{"@type":"ListItem","position":1,"name":"In\u00edcio","item":"https:\/\/verdadeon.com.br\/portal\/"},{"@type":"ListItem","position":2,"name":"FEAC recebe inscri\u00e7\u00f5es para atividades culturais e esportivas"}]},{"@type":"WebSite","@id":"https:\/\/verdadeon.com.br\/portal\/#website","url":"https:\/\/verdadeon.com.br\/portal\/","name":"VerdadeOn","description":"Not\u00edcias di\u00e1rias sobre Franca, Regi\u00e3o, Esporte, Cultura, Cotidiano, Colunas. Cobertura nos principais eventos da cidade \u00e9 aqui - Verdadeon Franca","potentialAction":[{"@type":"SearchAction","target":{"@type":"EntryPoint","urlTemplate":"https:\/\/verdadeon.com.br\/portal\/?s={search_term_string}"},"query-input":{"@type":"PropertyValueSpecification","valueRequired":true,"valueName":"search_term_string"}}],"inLanguage":"pt-BR"},{"@type":"Person","@id":"https:\/\/verdadeon.com.br\/portal\/#\/schema\/person\/8994718f49ee62ba5610471e29ca1f62","name":"Fernando Calixto","image":{"@type":"ImageObject","inLanguage":"pt-BR","@id":"https:\/\/verdadeon.com.br\/portal\/#\/schema\/person\/image\/","url":"https:\/\/secure.gravatar.com\/avatar\/7578910c24966c0316c340f9dbd601e93ee9f9212e1033968b367af9306bd9fb?s=96&d=mm&r=g","contentUrl":"https:\/\/secure.gravatar.com\/avatar\/7578910c24966c0316c340f9dbd601e93ee9f9212e1033968b367af9306bd9fb?s=96&d=mm&r=g","caption":"Fernando Calixto"},"url":"https:\/\/verdadeon.com.br\/portal\/author\/fernando-calixto\/"}]}},"jetpack_publicize_connections":[],"jetpack_featured_media_url":"https:\/\/i0.wp.com\/verdadeon.com.br\/portal\/wp-content\/uploads\/2022\/11\/WhatsApp-Image-2022-11-18-at-18.12.00.jpeg?fit=1000%2C670&ssl=1","jetpack_sharing_enabled":true,"_links":{"self":[{"href":"https:\/\/verdadeon.com.br\/portal\/wp-json\/wp\/v2\/posts\/31888","targetHints":{"allow":["GET"]}}],"collection":[{"href":"https:\/\/verdadeon.com.br\/portal\/wp-json\/wp\/v2\/posts"}],"about":[{"href":"https:\/\/verdadeon.com.br\/portal\/wp-json\/wp\/v2\/types\/post"}],"author":[{"embeddable":true,"href":"https:\/\/verdadeon.com.br\/portal\/wp-json\/wp\/v2\/users\/4"}],"replies":[{"embeddable":true,"href":"https:\/\/verdadeon.com.br\/portal\/wp-json\/wp\/v2\/comments?post=31888"}],"version-history":[{"count":1,"href":"https:\/\/verdadeon.com.br\/portal\/wp-json\/wp\/v2\/posts\/31888\/revisions"}],"predecessor-version":[{"id":31889,"href":"https:\/\/verdadeon.com.br\/portal\/wp-json\/wp\/v2\/posts\/31888\/revisions\/31889"}],"wp:featuredmedia":[{"embeddable":true,"href":"https:\/\/verdadeon.com.br\/portal\/wp-json\/wp\/v2\/media\/29645"}],"wp:attachment":[{"href":"https:\/\/verdadeon.com.br\/portal\/wp-json\/wp\/v2\/media?parent=31888"}],"wp:term":[{"taxonomy":"category","embeddable":true,"href":"https:\/\/verdadeon.com.br\/portal\/wp-json\/wp\/v2\/categories?post=31888"},{"taxonomy":"post_tag","embeddable":true,"href":"https:\/\/verdadeon.com.br\/portal\/wp-json\/wp\/v2\/tags?post=31888"}],"curies":[{"name":"wp","href":"https:\/\/api.w.org\/{rel}","templated":true}]}}