{"id":31875,"date":"2023-02-17T16:49:33","date_gmt":"2023-02-17T19:49:33","guid":{"rendered":"https:\/\/verdadeon.com.br\/portal\/?p=31875"},"modified":"2023-02-17T16:49:33","modified_gmt":"2023-02-17T19:49:33","slug":"forca-tatica-prende-ladrao-procurado-pela-justica-do-piaui","status":"publish","type":"post","link":"https:\/\/verdadeon.com.br\/portal\/2023\/02\/17\/forca-tatica-prende-ladrao-procurado-pela-justica-do-piaui\/","title":{"rendered":"For\u00e7a T\u00e1tica prende ladr\u00e3o procurado pela Justi\u00e7a do Piau\u00ed"},"content":{"rendered":"<h2>O homem foi preso da cidade de Ituverava-SP<\/h2>\n<p>Nesta quinta-feira, 17, um homem foragido foi preso pela For\u00e7a T\u00e1tica de Franca, na cidade de Ituverava. A equipe fazia patrulhamento e, ap\u00f3s sentirem um forte cheiro de maconha vindo da dire\u00e7\u00e3o de um grupo de cinco pessoas, resolveu abord\u00e1-los.<\/p>\n<p>No entanto, nada de il\u00edcito foi encontrado. Portanto na\u00a0abordagem, um dos suspeitos identificou-se como Jeferson Carlos Pereira da Silva. Ele estava nervoso e n\u00e3o tinha certeza quanto ao sobrenome do pai e a data de nascimento. O homem relatou que seus documentos estavam na casa onde reside.<\/p>\n<p>Os policiais chegaram ent\u00e3o \u00e0 resid\u00eancia de Jeferson, mas, chegando no local, ele negou as primeiras informa\u00e7\u00f5es que fornecera \u00e0 pol\u00edcia. Segundo ele, seu nome era Alysson e estava foragido da justi\u00e7a.<\/p>\n<p>Foi constatado pelo banco nacional de dados que Alysson havia sido condenado a 11 anos de cadeia pelo crime de roubo e constava um mandado de pris\u00e3o em aberto. Ele estava com um celular e R$900, que foram deixados com sua tia. O rapaz foi conduzido \u00e0 Delegacia de Ituverava. A ocorr\u00eancia foi registrada e Alysson levado \u00e0 cadeia.<\/p>\n<p>&nbsp;<\/p>\n<p><strong>Jovem de 17 anos\u00a0 com moto com identifica\u00e7\u00e3o raspada<\/strong><\/p>\n<p>Tamb\u00e9m nesta quinta-feira, um adolescente de 17 anos foi flagrado pela Pol\u00edcia Militar Rodovi\u00e1ria dirigindo uma motocicleta em Batatais-SP, regi\u00e3o de Franca-SP.<\/p>\n<p>Enquanto os policiais realizavam o patrulhamento pela rodovia Altino Arantes, uma Honda\/CG da cor vermelha despertou a aten\u00e7\u00e3o dos militares. Quando se aproximaram, verificaram que a moto n\u00e3o tinha placa. Na abordagem, as autoridades constataram que os n\u00fameros do chassi e motor estavam com a numera\u00e7\u00e3o apagada, n\u00e3o sendo poss\u00edvel identificar a moto.<\/p>\n<p>O garoto foi levado para a Central de Pol\u00edcia Judici\u00e1ria de Batatais e a ocorr\u00eancia foi registrada. Ap\u00f3s ouvirem o menor, liberaram-no para seus pais. A moto j\u00e1 foi apreendida.<\/p>\n","protected":false},"excerpt":{"rendered":"<p>O homem foi preso da cidade de Ituverava-SP Nesta quinta-feira, 17, um homem foragido foi preso pela For\u00e7a T\u00e1tica de Franca, na cidade de Ituverava. A<span class=\"excerpt-hellip\"> [\u2026]<\/span><\/p>\n","protected":false},"author":4,"featured_media":31881,"comment_status":"open","ping_status":"open","sticky":false,"template":"","format":"standard","meta":{"_jetpack_memberships_contains_paid_content":false,"footnotes":"","jetpack_publicize_message":"","jetpack_publicize_feature_enabled":true,"jetpack_social_post_already_shared":false,"jetpack_social_options":{"image_generator_settings":{"template":"highway","default_image_id":0,"enabled":false},"version":2}},"categories":[28,44],"tags":[],"class_list":["post-31875","post","type-post","status-publish","format-standard","has-post-thumbnail","hentry","category-cotidiano","category-noticias"],"yoast_head":"<!-- This site is optimized with the Yoast SEO plugin v25.6 - https:\/\/yoast.com\/wordpress\/plugins\/seo\/ -->\n<title>For\u00e7a T\u00e1tica prende ladr\u00e3o procurado pela Justi\u00e7a do Piau\u00ed - VerdadeOn<\/title>\n<meta name=\"robots\" content=\"index, follow, max-snippet:-1, max-image-preview:large, max-video-preview:-1\" \/>\n<link rel=\"canonical\" href=\"https:\/\/verdadeon.com.br\/portal\/2023\/02\/17\/forca-tatica-prende-ladrao-procurado-pela-justica-do-piaui\/\" \/>\n<meta property=\"og:locale\" content=\"pt_BR\" \/>\n<meta property=\"og:type\" content=\"article\" \/>\n<meta property=\"og:title\" content=\"For\u00e7a T\u00e1tica prende ladr\u00e3o procurado pela Justi\u00e7a do Piau\u00ed - VerdadeOn\" \/>\n<meta property=\"og:description\" content=\"O homem foi preso da cidade de Ituverava-SP Nesta quinta-feira, 17, um homem foragido foi preso pela For\u00e7a T\u00e1tica de Franca, na cidade de Ituverava. A [\u2026]\" \/>\n<meta property=\"og:url\" content=\"https:\/\/verdadeon.com.br\/portal\/2023\/02\/17\/forca-tatica-prende-ladrao-procurado-pela-justica-do-piaui\/\" \/>\n<meta property=\"og:site_name\" content=\"VerdadeOn\" \/>\n<meta property=\"article:published_time\" content=\"2023-02-17T19:49:33+00:00\" \/>\n<meta property=\"og:image\" content=\"https:\/\/verdadeon.com.br\/portal\/wp-content\/uploads\/2023\/02\/WhatsApp-Image-2021-01-05-at-16.05.01.jpeg\" \/>\n\t<meta property=\"og:image:width\" content=\"1000\" \/>\n\t<meta property=\"og:image:height\" content=\"670\" \/>\n\t<meta property=\"og:image:type\" content=\"image\/jpeg\" \/>\n<meta name=\"author\" content=\"Fernando Calixto\" \/>\n<meta name=\"twitter:card\" content=\"summary_large_image\" \/>\n<meta name=\"twitter:label1\" content=\"Escrito por\" \/>\n\t<meta name=\"twitter:data1\" content=\"Fernando Calixto\" \/>\n\t<meta name=\"twitter:label2\" content=\"Est. tempo de leitura\" \/>\n\t<meta name=\"twitter:data2\" content=\"2 minutos\" \/>\n<script type=\"application\/ld+json\" class=\"yoast-schema-graph\">{\"@context\":\"https:\/\/schema.org\",\"@graph\":[{\"@type\":\"WebPage\",\"@id\":\"https:\/\/verdadeon.com.br\/portal\/2023\/02\/17\/forca-tatica-prende-ladrao-procurado-pela-justica-do-piaui\/\",\"url\":\"https:\/\/verdadeon.com.br\/portal\/2023\/02\/17\/forca-tatica-prende-ladrao-procurado-pela-justica-do-piaui\/\",\"name\":\"For\u00e7a T\u00e1tica prende ladr\u00e3o procurado pela Justi\u00e7a do Piau\u00ed - VerdadeOn\",\"isPartOf\":{\"@id\":\"https:\/\/verdadeon.com.br\/portal\/#website\"},\"primaryImageOfPage\":{\"@id\":\"https:\/\/verdadeon.com.br\/portal\/2023\/02\/17\/forca-tatica-prende-ladrao-procurado-pela-justica-do-piaui\/#primaryimage\"},\"image\":{\"@id\":\"https:\/\/verdadeon.com.br\/portal\/2023\/02\/17\/forca-tatica-prende-ladrao-procurado-pela-justica-do-piaui\/#primaryimage\"},\"thumbnailUrl\":\"https:\/\/i0.wp.com\/verdadeon.com.br\/portal\/wp-content\/uploads\/2023\/02\/WhatsApp-Image-2021-01-05-at-16.05.01.jpeg?fit=1000%2C670&ssl=1\",\"datePublished\":\"2023-02-17T19:49:33+00:00\",\"author\":{\"@id\":\"https:\/\/verdadeon.com.br\/portal\/#\/schema\/person\/8994718f49ee62ba5610471e29ca1f62\"},\"breadcrumb\":{\"@id\":\"https:\/\/verdadeon.com.br\/portal\/2023\/02\/17\/forca-tatica-prende-ladrao-procurado-pela-justica-do-piaui\/#breadcrumb\"},\"inLanguage\":\"pt-BR\",\"potentialAction\":[{\"@type\":\"ReadAction\",\"target\":[\"https:\/\/verdadeon.com.br\/portal\/2023\/02\/17\/forca-tatica-prende-ladrao-procurado-pela-justica-do-piaui\/\"]}]},{\"@type\":\"ImageObject\",\"inLanguage\":\"pt-BR\",\"@id\":\"https:\/\/verdadeon.com.br\/portal\/2023\/02\/17\/forca-tatica-prende-ladrao-procurado-pela-justica-do-piaui\/#primaryimage\",\"url\":\"https:\/\/i0.wp.com\/verdadeon.com.br\/portal\/wp-content\/uploads\/2023\/02\/WhatsApp-Image-2021-01-05-at-16.05.01.jpeg?fit=1000%2C670&ssl=1\",\"contentUrl\":\"https:\/\/i0.wp.com\/verdadeon.com.br\/portal\/wp-content\/uploads\/2023\/02\/WhatsApp-Image-2021-01-05-at-16.05.01.jpeg?fit=1000%2C670&ssl=1\",\"width\":1000,\"height\":670,\"caption\":\"Plant\u00e3o policial.\"},{\"@type\":\"BreadcrumbList\",\"@id\":\"https:\/\/verdadeon.com.br\/portal\/2023\/02\/17\/forca-tatica-prende-ladrao-procurado-pela-justica-do-piaui\/#breadcrumb\",\"itemListElement\":[{\"@type\":\"ListItem\",\"position\":1,\"name\":\"In\u00edcio\",\"item\":\"https:\/\/verdadeon.com.br\/portal\/\"},{\"@type\":\"ListItem\",\"position\":2,\"name\":\"For\u00e7a T\u00e1tica prende ladr\u00e3o procurado pela Justi\u00e7a do Piau\u00ed\"}]},{\"@type\":\"WebSite\",\"@id\":\"https:\/\/verdadeon.com.br\/portal\/#website\",\"url\":\"https:\/\/verdadeon.com.br\/portal\/\",\"name\":\"VerdadeOn\",\"description\":\"Not\u00edcias di\u00e1rias sobre Franca, Regi\u00e3o, Esporte, Cultura, Cotidiano, Colunas. Cobertura nos principais eventos da cidade \u00e9 aqui - Verdadeon Franca\",\"potentialAction\":[{\"@type\":\"SearchAction\",\"target\":{\"@type\":\"EntryPoint\",\"urlTemplate\":\"https:\/\/verdadeon.com.br\/portal\/?s={search_term_string}\"},\"query-input\":{\"@type\":\"PropertyValueSpecification\",\"valueRequired\":true,\"valueName\":\"search_term_string\"}}],\"inLanguage\":\"pt-BR\"},{\"@type\":\"Person\",\"@id\":\"https:\/\/verdadeon.com.br\/portal\/#\/schema\/person\/8994718f49ee62ba5610471e29ca1f62\",\"name\":\"Fernando Calixto\",\"image\":{\"@type\":\"ImageObject\",\"inLanguage\":\"pt-BR\",\"@id\":\"https:\/\/verdadeon.com.br\/portal\/#\/schema\/person\/image\/\",\"url\":\"https:\/\/secure.gravatar.com\/avatar\/7578910c24966c0316c340f9dbd601e93ee9f9212e1033968b367af9306bd9fb?s=96&d=mm&r=g\",\"contentUrl\":\"https:\/\/secure.gravatar.com\/avatar\/7578910c24966c0316c340f9dbd601e93ee9f9212e1033968b367af9306bd9fb?s=96&d=mm&r=g\",\"caption\":\"Fernando Calixto\"},\"url\":\"https:\/\/verdadeon.com.br\/portal\/author\/fernando-calixto\/\"}]}<\/script>\n<!-- \/ Yoast SEO plugin. -->","yoast_head_json":{"title":"For\u00e7a T\u00e1tica prende ladr\u00e3o procurado pela Justi\u00e7a do Piau\u00ed - VerdadeOn","robots":{"index":"index","follow":"follow","max-snippet":"max-snippet:-1","max-image-preview":"max-image-preview:large","max-video-preview":"max-video-preview:-1"},"canonical":"https:\/\/verdadeon.com.br\/portal\/2023\/02\/17\/forca-tatica-prende-ladrao-procurado-pela-justica-do-piaui\/","og_locale":"pt_BR","og_type":"article","og_title":"For\u00e7a T\u00e1tica prende ladr\u00e3o procurado pela Justi\u00e7a do Piau\u00ed - VerdadeOn","og_description":"O homem foi preso da cidade de Ituverava-SP Nesta quinta-feira, 17, um homem foragido foi preso pela For\u00e7a T\u00e1tica de Franca, na cidade de Ituverava. A [\u2026]","og_url":"https:\/\/verdadeon.com.br\/portal\/2023\/02\/17\/forca-tatica-prende-ladrao-procurado-pela-justica-do-piaui\/","og_site_name":"VerdadeOn","article_published_time":"2023-02-17T19:49:33+00:00","og_image":[{"width":1000,"height":670,"url":"https:\/\/verdadeon.com.br\/portal\/wp-content\/uploads\/2023\/02\/WhatsApp-Image-2021-01-05-at-16.05.01.jpeg","type":"image\/jpeg"}],"author":"Fernando Calixto","twitter_card":"summary_large_image","twitter_misc":{"Escrito por":"Fernando Calixto","Est. tempo de leitura":"2 minutos"},"schema":{"@context":"https:\/\/schema.org","@graph":[{"@type":"WebPage","@id":"https:\/\/verdadeon.com.br\/portal\/2023\/02\/17\/forca-tatica-prende-ladrao-procurado-pela-justica-do-piaui\/","url":"https:\/\/verdadeon.com.br\/portal\/2023\/02\/17\/forca-tatica-prende-ladrao-procurado-pela-justica-do-piaui\/","name":"For\u00e7a T\u00e1tica prende ladr\u00e3o procurado pela Justi\u00e7a do Piau\u00ed - VerdadeOn","isPartOf":{"@id":"https:\/\/verdadeon.com.br\/portal\/#website"},"primaryImageOfPage":{"@id":"https:\/\/verdadeon.com.br\/portal\/2023\/02\/17\/forca-tatica-prende-ladrao-procurado-pela-justica-do-piaui\/#primaryimage"},"image":{"@id":"https:\/\/verdadeon.com.br\/portal\/2023\/02\/17\/forca-tatica-prende-ladrao-procurado-pela-justica-do-piaui\/#primaryimage"},"thumbnailUrl":"https:\/\/i0.wp.com\/verdadeon.com.br\/portal\/wp-content\/uploads\/2023\/02\/WhatsApp-Image-2021-01-05-at-16.05.01.jpeg?fit=1000%2C670&ssl=1","datePublished":"2023-02-17T19:49:33+00:00","author":{"@id":"https:\/\/verdadeon.com.br\/portal\/#\/schema\/person\/8994718f49ee62ba5610471e29ca1f62"},"breadcrumb":{"@id":"https:\/\/verdadeon.com.br\/portal\/2023\/02\/17\/forca-tatica-prende-ladrao-procurado-pela-justica-do-piaui\/#breadcrumb"},"inLanguage":"pt-BR","potentialAction":[{"@type":"ReadAction","target":["https:\/\/verdadeon.com.br\/portal\/2023\/02\/17\/forca-tatica-prende-ladrao-procurado-pela-justica-do-piaui\/"]}]},{"@type":"ImageObject","inLanguage":"pt-BR","@id":"https:\/\/verdadeon.com.br\/portal\/2023\/02\/17\/forca-tatica-prende-ladrao-procurado-pela-justica-do-piaui\/#primaryimage","url":"https:\/\/i0.wp.com\/verdadeon.com.br\/portal\/wp-content\/uploads\/2023\/02\/WhatsApp-Image-2021-01-05-at-16.05.01.jpeg?fit=1000%2C670&ssl=1","contentUrl":"https:\/\/i0.wp.com\/verdadeon.com.br\/portal\/wp-content\/uploads\/2023\/02\/WhatsApp-Image-2021-01-05-at-16.05.01.jpeg?fit=1000%2C670&ssl=1","width":1000,"height":670,"caption":"Plant\u00e3o policial."},{"@type":"BreadcrumbList","@id":"https:\/\/verdadeon.com.br\/portal\/2023\/02\/17\/forca-tatica-prende-ladrao-procurado-pela-justica-do-piaui\/#breadcrumb","itemListElement":[{"@type":"ListItem","position":1,"name":"In\u00edcio","item":"https:\/\/verdadeon.com.br\/portal\/"},{"@type":"ListItem","position":2,"name":"For\u00e7a T\u00e1tica prende ladr\u00e3o procurado pela Justi\u00e7a do Piau\u00ed"}]},{"@type":"WebSite","@id":"https:\/\/verdadeon.com.br\/portal\/#website","url":"https:\/\/verdadeon.com.br\/portal\/","name":"VerdadeOn","description":"Not\u00edcias di\u00e1rias sobre Franca, Regi\u00e3o, Esporte, Cultura, Cotidiano, Colunas. Cobertura nos principais eventos da cidade \u00e9 aqui - Verdadeon Franca","potentialAction":[{"@type":"SearchAction","target":{"@type":"EntryPoint","urlTemplate":"https:\/\/verdadeon.com.br\/portal\/?s={search_term_string}"},"query-input":{"@type":"PropertyValueSpecification","valueRequired":true,"valueName":"search_term_string"}}],"inLanguage":"pt-BR"},{"@type":"Person","@id":"https:\/\/verdadeon.com.br\/portal\/#\/schema\/person\/8994718f49ee62ba5610471e29ca1f62","name":"Fernando Calixto","image":{"@type":"ImageObject","inLanguage":"pt-BR","@id":"https:\/\/verdadeon.com.br\/portal\/#\/schema\/person\/image\/","url":"https:\/\/secure.gravatar.com\/avatar\/7578910c24966c0316c340f9dbd601e93ee9f9212e1033968b367af9306bd9fb?s=96&d=mm&r=g","contentUrl":"https:\/\/secure.gravatar.com\/avatar\/7578910c24966c0316c340f9dbd601e93ee9f9212e1033968b367af9306bd9fb?s=96&d=mm&r=g","caption":"Fernando Calixto"},"url":"https:\/\/verdadeon.com.br\/portal\/author\/fernando-calixto\/"}]}},"jetpack_publicize_connections":[],"jetpack_featured_media_url":"https:\/\/i0.wp.com\/verdadeon.com.br\/portal\/wp-content\/uploads\/2023\/02\/WhatsApp-Image-2021-01-05-at-16.05.01.jpeg?fit=1000%2C670&ssl=1","jetpack_sharing_enabled":true,"_links":{"self":[{"href":"https:\/\/verdadeon.com.br\/portal\/wp-json\/wp\/v2\/posts\/31875","targetHints":{"allow":["GET"]}}],"collection":[{"href":"https:\/\/verdadeon.com.br\/portal\/wp-json\/wp\/v2\/posts"}],"about":[{"href":"https:\/\/verdadeon.com.br\/portal\/wp-json\/wp\/v2\/types\/post"}],"author":[{"embeddable":true,"href":"https:\/\/verdadeon.com.br\/portal\/wp-json\/wp\/v2\/users\/4"}],"replies":[{"embeddable":true,"href":"https:\/\/verdadeon.com.br\/portal\/wp-json\/wp\/v2\/comments?post=31875"}],"version-history":[{"count":1,"href":"https:\/\/verdadeon.com.br\/portal\/wp-json\/wp\/v2\/posts\/31875\/revisions"}],"predecessor-version":[{"id":31882,"href":"https:\/\/verdadeon.com.br\/portal\/wp-json\/wp\/v2\/posts\/31875\/revisions\/31882"}],"wp:featuredmedia":[{"embeddable":true,"href":"https:\/\/verdadeon.com.br\/portal\/wp-json\/wp\/v2\/media\/31881"}],"wp:attachment":[{"href":"https:\/\/verdadeon.com.br\/portal\/wp-json\/wp\/v2\/media?parent=31875"}],"wp:term":[{"taxonomy":"category","embeddable":true,"href":"https:\/\/verdadeon.com.br\/portal\/wp-json\/wp\/v2\/categories?post=31875"},{"taxonomy":"post_tag","embeddable":true,"href":"https:\/\/verdadeon.com.br\/portal\/wp-json\/wp\/v2\/tags?post=31875"}],"curies":[{"name":"wp","href":"https:\/\/api.w.org\/{rel}","templated":true}]}}