{"id":31874,"date":"2023-02-17T16:29:20","date_gmt":"2023-02-17T19:29:20","guid":{"rendered":"https:\/\/verdadeon.com.br\/portal\/?p=31874"},"modified":"2023-02-17T16:29:20","modified_gmt":"2023-02-17T19:29:20","slug":"previsao-aponta-chuva-de-ate-100mm-em-franca-neste-carnaval","status":"publish","type":"post","link":"https:\/\/verdadeon.com.br\/portal\/2023\/02\/17\/previsao-aponta-chuva-de-ate-100mm-em-franca-neste-carnaval\/","title":{"rendered":"Previs\u00e3o aponta chuva de at\u00e9 100mm em Franca, neste Carnaval"},"content":{"rendered":"<h2>Defesa civil abriu um alerta sobre riscos de chuvas intensas e frente fria nas regi\u00f5es do Estado de S\u00e3o Paulo<\/h2>\n<p>O alerta foi divulgado pela Defesa Civil na quinta, 16, e vigora at\u00e9 domingo, 19. A previs\u00e3o \u00e9 de que em todo o estado, as chuvas sejam intensas e cont\u00ednuas, acompanhadas por descargas el\u00e9tricas, fortes rajadas de vento e granizo, com acumulados variando entre 250mm (mais precisamente no Litoral Norte) e 80mm. Franca, S\u00e3o Jos\u00e9 dos Campos e Barretos bate \u00e0 casa dos 100mm de chuva.<\/p>\n<p>Para as regi\u00f5es da Baixada Santista, Serra da Mantiqueira, Vale do Ribeira e Itapeva, os acumulados podem chegar a 150mm. J\u00e1 na regi\u00e3o de Franca, S\u00e3o Jos\u00e9 dos Campos e Barretos, a varia\u00e7\u00e3o ser\u00e1 de 100mm. Os munic\u00edpios de Araraquara, Campinas, Ribeir\u00e3o Preto, Sorocaba, al\u00e9m da Capital e Regi\u00e3o Metropolitana devem concentrar acumulados de at\u00e9 80mm.<\/p>\n<p>Segundo o meteorologista Wilian Minhoto, no s\u00e1bado, 18, e\u00a0 no domingo, 19,\u00a0 a chegada de uma frente fria criar\u00e1 condi\u00e7\u00f5es para precipita\u00e7\u00f5es intensas, fortes e com momentos de temporais na faixa leste.<\/p>\n<p><strong>Recomenda-se<\/strong><\/p>\n<p>Se for pegar a estrada, muita cautela na hora de dirigir. Verifique as boas condi\u00e7\u00f5es do seu ve\u00edculo, inclusive pneus e estepe. Em caso de chuva intensa, \u00e9 mais apropriado encontrar um lugar seguro. N\u00e3o saia do carro em caso de enxurrada. Mantenha dist\u00e2ncia segura do ve\u00edculo \u00e0 frente. Use farol baixo, reduza a velocidade gradativamente e n\u00e3o freie bruscamente. Em caso de aquaplanagem, mantenha o volante reto, pare de acelerar e n\u00e3o freie.<\/p>\n<p>Se a divers\u00e3o for em praias, rios, cachoeiras ou em bloquinhos lembre-se que locais abertos s\u00e3o mais propensos \u00e0 queda de raios, logo, em caso de tempestades se aproximando procure um local coberto e se proteja. Em cachoeiras \u00e9 comum a ocorr\u00eancia da cabe\u00e7a d\u2019\u00e1gua, aquele fen\u00f4meno que provoca o aumento repentino do volume d\u2019\u00e1gua, portanto esteja atento aos sinais para n\u00e3o ser pego de surpresa: mudan\u00e7a de cor da \u00e1gua, normalmente fica mais escura, surgimento de folhas, galhos e pedras rolando pelo rio.<\/p>\n<p>Cabe\u00e7as d\u2019\u00e1gua s\u00e3o extremamente trai\u00e7oeiras, pois podem acontecer mesmo sem ter chovido forte no local onde voc\u00ea estiver. Ao perceber esses sinais, saia da \u00e1gua e se afaste, pois, a enchente invade as laterais do rio, logo, as pedras ao redor n\u00e3o s\u00e3o seguras para se proteger. Sempre quando sair para lugares sujeitos a enchentes ou enxurradas consulte a previs\u00e3o do tempo para evitar aborrecimentos. Jamais entre \u00e1reas com enxurradas ou alagamentos. O melhor a se fazer \u00e9 esperar as \u00e1guas baixarem para prosseguir viagem.<\/p>\n<p>Os cuidados devem ser tomados tamb\u00e9m por pessoas que moram em \u00e1rea de risco, pois devem ficar atentas aos sinais de movimenta\u00e7\u00e3o do solo, como postes e \u00e1rvores inclinadas, rachaduras nas paredes e portas e janelas emperradas. Diante desses sinais, deve-se sair imediatamente do local e acionar a Defesa Civil pelo n\u00famero 199.<\/p>\n<p>Para obter mais orienta\u00e7\u00f5es sobre o que fazer antes, durante e depois ao per\u00edodo de chuvas intensas e, tamb\u00e9m, os demais tipos de desastres, a Defesa Civil mant\u00e9m o aplicativo \u201cAlerta SP\u201d, dispon\u00edvel para download nos sistemas Android e IOS. Cadastre-se pelo SMS 40199 para receber os alertas da Defesa Civil e siga as redes sociais da corpora\u00e7\u00e3o para ficar por dentro de suas orienta\u00e7\u00f5es.<\/p>\n","protected":false},"excerpt":{"rendered":"<p>Defesa civil abriu um alerta sobre riscos de chuvas intensas e frente fria nas regi\u00f5es do Estado de S\u00e3o Paulo O alerta foi divulgado pela Defesa<span class=\"excerpt-hellip\"> [\u2026]<\/span><\/p>\n","protected":false},"author":4,"featured_media":30843,"comment_status":"open","ping_status":"open","sticky":false,"template":"","format":"standard","meta":{"_jetpack_memberships_contains_paid_content":false,"footnotes":"","jetpack_publicize_message":"","jetpack_publicize_feature_enabled":true,"jetpack_social_post_already_shared":false,"jetpack_social_options":{"image_generator_settings":{"template":"highway","default_image_id":0,"enabled":false},"version":2}},"categories":[28,81],"tags":[],"class_list":["post-31874","post","type-post","status-publish","format-standard","has-post-thumbnail","hentry","category-cotidiano","category-manchete"],"yoast_head":"<!-- This site is optimized with the Yoast SEO plugin v25.6 - https:\/\/yoast.com\/wordpress\/plugins\/seo\/ -->\n<title>Previs\u00e3o aponta chuva de at\u00e9 100mm em Franca, neste Carnaval - VerdadeOn<\/title>\n<meta name=\"robots\" content=\"index, follow, max-snippet:-1, max-image-preview:large, max-video-preview:-1\" \/>\n<link rel=\"canonical\" href=\"https:\/\/verdadeon.com.br\/portal\/2023\/02\/17\/previsao-aponta-chuva-de-ate-100mm-em-franca-neste-carnaval\/\" \/>\n<meta property=\"og:locale\" content=\"pt_BR\" \/>\n<meta property=\"og:type\" content=\"article\" \/>\n<meta property=\"og:title\" content=\"Previs\u00e3o aponta chuva de at\u00e9 100mm em Franca, neste Carnaval - VerdadeOn\" \/>\n<meta property=\"og:description\" content=\"Defesa civil abriu um alerta sobre riscos de chuvas intensas e frente fria nas regi\u00f5es do Estado de S\u00e3o Paulo O alerta foi divulgado pela Defesa [\u2026]\" \/>\n<meta property=\"og:url\" content=\"https:\/\/verdadeon.com.br\/portal\/2023\/02\/17\/previsao-aponta-chuva-de-ate-100mm-em-franca-neste-carnaval\/\" \/>\n<meta property=\"og:site_name\" content=\"VerdadeOn\" \/>\n<meta property=\"article:published_time\" content=\"2023-02-17T19:29:20+00:00\" \/>\n<meta property=\"og:image\" content=\"https:\/\/verdadeon.com.br\/portal\/wp-content\/uploads\/2023\/01\/WhatsApp-Image-2023-01-02-at-15.05.50.jpeg\" \/>\n\t<meta property=\"og:image:width\" content=\"1000\" \/>\n\t<meta property=\"og:image:height\" content=\"670\" \/>\n\t<meta property=\"og:image:type\" content=\"image\/jpeg\" \/>\n<meta name=\"author\" content=\"Fernando Calixto\" \/>\n<meta name=\"twitter:card\" content=\"summary_large_image\" \/>\n<meta name=\"twitter:label1\" content=\"Escrito por\" \/>\n\t<meta name=\"twitter:data1\" content=\"Fernando Calixto\" \/>\n\t<meta name=\"twitter:label2\" content=\"Est. tempo de leitura\" \/>\n\t<meta name=\"twitter:data2\" content=\"3 minutos\" \/>\n<script type=\"application\/ld+json\" class=\"yoast-schema-graph\">{\"@context\":\"https:\/\/schema.org\",\"@graph\":[{\"@type\":\"WebPage\",\"@id\":\"https:\/\/verdadeon.com.br\/portal\/2023\/02\/17\/previsao-aponta-chuva-de-ate-100mm-em-franca-neste-carnaval\/\",\"url\":\"https:\/\/verdadeon.com.br\/portal\/2023\/02\/17\/previsao-aponta-chuva-de-ate-100mm-em-franca-neste-carnaval\/\",\"name\":\"Previs\u00e3o aponta chuva de at\u00e9 100mm em Franca, neste Carnaval - VerdadeOn\",\"isPartOf\":{\"@id\":\"https:\/\/verdadeon.com.br\/portal\/#website\"},\"primaryImageOfPage\":{\"@id\":\"https:\/\/verdadeon.com.br\/portal\/2023\/02\/17\/previsao-aponta-chuva-de-ate-100mm-em-franca-neste-carnaval\/#primaryimage\"},\"image\":{\"@id\":\"https:\/\/verdadeon.com.br\/portal\/2023\/02\/17\/previsao-aponta-chuva-de-ate-100mm-em-franca-neste-carnaval\/#primaryimage\"},\"thumbnailUrl\":\"https:\/\/i0.wp.com\/verdadeon.com.br\/portal\/wp-content\/uploads\/2023\/01\/WhatsApp-Image-2023-01-02-at-15.05.50.jpeg?fit=1000%2C670&ssl=1\",\"datePublished\":\"2023-02-17T19:29:20+00:00\",\"author\":{\"@id\":\"https:\/\/verdadeon.com.br\/portal\/#\/schema\/person\/8994718f49ee62ba5610471e29ca1f62\"},\"breadcrumb\":{\"@id\":\"https:\/\/verdadeon.com.br\/portal\/2023\/02\/17\/previsao-aponta-chuva-de-ate-100mm-em-franca-neste-carnaval\/#breadcrumb\"},\"inLanguage\":\"pt-BR\",\"potentialAction\":[{\"@type\":\"ReadAction\",\"target\":[\"https:\/\/verdadeon.com.br\/portal\/2023\/02\/17\/previsao-aponta-chuva-de-ate-100mm-em-franca-neste-carnaval\/\"]}]},{\"@type\":\"ImageObject\",\"inLanguage\":\"pt-BR\",\"@id\":\"https:\/\/verdadeon.com.br\/portal\/2023\/02\/17\/previsao-aponta-chuva-de-ate-100mm-em-franca-neste-carnaval\/#primaryimage\",\"url\":\"https:\/\/i0.wp.com\/verdadeon.com.br\/portal\/wp-content\/uploads\/2023\/01\/WhatsApp-Image-2023-01-02-at-15.05.50.jpeg?fit=1000%2C670&ssl=1\",\"contentUrl\":\"https:\/\/i0.wp.com\/verdadeon.com.br\/portal\/wp-content\/uploads\/2023\/01\/WhatsApp-Image-2023-01-02-at-15.05.50.jpeg?fit=1000%2C670&ssl=1\",\"width\":1000,\"height\":670,\"caption\":\"Franca, S\u00e3o Jos\u00e9 dos Campos e Barretos, podem chover at\u00e9 100mm neste Carnaval\"},{\"@type\":\"BreadcrumbList\",\"@id\":\"https:\/\/verdadeon.com.br\/portal\/2023\/02\/17\/previsao-aponta-chuva-de-ate-100mm-em-franca-neste-carnaval\/#breadcrumb\",\"itemListElement\":[{\"@type\":\"ListItem\",\"position\":1,\"name\":\"In\u00edcio\",\"item\":\"https:\/\/verdadeon.com.br\/portal\/\"},{\"@type\":\"ListItem\",\"position\":2,\"name\":\"Previs\u00e3o aponta chuva de at\u00e9 100mm em Franca, neste Carnaval\"}]},{\"@type\":\"WebSite\",\"@id\":\"https:\/\/verdadeon.com.br\/portal\/#website\",\"url\":\"https:\/\/verdadeon.com.br\/portal\/\",\"name\":\"VerdadeOn\",\"description\":\"Not\u00edcias di\u00e1rias sobre Franca, Regi\u00e3o, Esporte, Cultura, Cotidiano, Colunas. Cobertura nos principais eventos da cidade \u00e9 aqui - Verdadeon Franca\",\"potentialAction\":[{\"@type\":\"SearchAction\",\"target\":{\"@type\":\"EntryPoint\",\"urlTemplate\":\"https:\/\/verdadeon.com.br\/portal\/?s={search_term_string}\"},\"query-input\":{\"@type\":\"PropertyValueSpecification\",\"valueRequired\":true,\"valueName\":\"search_term_string\"}}],\"inLanguage\":\"pt-BR\"},{\"@type\":\"Person\",\"@id\":\"https:\/\/verdadeon.com.br\/portal\/#\/schema\/person\/8994718f49ee62ba5610471e29ca1f62\",\"name\":\"Fernando Calixto\",\"image\":{\"@type\":\"ImageObject\",\"inLanguage\":\"pt-BR\",\"@id\":\"https:\/\/verdadeon.com.br\/portal\/#\/schema\/person\/image\/\",\"url\":\"https:\/\/secure.gravatar.com\/avatar\/7578910c24966c0316c340f9dbd601e93ee9f9212e1033968b367af9306bd9fb?s=96&d=mm&r=g\",\"contentUrl\":\"https:\/\/secure.gravatar.com\/avatar\/7578910c24966c0316c340f9dbd601e93ee9f9212e1033968b367af9306bd9fb?s=96&d=mm&r=g\",\"caption\":\"Fernando Calixto\"},\"url\":\"https:\/\/verdadeon.com.br\/portal\/author\/fernando-calixto\/\"}]}<\/script>\n<!-- \/ Yoast SEO plugin. -->","yoast_head_json":{"title":"Previs\u00e3o aponta chuva de at\u00e9 100mm em Franca, neste Carnaval - VerdadeOn","robots":{"index":"index","follow":"follow","max-snippet":"max-snippet:-1","max-image-preview":"max-image-preview:large","max-video-preview":"max-video-preview:-1"},"canonical":"https:\/\/verdadeon.com.br\/portal\/2023\/02\/17\/previsao-aponta-chuva-de-ate-100mm-em-franca-neste-carnaval\/","og_locale":"pt_BR","og_type":"article","og_title":"Previs\u00e3o aponta chuva de at\u00e9 100mm em Franca, neste Carnaval - VerdadeOn","og_description":"Defesa civil abriu um alerta sobre riscos de chuvas intensas e frente fria nas regi\u00f5es do Estado de S\u00e3o Paulo O alerta foi divulgado pela Defesa [\u2026]","og_url":"https:\/\/verdadeon.com.br\/portal\/2023\/02\/17\/previsao-aponta-chuva-de-ate-100mm-em-franca-neste-carnaval\/","og_site_name":"VerdadeOn","article_published_time":"2023-02-17T19:29:20+00:00","og_image":[{"width":1000,"height":670,"url":"https:\/\/verdadeon.com.br\/portal\/wp-content\/uploads\/2023\/01\/WhatsApp-Image-2023-01-02-at-15.05.50.jpeg","type":"image\/jpeg"}],"author":"Fernando Calixto","twitter_card":"summary_large_image","twitter_misc":{"Escrito por":"Fernando Calixto","Est. tempo de leitura":"3 minutos"},"schema":{"@context":"https:\/\/schema.org","@graph":[{"@type":"WebPage","@id":"https:\/\/verdadeon.com.br\/portal\/2023\/02\/17\/previsao-aponta-chuva-de-ate-100mm-em-franca-neste-carnaval\/","url":"https:\/\/verdadeon.com.br\/portal\/2023\/02\/17\/previsao-aponta-chuva-de-ate-100mm-em-franca-neste-carnaval\/","name":"Previs\u00e3o aponta chuva de at\u00e9 100mm em Franca, neste Carnaval - VerdadeOn","isPartOf":{"@id":"https:\/\/verdadeon.com.br\/portal\/#website"},"primaryImageOfPage":{"@id":"https:\/\/verdadeon.com.br\/portal\/2023\/02\/17\/previsao-aponta-chuva-de-ate-100mm-em-franca-neste-carnaval\/#primaryimage"},"image":{"@id":"https:\/\/verdadeon.com.br\/portal\/2023\/02\/17\/previsao-aponta-chuva-de-ate-100mm-em-franca-neste-carnaval\/#primaryimage"},"thumbnailUrl":"https:\/\/i0.wp.com\/verdadeon.com.br\/portal\/wp-content\/uploads\/2023\/01\/WhatsApp-Image-2023-01-02-at-15.05.50.jpeg?fit=1000%2C670&ssl=1","datePublished":"2023-02-17T19:29:20+00:00","author":{"@id":"https:\/\/verdadeon.com.br\/portal\/#\/schema\/person\/8994718f49ee62ba5610471e29ca1f62"},"breadcrumb":{"@id":"https:\/\/verdadeon.com.br\/portal\/2023\/02\/17\/previsao-aponta-chuva-de-ate-100mm-em-franca-neste-carnaval\/#breadcrumb"},"inLanguage":"pt-BR","potentialAction":[{"@type":"ReadAction","target":["https:\/\/verdadeon.com.br\/portal\/2023\/02\/17\/previsao-aponta-chuva-de-ate-100mm-em-franca-neste-carnaval\/"]}]},{"@type":"ImageObject","inLanguage":"pt-BR","@id":"https:\/\/verdadeon.com.br\/portal\/2023\/02\/17\/previsao-aponta-chuva-de-ate-100mm-em-franca-neste-carnaval\/#primaryimage","url":"https:\/\/i0.wp.com\/verdadeon.com.br\/portal\/wp-content\/uploads\/2023\/01\/WhatsApp-Image-2023-01-02-at-15.05.50.jpeg?fit=1000%2C670&ssl=1","contentUrl":"https:\/\/i0.wp.com\/verdadeon.com.br\/portal\/wp-content\/uploads\/2023\/01\/WhatsApp-Image-2023-01-02-at-15.05.50.jpeg?fit=1000%2C670&ssl=1","width":1000,"height":670,"caption":"Franca, S\u00e3o Jos\u00e9 dos Campos e Barretos, podem chover at\u00e9 100mm neste Carnaval"},{"@type":"BreadcrumbList","@id":"https:\/\/verdadeon.com.br\/portal\/2023\/02\/17\/previsao-aponta-chuva-de-ate-100mm-em-franca-neste-carnaval\/#breadcrumb","itemListElement":[{"@type":"ListItem","position":1,"name":"In\u00edcio","item":"https:\/\/verdadeon.com.br\/portal\/"},{"@type":"ListItem","position":2,"name":"Previs\u00e3o aponta chuva de at\u00e9 100mm em Franca, neste Carnaval"}]},{"@type":"WebSite","@id":"https:\/\/verdadeon.com.br\/portal\/#website","url":"https:\/\/verdadeon.com.br\/portal\/","name":"VerdadeOn","description":"Not\u00edcias di\u00e1rias sobre Franca, Regi\u00e3o, Esporte, Cultura, Cotidiano, Colunas. Cobertura nos principais eventos da cidade \u00e9 aqui - Verdadeon Franca","potentialAction":[{"@type":"SearchAction","target":{"@type":"EntryPoint","urlTemplate":"https:\/\/verdadeon.com.br\/portal\/?s={search_term_string}"},"query-input":{"@type":"PropertyValueSpecification","valueRequired":true,"valueName":"search_term_string"}}],"inLanguage":"pt-BR"},{"@type":"Person","@id":"https:\/\/verdadeon.com.br\/portal\/#\/schema\/person\/8994718f49ee62ba5610471e29ca1f62","name":"Fernando Calixto","image":{"@type":"ImageObject","inLanguage":"pt-BR","@id":"https:\/\/verdadeon.com.br\/portal\/#\/schema\/person\/image\/","url":"https:\/\/secure.gravatar.com\/avatar\/7578910c24966c0316c340f9dbd601e93ee9f9212e1033968b367af9306bd9fb?s=96&d=mm&r=g","contentUrl":"https:\/\/secure.gravatar.com\/avatar\/7578910c24966c0316c340f9dbd601e93ee9f9212e1033968b367af9306bd9fb?s=96&d=mm&r=g","caption":"Fernando Calixto"},"url":"https:\/\/verdadeon.com.br\/portal\/author\/fernando-calixto\/"}]}},"jetpack_publicize_connections":[],"jetpack_featured_media_url":"https:\/\/i0.wp.com\/verdadeon.com.br\/portal\/wp-content\/uploads\/2023\/01\/WhatsApp-Image-2023-01-02-at-15.05.50.jpeg?fit=1000%2C670&ssl=1","jetpack_sharing_enabled":true,"_links":{"self":[{"href":"https:\/\/verdadeon.com.br\/portal\/wp-json\/wp\/v2\/posts\/31874","targetHints":{"allow":["GET"]}}],"collection":[{"href":"https:\/\/verdadeon.com.br\/portal\/wp-json\/wp\/v2\/posts"}],"about":[{"href":"https:\/\/verdadeon.com.br\/portal\/wp-json\/wp\/v2\/types\/post"}],"author":[{"embeddable":true,"href":"https:\/\/verdadeon.com.br\/portal\/wp-json\/wp\/v2\/users\/4"}],"replies":[{"embeddable":true,"href":"https:\/\/verdadeon.com.br\/portal\/wp-json\/wp\/v2\/comments?post=31874"}],"version-history":[{"count":1,"href":"https:\/\/verdadeon.com.br\/portal\/wp-json\/wp\/v2\/posts\/31874\/revisions"}],"predecessor-version":[{"id":31878,"href":"https:\/\/verdadeon.com.br\/portal\/wp-json\/wp\/v2\/posts\/31874\/revisions\/31878"}],"wp:featuredmedia":[{"embeddable":true,"href":"https:\/\/verdadeon.com.br\/portal\/wp-json\/wp\/v2\/media\/30843"}],"wp:attachment":[{"href":"https:\/\/verdadeon.com.br\/portal\/wp-json\/wp\/v2\/media?parent=31874"}],"wp:term":[{"taxonomy":"category","embeddable":true,"href":"https:\/\/verdadeon.com.br\/portal\/wp-json\/wp\/v2\/categories?post=31874"},{"taxonomy":"post_tag","embeddable":true,"href":"https:\/\/verdadeon.com.br\/portal\/wp-json\/wp\/v2\/tags?post=31874"}],"curies":[{"name":"wp","href":"https:\/\/api.w.org\/{rel}","templated":true}]}}