{"id":31857,"date":"2023-02-16T16:17:19","date_gmt":"2023-02-16T19:17:19","guid":{"rendered":"https:\/\/verdadeon.com.br\/portal\/?p=31857"},"modified":"2023-02-16T16:17:19","modified_gmt":"2023-02-16T19:17:19","slug":"franca-teve-uma-media-de-7-celulares-furtados-por-dia-em-2022","status":"publish","type":"post","link":"https:\/\/verdadeon.com.br\/portal\/2023\/02\/16\/franca-teve-uma-media-de-7-celulares-furtados-por-dia-em-2022\/","title":{"rendered":"Franca teve uma m\u00e9dia de 7 celulares furtados por dia em 2022"},"content":{"rendered":"<h2>Parcela corresponde a 2,26% dos furtos a celulares em todo o Estado de S\u00e3o Paulo<\/h2>\n<p>Um estudo divulgado pelo Departamento de Economia do Crime da Funda\u00e7\u00e3o Escola de Com\u00e9rcio \u00c1lvares Penteado (FECAP), demonstrou um aumento de 34,81% (65.704 boletins registrados) no roubo de celulares em 2022 se comparado a 2021. Com rela\u00e7\u00e3o a furtos, as ocorr\u00eancias cresceram 54,6% (51.115 registrados). A pesquisa foi conduzida a partir da compila\u00e7\u00e3o de boletins de ocorr\u00eancia registrados pela SSP (Secretaria de Seguran\u00e7a P\u00fablica).<\/p>\n<p>A Capital do Estado lidera a porcentagem de participa\u00e7\u00e3o na lista de furtos (75,25%). Posteriormente, aparecem Campinas (5,72%), Guarulhos (3,25%), S\u00e3o Jos\u00e9 do Rio Preto (3,11%) e Ribeir\u00e3o Preto (2,60%). Em seguida, Franca aparece com 2,26%, a frente de Osasco (2,12%), S\u00e3o Bernardo do Campo (2,04%), S\u00e3o Jos\u00e9 dos Campos (1,86%) e Sorocaba (1,78%).<\/p>\n<p>O pesquisador respons\u00e1vel pelo levantamento, Erivaldo Vieira, salienta: \u201c\u00c9 fundamental que as pessoas estejam atentas \u00e0 seguran\u00e7a de seus pertences e tomem medidas preventivas para evitarem serem v\u00edtimas desse crime. Com esses dados em mente, \u00e9 poss\u00edvel refor\u00e7ar a import\u00e2ncia da conscientiza\u00e7\u00e3o e da preven\u00e7\u00e3o contra o roubo de celulares, que tem afetado a vida de in\u00fameras pessoas em todo o Estado de S\u00e3o Paulo\u201d.<\/p>\n<p>Procurada pela nossa reda\u00e7\u00e3o, a Assessoria de Imprensa e Comunica\u00e7\u00e3o da SSP do Estado de S\u00e3o Paulo por meio de nota informou que os crimes de furtos e roubos a celulares s\u00e3o derivados de outros. Veja a nota na \u00edntegra: \u201cA SSP trabalha para reduzir os roubos e furtos de celulares no Estado, inclusive foi identificado que esses crimes s\u00e3o consequ\u00eancias de outros, como a recepta\u00e7\u00e3o e venda de drogas. Ciente do problema, as a\u00e7\u00f5es est\u00e3o voltadas para a recupera\u00e7\u00e3o de aparelhos roubados e furtados e na presen\u00e7a policial para inibir os criminosos. A exemplo do pr\u00e9-carnaval, quando policiais \u00e0 paisana identificaram e prenderam 14 criminosos com celulares e devolveram mais de 110 aparelhos aos donos. A Pol\u00edcia Militar refor\u00e7ou o policiamento nos dias festivos com aproximadamente 14 mil homens por dia, al\u00e9m do emprego de 200 drones. A Pol\u00edcia Civil refor\u00e7ou os plant\u00f5es policiais, inseriu agentes infiltrados nos blocos e deixou equipes das especializadas dispon\u00edveis. Sobre os n\u00fameros, no ano passado, 82.466 celulares foram recuperados\u201d.<\/p>\n","protected":false},"excerpt":{"rendered":"<p>Parcela corresponde a 2,26% dos furtos a celulares em todo o Estado de S\u00e3o Paulo Um estudo divulgado pelo Departamento de Economia do Crime da Funda\u00e7\u00e3o<span class=\"excerpt-hellip\"> [\u2026]<\/span><\/p>\n","protected":false},"author":4,"featured_media":31865,"comment_status":"open","ping_status":"open","sticky":false,"template":"","format":"standard","meta":{"_jetpack_memberships_contains_paid_content":false,"footnotes":"","jetpack_publicize_message":"","jetpack_publicize_feature_enabled":true,"jetpack_social_post_already_shared":false,"jetpack_social_options":{"image_generator_settings":{"template":"highway","default_image_id":0,"enabled":false},"version":2}},"categories":[28,81],"tags":[],"class_list":["post-31857","post","type-post","status-publish","format-standard","has-post-thumbnail","hentry","category-cotidiano","category-manchete"],"yoast_head":"<!-- This site is optimized with the Yoast SEO plugin v25.6 - https:\/\/yoast.com\/wordpress\/plugins\/seo\/ -->\n<title>Franca teve uma m\u00e9dia de 7 celulares furtados por dia em 2022 - VerdadeOn<\/title>\n<meta name=\"robots\" content=\"index, follow, max-snippet:-1, max-image-preview:large, max-video-preview:-1\" \/>\n<link rel=\"canonical\" href=\"https:\/\/verdadeon.com.br\/portal\/2023\/02\/16\/franca-teve-uma-media-de-7-celulares-furtados-por-dia-em-2022\/\" \/>\n<meta property=\"og:locale\" content=\"pt_BR\" \/>\n<meta property=\"og:type\" content=\"article\" \/>\n<meta property=\"og:title\" content=\"Franca teve uma m\u00e9dia de 7 celulares furtados por dia em 2022 - VerdadeOn\" \/>\n<meta property=\"og:description\" content=\"Parcela corresponde a 2,26% dos furtos a celulares em todo o Estado de S\u00e3o Paulo Um estudo divulgado pelo Departamento de Economia do Crime da Funda\u00e7\u00e3o [\u2026]\" \/>\n<meta property=\"og:url\" content=\"https:\/\/verdadeon.com.br\/portal\/2023\/02\/16\/franca-teve-uma-media-de-7-celulares-furtados-por-dia-em-2022\/\" \/>\n<meta property=\"og:site_name\" content=\"VerdadeOn\" \/>\n<meta property=\"article:published_time\" content=\"2023-02-16T19:17:19+00:00\" \/>\n<meta property=\"og:image\" content=\"https:\/\/verdadeon.com.br\/portal\/wp-content\/uploads\/2023\/02\/celular-roubado-1.jpg\" \/>\n\t<meta property=\"og:image:width\" content=\"1000\" \/>\n\t<meta property=\"og:image:height\" content=\"670\" \/>\n\t<meta property=\"og:image:type\" content=\"image\/jpeg\" \/>\n<meta name=\"author\" content=\"Fernando Calixto\" \/>\n<meta name=\"twitter:card\" content=\"summary_large_image\" \/>\n<meta name=\"twitter:label1\" content=\"Escrito por\" \/>\n\t<meta name=\"twitter:data1\" content=\"Fernando Calixto\" \/>\n\t<meta name=\"twitter:label2\" content=\"Est. tempo de leitura\" \/>\n\t<meta name=\"twitter:data2\" content=\"3 minutos\" \/>\n<script type=\"application\/ld+json\" class=\"yoast-schema-graph\">{\"@context\":\"https:\/\/schema.org\",\"@graph\":[{\"@type\":\"WebPage\",\"@id\":\"https:\/\/verdadeon.com.br\/portal\/2023\/02\/16\/franca-teve-uma-media-de-7-celulares-furtados-por-dia-em-2022\/\",\"url\":\"https:\/\/verdadeon.com.br\/portal\/2023\/02\/16\/franca-teve-uma-media-de-7-celulares-furtados-por-dia-em-2022\/\",\"name\":\"Franca teve uma m\u00e9dia de 7 celulares furtados por dia em 2022 - VerdadeOn\",\"isPartOf\":{\"@id\":\"https:\/\/verdadeon.com.br\/portal\/#website\"},\"primaryImageOfPage\":{\"@id\":\"https:\/\/verdadeon.com.br\/portal\/2023\/02\/16\/franca-teve-uma-media-de-7-celulares-furtados-por-dia-em-2022\/#primaryimage\"},\"image\":{\"@id\":\"https:\/\/verdadeon.com.br\/portal\/2023\/02\/16\/franca-teve-uma-media-de-7-celulares-furtados-por-dia-em-2022\/#primaryimage\"},\"thumbnailUrl\":\"https:\/\/i0.wp.com\/verdadeon.com.br\/portal\/wp-content\/uploads\/2023\/02\/celular-roubado-1.jpg?fit=1000%2C670&ssl=1\",\"datePublished\":\"2023-02-16T19:17:19+00:00\",\"author\":{\"@id\":\"https:\/\/verdadeon.com.br\/portal\/#\/schema\/person\/8994718f49ee62ba5610471e29ca1f62\"},\"breadcrumb\":{\"@id\":\"https:\/\/verdadeon.com.br\/portal\/2023\/02\/16\/franca-teve-uma-media-de-7-celulares-furtados-por-dia-em-2022\/#breadcrumb\"},\"inLanguage\":\"pt-BR\",\"potentialAction\":[{\"@type\":\"ReadAction\",\"target\":[\"https:\/\/verdadeon.com.br\/portal\/2023\/02\/16\/franca-teve-uma-media-de-7-celulares-furtados-por-dia-em-2022\/\"]}]},{\"@type\":\"ImageObject\",\"inLanguage\":\"pt-BR\",\"@id\":\"https:\/\/verdadeon.com.br\/portal\/2023\/02\/16\/franca-teve-uma-media-de-7-celulares-furtados-por-dia-em-2022\/#primaryimage\",\"url\":\"https:\/\/i0.wp.com\/verdadeon.com.br\/portal\/wp-content\/uploads\/2023\/02\/celular-roubado-1.jpg?fit=1000%2C670&ssl=1\",\"contentUrl\":\"https:\/\/i0.wp.com\/verdadeon.com.br\/portal\/wp-content\/uploads\/2023\/02\/celular-roubado-1.jpg?fit=1000%2C670&ssl=1\",\"width\":1000,\"height\":670,\"caption\":\"Furtos crescem no munic\u00edpio de Franca no in\u00edcio do segundo semestre (\u00a9Divulga\u00e7\u00e3o)\"},{\"@type\":\"BreadcrumbList\",\"@id\":\"https:\/\/verdadeon.com.br\/portal\/2023\/02\/16\/franca-teve-uma-media-de-7-celulares-furtados-por-dia-em-2022\/#breadcrumb\",\"itemListElement\":[{\"@type\":\"ListItem\",\"position\":1,\"name\":\"In\u00edcio\",\"item\":\"https:\/\/verdadeon.com.br\/portal\/\"},{\"@type\":\"ListItem\",\"position\":2,\"name\":\"Franca teve uma m\u00e9dia de 7 celulares furtados por dia em 2022\"}]},{\"@type\":\"WebSite\",\"@id\":\"https:\/\/verdadeon.com.br\/portal\/#website\",\"url\":\"https:\/\/verdadeon.com.br\/portal\/\",\"name\":\"VerdadeOn\",\"description\":\"Not\u00edcias di\u00e1rias sobre Franca, Regi\u00e3o, Esporte, Cultura, Cotidiano, Colunas. Cobertura nos principais eventos da cidade \u00e9 aqui - Verdadeon Franca\",\"potentialAction\":[{\"@type\":\"SearchAction\",\"target\":{\"@type\":\"EntryPoint\",\"urlTemplate\":\"https:\/\/verdadeon.com.br\/portal\/?s={search_term_string}\"},\"query-input\":{\"@type\":\"PropertyValueSpecification\",\"valueRequired\":true,\"valueName\":\"search_term_string\"}}],\"inLanguage\":\"pt-BR\"},{\"@type\":\"Person\",\"@id\":\"https:\/\/verdadeon.com.br\/portal\/#\/schema\/person\/8994718f49ee62ba5610471e29ca1f62\",\"name\":\"Fernando Calixto\",\"image\":{\"@type\":\"ImageObject\",\"inLanguage\":\"pt-BR\",\"@id\":\"https:\/\/verdadeon.com.br\/portal\/#\/schema\/person\/image\/\",\"url\":\"https:\/\/secure.gravatar.com\/avatar\/7578910c24966c0316c340f9dbd601e93ee9f9212e1033968b367af9306bd9fb?s=96&d=mm&r=g\",\"contentUrl\":\"https:\/\/secure.gravatar.com\/avatar\/7578910c24966c0316c340f9dbd601e93ee9f9212e1033968b367af9306bd9fb?s=96&d=mm&r=g\",\"caption\":\"Fernando Calixto\"},\"url\":\"https:\/\/verdadeon.com.br\/portal\/author\/fernando-calixto\/\"}]}<\/script>\n<!-- \/ Yoast SEO plugin. -->","yoast_head_json":{"title":"Franca teve uma m\u00e9dia de 7 celulares furtados por dia em 2022 - VerdadeOn","robots":{"index":"index","follow":"follow","max-snippet":"max-snippet:-1","max-image-preview":"max-image-preview:large","max-video-preview":"max-video-preview:-1"},"canonical":"https:\/\/verdadeon.com.br\/portal\/2023\/02\/16\/franca-teve-uma-media-de-7-celulares-furtados-por-dia-em-2022\/","og_locale":"pt_BR","og_type":"article","og_title":"Franca teve uma m\u00e9dia de 7 celulares furtados por dia em 2022 - VerdadeOn","og_description":"Parcela corresponde a 2,26% dos furtos a celulares em todo o Estado de S\u00e3o Paulo Um estudo divulgado pelo Departamento de Economia do Crime da Funda\u00e7\u00e3o [\u2026]","og_url":"https:\/\/verdadeon.com.br\/portal\/2023\/02\/16\/franca-teve-uma-media-de-7-celulares-furtados-por-dia-em-2022\/","og_site_name":"VerdadeOn","article_published_time":"2023-02-16T19:17:19+00:00","og_image":[{"width":1000,"height":670,"url":"https:\/\/verdadeon.com.br\/portal\/wp-content\/uploads\/2023\/02\/celular-roubado-1.jpg","type":"image\/jpeg"}],"author":"Fernando Calixto","twitter_card":"summary_large_image","twitter_misc":{"Escrito por":"Fernando Calixto","Est. tempo de leitura":"3 minutos"},"schema":{"@context":"https:\/\/schema.org","@graph":[{"@type":"WebPage","@id":"https:\/\/verdadeon.com.br\/portal\/2023\/02\/16\/franca-teve-uma-media-de-7-celulares-furtados-por-dia-em-2022\/","url":"https:\/\/verdadeon.com.br\/portal\/2023\/02\/16\/franca-teve-uma-media-de-7-celulares-furtados-por-dia-em-2022\/","name":"Franca teve uma m\u00e9dia de 7 celulares furtados por dia em 2022 - VerdadeOn","isPartOf":{"@id":"https:\/\/verdadeon.com.br\/portal\/#website"},"primaryImageOfPage":{"@id":"https:\/\/verdadeon.com.br\/portal\/2023\/02\/16\/franca-teve-uma-media-de-7-celulares-furtados-por-dia-em-2022\/#primaryimage"},"image":{"@id":"https:\/\/verdadeon.com.br\/portal\/2023\/02\/16\/franca-teve-uma-media-de-7-celulares-furtados-por-dia-em-2022\/#primaryimage"},"thumbnailUrl":"https:\/\/i0.wp.com\/verdadeon.com.br\/portal\/wp-content\/uploads\/2023\/02\/celular-roubado-1.jpg?fit=1000%2C670&ssl=1","datePublished":"2023-02-16T19:17:19+00:00","author":{"@id":"https:\/\/verdadeon.com.br\/portal\/#\/schema\/person\/8994718f49ee62ba5610471e29ca1f62"},"breadcrumb":{"@id":"https:\/\/verdadeon.com.br\/portal\/2023\/02\/16\/franca-teve-uma-media-de-7-celulares-furtados-por-dia-em-2022\/#breadcrumb"},"inLanguage":"pt-BR","potentialAction":[{"@type":"ReadAction","target":["https:\/\/verdadeon.com.br\/portal\/2023\/02\/16\/franca-teve-uma-media-de-7-celulares-furtados-por-dia-em-2022\/"]}]},{"@type":"ImageObject","inLanguage":"pt-BR","@id":"https:\/\/verdadeon.com.br\/portal\/2023\/02\/16\/franca-teve-uma-media-de-7-celulares-furtados-por-dia-em-2022\/#primaryimage","url":"https:\/\/i0.wp.com\/verdadeon.com.br\/portal\/wp-content\/uploads\/2023\/02\/celular-roubado-1.jpg?fit=1000%2C670&ssl=1","contentUrl":"https:\/\/i0.wp.com\/verdadeon.com.br\/portal\/wp-content\/uploads\/2023\/02\/celular-roubado-1.jpg?fit=1000%2C670&ssl=1","width":1000,"height":670,"caption":"Furtos crescem no munic\u00edpio de Franca no in\u00edcio do segundo semestre (\u00a9Divulga\u00e7\u00e3o)"},{"@type":"BreadcrumbList","@id":"https:\/\/verdadeon.com.br\/portal\/2023\/02\/16\/franca-teve-uma-media-de-7-celulares-furtados-por-dia-em-2022\/#breadcrumb","itemListElement":[{"@type":"ListItem","position":1,"name":"In\u00edcio","item":"https:\/\/verdadeon.com.br\/portal\/"},{"@type":"ListItem","position":2,"name":"Franca teve uma m\u00e9dia de 7 celulares furtados por dia em 2022"}]},{"@type":"WebSite","@id":"https:\/\/verdadeon.com.br\/portal\/#website","url":"https:\/\/verdadeon.com.br\/portal\/","name":"VerdadeOn","description":"Not\u00edcias di\u00e1rias sobre Franca, Regi\u00e3o, Esporte, Cultura, Cotidiano, Colunas. Cobertura nos principais eventos da cidade \u00e9 aqui - Verdadeon Franca","potentialAction":[{"@type":"SearchAction","target":{"@type":"EntryPoint","urlTemplate":"https:\/\/verdadeon.com.br\/portal\/?s={search_term_string}"},"query-input":{"@type":"PropertyValueSpecification","valueRequired":true,"valueName":"search_term_string"}}],"inLanguage":"pt-BR"},{"@type":"Person","@id":"https:\/\/verdadeon.com.br\/portal\/#\/schema\/person\/8994718f49ee62ba5610471e29ca1f62","name":"Fernando Calixto","image":{"@type":"ImageObject","inLanguage":"pt-BR","@id":"https:\/\/verdadeon.com.br\/portal\/#\/schema\/person\/image\/","url":"https:\/\/secure.gravatar.com\/avatar\/7578910c24966c0316c340f9dbd601e93ee9f9212e1033968b367af9306bd9fb?s=96&d=mm&r=g","contentUrl":"https:\/\/secure.gravatar.com\/avatar\/7578910c24966c0316c340f9dbd601e93ee9f9212e1033968b367af9306bd9fb?s=96&d=mm&r=g","caption":"Fernando Calixto"},"url":"https:\/\/verdadeon.com.br\/portal\/author\/fernando-calixto\/"}]}},"jetpack_publicize_connections":[],"jetpack_featured_media_url":"https:\/\/i0.wp.com\/verdadeon.com.br\/portal\/wp-content\/uploads\/2023\/02\/celular-roubado-1.jpg?fit=1000%2C670&ssl=1","jetpack_sharing_enabled":true,"_links":{"self":[{"href":"https:\/\/verdadeon.com.br\/portal\/wp-json\/wp\/v2\/posts\/31857","targetHints":{"allow":["GET"]}}],"collection":[{"href":"https:\/\/verdadeon.com.br\/portal\/wp-json\/wp\/v2\/posts"}],"about":[{"href":"https:\/\/verdadeon.com.br\/portal\/wp-json\/wp\/v2\/types\/post"}],"author":[{"embeddable":true,"href":"https:\/\/verdadeon.com.br\/portal\/wp-json\/wp\/v2\/users\/4"}],"replies":[{"embeddable":true,"href":"https:\/\/verdadeon.com.br\/portal\/wp-json\/wp\/v2\/comments?post=31857"}],"version-history":[{"count":1,"href":"https:\/\/verdadeon.com.br\/portal\/wp-json\/wp\/v2\/posts\/31857\/revisions"}],"predecessor-version":[{"id":31866,"href":"https:\/\/verdadeon.com.br\/portal\/wp-json\/wp\/v2\/posts\/31857\/revisions\/31866"}],"wp:featuredmedia":[{"embeddable":true,"href":"https:\/\/verdadeon.com.br\/portal\/wp-json\/wp\/v2\/media\/31865"}],"wp:attachment":[{"href":"https:\/\/verdadeon.com.br\/portal\/wp-json\/wp\/v2\/media?parent=31857"}],"wp:term":[{"taxonomy":"category","embeddable":true,"href":"https:\/\/verdadeon.com.br\/portal\/wp-json\/wp\/v2\/categories?post=31857"},{"taxonomy":"post_tag","embeddable":true,"href":"https:\/\/verdadeon.com.br\/portal\/wp-json\/wp\/v2\/tags?post=31857"}],"curies":[{"name":"wp","href":"https:\/\/api.w.org\/{rel}","templated":true}]}}