{"id":31723,"date":"2023-02-10T18:10:08","date_gmt":"2023-02-10T21:10:08","guid":{"rendered":"https:\/\/verdadeon.com.br\/portal\/?p=31723"},"modified":"2023-02-10T18:10:08","modified_gmt":"2023-02-10T21:10:08","slug":"setor-de-servicos-cresce-83-em-2022-e-atinge-recorde","status":"publish","type":"post","link":"https:\/\/verdadeon.com.br\/portal\/2023\/02\/10\/setor-de-servicos-cresce-83-em-2022-e-atinge-recorde\/","title":{"rendered":"Setor de servi\u00e7os cresce 8,3% em 2022 e atinge recorde"},"content":{"rendered":"<h2>Transporte terrestre \u00e9 um dos ramos que mais contribu\u00edram para a alta<\/h2>\n<p>Nova pesquisa divulgada pelo Instituto Brasileiro de Geografia e Estat\u00edstica (IBGE) aponta um novo recorde do setor de servi\u00e7os. Ap\u00f3s uma expans\u00e3o de 3,1% em dezembro de 2022, foi atingido o maior patamar da s\u00e9rie hist\u00f3rica iniciada em 2011. Esse desempenho tamb\u00e9m contribuiu para que o setor fechasse em alta pelo segundo ano consecutivo: foi registrado um crescimento de 8,3% em 2022.<br \/>\nOs dados est\u00e3o reunidos na Pesquisa Mensal de Servi\u00e7os, publicada nesta sexta-feira(10). A s\u00e9rie hist\u00f3rica mostra que dezembro \u00e9 geralmente o m\u00eas de melhor desempenho de cada ano. Se for comparado o m\u00eas de dezembro de 2022 com fevereiro de 2020, houve uma alta de 14,4%, o que revela uma significativa evolu\u00e7\u00e3o em rela\u00e7\u00e3o a n\u00edveis registrados antes do in\u00edcio da pandemia de covid-19.<br \/>\nPara os analistas do IBGE, o bom desempenho \u00e9 influenciado pela retomada de servi\u00e7os presenciais ap\u00f3s o per\u00edodo mais intenso de distanciamento social registrado em 2020 e 2021. Entres os ramos que mais contribu\u00edram para o resultado positivo de 2022 est\u00e1 o de transporte terrestre (alta de 18,4%) e o de transporte a\u00e9reo (28,6%).<br \/>\nA pesquisa tamb\u00e9m destaca a expans\u00e3o de servi\u00e7os de loca\u00e7\u00e3o de autom\u00f3veis, de engenharia, de pagamentos eletr\u00f4nicos e de promo\u00e7\u00e3o de eventos. Outros avan\u00e7os relevantes foram observados em segmentos que atendem \u00e0s fam\u00edlias, como restaurantes, hot\u00e9is e academias.<\/p>\n<p>Unidades federativas<br \/>\nEm 22 das 27 unidades da federa\u00e7\u00e3o, houve alta do setor de servi\u00e7os em dezembro de 2022 quando comparado com o m\u00eas de novembro. O crescimento mais not\u00e1vel foi registrado no Rio de Janeiro (5%). A pesquisa tamb\u00e9m destaca os desempenhos de S\u00e3o Paulo (0,8%), Minas Gerais (4,6%) e Distrito Federal (13,4%). De outro lado, no Esp\u00edrito Santo, a queda de 4,4% exerceu a principal contribui\u00e7\u00e3o negativa do m\u00eas.<\/p>\n","protected":false},"excerpt":{"rendered":"<p>Transporte terrestre \u00e9 um dos ramos que mais contribu\u00edram para a alta Nova pesquisa divulgada pelo Instituto Brasileiro de Geografia e Estat\u00edstica (IBGE) aponta um novo<span class=\"excerpt-hellip\"> [\u2026]<\/span><\/p>\n","protected":false},"author":4,"featured_media":31724,"comment_status":"open","ping_status":"open","sticky":false,"template":"","format":"standard","meta":{"_jetpack_memberships_contains_paid_content":false,"footnotes":"","jetpack_publicize_message":"","jetpack_publicize_feature_enabled":true,"jetpack_social_post_already_shared":false,"jetpack_social_options":{"image_generator_settings":{"template":"highway","default_image_id":0,"enabled":false},"version":2}},"categories":[28,81],"tags":[],"class_list":["post-31723","post","type-post","status-publish","format-standard","has-post-thumbnail","hentry","category-cotidiano","category-manchete"],"yoast_head":"<!-- This site is optimized with the Yoast SEO plugin v25.6 - https:\/\/yoast.com\/wordpress\/plugins\/seo\/ -->\n<title>Setor de servi\u00e7os cresce 8,3% em 2022 e atinge recorde - VerdadeOn<\/title>\n<meta name=\"robots\" content=\"index, follow, max-snippet:-1, max-image-preview:large, max-video-preview:-1\" \/>\n<link rel=\"canonical\" href=\"https:\/\/verdadeon.com.br\/portal\/2023\/02\/10\/setor-de-servicos-cresce-83-em-2022-e-atinge-recorde\/\" \/>\n<meta property=\"og:locale\" content=\"pt_BR\" \/>\n<meta property=\"og:type\" content=\"article\" \/>\n<meta property=\"og:title\" content=\"Setor de servi\u00e7os cresce 8,3% em 2022 e atinge recorde - VerdadeOn\" \/>\n<meta property=\"og:description\" content=\"Transporte terrestre \u00e9 um dos ramos que mais contribu\u00edram para a alta Nova pesquisa divulgada pelo Instituto Brasileiro de Geografia e Estat\u00edstica (IBGE) aponta um novo [\u2026]\" \/>\n<meta property=\"og:url\" content=\"https:\/\/verdadeon.com.br\/portal\/2023\/02\/10\/setor-de-servicos-cresce-83-em-2022-e-atinge-recorde\/\" \/>\n<meta property=\"og:site_name\" content=\"VerdadeOn\" \/>\n<meta property=\"article:published_time\" content=\"2023-02-10T21:10:08+00:00\" \/>\n<meta property=\"og:image\" content=\"https:\/\/verdadeon.com.br\/portal\/wp-content\/uploads\/2023\/02\/salao_de_beleza_1.jpg\" \/>\n\t<meta property=\"og:image:width\" content=\"1000\" \/>\n\t<meta property=\"og:image:height\" content=\"670\" \/>\n\t<meta property=\"og:image:type\" content=\"image\/jpeg\" \/>\n<meta name=\"author\" content=\"Fernando Calixto\" \/>\n<meta name=\"twitter:card\" content=\"summary_large_image\" \/>\n<meta name=\"twitter:label1\" content=\"Escrito por\" \/>\n\t<meta name=\"twitter:data1\" content=\"Fernando Calixto\" \/>\n\t<meta name=\"twitter:label2\" content=\"Est. tempo de leitura\" \/>\n\t<meta name=\"twitter:data2\" content=\"2 minutos\" \/>\n<script type=\"application\/ld+json\" class=\"yoast-schema-graph\">{\"@context\":\"https:\/\/schema.org\",\"@graph\":[{\"@type\":\"WebPage\",\"@id\":\"https:\/\/verdadeon.com.br\/portal\/2023\/02\/10\/setor-de-servicos-cresce-83-em-2022-e-atinge-recorde\/\",\"url\":\"https:\/\/verdadeon.com.br\/portal\/2023\/02\/10\/setor-de-servicos-cresce-83-em-2022-e-atinge-recorde\/\",\"name\":\"Setor de servi\u00e7os cresce 8,3% em 2022 e atinge recorde - VerdadeOn\",\"isPartOf\":{\"@id\":\"https:\/\/verdadeon.com.br\/portal\/#website\"},\"primaryImageOfPage\":{\"@id\":\"https:\/\/verdadeon.com.br\/portal\/2023\/02\/10\/setor-de-servicos-cresce-83-em-2022-e-atinge-recorde\/#primaryimage\"},\"image\":{\"@id\":\"https:\/\/verdadeon.com.br\/portal\/2023\/02\/10\/setor-de-servicos-cresce-83-em-2022-e-atinge-recorde\/#primaryimage\"},\"thumbnailUrl\":\"https:\/\/i0.wp.com\/verdadeon.com.br\/portal\/wp-content\/uploads\/2023\/02\/salao_de_beleza_1.jpg?fit=1000%2C670&ssl=1\",\"datePublished\":\"2023-02-10T21:10:08+00:00\",\"author\":{\"@id\":\"https:\/\/verdadeon.com.br\/portal\/#\/schema\/person\/8994718f49ee62ba5610471e29ca1f62\"},\"breadcrumb\":{\"@id\":\"https:\/\/verdadeon.com.br\/portal\/2023\/02\/10\/setor-de-servicos-cresce-83-em-2022-e-atinge-recorde\/#breadcrumb\"},\"inLanguage\":\"pt-BR\",\"potentialAction\":[{\"@type\":\"ReadAction\",\"target\":[\"https:\/\/verdadeon.com.br\/portal\/2023\/02\/10\/setor-de-servicos-cresce-83-em-2022-e-atinge-recorde\/\"]}]},{\"@type\":\"ImageObject\",\"inLanguage\":\"pt-BR\",\"@id\":\"https:\/\/verdadeon.com.br\/portal\/2023\/02\/10\/setor-de-servicos-cresce-83-em-2022-e-atinge-recorde\/#primaryimage\",\"url\":\"https:\/\/i0.wp.com\/verdadeon.com.br\/portal\/wp-content\/uploads\/2023\/02\/salao_de_beleza_1.jpg?fit=1000%2C670&ssl=1\",\"contentUrl\":\"https:\/\/i0.wp.com\/verdadeon.com.br\/portal\/wp-content\/uploads\/2023\/02\/salao_de_beleza_1.jpg?fit=1000%2C670&ssl=1\",\"width\":1000,\"height\":670,\"caption\":\"Os dados est\u00e3o reunidos na Pesquisa Mensal de Servi\u00e7os, publicada nesta sexta-feira\"},{\"@type\":\"BreadcrumbList\",\"@id\":\"https:\/\/verdadeon.com.br\/portal\/2023\/02\/10\/setor-de-servicos-cresce-83-em-2022-e-atinge-recorde\/#breadcrumb\",\"itemListElement\":[{\"@type\":\"ListItem\",\"position\":1,\"name\":\"In\u00edcio\",\"item\":\"https:\/\/verdadeon.com.br\/portal\/\"},{\"@type\":\"ListItem\",\"position\":2,\"name\":\"Setor de servi\u00e7os cresce 8,3% em 2022 e atinge recorde\"}]},{\"@type\":\"WebSite\",\"@id\":\"https:\/\/verdadeon.com.br\/portal\/#website\",\"url\":\"https:\/\/verdadeon.com.br\/portal\/\",\"name\":\"VerdadeOn\",\"description\":\"Not\u00edcias di\u00e1rias sobre Franca, Regi\u00e3o, Esporte, Cultura, Cotidiano, Colunas. Cobertura nos principais eventos da cidade \u00e9 aqui - Verdadeon Franca\",\"potentialAction\":[{\"@type\":\"SearchAction\",\"target\":{\"@type\":\"EntryPoint\",\"urlTemplate\":\"https:\/\/verdadeon.com.br\/portal\/?s={search_term_string}\"},\"query-input\":{\"@type\":\"PropertyValueSpecification\",\"valueRequired\":true,\"valueName\":\"search_term_string\"}}],\"inLanguage\":\"pt-BR\"},{\"@type\":\"Person\",\"@id\":\"https:\/\/verdadeon.com.br\/portal\/#\/schema\/person\/8994718f49ee62ba5610471e29ca1f62\",\"name\":\"Fernando Calixto\",\"image\":{\"@type\":\"ImageObject\",\"inLanguage\":\"pt-BR\",\"@id\":\"https:\/\/verdadeon.com.br\/portal\/#\/schema\/person\/image\/\",\"url\":\"https:\/\/secure.gravatar.com\/avatar\/7578910c24966c0316c340f9dbd601e93ee9f9212e1033968b367af9306bd9fb?s=96&d=mm&r=g\",\"contentUrl\":\"https:\/\/secure.gravatar.com\/avatar\/7578910c24966c0316c340f9dbd601e93ee9f9212e1033968b367af9306bd9fb?s=96&d=mm&r=g\",\"caption\":\"Fernando Calixto\"},\"url\":\"https:\/\/verdadeon.com.br\/portal\/author\/fernando-calixto\/\"}]}<\/script>\n<!-- \/ Yoast SEO plugin. -->","yoast_head_json":{"title":"Setor de servi\u00e7os cresce 8,3% em 2022 e atinge recorde - VerdadeOn","robots":{"index":"index","follow":"follow","max-snippet":"max-snippet:-1","max-image-preview":"max-image-preview:large","max-video-preview":"max-video-preview:-1"},"canonical":"https:\/\/verdadeon.com.br\/portal\/2023\/02\/10\/setor-de-servicos-cresce-83-em-2022-e-atinge-recorde\/","og_locale":"pt_BR","og_type":"article","og_title":"Setor de servi\u00e7os cresce 8,3% em 2022 e atinge recorde - VerdadeOn","og_description":"Transporte terrestre \u00e9 um dos ramos que mais contribu\u00edram para a alta Nova pesquisa divulgada pelo Instituto Brasileiro de Geografia e Estat\u00edstica (IBGE) aponta um novo [\u2026]","og_url":"https:\/\/verdadeon.com.br\/portal\/2023\/02\/10\/setor-de-servicos-cresce-83-em-2022-e-atinge-recorde\/","og_site_name":"VerdadeOn","article_published_time":"2023-02-10T21:10:08+00:00","og_image":[{"width":1000,"height":670,"url":"https:\/\/verdadeon.com.br\/portal\/wp-content\/uploads\/2023\/02\/salao_de_beleza_1.jpg","type":"image\/jpeg"}],"author":"Fernando Calixto","twitter_card":"summary_large_image","twitter_misc":{"Escrito por":"Fernando Calixto","Est. tempo de leitura":"2 minutos"},"schema":{"@context":"https:\/\/schema.org","@graph":[{"@type":"WebPage","@id":"https:\/\/verdadeon.com.br\/portal\/2023\/02\/10\/setor-de-servicos-cresce-83-em-2022-e-atinge-recorde\/","url":"https:\/\/verdadeon.com.br\/portal\/2023\/02\/10\/setor-de-servicos-cresce-83-em-2022-e-atinge-recorde\/","name":"Setor de servi\u00e7os cresce 8,3% em 2022 e atinge recorde - VerdadeOn","isPartOf":{"@id":"https:\/\/verdadeon.com.br\/portal\/#website"},"primaryImageOfPage":{"@id":"https:\/\/verdadeon.com.br\/portal\/2023\/02\/10\/setor-de-servicos-cresce-83-em-2022-e-atinge-recorde\/#primaryimage"},"image":{"@id":"https:\/\/verdadeon.com.br\/portal\/2023\/02\/10\/setor-de-servicos-cresce-83-em-2022-e-atinge-recorde\/#primaryimage"},"thumbnailUrl":"https:\/\/i0.wp.com\/verdadeon.com.br\/portal\/wp-content\/uploads\/2023\/02\/salao_de_beleza_1.jpg?fit=1000%2C670&ssl=1","datePublished":"2023-02-10T21:10:08+00:00","author":{"@id":"https:\/\/verdadeon.com.br\/portal\/#\/schema\/person\/8994718f49ee62ba5610471e29ca1f62"},"breadcrumb":{"@id":"https:\/\/verdadeon.com.br\/portal\/2023\/02\/10\/setor-de-servicos-cresce-83-em-2022-e-atinge-recorde\/#breadcrumb"},"inLanguage":"pt-BR","potentialAction":[{"@type":"ReadAction","target":["https:\/\/verdadeon.com.br\/portal\/2023\/02\/10\/setor-de-servicos-cresce-83-em-2022-e-atinge-recorde\/"]}]},{"@type":"ImageObject","inLanguage":"pt-BR","@id":"https:\/\/verdadeon.com.br\/portal\/2023\/02\/10\/setor-de-servicos-cresce-83-em-2022-e-atinge-recorde\/#primaryimage","url":"https:\/\/i0.wp.com\/verdadeon.com.br\/portal\/wp-content\/uploads\/2023\/02\/salao_de_beleza_1.jpg?fit=1000%2C670&ssl=1","contentUrl":"https:\/\/i0.wp.com\/verdadeon.com.br\/portal\/wp-content\/uploads\/2023\/02\/salao_de_beleza_1.jpg?fit=1000%2C670&ssl=1","width":1000,"height":670,"caption":"Os dados est\u00e3o reunidos na Pesquisa Mensal de Servi\u00e7os, publicada nesta sexta-feira"},{"@type":"BreadcrumbList","@id":"https:\/\/verdadeon.com.br\/portal\/2023\/02\/10\/setor-de-servicos-cresce-83-em-2022-e-atinge-recorde\/#breadcrumb","itemListElement":[{"@type":"ListItem","position":1,"name":"In\u00edcio","item":"https:\/\/verdadeon.com.br\/portal\/"},{"@type":"ListItem","position":2,"name":"Setor de servi\u00e7os cresce 8,3% em 2022 e atinge recorde"}]},{"@type":"WebSite","@id":"https:\/\/verdadeon.com.br\/portal\/#website","url":"https:\/\/verdadeon.com.br\/portal\/","name":"VerdadeOn","description":"Not\u00edcias di\u00e1rias sobre Franca, Regi\u00e3o, Esporte, Cultura, Cotidiano, Colunas. Cobertura nos principais eventos da cidade \u00e9 aqui - Verdadeon Franca","potentialAction":[{"@type":"SearchAction","target":{"@type":"EntryPoint","urlTemplate":"https:\/\/verdadeon.com.br\/portal\/?s={search_term_string}"},"query-input":{"@type":"PropertyValueSpecification","valueRequired":true,"valueName":"search_term_string"}}],"inLanguage":"pt-BR"},{"@type":"Person","@id":"https:\/\/verdadeon.com.br\/portal\/#\/schema\/person\/8994718f49ee62ba5610471e29ca1f62","name":"Fernando Calixto","image":{"@type":"ImageObject","inLanguage":"pt-BR","@id":"https:\/\/verdadeon.com.br\/portal\/#\/schema\/person\/image\/","url":"https:\/\/secure.gravatar.com\/avatar\/7578910c24966c0316c340f9dbd601e93ee9f9212e1033968b367af9306bd9fb?s=96&d=mm&r=g","contentUrl":"https:\/\/secure.gravatar.com\/avatar\/7578910c24966c0316c340f9dbd601e93ee9f9212e1033968b367af9306bd9fb?s=96&d=mm&r=g","caption":"Fernando Calixto"},"url":"https:\/\/verdadeon.com.br\/portal\/author\/fernando-calixto\/"}]}},"jetpack_publicize_connections":[],"jetpack_featured_media_url":"https:\/\/i0.wp.com\/verdadeon.com.br\/portal\/wp-content\/uploads\/2023\/02\/salao_de_beleza_1.jpg?fit=1000%2C670&ssl=1","jetpack_sharing_enabled":true,"_links":{"self":[{"href":"https:\/\/verdadeon.com.br\/portal\/wp-json\/wp\/v2\/posts\/31723","targetHints":{"allow":["GET"]}}],"collection":[{"href":"https:\/\/verdadeon.com.br\/portal\/wp-json\/wp\/v2\/posts"}],"about":[{"href":"https:\/\/verdadeon.com.br\/portal\/wp-json\/wp\/v2\/types\/post"}],"author":[{"embeddable":true,"href":"https:\/\/verdadeon.com.br\/portal\/wp-json\/wp\/v2\/users\/4"}],"replies":[{"embeddable":true,"href":"https:\/\/verdadeon.com.br\/portal\/wp-json\/wp\/v2\/comments?post=31723"}],"version-history":[{"count":1,"href":"https:\/\/verdadeon.com.br\/portal\/wp-json\/wp\/v2\/posts\/31723\/revisions"}],"predecessor-version":[{"id":31725,"href":"https:\/\/verdadeon.com.br\/portal\/wp-json\/wp\/v2\/posts\/31723\/revisions\/31725"}],"wp:featuredmedia":[{"embeddable":true,"href":"https:\/\/verdadeon.com.br\/portal\/wp-json\/wp\/v2\/media\/31724"}],"wp:attachment":[{"href":"https:\/\/verdadeon.com.br\/portal\/wp-json\/wp\/v2\/media?parent=31723"}],"wp:term":[{"taxonomy":"category","embeddable":true,"href":"https:\/\/verdadeon.com.br\/portal\/wp-json\/wp\/v2\/categories?post=31723"},{"taxonomy":"post_tag","embeddable":true,"href":"https:\/\/verdadeon.com.br\/portal\/wp-json\/wp\/v2\/tags?post=31723"}],"curies":[{"name":"wp","href":"https:\/\/api.w.org\/{rel}","templated":true}]}}