{"id":31670,"date":"2023-02-08T16:49:40","date_gmt":"2023-02-08T19:49:40","guid":{"rendered":"https:\/\/verdadeon.com.br\/portal\/?p=31670"},"modified":"2023-02-08T16:49:40","modified_gmt":"2023-02-08T19:49:40","slug":"censo-escolar-matriculas-na-educacao-basica-cresceram-em-2022","status":"publish","type":"post","link":"https:\/\/verdadeon.com.br\/portal\/2023\/02\/08\/censo-escolar-matriculas-na-educacao-basica-cresceram-em-2022\/","title":{"rendered":"Censo Escolar: matr\u00edculas na educa\u00e7\u00e3o b\u00e1sica cresceram em 2022"},"content":{"rendered":"<div class=\"col-lg-12 mb-3\">\n<div class=\"row\">\n<h3 class=\"col-10 offset-1 animated fadeInDown dealy-900 display-8 display-md-8 alt-font font-italic my-1 text-center\">Total chegou a 47,4 milh\u00f5es, 714 mil alunos a mais que em 2021<\/h3>\n<\/div>\n<\/div>\n<div class=\"col-xl-7 offset-xl-1 col-lg-8 offset-lg-0 col-md-10 offset-md-1 mb-3\">\n<div class=\"post-item alt-font\">\n<div class=\"post-item-wrap\">\n<p>O Censo Escolar da Educa\u00e7\u00e3o B\u00e1sica 2022 indica que o n\u00famero de matr\u00edculas no Brasil aumentou ap\u00f3s o fim da emerg\u00eancia em sa\u00fade p\u00fablica por conta da covid-19. No ano passado, foram registrados 47,4 milh\u00f5es de estudantes em 178,3 mil escolas de educa\u00e7\u00e3o b\u00e1sica \u2013 714 mil alunos a mais que em 2021.<img data-recalc-dims=\"1\" decoding=\"async\" src=\"https:\/\/i0.wp.com\/agenciabrasil.ebc.com.br\/ebc.png?w=1220&#038;ssl=1\" \/><img data-recalc-dims=\"1\" decoding=\"async\" src=\"https:\/\/i0.wp.com\/agenciabrasil.ebc.com.br\/ebc.gif?w=1220&#038;ssl=1\" \/><\/p>\n<p>O levantamento mostra que, no mesmo per\u00edodo, as escolas privadas apresentaram uma expans\u00e3o de 10,6% nas matr\u00edculas, o que as aproxima dos n\u00edveis observados em 2019, antes da pandemia. A queda mais significativa durante a crise sanit\u00e1ria, segundo o Minist\u00e9rio da Educa\u00e7\u00e3o (MEC), foi identificada justamente nessa rede de ensino.<\/p>\n<p>J\u00e1 na rede p\u00fablica de ensino, de acordo com o censo, os n\u00fameros na educa\u00e7\u00e3o b\u00e1sica n\u00e3o apresentaram grande varia\u00e7\u00e3o \u2013 foram 38,3 milh\u00f5es de matr\u00edculas registradas no ano passado, contra 38,5 milh\u00f5es contabilizadas no ano anterior.<\/p>\n<p>Durante coletiva de imprensa, o ministro da Educa\u00e7\u00e3o, Camilo Santana, avaliou que os resultados do censo mostram que o pa\u00eds est\u00e1 retomando os \u00edndices registrados antes da covid-19. \u201cA pandemia agravou o pa\u00eds em v\u00e1rias \u00e1reas, mas, principalmente, na \u00e1rea da educa\u00e7\u00e3o. Estamos retomando os patamares\u201d, disse.<\/p>\n<h2>Educa\u00e7\u00e3o infantil<\/h2>\n<p>O censo mostra que as matr\u00edculas em creches, que haviam recuado entre 2019 e 2021, cresceram em 2022. Em compara\u00e7\u00e3o com o ano anterior, o aumento foi de 8,9% na rede p\u00fablica e de 29,9% na rede privada de ensino, ultrapassando os \u00edndices observados no per\u00edodo pr\u00e9-pandemia em ambas as redes.<\/p>\n<p>O levantamento registrou um total de 74,4 mil creches em funcionamento no pa\u00eds. Nesse universo, 66,4% das matr\u00edculas s\u00e3o da rede p\u00fablica e 33,6%, da privada, sendo que 50,7% dessas creches privadas possuem conv\u00eanio com o poder p\u00fablico.<\/p>\n<p>As matr\u00edculas na pr\u00e9-escola tamb\u00e9m aumentaram. Entre 2019 e 2021, houve uma redu\u00e7\u00e3o de 25,6% nos alunos de escolas privadas, mas a eleva\u00e7\u00e3o de 20% nessa rede ao longo do \u00faltimo ano possibilitou um crescimento de 3,9% do total de matriculados.<\/p>\n<p>Foram registrados, em 2022, mais de 5 milh\u00f5es de matr\u00edculas na pr\u00e9-escola. Desses, 78,8% s\u00e3o na rede p\u00fablica e 21,2%, na privada, sendo que 166,7 mil alunos frequentam escolas conveniadas com o poder p\u00fablico.<\/p>\n<h2>Ensino fundamental<\/h2>\n<p>De acordo com o censo, das 178,3 mil escolas de educa\u00e7\u00e3o b\u00e1sica, 122,5 mil ofertam alguma etapa do ensino fundamental. Dessas, 105,4 mil atendem a alunos nos anos iniciais (1\u00ba ao 5\u00ba) e 61,8 mil, nos anos finais (6\u00ba a 9\u00ba).<\/p>\n<p>A rede municipal \u00e9 a principal respons\u00e1vel pela oferta dos anos iniciais: s\u00e3o 10,1 milh\u00f5es de estudantes (69,3%), o que corresponde a 85,5% da rede p\u00fablica. Por outro lado, 18,9% dos alunos frequentam escolas privadas \u2013 a rede cresceu 5,3% de 2021 para\u00a02022.<\/p>\n<p>J\u00e1 nos anos finais do ensino fundamental, h\u00e1 uma divis\u00e3o de responsabilidade entre estados e munic\u00edpios. A rede municipal atende a 5,3 milh\u00f5es de alunos (44,4%) e a estadual, a 4,8 milh\u00f5es (39,9%). As escolas privadas, com 1,8 milh\u00e3o de estudantes, re\u00fanem 15,5% das matr\u00edculas.<\/p>\n<h2>Ensino m\u00e9dio<\/h2>\n<p>Em 2022, foram registrados 7,9 milh\u00f5es de matr\u00edculas no ensino m\u00e9dio \u2013 um aumento de 1,2% em rela\u00e7\u00e3o a 2021. \u201cConfigura-se uma tend\u00eancia de crescimento que chega a 5,4% desde o in\u00edcio da ascend\u00eancia dessa curva, em 2019\u201d, destacou o MEC.<\/p>\n<p>A rede estadual tem a maior participa\u00e7\u00e3o nessa etapa (84,2%), atendendo a 6,6 milh\u00f5es de alunos. Nela tamb\u00e9m est\u00e1 a maioria dos estudantes das escolas p\u00fablicas (87,7%), enquanto a rede federal participa com 232 mil alunos (3%). J\u00e1 a rede privada possui cerca de 971,5 mil matriculados (12,3%).<\/p>\n<p>Em rela\u00e7\u00e3o ao turno e \u00e0 oferta, 81,9% dos alunos do ensino m\u00e9dio estudam no turno diurno e\u00a018,1% cursam o per\u00edodo noturno. Os dados indicam que 94,8% frequentam escolas urbanas\u00a0e 43,8% das escolas de ensino m\u00e9dio atendem a mais de 500 estudantes.<\/p>\n<h2>Alfabetiza\u00e7\u00e3o<\/h2>\n<p>O censo mostra que, de 2019 para\u00a02020, houve uma eleva\u00e7\u00e3o acentuada na taxa de alunos aprovados, influenciada, segundo o MEC, por \u201cajustes no planejamento curricular das escolas\u201d em fun\u00e7\u00e3o da pandemia. J\u00e1 em 2021, observou-se uma queda nas aprova\u00e7\u00f5es, mas os percentuais se mantiveram num patamar superior ao observado antes da covid-19.<\/p>\n<p>Em rela\u00e7\u00e3o \u00e0 chamada taxa de insucesso, que considera reprova\u00e7\u00e3o e abandono, houve uma mudan\u00e7a consider\u00e1vel entre 2019 e 2020, com uma redu\u00e7\u00e3o consistente em todas as s\u00e9ries da rede p\u00fablica e a eleva\u00e7\u00e3o nas iniciais do fundamental, na rede privada. J\u00e1 em 2021, verificou-se um movimento em dire\u00e7\u00e3o ao padr\u00e3o observado antes da pandemia, mas ainda com taxas de insucesso inferiores.<\/p>\n<h2>EJA<\/h2>\n<p>O censo avaliou ainda a educa\u00e7\u00e3o de jovens e adultos (EJA), que recebe pessoas que ainda n\u00e3o conclu\u00edram o ensino regular. De 2019 para 2020, cerca de 230 mil alunos dos anos finais do ensino fundamental e 160 mil do ensino m\u00e9dio migraram para a EJA.<\/p>\n<p>O MEC destacou que o Exame Nacional para Certifica\u00e7\u00e3o de Compet\u00eancias de Jovens e Adultos (Encceja) tem se firmado como uma alternativa para a obten\u00e7\u00e3o do certificado dessas etapas de ensino da educa\u00e7\u00e3o b\u00e1sica. Em 2019, foi registrado n\u00famero recorde de inscritos: 3 milh\u00f5es. Nas edi\u00e7\u00f5es de 2020 e 2022, foram 1,7 milh\u00e3o e 1,6 milh\u00e3o de pessoas inscritas, respectivamente. N\u00e3o houve aplica\u00e7\u00e3o em 2021 em fun\u00e7\u00e3o da pandemia.<\/p>\n<h2>Professores<\/h2>\n<p>Em 2022, foram contabilizados 2,3 milh\u00f5es de professores e 162.847 diretores na educa\u00e7\u00e3o b\u00e1sica brasileira. Os dados do censo mostram que quem exerce cargo de dire\u00e7\u00e3o, em sua maioria, tem forma\u00e7\u00e3o superior (90%) e \u00e9 mulher (80,7%).<\/p>\n<\/div>\n<\/div>\n<\/div>\n","protected":false},"excerpt":{"rendered":"<p>Total chegou a 47,4 milh\u00f5es, 714 mil alunos a mais que em 2021 O Censo Escolar da Educa\u00e7\u00e3o B\u00e1sica 2022 indica que o n\u00famero de matr\u00edculas<span class=\"excerpt-hellip\"> [\u2026]<\/span><\/p>\n","protected":false},"author":4,"featured_media":31675,"comment_status":"open","ping_status":"open","sticky":false,"template":"","format":"standard","meta":{"_jetpack_memberships_contains_paid_content":false,"footnotes":"","jetpack_publicize_message":"","jetpack_publicize_feature_enabled":true,"jetpack_social_post_already_shared":false,"jetpack_social_options":{"image_generator_settings":{"template":"highway","default_image_id":0,"enabled":false},"version":2}},"categories":[28,44],"tags":[],"class_list":["post-31670","post","type-post","status-publish","format-standard","has-post-thumbnail","hentry","category-cotidiano","category-noticias"],"yoast_head":"<!-- This site is optimized with the Yoast SEO plugin v25.6 - https:\/\/yoast.com\/wordpress\/plugins\/seo\/ -->\n<title>Censo Escolar: matr\u00edculas na educa\u00e7\u00e3o b\u00e1sica cresceram em 2022 - VerdadeOn<\/title>\n<meta name=\"robots\" content=\"index, follow, max-snippet:-1, max-image-preview:large, max-video-preview:-1\" \/>\n<link rel=\"canonical\" href=\"https:\/\/verdadeon.com.br\/portal\/2023\/02\/08\/censo-escolar-matriculas-na-educacao-basica-cresceram-em-2022\/\" \/>\n<meta property=\"og:locale\" content=\"pt_BR\" \/>\n<meta property=\"og:type\" content=\"article\" \/>\n<meta property=\"og:title\" content=\"Censo Escolar: matr\u00edculas na educa\u00e7\u00e3o b\u00e1sica cresceram em 2022 - VerdadeOn\" \/>\n<meta property=\"og:description\" content=\"Total chegou a 47,4 milh\u00f5es, 714 mil alunos a mais que em 2021 O Censo Escolar da Educa\u00e7\u00e3o B\u00e1sica 2022 indica que o n\u00famero de matr\u00edculas [\u2026]\" \/>\n<meta property=\"og:url\" content=\"https:\/\/verdadeon.com.br\/portal\/2023\/02\/08\/censo-escolar-matriculas-na-educacao-basica-cresceram-em-2022\/\" \/>\n<meta property=\"og:site_name\" content=\"VerdadeOn\" \/>\n<meta property=\"article:published_time\" content=\"2023-02-08T19:49:40+00:00\" \/>\n<meta property=\"og:image\" content=\"https:\/\/verdadeon.com.br\/portal\/wp-content\/uploads\/2023\/02\/trbr7116_0.jpg\" \/>\n\t<meta property=\"og:image:width\" content=\"1000\" \/>\n\t<meta property=\"og:image:height\" content=\"670\" \/>\n\t<meta property=\"og:image:type\" content=\"image\/jpeg\" \/>\n<meta name=\"author\" content=\"Fernando Calixto\" \/>\n<meta name=\"twitter:card\" content=\"summary_large_image\" \/>\n<meta name=\"twitter:label1\" content=\"Escrito por\" \/>\n\t<meta name=\"twitter:data1\" content=\"Fernando Calixto\" \/>\n\t<meta name=\"twitter:label2\" content=\"Est. tempo de leitura\" \/>\n\t<meta name=\"twitter:data2\" content=\"6 minutos\" \/>\n<script type=\"application\/ld+json\" class=\"yoast-schema-graph\">{\"@context\":\"https:\/\/schema.org\",\"@graph\":[{\"@type\":\"WebPage\",\"@id\":\"https:\/\/verdadeon.com.br\/portal\/2023\/02\/08\/censo-escolar-matriculas-na-educacao-basica-cresceram-em-2022\/\",\"url\":\"https:\/\/verdadeon.com.br\/portal\/2023\/02\/08\/censo-escolar-matriculas-na-educacao-basica-cresceram-em-2022\/\",\"name\":\"Censo Escolar: matr\u00edculas na educa\u00e7\u00e3o b\u00e1sica cresceram em 2022 - VerdadeOn\",\"isPartOf\":{\"@id\":\"https:\/\/verdadeon.com.br\/portal\/#website\"},\"primaryImageOfPage\":{\"@id\":\"https:\/\/verdadeon.com.br\/portal\/2023\/02\/08\/censo-escolar-matriculas-na-educacao-basica-cresceram-em-2022\/#primaryimage\"},\"image\":{\"@id\":\"https:\/\/verdadeon.com.br\/portal\/2023\/02\/08\/censo-escolar-matriculas-na-educacao-basica-cresceram-em-2022\/#primaryimage\"},\"thumbnailUrl\":\"https:\/\/i0.wp.com\/verdadeon.com.br\/portal\/wp-content\/uploads\/2023\/02\/trbr7116_0.jpg?fit=1000%2C670&ssl=1\",\"datePublished\":\"2023-02-08T19:49:40+00:00\",\"author\":{\"@id\":\"https:\/\/verdadeon.com.br\/portal\/#\/schema\/person\/8994718f49ee62ba5610471e29ca1f62\"},\"breadcrumb\":{\"@id\":\"https:\/\/verdadeon.com.br\/portal\/2023\/02\/08\/censo-escolar-matriculas-na-educacao-basica-cresceram-em-2022\/#breadcrumb\"},\"inLanguage\":\"pt-BR\",\"potentialAction\":[{\"@type\":\"ReadAction\",\"target\":[\"https:\/\/verdadeon.com.br\/portal\/2023\/02\/08\/censo-escolar-matriculas-na-educacao-basica-cresceram-em-2022\/\"]}]},{\"@type\":\"ImageObject\",\"inLanguage\":\"pt-BR\",\"@id\":\"https:\/\/verdadeon.com.br\/portal\/2023\/02\/08\/censo-escolar-matriculas-na-educacao-basica-cresceram-em-2022\/#primaryimage\",\"url\":\"https:\/\/i0.wp.com\/verdadeon.com.br\/portal\/wp-content\/uploads\/2023\/02\/trbr7116_0.jpg?fit=1000%2C670&ssl=1\",\"contentUrl\":\"https:\/\/i0.wp.com\/verdadeon.com.br\/portal\/wp-content\/uploads\/2023\/02\/trbr7116_0.jpg?fit=1000%2C670&ssl=1\",\"width\":1000,\"height\":670,\"caption\":\"Censo registra queda de 1 milh\u00e3o de matr\u00edculas na educa\u00e7\u00e3o b\u00e1sica em todo o pa\u00eds (\u00a9Divulga\u00e7\u00e3o)\"},{\"@type\":\"BreadcrumbList\",\"@id\":\"https:\/\/verdadeon.com.br\/portal\/2023\/02\/08\/censo-escolar-matriculas-na-educacao-basica-cresceram-em-2022\/#breadcrumb\",\"itemListElement\":[{\"@type\":\"ListItem\",\"position\":1,\"name\":\"In\u00edcio\",\"item\":\"https:\/\/verdadeon.com.br\/portal\/\"},{\"@type\":\"ListItem\",\"position\":2,\"name\":\"Censo Escolar: matr\u00edculas na educa\u00e7\u00e3o b\u00e1sica cresceram em 2022\"}]},{\"@type\":\"WebSite\",\"@id\":\"https:\/\/verdadeon.com.br\/portal\/#website\",\"url\":\"https:\/\/verdadeon.com.br\/portal\/\",\"name\":\"VerdadeOn\",\"description\":\"Not\u00edcias di\u00e1rias sobre Franca, Regi\u00e3o, Esporte, Cultura, Cotidiano, Colunas. Cobertura nos principais eventos da cidade \u00e9 aqui - Verdadeon Franca\",\"potentialAction\":[{\"@type\":\"SearchAction\",\"target\":{\"@type\":\"EntryPoint\",\"urlTemplate\":\"https:\/\/verdadeon.com.br\/portal\/?s={search_term_string}\"},\"query-input\":{\"@type\":\"PropertyValueSpecification\",\"valueRequired\":true,\"valueName\":\"search_term_string\"}}],\"inLanguage\":\"pt-BR\"},{\"@type\":\"Person\",\"@id\":\"https:\/\/verdadeon.com.br\/portal\/#\/schema\/person\/8994718f49ee62ba5610471e29ca1f62\",\"name\":\"Fernando Calixto\",\"image\":{\"@type\":\"ImageObject\",\"inLanguage\":\"pt-BR\",\"@id\":\"https:\/\/verdadeon.com.br\/portal\/#\/schema\/person\/image\/\",\"url\":\"https:\/\/secure.gravatar.com\/avatar\/7578910c24966c0316c340f9dbd601e93ee9f9212e1033968b367af9306bd9fb?s=96&d=mm&r=g\",\"contentUrl\":\"https:\/\/secure.gravatar.com\/avatar\/7578910c24966c0316c340f9dbd601e93ee9f9212e1033968b367af9306bd9fb?s=96&d=mm&r=g\",\"caption\":\"Fernando Calixto\"},\"url\":\"https:\/\/verdadeon.com.br\/portal\/author\/fernando-calixto\/\"}]}<\/script>\n<!-- \/ Yoast SEO plugin. -->","yoast_head_json":{"title":"Censo Escolar: matr\u00edculas na educa\u00e7\u00e3o b\u00e1sica cresceram em 2022 - VerdadeOn","robots":{"index":"index","follow":"follow","max-snippet":"max-snippet:-1","max-image-preview":"max-image-preview:large","max-video-preview":"max-video-preview:-1"},"canonical":"https:\/\/verdadeon.com.br\/portal\/2023\/02\/08\/censo-escolar-matriculas-na-educacao-basica-cresceram-em-2022\/","og_locale":"pt_BR","og_type":"article","og_title":"Censo Escolar: matr\u00edculas na educa\u00e7\u00e3o b\u00e1sica cresceram em 2022 - VerdadeOn","og_description":"Total chegou a 47,4 milh\u00f5es, 714 mil alunos a mais que em 2021 O Censo Escolar da Educa\u00e7\u00e3o B\u00e1sica 2022 indica que o n\u00famero de matr\u00edculas [\u2026]","og_url":"https:\/\/verdadeon.com.br\/portal\/2023\/02\/08\/censo-escolar-matriculas-na-educacao-basica-cresceram-em-2022\/","og_site_name":"VerdadeOn","article_published_time":"2023-02-08T19:49:40+00:00","og_image":[{"width":1000,"height":670,"url":"https:\/\/verdadeon.com.br\/portal\/wp-content\/uploads\/2023\/02\/trbr7116_0.jpg","type":"image\/jpeg"}],"author":"Fernando Calixto","twitter_card":"summary_large_image","twitter_misc":{"Escrito por":"Fernando Calixto","Est. tempo de leitura":"6 minutos"},"schema":{"@context":"https:\/\/schema.org","@graph":[{"@type":"WebPage","@id":"https:\/\/verdadeon.com.br\/portal\/2023\/02\/08\/censo-escolar-matriculas-na-educacao-basica-cresceram-em-2022\/","url":"https:\/\/verdadeon.com.br\/portal\/2023\/02\/08\/censo-escolar-matriculas-na-educacao-basica-cresceram-em-2022\/","name":"Censo Escolar: matr\u00edculas na educa\u00e7\u00e3o b\u00e1sica cresceram em 2022 - VerdadeOn","isPartOf":{"@id":"https:\/\/verdadeon.com.br\/portal\/#website"},"primaryImageOfPage":{"@id":"https:\/\/verdadeon.com.br\/portal\/2023\/02\/08\/censo-escolar-matriculas-na-educacao-basica-cresceram-em-2022\/#primaryimage"},"image":{"@id":"https:\/\/verdadeon.com.br\/portal\/2023\/02\/08\/censo-escolar-matriculas-na-educacao-basica-cresceram-em-2022\/#primaryimage"},"thumbnailUrl":"https:\/\/i0.wp.com\/verdadeon.com.br\/portal\/wp-content\/uploads\/2023\/02\/trbr7116_0.jpg?fit=1000%2C670&ssl=1","datePublished":"2023-02-08T19:49:40+00:00","author":{"@id":"https:\/\/verdadeon.com.br\/portal\/#\/schema\/person\/8994718f49ee62ba5610471e29ca1f62"},"breadcrumb":{"@id":"https:\/\/verdadeon.com.br\/portal\/2023\/02\/08\/censo-escolar-matriculas-na-educacao-basica-cresceram-em-2022\/#breadcrumb"},"inLanguage":"pt-BR","potentialAction":[{"@type":"ReadAction","target":["https:\/\/verdadeon.com.br\/portal\/2023\/02\/08\/censo-escolar-matriculas-na-educacao-basica-cresceram-em-2022\/"]}]},{"@type":"ImageObject","inLanguage":"pt-BR","@id":"https:\/\/verdadeon.com.br\/portal\/2023\/02\/08\/censo-escolar-matriculas-na-educacao-basica-cresceram-em-2022\/#primaryimage","url":"https:\/\/i0.wp.com\/verdadeon.com.br\/portal\/wp-content\/uploads\/2023\/02\/trbr7116_0.jpg?fit=1000%2C670&ssl=1","contentUrl":"https:\/\/i0.wp.com\/verdadeon.com.br\/portal\/wp-content\/uploads\/2023\/02\/trbr7116_0.jpg?fit=1000%2C670&ssl=1","width":1000,"height":670,"caption":"Censo registra queda de 1 milh\u00e3o de matr\u00edculas na educa\u00e7\u00e3o b\u00e1sica em todo o pa\u00eds (\u00a9Divulga\u00e7\u00e3o)"},{"@type":"BreadcrumbList","@id":"https:\/\/verdadeon.com.br\/portal\/2023\/02\/08\/censo-escolar-matriculas-na-educacao-basica-cresceram-em-2022\/#breadcrumb","itemListElement":[{"@type":"ListItem","position":1,"name":"In\u00edcio","item":"https:\/\/verdadeon.com.br\/portal\/"},{"@type":"ListItem","position":2,"name":"Censo Escolar: matr\u00edculas na educa\u00e7\u00e3o b\u00e1sica cresceram em 2022"}]},{"@type":"WebSite","@id":"https:\/\/verdadeon.com.br\/portal\/#website","url":"https:\/\/verdadeon.com.br\/portal\/","name":"VerdadeOn","description":"Not\u00edcias di\u00e1rias sobre Franca, Regi\u00e3o, Esporte, Cultura, Cotidiano, Colunas. Cobertura nos principais eventos da cidade \u00e9 aqui - Verdadeon Franca","potentialAction":[{"@type":"SearchAction","target":{"@type":"EntryPoint","urlTemplate":"https:\/\/verdadeon.com.br\/portal\/?s={search_term_string}"},"query-input":{"@type":"PropertyValueSpecification","valueRequired":true,"valueName":"search_term_string"}}],"inLanguage":"pt-BR"},{"@type":"Person","@id":"https:\/\/verdadeon.com.br\/portal\/#\/schema\/person\/8994718f49ee62ba5610471e29ca1f62","name":"Fernando Calixto","image":{"@type":"ImageObject","inLanguage":"pt-BR","@id":"https:\/\/verdadeon.com.br\/portal\/#\/schema\/person\/image\/","url":"https:\/\/secure.gravatar.com\/avatar\/7578910c24966c0316c340f9dbd601e93ee9f9212e1033968b367af9306bd9fb?s=96&d=mm&r=g","contentUrl":"https:\/\/secure.gravatar.com\/avatar\/7578910c24966c0316c340f9dbd601e93ee9f9212e1033968b367af9306bd9fb?s=96&d=mm&r=g","caption":"Fernando Calixto"},"url":"https:\/\/verdadeon.com.br\/portal\/author\/fernando-calixto\/"}]}},"jetpack_publicize_connections":[],"jetpack_featured_media_url":"https:\/\/i0.wp.com\/verdadeon.com.br\/portal\/wp-content\/uploads\/2023\/02\/trbr7116_0.jpg?fit=1000%2C670&ssl=1","jetpack_sharing_enabled":true,"_links":{"self":[{"href":"https:\/\/verdadeon.com.br\/portal\/wp-json\/wp\/v2\/posts\/31670","targetHints":{"allow":["GET"]}}],"collection":[{"href":"https:\/\/verdadeon.com.br\/portal\/wp-json\/wp\/v2\/posts"}],"about":[{"href":"https:\/\/verdadeon.com.br\/portal\/wp-json\/wp\/v2\/types\/post"}],"author":[{"embeddable":true,"href":"https:\/\/verdadeon.com.br\/portal\/wp-json\/wp\/v2\/users\/4"}],"replies":[{"embeddable":true,"href":"https:\/\/verdadeon.com.br\/portal\/wp-json\/wp\/v2\/comments?post=31670"}],"version-history":[{"count":1,"href":"https:\/\/verdadeon.com.br\/portal\/wp-json\/wp\/v2\/posts\/31670\/revisions"}],"predecessor-version":[{"id":31677,"href":"https:\/\/verdadeon.com.br\/portal\/wp-json\/wp\/v2\/posts\/31670\/revisions\/31677"}],"wp:featuredmedia":[{"embeddable":true,"href":"https:\/\/verdadeon.com.br\/portal\/wp-json\/wp\/v2\/media\/31675"}],"wp:attachment":[{"href":"https:\/\/verdadeon.com.br\/portal\/wp-json\/wp\/v2\/media?parent=31670"}],"wp:term":[{"taxonomy":"category","embeddable":true,"href":"https:\/\/verdadeon.com.br\/portal\/wp-json\/wp\/v2\/categories?post=31670"},{"taxonomy":"post_tag","embeddable":true,"href":"https:\/\/verdadeon.com.br\/portal\/wp-json\/wp\/v2\/tags?post=31670"}],"curies":[{"name":"wp","href":"https:\/\/api.w.org\/{rel}","templated":true}]}}