{"id":31658,"date":"2023-02-07T17:25:17","date_gmt":"2023-02-07T20:25:17","guid":{"rendered":"https:\/\/verdadeon.com.br\/portal\/?p=31658"},"modified":"2023-02-07T17:25:17","modified_gmt":"2023-02-07T20:25:17","slug":"beaba-do-e-commerce-acif-e-comecomm-promovem-bate-papo-para-iniciantes","status":"publish","type":"post","link":"https:\/\/verdadeon.com.br\/portal\/2023\/02\/07\/beaba-do-e-commerce-acif-e-comecomm-promovem-bate-papo-para-iniciantes\/","title":{"rendered":"Beab\u00e1 do E-commerce: ACIF e ComEcomm promovem bate-papo para iniciantes"},"content":{"rendered":"<h2><i>Evento, que conta com apoio do Sebrae, acontecer\u00e1 no pr\u00f3ximo dia 15<\/i><\/h2>\n<p>A ACIF (Associa\u00e7\u00e3o do Com\u00e9rcio e Ind\u00fastria de Franca) e a ComEcomm (Comit\u00ea de L\u00edderes de E-commerce), com o apoio do Sebrae-SP, v\u00e3o promover um bate-papo\u00a0com interessados em empreender atrav\u00e9s do e-commerce que possuem nenhum ou pouco conhecimento sobre o assunto. Denominado \u201cBeab\u00e1 do E-commerce\u201d, encontro tamb\u00e9m visa dar suporte a empresas tradicionais que desejam migrar para o digital e que n\u00e3o possuem experi\u00eancia na \u00e1rea e ainda empreendedores que come\u00e7aram suas opera\u00e7\u00f5es online, mas que est\u00e3o com dificuldades para \u2018decolar\u2019 o projeto.<\/p>\n<p>O evento vai acontecer no dia 15 de fevereiro, \u00e0s 19h, na sede da ACIF (Rua Major Claudiano, 1907), e as inscri\u00e7\u00f5es podem ser feitas pelo link\u00a0<a href=\"http:\/\/bit.ly\/3RwVJ6o\" target=\"_blank\" rel=\"noopener\" data-saferedirecturl=\"https:\/\/www.google.com\/url?q=http:\/\/bit.ly\/3RwVJ6o&amp;source=gmail&amp;ust=1675885308906000&amp;usg=AOvVaw07IYMu3phXKMTV3JDTLHT6\">http:\/\/bit.ly\/3RwVJ6o<\/a>.<\/p>\n<p>Temas como\u00a0canais de vendas online, diferen\u00e7a conceitual entre marketplace e loja virtual pr\u00f3pria, tipos de marketplaces, o que ERP e HUB de integra\u00e7\u00e3o, por onde come\u00e7ar uma loja virtual pr\u00f3pria, modelo de neg\u00f3cios, como formar uma equipe e muito mais, ser\u00e3o abordados no \u201cBeab\u00e1 do E-commerce\u201d.<\/p>\n<p>O encontro ter\u00e1 dura\u00e7\u00e3o de 3 horas e ser\u00e1 conduzido por William Israel, presidente local do ComEcomm Franca e diretor executivo da ExpoEcomm &#8211; Maior evento de E-commerce do Interior. William \u00e9 especialista na elabora\u00e7\u00e3o de projetos nas \u00e1reas de marketing digital, e-commerce e tecnologia. As vagas s\u00e3o limitadas.<\/p>\n<p>&nbsp;<\/p>\n<p><b>Servi\u00e7o<\/b><\/p>\n<p><i>\u201cBeab\u00e1 do E-commerce\u201d<\/i><\/p>\n<p><b>Data:<\/b>\u00a015\/02<\/p>\n<p><b>Hor\u00e1rio:<\/b>\u00a019h<\/p>\n<p><b>Local:<\/b>\u00a0ACIF \u2013 Rua Major Claudiano, 1907 \u2013 Centro.<\/p>\n<p><b>Informa\u00e7\u00f5es:<\/b>\u00a0(16) 3711-1700 ou (16) 9 9973-0195<\/p>\n<p><b>Inscri\u00e7\u00f5es:<\/b>\u00a0<a href=\"http:\/\/bit.ly\/3RwVJ6o\" target=\"_blank\" rel=\"noopener\" data-saferedirecturl=\"https:\/\/www.google.com\/url?q=http:\/\/bit.ly\/3RwVJ6o&amp;source=gmail&amp;ust=1675885308906000&amp;usg=AOvVaw07IYMu3phXKMTV3JDTLHT6\">http:\/\/bit.ly\/3RwVJ6o<\/a>.<\/p>\n","protected":false},"excerpt":{"rendered":"<p>Evento, que conta com apoio do Sebrae, acontecer\u00e1 no pr\u00f3ximo dia 15 A ACIF (Associa\u00e7\u00e3o do Com\u00e9rcio e Ind\u00fastria de Franca) e a ComEcomm (Comit\u00ea de<span class=\"excerpt-hellip\"> [\u2026]<\/span><\/p>\n","protected":false},"author":4,"featured_media":31659,"comment_status":"open","ping_status":"open","sticky":false,"template":"","format":"standard","meta":{"_jetpack_memberships_contains_paid_content":false,"footnotes":"","jetpack_publicize_message":"","jetpack_publicize_feature_enabled":true,"jetpack_social_post_already_shared":false,"jetpack_social_options":{"image_generator_settings":{"template":"highway","default_image_id":0,"enabled":false},"version":2}},"categories":[28,44],"tags":[],"class_list":["post-31658","post","type-post","status-publish","format-standard","has-post-thumbnail","hentry","category-cotidiano","category-noticias"],"yoast_head":"<!-- This site is optimized with the Yoast SEO plugin v25.6 - https:\/\/yoast.com\/wordpress\/plugins\/seo\/ -->\n<title>Beab\u00e1 do E-commerce: ACIF e ComEcomm promovem bate-papo para iniciantes - VerdadeOn<\/title>\n<meta name=\"robots\" content=\"index, follow, max-snippet:-1, max-image-preview:large, max-video-preview:-1\" \/>\n<link rel=\"canonical\" href=\"https:\/\/verdadeon.com.br\/portal\/2023\/02\/07\/beaba-do-e-commerce-acif-e-comecomm-promovem-bate-papo-para-iniciantes\/\" \/>\n<meta property=\"og:locale\" content=\"pt_BR\" \/>\n<meta property=\"og:type\" content=\"article\" \/>\n<meta property=\"og:title\" content=\"Beab\u00e1 do E-commerce: ACIF e ComEcomm promovem bate-papo para iniciantes - VerdadeOn\" \/>\n<meta property=\"og:description\" content=\"Evento, que conta com apoio do Sebrae, acontecer\u00e1 no pr\u00f3ximo dia 15 A ACIF (Associa\u00e7\u00e3o do Com\u00e9rcio e Ind\u00fastria de Franca) e a ComEcomm (Comit\u00ea de [\u2026]\" \/>\n<meta property=\"og:url\" content=\"https:\/\/verdadeon.com.br\/portal\/2023\/02\/07\/beaba-do-e-commerce-acif-e-comecomm-promovem-bate-papo-para-iniciantes\/\" \/>\n<meta property=\"og:site_name\" content=\"VerdadeOn\" \/>\n<meta property=\"article:published_time\" content=\"2023-02-07T20:25:17+00:00\" \/>\n<meta property=\"og:image\" content=\"https:\/\/verdadeon.com.br\/portal\/wp-content\/uploads\/2023\/02\/melhor-plataforma-ecommerce.jpg\" \/>\n\t<meta property=\"og:image:width\" content=\"1000\" \/>\n\t<meta property=\"og:image:height\" content=\"670\" \/>\n\t<meta property=\"og:image:type\" content=\"image\/jpeg\" \/>\n<meta name=\"author\" content=\"Fernando Calixto\" \/>\n<meta name=\"twitter:card\" content=\"summary_large_image\" \/>\n<meta name=\"twitter:label1\" content=\"Escrito por\" \/>\n\t<meta name=\"twitter:data1\" content=\"Fernando Calixto\" \/>\n\t<meta name=\"twitter:label2\" content=\"Est. tempo de leitura\" \/>\n\t<meta name=\"twitter:data2\" content=\"2 minutos\" \/>\n<script type=\"application\/ld+json\" class=\"yoast-schema-graph\">{\"@context\":\"https:\/\/schema.org\",\"@graph\":[{\"@type\":\"WebPage\",\"@id\":\"https:\/\/verdadeon.com.br\/portal\/2023\/02\/07\/beaba-do-e-commerce-acif-e-comecomm-promovem-bate-papo-para-iniciantes\/\",\"url\":\"https:\/\/verdadeon.com.br\/portal\/2023\/02\/07\/beaba-do-e-commerce-acif-e-comecomm-promovem-bate-papo-para-iniciantes\/\",\"name\":\"Beab\u00e1 do E-commerce: ACIF e ComEcomm promovem bate-papo para iniciantes - VerdadeOn\",\"isPartOf\":{\"@id\":\"https:\/\/verdadeon.com.br\/portal\/#website\"},\"primaryImageOfPage\":{\"@id\":\"https:\/\/verdadeon.com.br\/portal\/2023\/02\/07\/beaba-do-e-commerce-acif-e-comecomm-promovem-bate-papo-para-iniciantes\/#primaryimage\"},\"image\":{\"@id\":\"https:\/\/verdadeon.com.br\/portal\/2023\/02\/07\/beaba-do-e-commerce-acif-e-comecomm-promovem-bate-papo-para-iniciantes\/#primaryimage\"},\"thumbnailUrl\":\"https:\/\/i0.wp.com\/verdadeon.com.br\/portal\/wp-content\/uploads\/2023\/02\/melhor-plataforma-ecommerce.jpg?fit=1000%2C670&ssl=1\",\"datePublished\":\"2023-02-07T20:25:17+00:00\",\"author\":{\"@id\":\"https:\/\/verdadeon.com.br\/portal\/#\/schema\/person\/8994718f49ee62ba5610471e29ca1f62\"},\"breadcrumb\":{\"@id\":\"https:\/\/verdadeon.com.br\/portal\/2023\/02\/07\/beaba-do-e-commerce-acif-e-comecomm-promovem-bate-papo-para-iniciantes\/#breadcrumb\"},\"inLanguage\":\"pt-BR\",\"potentialAction\":[{\"@type\":\"ReadAction\",\"target\":[\"https:\/\/verdadeon.com.br\/portal\/2023\/02\/07\/beaba-do-e-commerce-acif-e-comecomm-promovem-bate-papo-para-iniciantes\/\"]}]},{\"@type\":\"ImageObject\",\"inLanguage\":\"pt-BR\",\"@id\":\"https:\/\/verdadeon.com.br\/portal\/2023\/02\/07\/beaba-do-e-commerce-acif-e-comecomm-promovem-bate-papo-para-iniciantes\/#primaryimage\",\"url\":\"https:\/\/i0.wp.com\/verdadeon.com.br\/portal\/wp-content\/uploads\/2023\/02\/melhor-plataforma-ecommerce.jpg?fit=1000%2C670&ssl=1\",\"contentUrl\":\"https:\/\/i0.wp.com\/verdadeon.com.br\/portal\/wp-content\/uploads\/2023\/02\/melhor-plataforma-ecommerce.jpg?fit=1000%2C670&ssl=1\",\"width\":1000,\"height\":670,\"caption\":\"evento vai acontecer no dia 15 de fevereiro, \u00e0s 19h, na sede da ACIF (Rua Major Claudiano, 1907)\"},{\"@type\":\"BreadcrumbList\",\"@id\":\"https:\/\/verdadeon.com.br\/portal\/2023\/02\/07\/beaba-do-e-commerce-acif-e-comecomm-promovem-bate-papo-para-iniciantes\/#breadcrumb\",\"itemListElement\":[{\"@type\":\"ListItem\",\"position\":1,\"name\":\"In\u00edcio\",\"item\":\"https:\/\/verdadeon.com.br\/portal\/\"},{\"@type\":\"ListItem\",\"position\":2,\"name\":\"Beab\u00e1 do E-commerce: ACIF e ComEcomm promovem bate-papo para iniciantes\"}]},{\"@type\":\"WebSite\",\"@id\":\"https:\/\/verdadeon.com.br\/portal\/#website\",\"url\":\"https:\/\/verdadeon.com.br\/portal\/\",\"name\":\"VerdadeOn\",\"description\":\"Not\u00edcias di\u00e1rias sobre Franca, Regi\u00e3o, Esporte, Cultura, Cotidiano, Colunas. Cobertura nos principais eventos da cidade \u00e9 aqui - Verdadeon Franca\",\"potentialAction\":[{\"@type\":\"SearchAction\",\"target\":{\"@type\":\"EntryPoint\",\"urlTemplate\":\"https:\/\/verdadeon.com.br\/portal\/?s={search_term_string}\"},\"query-input\":{\"@type\":\"PropertyValueSpecification\",\"valueRequired\":true,\"valueName\":\"search_term_string\"}}],\"inLanguage\":\"pt-BR\"},{\"@type\":\"Person\",\"@id\":\"https:\/\/verdadeon.com.br\/portal\/#\/schema\/person\/8994718f49ee62ba5610471e29ca1f62\",\"name\":\"Fernando Calixto\",\"image\":{\"@type\":\"ImageObject\",\"inLanguage\":\"pt-BR\",\"@id\":\"https:\/\/verdadeon.com.br\/portal\/#\/schema\/person\/image\/\",\"url\":\"https:\/\/secure.gravatar.com\/avatar\/7578910c24966c0316c340f9dbd601e93ee9f9212e1033968b367af9306bd9fb?s=96&d=mm&r=g\",\"contentUrl\":\"https:\/\/secure.gravatar.com\/avatar\/7578910c24966c0316c340f9dbd601e93ee9f9212e1033968b367af9306bd9fb?s=96&d=mm&r=g\",\"caption\":\"Fernando Calixto\"},\"url\":\"https:\/\/verdadeon.com.br\/portal\/author\/fernando-calixto\/\"}]}<\/script>\n<!-- \/ Yoast SEO plugin. -->","yoast_head_json":{"title":"Beab\u00e1 do E-commerce: ACIF e ComEcomm promovem bate-papo para iniciantes - VerdadeOn","robots":{"index":"index","follow":"follow","max-snippet":"max-snippet:-1","max-image-preview":"max-image-preview:large","max-video-preview":"max-video-preview:-1"},"canonical":"https:\/\/verdadeon.com.br\/portal\/2023\/02\/07\/beaba-do-e-commerce-acif-e-comecomm-promovem-bate-papo-para-iniciantes\/","og_locale":"pt_BR","og_type":"article","og_title":"Beab\u00e1 do E-commerce: ACIF e ComEcomm promovem bate-papo para iniciantes - VerdadeOn","og_description":"Evento, que conta com apoio do Sebrae, acontecer\u00e1 no pr\u00f3ximo dia 15 A ACIF (Associa\u00e7\u00e3o do Com\u00e9rcio e Ind\u00fastria de Franca) e a ComEcomm (Comit\u00ea de [\u2026]","og_url":"https:\/\/verdadeon.com.br\/portal\/2023\/02\/07\/beaba-do-e-commerce-acif-e-comecomm-promovem-bate-papo-para-iniciantes\/","og_site_name":"VerdadeOn","article_published_time":"2023-02-07T20:25:17+00:00","og_image":[{"width":1000,"height":670,"url":"https:\/\/verdadeon.com.br\/portal\/wp-content\/uploads\/2023\/02\/melhor-plataforma-ecommerce.jpg","type":"image\/jpeg"}],"author":"Fernando Calixto","twitter_card":"summary_large_image","twitter_misc":{"Escrito por":"Fernando Calixto","Est. tempo de leitura":"2 minutos"},"schema":{"@context":"https:\/\/schema.org","@graph":[{"@type":"WebPage","@id":"https:\/\/verdadeon.com.br\/portal\/2023\/02\/07\/beaba-do-e-commerce-acif-e-comecomm-promovem-bate-papo-para-iniciantes\/","url":"https:\/\/verdadeon.com.br\/portal\/2023\/02\/07\/beaba-do-e-commerce-acif-e-comecomm-promovem-bate-papo-para-iniciantes\/","name":"Beab\u00e1 do E-commerce: ACIF e ComEcomm promovem bate-papo para iniciantes - VerdadeOn","isPartOf":{"@id":"https:\/\/verdadeon.com.br\/portal\/#website"},"primaryImageOfPage":{"@id":"https:\/\/verdadeon.com.br\/portal\/2023\/02\/07\/beaba-do-e-commerce-acif-e-comecomm-promovem-bate-papo-para-iniciantes\/#primaryimage"},"image":{"@id":"https:\/\/verdadeon.com.br\/portal\/2023\/02\/07\/beaba-do-e-commerce-acif-e-comecomm-promovem-bate-papo-para-iniciantes\/#primaryimage"},"thumbnailUrl":"https:\/\/i0.wp.com\/verdadeon.com.br\/portal\/wp-content\/uploads\/2023\/02\/melhor-plataforma-ecommerce.jpg?fit=1000%2C670&ssl=1","datePublished":"2023-02-07T20:25:17+00:00","author":{"@id":"https:\/\/verdadeon.com.br\/portal\/#\/schema\/person\/8994718f49ee62ba5610471e29ca1f62"},"breadcrumb":{"@id":"https:\/\/verdadeon.com.br\/portal\/2023\/02\/07\/beaba-do-e-commerce-acif-e-comecomm-promovem-bate-papo-para-iniciantes\/#breadcrumb"},"inLanguage":"pt-BR","potentialAction":[{"@type":"ReadAction","target":["https:\/\/verdadeon.com.br\/portal\/2023\/02\/07\/beaba-do-e-commerce-acif-e-comecomm-promovem-bate-papo-para-iniciantes\/"]}]},{"@type":"ImageObject","inLanguage":"pt-BR","@id":"https:\/\/verdadeon.com.br\/portal\/2023\/02\/07\/beaba-do-e-commerce-acif-e-comecomm-promovem-bate-papo-para-iniciantes\/#primaryimage","url":"https:\/\/i0.wp.com\/verdadeon.com.br\/portal\/wp-content\/uploads\/2023\/02\/melhor-plataforma-ecommerce.jpg?fit=1000%2C670&ssl=1","contentUrl":"https:\/\/i0.wp.com\/verdadeon.com.br\/portal\/wp-content\/uploads\/2023\/02\/melhor-plataforma-ecommerce.jpg?fit=1000%2C670&ssl=1","width":1000,"height":670,"caption":"evento vai acontecer no dia 15 de fevereiro, \u00e0s 19h, na sede da ACIF (Rua Major Claudiano, 1907)"},{"@type":"BreadcrumbList","@id":"https:\/\/verdadeon.com.br\/portal\/2023\/02\/07\/beaba-do-e-commerce-acif-e-comecomm-promovem-bate-papo-para-iniciantes\/#breadcrumb","itemListElement":[{"@type":"ListItem","position":1,"name":"In\u00edcio","item":"https:\/\/verdadeon.com.br\/portal\/"},{"@type":"ListItem","position":2,"name":"Beab\u00e1 do E-commerce: ACIF e ComEcomm promovem bate-papo para iniciantes"}]},{"@type":"WebSite","@id":"https:\/\/verdadeon.com.br\/portal\/#website","url":"https:\/\/verdadeon.com.br\/portal\/","name":"VerdadeOn","description":"Not\u00edcias di\u00e1rias sobre Franca, Regi\u00e3o, Esporte, Cultura, Cotidiano, Colunas. Cobertura nos principais eventos da cidade \u00e9 aqui - Verdadeon Franca","potentialAction":[{"@type":"SearchAction","target":{"@type":"EntryPoint","urlTemplate":"https:\/\/verdadeon.com.br\/portal\/?s={search_term_string}"},"query-input":{"@type":"PropertyValueSpecification","valueRequired":true,"valueName":"search_term_string"}}],"inLanguage":"pt-BR"},{"@type":"Person","@id":"https:\/\/verdadeon.com.br\/portal\/#\/schema\/person\/8994718f49ee62ba5610471e29ca1f62","name":"Fernando Calixto","image":{"@type":"ImageObject","inLanguage":"pt-BR","@id":"https:\/\/verdadeon.com.br\/portal\/#\/schema\/person\/image\/","url":"https:\/\/secure.gravatar.com\/avatar\/7578910c24966c0316c340f9dbd601e93ee9f9212e1033968b367af9306bd9fb?s=96&d=mm&r=g","contentUrl":"https:\/\/secure.gravatar.com\/avatar\/7578910c24966c0316c340f9dbd601e93ee9f9212e1033968b367af9306bd9fb?s=96&d=mm&r=g","caption":"Fernando Calixto"},"url":"https:\/\/verdadeon.com.br\/portal\/author\/fernando-calixto\/"}]}},"jetpack_publicize_connections":[],"jetpack_featured_media_url":"https:\/\/i0.wp.com\/verdadeon.com.br\/portal\/wp-content\/uploads\/2023\/02\/melhor-plataforma-ecommerce.jpg?fit=1000%2C670&ssl=1","jetpack_sharing_enabled":true,"_links":{"self":[{"href":"https:\/\/verdadeon.com.br\/portal\/wp-json\/wp\/v2\/posts\/31658","targetHints":{"allow":["GET"]}}],"collection":[{"href":"https:\/\/verdadeon.com.br\/portal\/wp-json\/wp\/v2\/posts"}],"about":[{"href":"https:\/\/verdadeon.com.br\/portal\/wp-json\/wp\/v2\/types\/post"}],"author":[{"embeddable":true,"href":"https:\/\/verdadeon.com.br\/portal\/wp-json\/wp\/v2\/users\/4"}],"replies":[{"embeddable":true,"href":"https:\/\/verdadeon.com.br\/portal\/wp-json\/wp\/v2\/comments?post=31658"}],"version-history":[{"count":1,"href":"https:\/\/verdadeon.com.br\/portal\/wp-json\/wp\/v2\/posts\/31658\/revisions"}],"predecessor-version":[{"id":31660,"href":"https:\/\/verdadeon.com.br\/portal\/wp-json\/wp\/v2\/posts\/31658\/revisions\/31660"}],"wp:featuredmedia":[{"embeddable":true,"href":"https:\/\/verdadeon.com.br\/portal\/wp-json\/wp\/v2\/media\/31659"}],"wp:attachment":[{"href":"https:\/\/verdadeon.com.br\/portal\/wp-json\/wp\/v2\/media?parent=31658"}],"wp:term":[{"taxonomy":"category","embeddable":true,"href":"https:\/\/verdadeon.com.br\/portal\/wp-json\/wp\/v2\/categories?post=31658"},{"taxonomy":"post_tag","embeddable":true,"href":"https:\/\/verdadeon.com.br\/portal\/wp-json\/wp\/v2\/tags?post=31658"}],"curies":[{"name":"wp","href":"https:\/\/api.w.org\/{rel}","templated":true}]}}