{"id":31643,"date":"2023-02-07T15:16:02","date_gmt":"2023-02-07T18:16:02","guid":{"rendered":"https:\/\/verdadeon.com.br\/portal\/?p=31643"},"modified":"2023-02-07T15:16:02","modified_gmt":"2023-02-07T18:16:02","slug":"dexter-shouse-estara-no-jogo-contra-o-corinthians-pelo-nbb","status":"publish","type":"post","link":"https:\/\/verdadeon.com.br\/portal\/2023\/02\/07\/dexter-shouse-estara-no-jogo-contra-o-corinthians-pelo-nbb\/","title":{"rendered":"Dexter Shouse estar\u00e1 no jogo contra o Corinthians pelo NBB"},"content":{"rendered":"<h2>Ex-jogador ser\u00e1 homenageado pelo clube na noite desta quinta feira<\/h2>\n<p>Dexter Shouse, armador americano de 1.88 e ex-jogador do Sesi Franca Basquete, estar\u00e1 no Gin\u00e1sio Pedroc\u00e3o nesta quinta-feira (09\/02), para assistir \u00e0 partida entre Sesi Franca e Corinthians, pelo NBB 2022\/23 (Novo Basquete Brasil).<\/p>\n<p>Nascido em 24 de mar\u00e7o de 1963 em Terre Haute, Indiana, Dexter se formou na Universidade do Sul do Alabama, treinou no Los Angeles Lakers, mas foi draftado pelo Philadelphia 76ers na temporada 1989\/90. Ap\u00f3s poucos minutos na NBA (National Basketball Association), o armador atuou nas Filipinas e teve m\u00e9dia de 50 pontos por jogo.<\/p>\n<p>Dexter chegou em Franca na temporada 1992\/93 e sob o comando do t\u00e9cnico do H\u00e9lio Rubens Garcia foi Campe\u00e3o Paulista, Campe\u00e3o Brasileiro e Campe\u00e3o Sul-Americano. O armador fez parte do time que det\u00e9m a maior sequ\u00eancia invicta da hist\u00f3ria do Sesi Franca, com 35 jogos de invencibilidade. Shouse teve outra passagem pelo time francano, em 1998.<\/p>\n<p>O clube far\u00e1 uma homenagem ao armador na partida contra o Corinthians.<\/p>\n<h4>VENDA DE INGRESSOS<\/h4>\n<p>Est\u00e1 liberada a venda de ingressos para a partida entre Sesi Franca e Corinthians, na quinta-feira (09\/02), \u00e0s 20h30, no Gin\u00e1sio Pedroc\u00e3o.<\/p>\n<p>O time vem de duas vit\u00f3rias pela BCLA 2022\/23 (Basketball Champions League Americas) e est\u00e1 classificado para a pr\u00f3xima fase da competi\u00e7\u00e3o.<\/p>\n<p>Esta ser\u00e1 a 21\u00b0 partida do Sesi Franca pelo NBB 2022\/23 (Novo Basquete Brasil), o time est\u00e1 com 20 vit\u00f3rias em 20 jogos. O \u00faltimo jogo da equipe pelo torneio foi no dia 31\/01, contra o Pato Basquete, o time venceu por 88 x 82.<\/p>\n<p>INFORMA\u00c7\u00d5ES SOBRE A VENDA DE INGRESSOS<\/p>\n<p>Os ingressos est\u00e3o dispon\u00edveis no site da\u00a0<a href=\"https:\/\/quero2ingressos.com.br\/events\/nbb15-sesi-franca-basquete-x-corinthians-ginasio-pedroco12012023095115\">www.quero2ingressos.com.br<\/a>\u00a0e nas lojas da MG Sports.<\/p>\n<p>Valor dos ingressos: R$20 para o setor de arquibancada e R$40 para o setor de numerada.<\/p>\n<p>INFORMA\u00c7\u00d5ES GERAIS SOBRE O ACESSO AO GIN\u00c1SIO PEDROC\u00c3O<\/p>\n<p>&#8211; Os s\u00f3cios-torcedores t\u00eam entrada exclusiva pelo port\u00e3o 1.<\/p>\n<p>&#8211; Os torcedores que efetuarem a compra dos ingressos, independentemente do setor, entram pelo port\u00e3o 2.<\/p>\n<p>&#8211; O port\u00e3o 3 est\u00e1 destinado \u00e0 imprensa e PCD\u2019s.<\/p>\n<p>&#8211; O port\u00e3o 4 fica para uso exclusivo da torcida advers\u00e1ria.<\/p>\n<p>&nbsp;<\/p>\n<p>&nbsp;<\/p>\n","protected":false},"excerpt":{"rendered":"<p>Ex-jogador ser\u00e1 homenageado pelo clube na noite desta quinta feira Dexter Shouse, armador americano de 1.88 e ex-jogador do Sesi Franca Basquete, estar\u00e1 no Gin\u00e1sio Pedroc\u00e3o<span class=\"excerpt-hellip\"> [\u2026]<\/span><\/p>\n","protected":false},"author":4,"featured_media":31650,"comment_status":"open","ping_status":"open","sticky":false,"template":"","format":"standard","meta":{"_jetpack_memberships_contains_paid_content":false,"footnotes":"","jetpack_publicize_message":"","jetpack_publicize_feature_enabled":true,"jetpack_social_post_already_shared":false,"jetpack_social_options":{"image_generator_settings":{"template":"highway","default_image_id":0,"enabled":false},"version":2}},"categories":[28,44],"tags":[],"class_list":["post-31643","post","type-post","status-publish","format-standard","has-post-thumbnail","hentry","category-cotidiano","category-noticias"],"yoast_head":"<!-- This site is optimized with the Yoast SEO plugin v25.6 - https:\/\/yoast.com\/wordpress\/plugins\/seo\/ -->\n<title>Dexter Shouse estar\u00e1 no jogo contra o Corinthians pelo NBB - VerdadeOn<\/title>\n<meta name=\"robots\" content=\"index, follow, max-snippet:-1, max-image-preview:large, max-video-preview:-1\" \/>\n<link rel=\"canonical\" href=\"https:\/\/verdadeon.com.br\/portal\/2023\/02\/07\/dexter-shouse-estara-no-jogo-contra-o-corinthians-pelo-nbb\/\" \/>\n<meta property=\"og:locale\" content=\"pt_BR\" \/>\n<meta property=\"og:type\" content=\"article\" \/>\n<meta property=\"og:title\" content=\"Dexter Shouse estar\u00e1 no jogo contra o Corinthians pelo NBB - VerdadeOn\" \/>\n<meta property=\"og:description\" content=\"Ex-jogador ser\u00e1 homenageado pelo clube na noite desta quinta feira Dexter Shouse, armador americano de 1.88 e ex-jogador do Sesi Franca Basquete, estar\u00e1 no Gin\u00e1sio Pedroc\u00e3o [\u2026]\" \/>\n<meta property=\"og:url\" content=\"https:\/\/verdadeon.com.br\/portal\/2023\/02\/07\/dexter-shouse-estara-no-jogo-contra-o-corinthians-pelo-nbb\/\" \/>\n<meta property=\"og:site_name\" content=\"VerdadeOn\" \/>\n<meta property=\"article:published_time\" content=\"2023-02-07T18:16:02+00:00\" \/>\n<meta property=\"og:image\" content=\"https:\/\/verdadeon.com.br\/portal\/wp-content\/uploads\/2023\/02\/39dfc-whatsapp-image-2023-02-07-at-135105.jpg\" \/>\n\t<meta property=\"og:image:width\" content=\"1000\" \/>\n\t<meta property=\"og:image:height\" content=\"670\" \/>\n\t<meta property=\"og:image:type\" content=\"image\/jpeg\" \/>\n<meta name=\"author\" content=\"Fernando Calixto\" \/>\n<meta name=\"twitter:card\" content=\"summary_large_image\" \/>\n<meta name=\"twitter:label1\" content=\"Escrito por\" \/>\n\t<meta name=\"twitter:data1\" content=\"Fernando Calixto\" \/>\n\t<meta name=\"twitter:label2\" content=\"Est. tempo de leitura\" \/>\n\t<meta name=\"twitter:data2\" content=\"2 minutos\" \/>\n<script type=\"application\/ld+json\" class=\"yoast-schema-graph\">{\"@context\":\"https:\/\/schema.org\",\"@graph\":[{\"@type\":\"WebPage\",\"@id\":\"https:\/\/verdadeon.com.br\/portal\/2023\/02\/07\/dexter-shouse-estara-no-jogo-contra-o-corinthians-pelo-nbb\/\",\"url\":\"https:\/\/verdadeon.com.br\/portal\/2023\/02\/07\/dexter-shouse-estara-no-jogo-contra-o-corinthians-pelo-nbb\/\",\"name\":\"Dexter Shouse estar\u00e1 no jogo contra o Corinthians pelo NBB - VerdadeOn\",\"isPartOf\":{\"@id\":\"https:\/\/verdadeon.com.br\/portal\/#website\"},\"primaryImageOfPage\":{\"@id\":\"https:\/\/verdadeon.com.br\/portal\/2023\/02\/07\/dexter-shouse-estara-no-jogo-contra-o-corinthians-pelo-nbb\/#primaryimage\"},\"image\":{\"@id\":\"https:\/\/verdadeon.com.br\/portal\/2023\/02\/07\/dexter-shouse-estara-no-jogo-contra-o-corinthians-pelo-nbb\/#primaryimage\"},\"thumbnailUrl\":\"https:\/\/i0.wp.com\/verdadeon.com.br\/portal\/wp-content\/uploads\/2023\/02\/39dfc-whatsapp-image-2023-02-07-at-135105.jpg?fit=1000%2C670&ssl=1\",\"datePublished\":\"2023-02-07T18:16:02+00:00\",\"author\":{\"@id\":\"https:\/\/verdadeon.com.br\/portal\/#\/schema\/person\/8994718f49ee62ba5610471e29ca1f62\"},\"breadcrumb\":{\"@id\":\"https:\/\/verdadeon.com.br\/portal\/2023\/02\/07\/dexter-shouse-estara-no-jogo-contra-o-corinthians-pelo-nbb\/#breadcrumb\"},\"inLanguage\":\"pt-BR\",\"potentialAction\":[{\"@type\":\"ReadAction\",\"target\":[\"https:\/\/verdadeon.com.br\/portal\/2023\/02\/07\/dexter-shouse-estara-no-jogo-contra-o-corinthians-pelo-nbb\/\"]}]},{\"@type\":\"ImageObject\",\"inLanguage\":\"pt-BR\",\"@id\":\"https:\/\/verdadeon.com.br\/portal\/2023\/02\/07\/dexter-shouse-estara-no-jogo-contra-o-corinthians-pelo-nbb\/#primaryimage\",\"url\":\"https:\/\/i0.wp.com\/verdadeon.com.br\/portal\/wp-content\/uploads\/2023\/02\/39dfc-whatsapp-image-2023-02-07-at-135105.jpg?fit=1000%2C670&ssl=1\",\"contentUrl\":\"https:\/\/i0.wp.com\/verdadeon.com.br\/portal\/wp-content\/uploads\/2023\/02\/39dfc-whatsapp-image-2023-02-07-at-135105.jpg?fit=1000%2C670&ssl=1\",\"width\":1000,\"height\":670,\"caption\":\"Dexter chegou em Franca na temporada 1992\/93 e sob o comando do t\u00e9cnico do H\u00e9lio Rubens Garcia foi Campe\u00e3o Paulista, Campe\u00e3o Brasileiro e Campe\u00e3o Sul-Americano\"},{\"@type\":\"BreadcrumbList\",\"@id\":\"https:\/\/verdadeon.com.br\/portal\/2023\/02\/07\/dexter-shouse-estara-no-jogo-contra-o-corinthians-pelo-nbb\/#breadcrumb\",\"itemListElement\":[{\"@type\":\"ListItem\",\"position\":1,\"name\":\"In\u00edcio\",\"item\":\"https:\/\/verdadeon.com.br\/portal\/\"},{\"@type\":\"ListItem\",\"position\":2,\"name\":\"Dexter Shouse estar\u00e1 no jogo contra o Corinthians pelo NBB\"}]},{\"@type\":\"WebSite\",\"@id\":\"https:\/\/verdadeon.com.br\/portal\/#website\",\"url\":\"https:\/\/verdadeon.com.br\/portal\/\",\"name\":\"VerdadeOn\",\"description\":\"Not\u00edcias di\u00e1rias sobre Franca, Regi\u00e3o, Esporte, Cultura, Cotidiano, Colunas. Cobertura nos principais eventos da cidade \u00e9 aqui - Verdadeon Franca\",\"potentialAction\":[{\"@type\":\"SearchAction\",\"target\":{\"@type\":\"EntryPoint\",\"urlTemplate\":\"https:\/\/verdadeon.com.br\/portal\/?s={search_term_string}\"},\"query-input\":{\"@type\":\"PropertyValueSpecification\",\"valueRequired\":true,\"valueName\":\"search_term_string\"}}],\"inLanguage\":\"pt-BR\"},{\"@type\":\"Person\",\"@id\":\"https:\/\/verdadeon.com.br\/portal\/#\/schema\/person\/8994718f49ee62ba5610471e29ca1f62\",\"name\":\"Fernando Calixto\",\"image\":{\"@type\":\"ImageObject\",\"inLanguage\":\"pt-BR\",\"@id\":\"https:\/\/verdadeon.com.br\/portal\/#\/schema\/person\/image\/\",\"url\":\"https:\/\/secure.gravatar.com\/avatar\/7578910c24966c0316c340f9dbd601e93ee9f9212e1033968b367af9306bd9fb?s=96&d=mm&r=g\",\"contentUrl\":\"https:\/\/secure.gravatar.com\/avatar\/7578910c24966c0316c340f9dbd601e93ee9f9212e1033968b367af9306bd9fb?s=96&d=mm&r=g\",\"caption\":\"Fernando Calixto\"},\"url\":\"https:\/\/verdadeon.com.br\/portal\/author\/fernando-calixto\/\"}]}<\/script>\n<!-- \/ Yoast SEO plugin. -->","yoast_head_json":{"title":"Dexter Shouse estar\u00e1 no jogo contra o Corinthians pelo NBB - VerdadeOn","robots":{"index":"index","follow":"follow","max-snippet":"max-snippet:-1","max-image-preview":"max-image-preview:large","max-video-preview":"max-video-preview:-1"},"canonical":"https:\/\/verdadeon.com.br\/portal\/2023\/02\/07\/dexter-shouse-estara-no-jogo-contra-o-corinthians-pelo-nbb\/","og_locale":"pt_BR","og_type":"article","og_title":"Dexter Shouse estar\u00e1 no jogo contra o Corinthians pelo NBB - VerdadeOn","og_description":"Ex-jogador ser\u00e1 homenageado pelo clube na noite desta quinta feira Dexter Shouse, armador americano de 1.88 e ex-jogador do Sesi Franca Basquete, estar\u00e1 no Gin\u00e1sio Pedroc\u00e3o [\u2026]","og_url":"https:\/\/verdadeon.com.br\/portal\/2023\/02\/07\/dexter-shouse-estara-no-jogo-contra-o-corinthians-pelo-nbb\/","og_site_name":"VerdadeOn","article_published_time":"2023-02-07T18:16:02+00:00","og_image":[{"width":1000,"height":670,"url":"https:\/\/verdadeon.com.br\/portal\/wp-content\/uploads\/2023\/02\/39dfc-whatsapp-image-2023-02-07-at-135105.jpg","type":"image\/jpeg"}],"author":"Fernando Calixto","twitter_card":"summary_large_image","twitter_misc":{"Escrito por":"Fernando Calixto","Est. tempo de leitura":"2 minutos"},"schema":{"@context":"https:\/\/schema.org","@graph":[{"@type":"WebPage","@id":"https:\/\/verdadeon.com.br\/portal\/2023\/02\/07\/dexter-shouse-estara-no-jogo-contra-o-corinthians-pelo-nbb\/","url":"https:\/\/verdadeon.com.br\/portal\/2023\/02\/07\/dexter-shouse-estara-no-jogo-contra-o-corinthians-pelo-nbb\/","name":"Dexter Shouse estar\u00e1 no jogo contra o Corinthians pelo NBB - VerdadeOn","isPartOf":{"@id":"https:\/\/verdadeon.com.br\/portal\/#website"},"primaryImageOfPage":{"@id":"https:\/\/verdadeon.com.br\/portal\/2023\/02\/07\/dexter-shouse-estara-no-jogo-contra-o-corinthians-pelo-nbb\/#primaryimage"},"image":{"@id":"https:\/\/verdadeon.com.br\/portal\/2023\/02\/07\/dexter-shouse-estara-no-jogo-contra-o-corinthians-pelo-nbb\/#primaryimage"},"thumbnailUrl":"https:\/\/i0.wp.com\/verdadeon.com.br\/portal\/wp-content\/uploads\/2023\/02\/39dfc-whatsapp-image-2023-02-07-at-135105.jpg?fit=1000%2C670&ssl=1","datePublished":"2023-02-07T18:16:02+00:00","author":{"@id":"https:\/\/verdadeon.com.br\/portal\/#\/schema\/person\/8994718f49ee62ba5610471e29ca1f62"},"breadcrumb":{"@id":"https:\/\/verdadeon.com.br\/portal\/2023\/02\/07\/dexter-shouse-estara-no-jogo-contra-o-corinthians-pelo-nbb\/#breadcrumb"},"inLanguage":"pt-BR","potentialAction":[{"@type":"ReadAction","target":["https:\/\/verdadeon.com.br\/portal\/2023\/02\/07\/dexter-shouse-estara-no-jogo-contra-o-corinthians-pelo-nbb\/"]}]},{"@type":"ImageObject","inLanguage":"pt-BR","@id":"https:\/\/verdadeon.com.br\/portal\/2023\/02\/07\/dexter-shouse-estara-no-jogo-contra-o-corinthians-pelo-nbb\/#primaryimage","url":"https:\/\/i0.wp.com\/verdadeon.com.br\/portal\/wp-content\/uploads\/2023\/02\/39dfc-whatsapp-image-2023-02-07-at-135105.jpg?fit=1000%2C670&ssl=1","contentUrl":"https:\/\/i0.wp.com\/verdadeon.com.br\/portal\/wp-content\/uploads\/2023\/02\/39dfc-whatsapp-image-2023-02-07-at-135105.jpg?fit=1000%2C670&ssl=1","width":1000,"height":670,"caption":"Dexter chegou em Franca na temporada 1992\/93 e sob o comando do t\u00e9cnico do H\u00e9lio Rubens Garcia foi Campe\u00e3o Paulista, Campe\u00e3o Brasileiro e Campe\u00e3o Sul-Americano"},{"@type":"BreadcrumbList","@id":"https:\/\/verdadeon.com.br\/portal\/2023\/02\/07\/dexter-shouse-estara-no-jogo-contra-o-corinthians-pelo-nbb\/#breadcrumb","itemListElement":[{"@type":"ListItem","position":1,"name":"In\u00edcio","item":"https:\/\/verdadeon.com.br\/portal\/"},{"@type":"ListItem","position":2,"name":"Dexter Shouse estar\u00e1 no jogo contra o Corinthians pelo NBB"}]},{"@type":"WebSite","@id":"https:\/\/verdadeon.com.br\/portal\/#website","url":"https:\/\/verdadeon.com.br\/portal\/","name":"VerdadeOn","description":"Not\u00edcias di\u00e1rias sobre Franca, Regi\u00e3o, Esporte, Cultura, Cotidiano, Colunas. Cobertura nos principais eventos da cidade \u00e9 aqui - Verdadeon Franca","potentialAction":[{"@type":"SearchAction","target":{"@type":"EntryPoint","urlTemplate":"https:\/\/verdadeon.com.br\/portal\/?s={search_term_string}"},"query-input":{"@type":"PropertyValueSpecification","valueRequired":true,"valueName":"search_term_string"}}],"inLanguage":"pt-BR"},{"@type":"Person","@id":"https:\/\/verdadeon.com.br\/portal\/#\/schema\/person\/8994718f49ee62ba5610471e29ca1f62","name":"Fernando Calixto","image":{"@type":"ImageObject","inLanguage":"pt-BR","@id":"https:\/\/verdadeon.com.br\/portal\/#\/schema\/person\/image\/","url":"https:\/\/secure.gravatar.com\/avatar\/7578910c24966c0316c340f9dbd601e93ee9f9212e1033968b367af9306bd9fb?s=96&d=mm&r=g","contentUrl":"https:\/\/secure.gravatar.com\/avatar\/7578910c24966c0316c340f9dbd601e93ee9f9212e1033968b367af9306bd9fb?s=96&d=mm&r=g","caption":"Fernando Calixto"},"url":"https:\/\/verdadeon.com.br\/portal\/author\/fernando-calixto\/"}]}},"jetpack_publicize_connections":[],"jetpack_featured_media_url":"https:\/\/i0.wp.com\/verdadeon.com.br\/portal\/wp-content\/uploads\/2023\/02\/39dfc-whatsapp-image-2023-02-07-at-135105.jpg?fit=1000%2C670&ssl=1","jetpack_sharing_enabled":true,"_links":{"self":[{"href":"https:\/\/verdadeon.com.br\/portal\/wp-json\/wp\/v2\/posts\/31643","targetHints":{"allow":["GET"]}}],"collection":[{"href":"https:\/\/verdadeon.com.br\/portal\/wp-json\/wp\/v2\/posts"}],"about":[{"href":"https:\/\/verdadeon.com.br\/portal\/wp-json\/wp\/v2\/types\/post"}],"author":[{"embeddable":true,"href":"https:\/\/verdadeon.com.br\/portal\/wp-json\/wp\/v2\/users\/4"}],"replies":[{"embeddable":true,"href":"https:\/\/verdadeon.com.br\/portal\/wp-json\/wp\/v2\/comments?post=31643"}],"version-history":[{"count":1,"href":"https:\/\/verdadeon.com.br\/portal\/wp-json\/wp\/v2\/posts\/31643\/revisions"}],"predecessor-version":[{"id":31653,"href":"https:\/\/verdadeon.com.br\/portal\/wp-json\/wp\/v2\/posts\/31643\/revisions\/31653"}],"wp:featuredmedia":[{"embeddable":true,"href":"https:\/\/verdadeon.com.br\/portal\/wp-json\/wp\/v2\/media\/31650"}],"wp:attachment":[{"href":"https:\/\/verdadeon.com.br\/portal\/wp-json\/wp\/v2\/media?parent=31643"}],"wp:term":[{"taxonomy":"category","embeddable":true,"href":"https:\/\/verdadeon.com.br\/portal\/wp-json\/wp\/v2\/categories?post=31643"},{"taxonomy":"post_tag","embeddable":true,"href":"https:\/\/verdadeon.com.br\/portal\/wp-json\/wp\/v2\/tags?post=31643"}],"curies":[{"name":"wp","href":"https:\/\/api.w.org\/{rel}","templated":true}]}}