{"id":3160,"date":"2020-02-07T06:00:20","date_gmt":"2020-02-07T09:00:20","guid":{"rendered":"http:\/\/verdadeon.com.br\/portal\/?p=3160"},"modified":"2020-02-07T08:06:29","modified_gmt":"2020-02-07T11:06:29","slug":"novo-cesum","status":"publish","type":"post","link":"https:\/\/verdadeon.com.br\/portal\/2020\/02\/07\/novo-cesum\/","title":{"rendered":"Novo CESUM"},"content":{"rendered":"\n<h2 class=\"wp-block-heading\">Moradores da regi\u00e3o da Esta\u00e7\u00e3o v\u00e3o ganhar no segundo semestre, uma nova unidade do curso semipresencial, na Escola Municipal Nair Rocha<\/h2>\n\n\n\n<p>Reportagem Daniel Afonso<\/p>\n\n\n\n<p class=\"has-drop-cap\">Geralmente os alunos do EJA (Educa\u00e7\u00e3o de Jovens e Adultos) s\u00e3o adultos trabalhadores ou at\u00e9 mesmo desempregados, que n\u00e3o tiveram oportunidade de conclu\u00edrem os estudos. Por diversas raz\u00f5es, em grande parte, de cunho financeiro e social, consider\u00e1vel n\u00famero de brasileiros passa apenas pela fase da alfabetiza\u00e7\u00e3o. Essa realidade tem mudado e muito no Brasil e em Franca tamb\u00e9m. <br>\nAtualmente, o EJA \u00e9 oferecido em cinco unidades de ensino: Nair Martins Rocha (Vila Santos Dumont), Jos\u00e9 M\u00e1rio Faleiros (Aeroporto 3), Maria Helena Rosa Barbosa (Redentor) e Ant\u00f4nio Sicchierolli (Jardim Am\u00e9rica), al\u00e9m do Cesum no Col\u00e9gio Champagnat, onde funciona o Supletivo \u00e0 Dist\u00e2ncia, com matr\u00edculas durante o ano todo. <br>\nE a not\u00edcia fresquinha, que trazemos em primeira m\u00e3o e que acaba de confirmar para Franca, \u00e9 a autoriza\u00e7\u00e3o da Secretaria de Estado de Educa\u00e7\u00e3o, para a implanta\u00e7\u00e3o da segunda unidade do Cesum na cidade, desta vez ampliando o EJA na Escola Municipal Nair Martins Rocha com o curso semipresencial, a partir do segundo semestre.<br>\nA referida escola j\u00e1 oferecia o curso apenas na modalidade presencial, e com esta novidade, o aluno poder\u00e1 retirar o material e estudar em casa, s\u00f3 se apresentando para as avalia\u00e7\u00f5es. De acordo com a Secretaria Municipal de Educa\u00e7\u00e3o, a demanda vem crescendo nos \u00faltimos anos, por\u00e9m agora com a oportunidade de contemplar mais pessoas na regi\u00e3o da Esta\u00e7\u00e3o, at\u00e9 porque a escola fica localizada na rua Padre Conrado, 1900.<\/p>\n\n\n\n<p><strong>Ponto estrat\u00e9gico<\/strong><br><br> Segundo o secret\u00e1rio Edgar Ajax dos Reis Filho, a iniciativa de amplia\u00e7\u00e3o do EJA come\u00e7ou no in\u00edcio do ano passado e somente agora foi homologado pelo Conselho Estadual. \u201cTendo em vista a valoriza\u00e7\u00e3o das escolas do EJA, vimos trabalhando para conseguir essa segunda unidade para atender mais alunos que moram naquela regi\u00e3o da cidade, proporcionando maior acesso e mais facilidade aqueles que precisam concluir seus estudos\u201d, pontuou.<br> Para conseguir essa autoriza\u00e7\u00e3o, ele explicou que foi apresentado v\u00e1rios aspectos legais justificando a amplia\u00e7\u00e3o atrav\u00e9s do local, do plano pedag\u00f3gico e do corpo de professores. \u201cFoi um trabalho \u00e1rduo, mas era um pedido que tinha desde quando assumi a secretaria. Com certeza ser\u00e1 bem acolhida, j\u00e1 que ela poder\u00e1 atender entre 1.500 e 3.000 alunos\u201d, refor\u00e7ou. Vale lembrar que essa demanda amplia o ensino do Cesum, que at\u00e9 ent\u00e3o era oferecido apenas no Col\u00e9gio Champagnat, atendendo 1.500 alunos.<\/p>\n\n\n\n<p><strong>Demanda na cidade<\/strong><br><br> Na linha de frente do EJA, est\u00e1 o coordenador do projeto, o professor Jos\u00e9 Aur\u00e9lio da Silva, que atua neste ensino h\u00e1 mais de tr\u00eas d\u00e9cadas. Segundo ele, com a nova unidade vai facilitar ao aluno ainda mais o seu acesso ao retorno dos estudos. \u201cIsso porque em muitos casos, o aluno vai l\u00e1, faz sua matr\u00edcula no presencial e acaba desistindo por causa do trabalho e por l\u00e1 ser um local mais central [Champagnat]. Nossa preocupa\u00e7\u00e3o foi no sentido de oferecer as duas modalidades nesta unidade e dar essa oportunidade de estudarem em outra regi\u00e3o, que talvez sejam mais perto de suas casas\u201d, explicou.<\/p>\n\n\n\n<p><strong>Responsabilidade do Estado<\/strong><br><br> \u201cQuando assumimos a secretaria existia uma tend\u00eancia por parte dos gestores anteriores no sentido de fechar as unidades do EJA na cidade. N\u00f3s tivemos uma atitude totalmente inversa, ou seja, de apoiar e intensificar esse trabalho, embora seja obriga\u00e7\u00e3o do Estado o Ensino M\u00e9dio no Munic\u00edpio\u201d, destacou o secret\u00e1rio Edgar Ajax. <br> Al\u00e9m disso, ele destacou duas novidades. A primeira, \u00e9 que o Cursinho Popular, deixa de atender no Col\u00e9gio Champagnat e tamb\u00e9m vai para a escola Nair Rocha. Inclusive as inscri\u00e7\u00f5es do processo seletivo come\u00e7am nesta segunda-feira (10) e segue at\u00e9 o dia 21 deste m\u00eas, com in\u00edcio das aulas em mar\u00e7o. A outra informa\u00e7\u00e3o \u00e9 a implementa\u00e7\u00e3o de cursos t\u00e9cnicos profissionalizantes nas escolas do EJA, possibilitando ao aluno sua entrada no mercado de trabalho.<\/p>\n","protected":false},"excerpt":{"rendered":"<p>Moradores da regi\u00e3o da Esta\u00e7\u00e3o v\u00e3o ganhar no segundo semestre, uma nova unidade do curso semipresencial, na Escola Municipal Nair Rocha Reportagem Daniel Afonso Geralmente os<span class=\"excerpt-hellip\"> [\u2026]<\/span><\/p>\n","protected":false},"author":10,"featured_media":3161,"comment_status":"open","ping_status":"open","sticky":false,"template":"","format":"standard","meta":{"_jetpack_memberships_contains_paid_content":false,"footnotes":"","jetpack_publicize_message":"","jetpack_publicize_feature_enabled":true,"jetpack_social_post_already_shared":false,"jetpack_social_options":{"image_generator_settings":{"template":"highway","default_image_id":0,"enabled":false},"version":2}},"categories":[28,44],"tags":[46],"class_list":["post-3160","post","type-post","status-publish","format-standard","has-post-thumbnail","hentry","category-cotidiano","category-noticias","tag-cotidiano"],"yoast_head":"<!-- This site is optimized with the Yoast SEO plugin v25.6 - https:\/\/yoast.com\/wordpress\/plugins\/seo\/ -->\n<title>Novo CESUM - VerdadeOn<\/title>\n<meta name=\"robots\" content=\"index, follow, max-snippet:-1, max-image-preview:large, max-video-preview:-1\" \/>\n<link rel=\"canonical\" href=\"https:\/\/verdadeon.com.br\/portal\/2020\/02\/07\/novo-cesum\/\" \/>\n<meta property=\"og:locale\" content=\"pt_BR\" \/>\n<meta property=\"og:type\" content=\"article\" \/>\n<meta property=\"og:title\" content=\"Novo CESUM - VerdadeOn\" \/>\n<meta property=\"og:description\" content=\"Moradores da regi\u00e3o da Esta\u00e7\u00e3o v\u00e3o ganhar no segundo semestre, uma nova unidade do curso semipresencial, na Escola Municipal Nair Rocha Reportagem Daniel Afonso Geralmente os [\u2026]\" \/>\n<meta property=\"og:url\" content=\"https:\/\/verdadeon.com.br\/portal\/2020\/02\/07\/novo-cesum\/\" \/>\n<meta property=\"og:site_name\" content=\"VerdadeOn\" \/>\n<meta property=\"article:published_time\" content=\"2020-02-07T09:00:20+00:00\" \/>\n<meta property=\"article:modified_time\" content=\"2020-02-07T11:06:29+00:00\" \/>\n<meta property=\"og:image\" content=\"https:\/\/verdadeon.com.br\/portal\/wp-content\/uploads\/2020\/02\/WhatsApp-Image-2020-02-05-at-11.36.36.jpg\" \/>\n\t<meta property=\"og:image:width\" content=\"893\" \/>\n\t<meta property=\"og:image:height\" content=\"670\" \/>\n\t<meta property=\"og:image:type\" content=\"image\/jpeg\" \/>\n<meta name=\"author\" content=\"Redacao VerdadeOn\" \/>\n<meta name=\"twitter:card\" content=\"summary_large_image\" \/>\n<meta name=\"twitter:label1\" content=\"Escrito por\" \/>\n\t<meta name=\"twitter:data1\" content=\"Redacao VerdadeOn\" \/>\n\t<meta name=\"twitter:label2\" content=\"Est. tempo de leitura\" \/>\n\t<meta name=\"twitter:data2\" content=\"3 minutos\" \/>\n<script type=\"application\/ld+json\" class=\"yoast-schema-graph\">{\"@context\":\"https:\/\/schema.org\",\"@graph\":[{\"@type\":\"WebPage\",\"@id\":\"https:\/\/verdadeon.com.br\/portal\/2020\/02\/07\/novo-cesum\/\",\"url\":\"https:\/\/verdadeon.com.br\/portal\/2020\/02\/07\/novo-cesum\/\",\"name\":\"Novo CESUM - VerdadeOn\",\"isPartOf\":{\"@id\":\"https:\/\/verdadeon.com.br\/portal\/#website\"},\"primaryImageOfPage\":{\"@id\":\"https:\/\/verdadeon.com.br\/portal\/2020\/02\/07\/novo-cesum\/#primaryimage\"},\"image\":{\"@id\":\"https:\/\/verdadeon.com.br\/portal\/2020\/02\/07\/novo-cesum\/#primaryimage\"},\"thumbnailUrl\":\"https:\/\/i0.wp.com\/verdadeon.com.br\/portal\/wp-content\/uploads\/2020\/02\/WhatsApp-Image-2020-02-05-at-11.36.36.jpg?fit=893%2C670&ssl=1\",\"datePublished\":\"2020-02-07T09:00:20+00:00\",\"dateModified\":\"2020-02-07T11:06:29+00:00\",\"author\":{\"@id\":\"https:\/\/verdadeon.com.br\/portal\/#\/schema\/person\/a5060ad1e9ea3df545188fc93ce43d2f\"},\"breadcrumb\":{\"@id\":\"https:\/\/verdadeon.com.br\/portal\/2020\/02\/07\/novo-cesum\/#breadcrumb\"},\"inLanguage\":\"pt-BR\",\"potentialAction\":[{\"@type\":\"ReadAction\",\"target\":[\"https:\/\/verdadeon.com.br\/portal\/2020\/02\/07\/novo-cesum\/\"]}]},{\"@type\":\"ImageObject\",\"inLanguage\":\"pt-BR\",\"@id\":\"https:\/\/verdadeon.com.br\/portal\/2020\/02\/07\/novo-cesum\/#primaryimage\",\"url\":\"https:\/\/i0.wp.com\/verdadeon.com.br\/portal\/wp-content\/uploads\/2020\/02\/WhatsApp-Image-2020-02-05-at-11.36.36.jpg?fit=893%2C670&ssl=1\",\"contentUrl\":\"https:\/\/i0.wp.com\/verdadeon.com.br\/portal\/wp-content\/uploads\/2020\/02\/WhatsApp-Image-2020-02-05-at-11.36.36.jpg?fit=893%2C670&ssl=1\",\"width\":893,\"height\":670,\"caption\":\"novidade - Abrindo novas possibilidades e garantindo um futuro melhor para quem precisa concluir os estudos, o secret\u00e1rio Edgar Ajax e o diretor Jos\u00e9 Aur\u00e9lio conseguiram amplia\u00e7\u00e3o do EJA em Franca | Foto: D. Afonso\"},{\"@type\":\"BreadcrumbList\",\"@id\":\"https:\/\/verdadeon.com.br\/portal\/2020\/02\/07\/novo-cesum\/#breadcrumb\",\"itemListElement\":[{\"@type\":\"ListItem\",\"position\":1,\"name\":\"In\u00edcio\",\"item\":\"https:\/\/verdadeon.com.br\/portal\/\"},{\"@type\":\"ListItem\",\"position\":2,\"name\":\"Novo CESUM\"}]},{\"@type\":\"WebSite\",\"@id\":\"https:\/\/verdadeon.com.br\/portal\/#website\",\"url\":\"https:\/\/verdadeon.com.br\/portal\/\",\"name\":\"VerdadeOn\",\"description\":\"Not\u00edcias di\u00e1rias sobre Franca, Regi\u00e3o, Esporte, Cultura, Cotidiano, Colunas. Cobertura nos principais eventos da cidade \u00e9 aqui - Verdadeon Franca\",\"potentialAction\":[{\"@type\":\"SearchAction\",\"target\":{\"@type\":\"EntryPoint\",\"urlTemplate\":\"https:\/\/verdadeon.com.br\/portal\/?s={search_term_string}\"},\"query-input\":{\"@type\":\"PropertyValueSpecification\",\"valueRequired\":true,\"valueName\":\"search_term_string\"}}],\"inLanguage\":\"pt-BR\"},{\"@type\":\"Person\",\"@id\":\"https:\/\/verdadeon.com.br\/portal\/#\/schema\/person\/a5060ad1e9ea3df545188fc93ce43d2f\",\"name\":\"Redacao VerdadeOn\",\"image\":{\"@type\":\"ImageObject\",\"inLanguage\":\"pt-BR\",\"@id\":\"https:\/\/verdadeon.com.br\/portal\/#\/schema\/person\/image\/\",\"url\":\"https:\/\/secure.gravatar.com\/avatar\/459a9613caaaf07f582c3d0841eea68bdd66f533e465e6ba8b9cb45619572cf4?s=96&d=mm&r=g\",\"contentUrl\":\"https:\/\/secure.gravatar.com\/avatar\/459a9613caaaf07f582c3d0841eea68bdd66f533e465e6ba8b9cb45619572cf4?s=96&d=mm&r=g\",\"caption\":\"Redacao VerdadeOn\"},\"url\":\"https:\/\/verdadeon.com.br\/portal\/author\/redacao\/\"}]}<\/script>\n<!-- \/ Yoast SEO plugin. -->","yoast_head_json":{"title":"Novo CESUM - VerdadeOn","robots":{"index":"index","follow":"follow","max-snippet":"max-snippet:-1","max-image-preview":"max-image-preview:large","max-video-preview":"max-video-preview:-1"},"canonical":"https:\/\/verdadeon.com.br\/portal\/2020\/02\/07\/novo-cesum\/","og_locale":"pt_BR","og_type":"article","og_title":"Novo CESUM - VerdadeOn","og_description":"Moradores da regi\u00e3o da Esta\u00e7\u00e3o v\u00e3o ganhar no segundo semestre, uma nova unidade do curso semipresencial, na Escola Municipal Nair Rocha Reportagem Daniel Afonso Geralmente os [\u2026]","og_url":"https:\/\/verdadeon.com.br\/portal\/2020\/02\/07\/novo-cesum\/","og_site_name":"VerdadeOn","article_published_time":"2020-02-07T09:00:20+00:00","article_modified_time":"2020-02-07T11:06:29+00:00","og_image":[{"width":893,"height":670,"url":"https:\/\/verdadeon.com.br\/portal\/wp-content\/uploads\/2020\/02\/WhatsApp-Image-2020-02-05-at-11.36.36.jpg","type":"image\/jpeg"}],"author":"Redacao VerdadeOn","twitter_card":"summary_large_image","twitter_misc":{"Escrito por":"Redacao VerdadeOn","Est. tempo de leitura":"3 minutos"},"schema":{"@context":"https:\/\/schema.org","@graph":[{"@type":"WebPage","@id":"https:\/\/verdadeon.com.br\/portal\/2020\/02\/07\/novo-cesum\/","url":"https:\/\/verdadeon.com.br\/portal\/2020\/02\/07\/novo-cesum\/","name":"Novo CESUM - VerdadeOn","isPartOf":{"@id":"https:\/\/verdadeon.com.br\/portal\/#website"},"primaryImageOfPage":{"@id":"https:\/\/verdadeon.com.br\/portal\/2020\/02\/07\/novo-cesum\/#primaryimage"},"image":{"@id":"https:\/\/verdadeon.com.br\/portal\/2020\/02\/07\/novo-cesum\/#primaryimage"},"thumbnailUrl":"https:\/\/i0.wp.com\/verdadeon.com.br\/portal\/wp-content\/uploads\/2020\/02\/WhatsApp-Image-2020-02-05-at-11.36.36.jpg?fit=893%2C670&ssl=1","datePublished":"2020-02-07T09:00:20+00:00","dateModified":"2020-02-07T11:06:29+00:00","author":{"@id":"https:\/\/verdadeon.com.br\/portal\/#\/schema\/person\/a5060ad1e9ea3df545188fc93ce43d2f"},"breadcrumb":{"@id":"https:\/\/verdadeon.com.br\/portal\/2020\/02\/07\/novo-cesum\/#breadcrumb"},"inLanguage":"pt-BR","potentialAction":[{"@type":"ReadAction","target":["https:\/\/verdadeon.com.br\/portal\/2020\/02\/07\/novo-cesum\/"]}]},{"@type":"ImageObject","inLanguage":"pt-BR","@id":"https:\/\/verdadeon.com.br\/portal\/2020\/02\/07\/novo-cesum\/#primaryimage","url":"https:\/\/i0.wp.com\/verdadeon.com.br\/portal\/wp-content\/uploads\/2020\/02\/WhatsApp-Image-2020-02-05-at-11.36.36.jpg?fit=893%2C670&ssl=1","contentUrl":"https:\/\/i0.wp.com\/verdadeon.com.br\/portal\/wp-content\/uploads\/2020\/02\/WhatsApp-Image-2020-02-05-at-11.36.36.jpg?fit=893%2C670&ssl=1","width":893,"height":670,"caption":"novidade - Abrindo novas possibilidades e garantindo um futuro melhor para quem precisa concluir os estudos, o secret\u00e1rio Edgar Ajax e o diretor Jos\u00e9 Aur\u00e9lio conseguiram amplia\u00e7\u00e3o do EJA em Franca | Foto: D. Afonso"},{"@type":"BreadcrumbList","@id":"https:\/\/verdadeon.com.br\/portal\/2020\/02\/07\/novo-cesum\/#breadcrumb","itemListElement":[{"@type":"ListItem","position":1,"name":"In\u00edcio","item":"https:\/\/verdadeon.com.br\/portal\/"},{"@type":"ListItem","position":2,"name":"Novo CESUM"}]},{"@type":"WebSite","@id":"https:\/\/verdadeon.com.br\/portal\/#website","url":"https:\/\/verdadeon.com.br\/portal\/","name":"VerdadeOn","description":"Not\u00edcias di\u00e1rias sobre Franca, Regi\u00e3o, Esporte, Cultura, Cotidiano, Colunas. Cobertura nos principais eventos da cidade \u00e9 aqui - Verdadeon Franca","potentialAction":[{"@type":"SearchAction","target":{"@type":"EntryPoint","urlTemplate":"https:\/\/verdadeon.com.br\/portal\/?s={search_term_string}"},"query-input":{"@type":"PropertyValueSpecification","valueRequired":true,"valueName":"search_term_string"}}],"inLanguage":"pt-BR"},{"@type":"Person","@id":"https:\/\/verdadeon.com.br\/portal\/#\/schema\/person\/a5060ad1e9ea3df545188fc93ce43d2f","name":"Redacao VerdadeOn","image":{"@type":"ImageObject","inLanguage":"pt-BR","@id":"https:\/\/verdadeon.com.br\/portal\/#\/schema\/person\/image\/","url":"https:\/\/secure.gravatar.com\/avatar\/459a9613caaaf07f582c3d0841eea68bdd66f533e465e6ba8b9cb45619572cf4?s=96&d=mm&r=g","contentUrl":"https:\/\/secure.gravatar.com\/avatar\/459a9613caaaf07f582c3d0841eea68bdd66f533e465e6ba8b9cb45619572cf4?s=96&d=mm&r=g","caption":"Redacao VerdadeOn"},"url":"https:\/\/verdadeon.com.br\/portal\/author\/redacao\/"}]}},"jetpack_publicize_connections":[],"jetpack_featured_media_url":"https:\/\/i0.wp.com\/verdadeon.com.br\/portal\/wp-content\/uploads\/2020\/02\/WhatsApp-Image-2020-02-05-at-11.36.36.jpg?fit=893%2C670&ssl=1","jetpack_sharing_enabled":true,"_links":{"self":[{"href":"https:\/\/verdadeon.com.br\/portal\/wp-json\/wp\/v2\/posts\/3160","targetHints":{"allow":["GET"]}}],"collection":[{"href":"https:\/\/verdadeon.com.br\/portal\/wp-json\/wp\/v2\/posts"}],"about":[{"href":"https:\/\/verdadeon.com.br\/portal\/wp-json\/wp\/v2\/types\/post"}],"author":[{"embeddable":true,"href":"https:\/\/verdadeon.com.br\/portal\/wp-json\/wp\/v2\/users\/10"}],"replies":[{"embeddable":true,"href":"https:\/\/verdadeon.com.br\/portal\/wp-json\/wp\/v2\/comments?post=3160"}],"version-history":[{"count":0,"href":"https:\/\/verdadeon.com.br\/portal\/wp-json\/wp\/v2\/posts\/3160\/revisions"}],"wp:featuredmedia":[{"embeddable":true,"href":"https:\/\/verdadeon.com.br\/portal\/wp-json\/wp\/v2\/media\/3161"}],"wp:attachment":[{"href":"https:\/\/verdadeon.com.br\/portal\/wp-json\/wp\/v2\/media?parent=3160"}],"wp:term":[{"taxonomy":"category","embeddable":true,"href":"https:\/\/verdadeon.com.br\/portal\/wp-json\/wp\/v2\/categories?post=3160"},{"taxonomy":"post_tag","embeddable":true,"href":"https:\/\/verdadeon.com.br\/portal\/wp-json\/wp\/v2\/tags?post=3160"}],"curies":[{"name":"wp","href":"https:\/\/api.w.org\/{rel}","templated":true}]}}