{"id":31597,"date":"2023-02-03T16:51:40","date_gmt":"2023-02-03T19:51:40","guid":{"rendered":"https:\/\/verdadeon.com.br\/portal\/?p=31597"},"modified":"2023-02-03T16:52:41","modified_gmt":"2023-02-03T19:52:41","slug":"secretaria-de-educacao-divulga-nova-lista-de-criancas-contempladas-com-vagas-em-creches","status":"publish","type":"post","link":"https:\/\/verdadeon.com.br\/portal\/2023\/02\/03\/secretaria-de-educacao-divulga-nova-lista-de-criancas-contempladas-com-vagas-em-creches\/","title":{"rendered":"Secretaria de Educa\u00e7\u00e3o divulga nova lista de crian\u00e7as contempladas com vagas em creches"},"content":{"rendered":"<h2>Na resolu\u00e7\u00e3o, que ser\u00e1 divulgada na pr\u00f3xima semana, constar\u00e3o os documentos necess\u00e1rios para a inscri\u00e7\u00e3o das crian\u00e7as a serem assistidas pelas creches<\/h2>\n<div><\/div>\n<div>A Secretaria de Educa\u00e7\u00e3o publicou nesta sexta-feira, 3, uma nova etapa de convoca\u00e7\u00e3o das crian\u00e7as contempladas, com vagas em creches parceiras da Prefeitura. As vagas s\u00e3o para todas as fases da Educa\u00e7\u00e3o Infantil (Ber\u00e7\u00e1rio I \u00e0 Fase II da Pr\u00e9-escola). A rela\u00e7\u00e3o est\u00e1 dispon\u00edvel no site da Prefeitura, na aba \u2018Central de Vagas \u2013 Convoca\u00e7\u00e3o\u2019, no link\u00a0<a href=\"https:\/\/www.franca.sp.gov.br\/administracao-municipal\/administracao-direta\/educacao\/divisoes\/creches\/administracao-e-controle\" target=\"_blank\" rel=\"noopener\" data-saferedirecturl=\"https:\/\/www.google.com\/url?q=https:\/\/www.franca.sp.gov.br\/administracao-municipal\/administracao-direta\/educacao\/divisoes\/creches\/administracao-e-controle&amp;source=gmail&amp;ust=1675540004221000&amp;usg=AOvVaw3ah47clEkE4hu27sdbzvTJ\">https:\/\/www.franca.sp.gov.br\/<wbr \/>administracao-municipal\/<wbr \/>administracao-direta\/educacao\/<wbr \/>divisoes\/creches\/<wbr \/>administracao-e-controle<\/a>.<\/div>\n<div>Al\u00e9m disso, a secretaria disponibilizou, no mesmo link, um espa\u00e7o destinado para que os pais e respons\u00e1veis possam tirar eventuais d\u00favidas sobre as inscri\u00e7\u00f5es.<\/div>\n<div>Na resolu\u00e7\u00e3o, que ser\u00e1 divulgada na pr\u00f3xima semana, constar\u00e3o os documentos necess\u00e1rios para a inscri\u00e7\u00e3o das crian\u00e7as a serem assistidas pelas creches, como certid\u00e3o de nascimento ou CPF da crian\u00e7a; comprovante de endere\u00e7o; comprovante de renda dos moradores; CPF da m\u00e3e ou dos respons\u00e1veis pela crian\u00e7a; laudo m\u00e9dico comprobat\u00f3rio para aquelas que necessitam da Educa\u00e7\u00e3o Especial (e tem prioridade no atendimento, conforme determina a lei), entre outros.<\/div>\n<div>Importante ressaltar que o prazo de matr\u00edcula, no caso da crian\u00e7a convocada, \u00e9 da sexta-feira, em que saiu a lista at\u00e9 a quinta-feira da semana seguinte, sempre \u00e0s 12 horas. Se o prazo for encerrado e n\u00e3o for feita a matr\u00edcula, a vaga ser\u00e1 disponibilizada para outra crian\u00e7a.<\/div>\n<div>No caso de rematr\u00edcula, ao final do ano letivo, a Secretaria de Educa\u00e7\u00e3o indica que as fam\u00edlias devem procurar a secretaria das creches para atualizar os dados e seguir na institui\u00e7\u00e3o. J\u00e1 as fam\u00edlias de crian\u00e7as que est\u00e3o finalizando a etapa de Maternal II, em unidades que n\u00e3o possuem continuidade para a Pr\u00e9-escola, s\u00e3o orientadas a procurarem a Central de Vagas, na Secretaria de Educa\u00e7\u00e3o, para que a vaga seja organizada em outro local.<\/div>\n<div>Nos casos de transfer\u00eancias, a resolu\u00e7\u00e3o estabelece que as fam\u00edlias fa\u00e7am os pedidos na Central de Vagas. A solicita\u00e7\u00e3o n\u00e3o \u00e9 acatada de imediato, pois depende da disponibilidade de vaga na creche desejada.<\/div>\n","protected":false},"excerpt":{"rendered":"<p>Na resolu\u00e7\u00e3o, que ser\u00e1 divulgada na pr\u00f3xima semana, constar\u00e3o os documentos necess\u00e1rios para a inscri\u00e7\u00e3o das crian\u00e7as a serem assistidas pelas creches A Secretaria de Educa\u00e7\u00e3o<span class=\"excerpt-hellip\"> [\u2026]<\/span><\/p>\n","protected":false},"author":4,"featured_media":31603,"comment_status":"open","ping_status":"open","sticky":false,"template":"","format":"standard","meta":{"_jetpack_memberships_contains_paid_content":false,"footnotes":"","jetpack_publicize_message":"","jetpack_publicize_feature_enabled":true,"jetpack_social_post_already_shared":false,"jetpack_social_options":{"image_generator_settings":{"template":"highway","default_image_id":0,"enabled":false},"version":2}},"categories":[28,81],"tags":[],"class_list":["post-31597","post","type-post","status-publish","format-standard","has-post-thumbnail","hentry","category-cotidiano","category-manchete"],"yoast_head":"<!-- This site is optimized with the Yoast SEO plugin v25.6 - https:\/\/yoast.com\/wordpress\/plugins\/seo\/ -->\n<title>Secretaria de Educa\u00e7\u00e3o divulga nova lista de crian\u00e7as contempladas com vagas em creches - VerdadeOn<\/title>\n<meta name=\"robots\" content=\"index, follow, max-snippet:-1, max-image-preview:large, max-video-preview:-1\" \/>\n<link rel=\"canonical\" href=\"https:\/\/verdadeon.com.br\/portal\/2023\/02\/03\/secretaria-de-educacao-divulga-nova-lista-de-criancas-contempladas-com-vagas-em-creches\/\" \/>\n<meta property=\"og:locale\" content=\"pt_BR\" \/>\n<meta property=\"og:type\" content=\"article\" \/>\n<meta property=\"og:title\" content=\"Secretaria de Educa\u00e7\u00e3o divulga nova lista de crian\u00e7as contempladas com vagas em creches - VerdadeOn\" \/>\n<meta property=\"og:description\" content=\"Na resolu\u00e7\u00e3o, que ser\u00e1 divulgada na pr\u00f3xima semana, constar\u00e3o os documentos necess\u00e1rios para a inscri\u00e7\u00e3o das crian\u00e7as a serem assistidas pelas creches A Secretaria de Educa\u00e7\u00e3o [\u2026]\" \/>\n<meta property=\"og:url\" content=\"https:\/\/verdadeon.com.br\/portal\/2023\/02\/03\/secretaria-de-educacao-divulga-nova-lista-de-criancas-contempladas-com-vagas-em-creches\/\" \/>\n<meta property=\"og:site_name\" content=\"VerdadeOn\" \/>\n<meta property=\"article:published_time\" content=\"2023-02-03T19:51:40+00:00\" \/>\n<meta property=\"article:modified_time\" content=\"2023-02-03T19:52:41+00:00\" \/>\n<meta property=\"og:image\" content=\"https:\/\/verdadeon.com.br\/portal\/wp-content\/uploads\/2023\/02\/DSC_7242.jpg\" \/>\n\t<meta property=\"og:image:width\" content=\"1000\" \/>\n\t<meta property=\"og:image:height\" content=\"670\" \/>\n\t<meta property=\"og:image:type\" content=\"image\/jpeg\" \/>\n<meta name=\"author\" content=\"Fernando Calixto\" \/>\n<meta name=\"twitter:card\" content=\"summary_large_image\" \/>\n<meta name=\"twitter:label1\" content=\"Escrito por\" \/>\n\t<meta name=\"twitter:data1\" content=\"Fernando Calixto\" \/>\n\t<meta name=\"twitter:label2\" content=\"Est. tempo de leitura\" \/>\n\t<meta name=\"twitter:data2\" content=\"2 minutos\" \/>\n<script type=\"application\/ld+json\" class=\"yoast-schema-graph\">{\"@context\":\"https:\/\/schema.org\",\"@graph\":[{\"@type\":\"WebPage\",\"@id\":\"https:\/\/verdadeon.com.br\/portal\/2023\/02\/03\/secretaria-de-educacao-divulga-nova-lista-de-criancas-contempladas-com-vagas-em-creches\/\",\"url\":\"https:\/\/verdadeon.com.br\/portal\/2023\/02\/03\/secretaria-de-educacao-divulga-nova-lista-de-criancas-contempladas-com-vagas-em-creches\/\",\"name\":\"Secretaria de Educa\u00e7\u00e3o divulga nova lista de crian\u00e7as contempladas com vagas em creches - VerdadeOn\",\"isPartOf\":{\"@id\":\"https:\/\/verdadeon.com.br\/portal\/#website\"},\"primaryImageOfPage\":{\"@id\":\"https:\/\/verdadeon.com.br\/portal\/2023\/02\/03\/secretaria-de-educacao-divulga-nova-lista-de-criancas-contempladas-com-vagas-em-creches\/#primaryimage\"},\"image\":{\"@id\":\"https:\/\/verdadeon.com.br\/portal\/2023\/02\/03\/secretaria-de-educacao-divulga-nova-lista-de-criancas-contempladas-com-vagas-em-creches\/#primaryimage\"},\"thumbnailUrl\":\"https:\/\/i0.wp.com\/verdadeon.com.br\/portal\/wp-content\/uploads\/2023\/02\/DSC_7242.jpg?fit=1000%2C670&ssl=1\",\"datePublished\":\"2023-02-03T19:51:40+00:00\",\"dateModified\":\"2023-02-03T19:52:41+00:00\",\"author\":{\"@id\":\"https:\/\/verdadeon.com.br\/portal\/#\/schema\/person\/8994718f49ee62ba5610471e29ca1f62\"},\"breadcrumb\":{\"@id\":\"https:\/\/verdadeon.com.br\/portal\/2023\/02\/03\/secretaria-de-educacao-divulga-nova-lista-de-criancas-contempladas-com-vagas-em-creches\/#breadcrumb\"},\"inLanguage\":\"pt-BR\",\"potentialAction\":[{\"@type\":\"ReadAction\",\"target\":[\"https:\/\/verdadeon.com.br\/portal\/2023\/02\/03\/secretaria-de-educacao-divulga-nova-lista-de-criancas-contempladas-com-vagas-em-creches\/\"]}]},{\"@type\":\"ImageObject\",\"inLanguage\":\"pt-BR\",\"@id\":\"https:\/\/verdadeon.com.br\/portal\/2023\/02\/03\/secretaria-de-educacao-divulga-nova-lista-de-criancas-contempladas-com-vagas-em-creches\/#primaryimage\",\"url\":\"https:\/\/i0.wp.com\/verdadeon.com.br\/portal\/wp-content\/uploads\/2023\/02\/DSC_7242.jpg?fit=1000%2C670&ssl=1\",\"contentUrl\":\"https:\/\/i0.wp.com\/verdadeon.com.br\/portal\/wp-content\/uploads\/2023\/02\/DSC_7242.jpg?fit=1000%2C670&ssl=1\",\"width\":1000,\"height\":670,\"caption\":\"Importante ressaltar que o prazo de matr\u00edcula, no caso da crian\u00e7a convocada, \u00e9 da sexta-feira, em que saiu a lista at\u00e9 a quinta-feira da semana seguinte, sempre \u00e0s 12 horas\"},{\"@type\":\"BreadcrumbList\",\"@id\":\"https:\/\/verdadeon.com.br\/portal\/2023\/02\/03\/secretaria-de-educacao-divulga-nova-lista-de-criancas-contempladas-com-vagas-em-creches\/#breadcrumb\",\"itemListElement\":[{\"@type\":\"ListItem\",\"position\":1,\"name\":\"In\u00edcio\",\"item\":\"https:\/\/verdadeon.com.br\/portal\/\"},{\"@type\":\"ListItem\",\"position\":2,\"name\":\"Secretaria de Educa\u00e7\u00e3o divulga nova lista de crian\u00e7as contempladas com vagas em creches\"}]},{\"@type\":\"WebSite\",\"@id\":\"https:\/\/verdadeon.com.br\/portal\/#website\",\"url\":\"https:\/\/verdadeon.com.br\/portal\/\",\"name\":\"VerdadeOn\",\"description\":\"Not\u00edcias di\u00e1rias sobre Franca, Regi\u00e3o, Esporte, Cultura, Cotidiano, Colunas. Cobertura nos principais eventos da cidade \u00e9 aqui - Verdadeon Franca\",\"potentialAction\":[{\"@type\":\"SearchAction\",\"target\":{\"@type\":\"EntryPoint\",\"urlTemplate\":\"https:\/\/verdadeon.com.br\/portal\/?s={search_term_string}\"},\"query-input\":{\"@type\":\"PropertyValueSpecification\",\"valueRequired\":true,\"valueName\":\"search_term_string\"}}],\"inLanguage\":\"pt-BR\"},{\"@type\":\"Person\",\"@id\":\"https:\/\/verdadeon.com.br\/portal\/#\/schema\/person\/8994718f49ee62ba5610471e29ca1f62\",\"name\":\"Fernando Calixto\",\"image\":{\"@type\":\"ImageObject\",\"inLanguage\":\"pt-BR\",\"@id\":\"https:\/\/verdadeon.com.br\/portal\/#\/schema\/person\/image\/\",\"url\":\"https:\/\/secure.gravatar.com\/avatar\/7578910c24966c0316c340f9dbd601e93ee9f9212e1033968b367af9306bd9fb?s=96&d=mm&r=g\",\"contentUrl\":\"https:\/\/secure.gravatar.com\/avatar\/7578910c24966c0316c340f9dbd601e93ee9f9212e1033968b367af9306bd9fb?s=96&d=mm&r=g\",\"caption\":\"Fernando Calixto\"},\"url\":\"https:\/\/verdadeon.com.br\/portal\/author\/fernando-calixto\/\"}]}<\/script>\n<!-- \/ Yoast SEO plugin. -->","yoast_head_json":{"title":"Secretaria de Educa\u00e7\u00e3o divulga nova lista de crian\u00e7as contempladas com vagas em creches - VerdadeOn","robots":{"index":"index","follow":"follow","max-snippet":"max-snippet:-1","max-image-preview":"max-image-preview:large","max-video-preview":"max-video-preview:-1"},"canonical":"https:\/\/verdadeon.com.br\/portal\/2023\/02\/03\/secretaria-de-educacao-divulga-nova-lista-de-criancas-contempladas-com-vagas-em-creches\/","og_locale":"pt_BR","og_type":"article","og_title":"Secretaria de Educa\u00e7\u00e3o divulga nova lista de crian\u00e7as contempladas com vagas em creches - VerdadeOn","og_description":"Na resolu\u00e7\u00e3o, que ser\u00e1 divulgada na pr\u00f3xima semana, constar\u00e3o os documentos necess\u00e1rios para a inscri\u00e7\u00e3o das crian\u00e7as a serem assistidas pelas creches A Secretaria de Educa\u00e7\u00e3o [\u2026]","og_url":"https:\/\/verdadeon.com.br\/portal\/2023\/02\/03\/secretaria-de-educacao-divulga-nova-lista-de-criancas-contempladas-com-vagas-em-creches\/","og_site_name":"VerdadeOn","article_published_time":"2023-02-03T19:51:40+00:00","article_modified_time":"2023-02-03T19:52:41+00:00","og_image":[{"width":1000,"height":670,"url":"https:\/\/verdadeon.com.br\/portal\/wp-content\/uploads\/2023\/02\/DSC_7242.jpg","type":"image\/jpeg"}],"author":"Fernando Calixto","twitter_card":"summary_large_image","twitter_misc":{"Escrito por":"Fernando Calixto","Est. tempo de leitura":"2 minutos"},"schema":{"@context":"https:\/\/schema.org","@graph":[{"@type":"WebPage","@id":"https:\/\/verdadeon.com.br\/portal\/2023\/02\/03\/secretaria-de-educacao-divulga-nova-lista-de-criancas-contempladas-com-vagas-em-creches\/","url":"https:\/\/verdadeon.com.br\/portal\/2023\/02\/03\/secretaria-de-educacao-divulga-nova-lista-de-criancas-contempladas-com-vagas-em-creches\/","name":"Secretaria de Educa\u00e7\u00e3o divulga nova lista de crian\u00e7as contempladas com vagas em creches - VerdadeOn","isPartOf":{"@id":"https:\/\/verdadeon.com.br\/portal\/#website"},"primaryImageOfPage":{"@id":"https:\/\/verdadeon.com.br\/portal\/2023\/02\/03\/secretaria-de-educacao-divulga-nova-lista-de-criancas-contempladas-com-vagas-em-creches\/#primaryimage"},"image":{"@id":"https:\/\/verdadeon.com.br\/portal\/2023\/02\/03\/secretaria-de-educacao-divulga-nova-lista-de-criancas-contempladas-com-vagas-em-creches\/#primaryimage"},"thumbnailUrl":"https:\/\/i0.wp.com\/verdadeon.com.br\/portal\/wp-content\/uploads\/2023\/02\/DSC_7242.jpg?fit=1000%2C670&ssl=1","datePublished":"2023-02-03T19:51:40+00:00","dateModified":"2023-02-03T19:52:41+00:00","author":{"@id":"https:\/\/verdadeon.com.br\/portal\/#\/schema\/person\/8994718f49ee62ba5610471e29ca1f62"},"breadcrumb":{"@id":"https:\/\/verdadeon.com.br\/portal\/2023\/02\/03\/secretaria-de-educacao-divulga-nova-lista-de-criancas-contempladas-com-vagas-em-creches\/#breadcrumb"},"inLanguage":"pt-BR","potentialAction":[{"@type":"ReadAction","target":["https:\/\/verdadeon.com.br\/portal\/2023\/02\/03\/secretaria-de-educacao-divulga-nova-lista-de-criancas-contempladas-com-vagas-em-creches\/"]}]},{"@type":"ImageObject","inLanguage":"pt-BR","@id":"https:\/\/verdadeon.com.br\/portal\/2023\/02\/03\/secretaria-de-educacao-divulga-nova-lista-de-criancas-contempladas-com-vagas-em-creches\/#primaryimage","url":"https:\/\/i0.wp.com\/verdadeon.com.br\/portal\/wp-content\/uploads\/2023\/02\/DSC_7242.jpg?fit=1000%2C670&ssl=1","contentUrl":"https:\/\/i0.wp.com\/verdadeon.com.br\/portal\/wp-content\/uploads\/2023\/02\/DSC_7242.jpg?fit=1000%2C670&ssl=1","width":1000,"height":670,"caption":"Importante ressaltar que o prazo de matr\u00edcula, no caso da crian\u00e7a convocada, \u00e9 da sexta-feira, em que saiu a lista at\u00e9 a quinta-feira da semana seguinte, sempre \u00e0s 12 horas"},{"@type":"BreadcrumbList","@id":"https:\/\/verdadeon.com.br\/portal\/2023\/02\/03\/secretaria-de-educacao-divulga-nova-lista-de-criancas-contempladas-com-vagas-em-creches\/#breadcrumb","itemListElement":[{"@type":"ListItem","position":1,"name":"In\u00edcio","item":"https:\/\/verdadeon.com.br\/portal\/"},{"@type":"ListItem","position":2,"name":"Secretaria de Educa\u00e7\u00e3o divulga nova lista de crian\u00e7as contempladas com vagas em creches"}]},{"@type":"WebSite","@id":"https:\/\/verdadeon.com.br\/portal\/#website","url":"https:\/\/verdadeon.com.br\/portal\/","name":"VerdadeOn","description":"Not\u00edcias di\u00e1rias sobre Franca, Regi\u00e3o, Esporte, Cultura, Cotidiano, Colunas. Cobertura nos principais eventos da cidade \u00e9 aqui - Verdadeon Franca","potentialAction":[{"@type":"SearchAction","target":{"@type":"EntryPoint","urlTemplate":"https:\/\/verdadeon.com.br\/portal\/?s={search_term_string}"},"query-input":{"@type":"PropertyValueSpecification","valueRequired":true,"valueName":"search_term_string"}}],"inLanguage":"pt-BR"},{"@type":"Person","@id":"https:\/\/verdadeon.com.br\/portal\/#\/schema\/person\/8994718f49ee62ba5610471e29ca1f62","name":"Fernando Calixto","image":{"@type":"ImageObject","inLanguage":"pt-BR","@id":"https:\/\/verdadeon.com.br\/portal\/#\/schema\/person\/image\/","url":"https:\/\/secure.gravatar.com\/avatar\/7578910c24966c0316c340f9dbd601e93ee9f9212e1033968b367af9306bd9fb?s=96&d=mm&r=g","contentUrl":"https:\/\/secure.gravatar.com\/avatar\/7578910c24966c0316c340f9dbd601e93ee9f9212e1033968b367af9306bd9fb?s=96&d=mm&r=g","caption":"Fernando Calixto"},"url":"https:\/\/verdadeon.com.br\/portal\/author\/fernando-calixto\/"}]}},"jetpack_publicize_connections":[],"jetpack_featured_media_url":"https:\/\/i0.wp.com\/verdadeon.com.br\/portal\/wp-content\/uploads\/2023\/02\/DSC_7242.jpg?fit=1000%2C670&ssl=1","jetpack_sharing_enabled":true,"_links":{"self":[{"href":"https:\/\/verdadeon.com.br\/portal\/wp-json\/wp\/v2\/posts\/31597","targetHints":{"allow":["GET"]}}],"collection":[{"href":"https:\/\/verdadeon.com.br\/portal\/wp-json\/wp\/v2\/posts"}],"about":[{"href":"https:\/\/verdadeon.com.br\/portal\/wp-json\/wp\/v2\/types\/post"}],"author":[{"embeddable":true,"href":"https:\/\/verdadeon.com.br\/portal\/wp-json\/wp\/v2\/users\/4"}],"replies":[{"embeddable":true,"href":"https:\/\/verdadeon.com.br\/portal\/wp-json\/wp\/v2\/comments?post=31597"}],"version-history":[{"count":1,"href":"https:\/\/verdadeon.com.br\/portal\/wp-json\/wp\/v2\/posts\/31597\/revisions"}],"predecessor-version":[{"id":31602,"href":"https:\/\/verdadeon.com.br\/portal\/wp-json\/wp\/v2\/posts\/31597\/revisions\/31602"}],"wp:featuredmedia":[{"embeddable":true,"href":"https:\/\/verdadeon.com.br\/portal\/wp-json\/wp\/v2\/media\/31603"}],"wp:attachment":[{"href":"https:\/\/verdadeon.com.br\/portal\/wp-json\/wp\/v2\/media?parent=31597"}],"wp:term":[{"taxonomy":"category","embeddable":true,"href":"https:\/\/verdadeon.com.br\/portal\/wp-json\/wp\/v2\/categories?post=31597"},{"taxonomy":"post_tag","embeddable":true,"href":"https:\/\/verdadeon.com.br\/portal\/wp-json\/wp\/v2\/tags?post=31597"}],"curies":[{"name":"wp","href":"https:\/\/api.w.org\/{rel}","templated":true}]}}