{"id":31437,"date":"2023-01-27T17:06:56","date_gmt":"2023-01-27T20:06:56","guid":{"rendered":"https:\/\/verdadeon.com.br\/portal\/?p=31437"},"modified":"2023-01-27T17:06:56","modified_gmt":"2023-01-27T20:06:56","slug":"sesi-franca-e-flamengo-se-enfrentam-neste-sabado-pela-final-da-copa-super-8-saiba-sobre-a-partida","status":"publish","type":"post","link":"https:\/\/verdadeon.com.br\/portal\/2023\/01\/27\/sesi-franca-e-flamengo-se-enfrentam-neste-sabado-pela-final-da-copa-super-8-saiba-sobre-a-partida\/","title":{"rendered":"Sesi Franca e Flamengo se enfrentam neste s\u00e1bado pela final da Copa Super 8, saiba sobre a partida"},"content":{"rendered":"<h2>O Sesi Franca Basquete enfrenta o Flamengo na final da Copa Super 8, neste s\u00e1bado (28\/01), \u00e0s 15h00, no Gin\u00e1sio Pedroc\u00e3o.<\/h2>\n<p><strong>CONFRONTOS ENTRE SESI FRANCA E FLAMENGO NA COPA SUPER 8<\/strong><\/p>\n<p>Sesi Franca Basquete e Flamengo j\u00e1 se encontraram duas vezes na final do Super 8 e uma vez nas quartas de final. A primeira vez que os times duelaram foi na final de 2018, naquela oportunidade o Sesi Franca conquistou o vice-campeonato contra o Flamengo por 79 x 75, no Gin\u00e1sio Pedroc\u00e3o. A segunda final entre as duas equipes aconteceu em 2020, na Arena Carioca 1, com vit\u00f3ria do Sesi Franca por 77 x 73. Esta ser\u00e1 a terceira final entre os dois times pela Copa Super 8.<\/p>\n<p>Em 2021 o Sesi Franca se classificou em oitavo e enfrentou o Flamengo nas quartas de final e foi superado por 90 x 79.<\/p>\n<p><strong>VELHOS CONHECIDOS<\/strong><\/p>\n<p>Neste s\u00e1bado vamos ter o reencontro de alguns jogadores com seus antigos clubes. David Jackson, ala\/armador do Sesi Franca, j\u00e1 atuou com a camisa do Flamengo na temporada 2011\/12. Enquanto do lado rubro-negro, os piv\u00f4s Rafael Mineiro e Rafael Hettsheimeir, j\u00e1 defenderam a camisa do Sesi Franca na temporada 2017\/18 e 2018\/19, respectivamente. Hettsheimeir foi campe\u00e3o em 2020 com o Sesi Franca Basquete e foi eleito o MVP das finais com 28 pontos e sete rebotes.<\/p>\n<p><strong>EMBATES DE PLAYOFFS PELO NBB<\/strong><\/p>\n<p>Pelos playoffs do NBB (Novo Basquete Brasil), Sesi Franca e Flamengo j\u00e1 duelaram quatro vezes. Duas vezes na semifinal e duas na final. O primeiro encontro na semifinal aconteceu no NBB 2009\/10, com vit\u00f3ria rubro-negra por 3 x 1 na s\u00e9rie melhor de cinco. Na temporada seguinte os times se encontraram novamente na semifinal, agora com vit\u00f3ria francana por 3 x 0.<\/p>\n<p>Pelas finais do NBB os times duelaram pela primeira vez na temporada 2018\/19, com vit\u00f3ria do Flamengo por 3 x 2. Na temporada passada os times se reencontraram na final, com vit\u00f3ria do Sesi Franca por 3 x 1.<\/p>\n<p><strong>RECORDES DO SESI FRANCA NA COPA SUPER 8<\/strong><\/p>\n<p>O Sesi Franca Basquete cont\u00e9m alguns recordes na competi\u00e7\u00e3o, confira alguns deles abaixo:<\/p>\n<ul>\n<li>O Sesi Franca Basquete participou de todas as edi\u00e7\u00f5es da competi\u00e7\u00e3o.<\/li>\n<li>Foi a primeira equipe a classificar para a final do campeonato<\/li>\n<li>Foram 10 jogos pelo torneio, com 815 pontos feitos (m\u00e9dia de 81.5).<\/li>\n<li>A partida em que o time conquistou sua maior pontua\u00e7\u00e3o foi contra o Unifacisa, no dia 04\/01\/2020, a equipe venceu por 91 x 86.<\/li>\n<li>O jogo que o Sesi Franca menos sofreu pontos foi contra Bauru, no dia 21\/01\/2023, no triunfo por 83 x 58.<\/li>\n<li>Lucas Dias \u00e9 o jogador com mais partidas (9), pontos (135) e rebotes (60) com a camisa do Sesi Franca.<\/li>\n<li>David Jackson \u00e9 o jogador com mais assist\u00eancias (30), com a camisa do Sesi Franca Basquete.<\/li>\n<li>Santiago Scala \u00e9 dono da maior pontua\u00e7\u00e3o do SFB em um \u00fanico jogo, na partida contra o Caxias do Sul, no dia 16\/01\/2022, o jogador anotou 30 pontos no jogo. Essa \u00e9 a segunda maior pontua\u00e7\u00e3o de um jogador na hist\u00f3ria da competi\u00e7\u00e3o.<\/li>\n<\/ul>\n<p>&nbsp;<\/p>\n<h2>8 curiosidades sobre o duelo entre Sesi Franca e Flamengo<\/h2>\n<p>Os times j\u00e1 se encontraram algumas vezes pelo campeonato e n\u00f3s separamos oito curiosidades sobre o confronto dos times pelo Super 8. Confira abaixo:<\/p>\n<ol>\n<li>Sesi Franca e Flamengo foram os primeiros finalistas da hist\u00f3ria do Super 8.<\/li>\n<li>Esta ser\u00e1 a terceira final de Super 8 entre os dois times, com um t\u00edtulo para cada lado.<\/li>\n<li>Lucas Dias e David Jackson s\u00e3o os dois \u00fanicos atletas desta final que estiveram nas \u00faltimas duas decis\u00f5es da Copa Super 8 contra o Flamengo. Eles atuaram na final do Super 8 de 2018 e de 2020.<\/li>\n<li>O Sesi Franca foi campe\u00e3o do Super 8 em 2020, contra o Flamengo, no Rio de Janeiro, vencendo o jogo por 77 x 73.<\/li>\n<li>O Gin\u00e1sio Pedroc\u00e3o ser\u00e1 o primeiro a receber duas finais de Super 8.<\/li>\n<li>O Sesi Franca n\u00e3o perde nenhuma final para o Flamengo desde 2019.<\/li>\n<li>Os times protagonizaram a final da \u00faltima temporada do NBB (Novo Basquete Brasil), com vit\u00f3ria do Sesi Franca por 3 x 1 na s\u00e9rie melhor de cinco.<\/li>\n<li>Lucas Dias tem m\u00e9dias de 13.5 pontos, 7.0 rebotes e 2.0 assist\u00eancias em finais de Copa Super 8.<\/li>\n<\/ol>\n<p><strong>VENDA DE INGRESSOS E TRANSMISS\u00c3O<\/strong><\/p>\n<p>Os ingressos para o setor de arquibancada est\u00e3o esgotados. Ainda restam ingressos para o setor de numerada.<\/p>\n<p>Voc\u00ea pode adquirir os ingressos no site da\u00a0<a href=\"https:\/\/quero2ingressos.com.br\/events\/final-super8-sesi-franca-basquete\">www.quero2ingressos.com.br<\/a>\u00a0e nas lojas da MG Sports.<\/p>\n<p>Valores dos ingressos: R$40 para o setor de arquibancada e R$80 para o setor de numerada.<\/p>\n<p>A partida ser\u00e1 transmitida no SporTV, na TV Cultura e no YouTube do NBB.<\/p>\n","protected":false},"excerpt":{"rendered":"<p>O Sesi Franca Basquete enfrenta o Flamengo na final da Copa Super 8, neste s\u00e1bado (28\/01), \u00e0s 15h00, no Gin\u00e1sio Pedroc\u00e3o. CONFRONTOS ENTRE SESI FRANCA E<span class=\"excerpt-hellip\"> [\u2026]<\/span><\/p>\n","protected":false},"author":4,"featured_media":31438,"comment_status":"open","ping_status":"open","sticky":false,"template":"","format":"standard","meta":{"_jetpack_memberships_contains_paid_content":false,"footnotes":"","jetpack_publicize_message":"","jetpack_publicize_feature_enabled":true,"jetpack_social_post_already_shared":false,"jetpack_social_options":{"image_generator_settings":{"template":"highway","default_image_id":0,"enabled":false},"version":2}},"categories":[28,81],"tags":[],"class_list":["post-31437","post","type-post","status-publish","format-standard","has-post-thumbnail","hentry","category-cotidiano","category-manchete"],"yoast_head":"<!-- This site is optimized with the Yoast SEO plugin v25.6 - https:\/\/yoast.com\/wordpress\/plugins\/seo\/ -->\n<title>Sesi Franca e Flamengo se enfrentam neste s\u00e1bado pela final da Copa Super 8, saiba sobre a partida - VerdadeOn<\/title>\n<meta name=\"robots\" content=\"index, follow, max-snippet:-1, max-image-preview:large, max-video-preview:-1\" \/>\n<link rel=\"canonical\" href=\"https:\/\/verdadeon.com.br\/portal\/2023\/01\/27\/sesi-franca-e-flamengo-se-enfrentam-neste-sabado-pela-final-da-copa-super-8-saiba-sobre-a-partida\/\" \/>\n<meta property=\"og:locale\" content=\"pt_BR\" \/>\n<meta property=\"og:type\" content=\"article\" \/>\n<meta property=\"og:title\" content=\"Sesi Franca e Flamengo se enfrentam neste s\u00e1bado pela final da Copa Super 8, saiba sobre a partida - VerdadeOn\" \/>\n<meta property=\"og:description\" content=\"O Sesi Franca Basquete enfrenta o Flamengo na final da Copa Super 8, neste s\u00e1bado (28\/01), \u00e0s 15h00, no Gin\u00e1sio Pedroc\u00e3o. CONFRONTOS ENTRE SESI FRANCA E [\u2026]\" \/>\n<meta property=\"og:url\" content=\"https:\/\/verdadeon.com.br\/portal\/2023\/01\/27\/sesi-franca-e-flamengo-se-enfrentam-neste-sabado-pela-final-da-copa-super-8-saiba-sobre-a-partida\/\" \/>\n<meta property=\"og:site_name\" content=\"VerdadeOn\" \/>\n<meta property=\"article:published_time\" content=\"2023-01-27T20:06:56+00:00\" \/>\n<meta property=\"og:image\" content=\"https:\/\/verdadeon.com.br\/portal\/wp-content\/uploads\/2023\/01\/6fe36-whatsapp-image-2023-01-27-at-162411-1.jpeg\" \/>\n\t<meta property=\"og:image:width\" content=\"1000\" \/>\n\t<meta property=\"og:image:height\" content=\"670\" \/>\n\t<meta property=\"og:image:type\" content=\"image\/jpeg\" \/>\n<meta name=\"author\" content=\"Fernando Calixto\" \/>\n<meta name=\"twitter:card\" content=\"summary_large_image\" \/>\n<meta name=\"twitter:label1\" content=\"Escrito por\" \/>\n\t<meta name=\"twitter:data1\" content=\"Fernando Calixto\" \/>\n\t<meta name=\"twitter:label2\" content=\"Est. tempo de leitura\" \/>\n\t<meta name=\"twitter:data2\" content=\"5 minutos\" \/>\n<script type=\"application\/ld+json\" class=\"yoast-schema-graph\">{\"@context\":\"https:\/\/schema.org\",\"@graph\":[{\"@type\":\"WebPage\",\"@id\":\"https:\/\/verdadeon.com.br\/portal\/2023\/01\/27\/sesi-franca-e-flamengo-se-enfrentam-neste-sabado-pela-final-da-copa-super-8-saiba-sobre-a-partida\/\",\"url\":\"https:\/\/verdadeon.com.br\/portal\/2023\/01\/27\/sesi-franca-e-flamengo-se-enfrentam-neste-sabado-pela-final-da-copa-super-8-saiba-sobre-a-partida\/\",\"name\":\"Sesi Franca e Flamengo se enfrentam neste s\u00e1bado pela final da Copa Super 8, saiba sobre a partida - VerdadeOn\",\"isPartOf\":{\"@id\":\"https:\/\/verdadeon.com.br\/portal\/#website\"},\"primaryImageOfPage\":{\"@id\":\"https:\/\/verdadeon.com.br\/portal\/2023\/01\/27\/sesi-franca-e-flamengo-se-enfrentam-neste-sabado-pela-final-da-copa-super-8-saiba-sobre-a-partida\/#primaryimage\"},\"image\":{\"@id\":\"https:\/\/verdadeon.com.br\/portal\/2023\/01\/27\/sesi-franca-e-flamengo-se-enfrentam-neste-sabado-pela-final-da-copa-super-8-saiba-sobre-a-partida\/#primaryimage\"},\"thumbnailUrl\":\"https:\/\/i0.wp.com\/verdadeon.com.br\/portal\/wp-content\/uploads\/2023\/01\/6fe36-whatsapp-image-2023-01-27-at-162411-1.jpeg?fit=1000%2C670&ssl=1\",\"datePublished\":\"2023-01-27T20:06:56+00:00\",\"author\":{\"@id\":\"https:\/\/verdadeon.com.br\/portal\/#\/schema\/person\/8994718f49ee62ba5610471e29ca1f62\"},\"breadcrumb\":{\"@id\":\"https:\/\/verdadeon.com.br\/portal\/2023\/01\/27\/sesi-franca-e-flamengo-se-enfrentam-neste-sabado-pela-final-da-copa-super-8-saiba-sobre-a-partida\/#breadcrumb\"},\"inLanguage\":\"pt-BR\",\"potentialAction\":[{\"@type\":\"ReadAction\",\"target\":[\"https:\/\/verdadeon.com.br\/portal\/2023\/01\/27\/sesi-franca-e-flamengo-se-enfrentam-neste-sabado-pela-final-da-copa-super-8-saiba-sobre-a-partida\/\"]}]},{\"@type\":\"ImageObject\",\"inLanguage\":\"pt-BR\",\"@id\":\"https:\/\/verdadeon.com.br\/portal\/2023\/01\/27\/sesi-franca-e-flamengo-se-enfrentam-neste-sabado-pela-final-da-copa-super-8-saiba-sobre-a-partida\/#primaryimage\",\"url\":\"https:\/\/i0.wp.com\/verdadeon.com.br\/portal\/wp-content\/uploads\/2023\/01\/6fe36-whatsapp-image-2023-01-27-at-162411-1.jpeg?fit=1000%2C670&ssl=1\",\"contentUrl\":\"https:\/\/i0.wp.com\/verdadeon.com.br\/portal\/wp-content\/uploads\/2023\/01\/6fe36-whatsapp-image-2023-01-27-at-162411-1.jpeg?fit=1000%2C670&ssl=1\",\"width\":1000,\"height\":670},{\"@type\":\"BreadcrumbList\",\"@id\":\"https:\/\/verdadeon.com.br\/portal\/2023\/01\/27\/sesi-franca-e-flamengo-se-enfrentam-neste-sabado-pela-final-da-copa-super-8-saiba-sobre-a-partida\/#breadcrumb\",\"itemListElement\":[{\"@type\":\"ListItem\",\"position\":1,\"name\":\"In\u00edcio\",\"item\":\"https:\/\/verdadeon.com.br\/portal\/\"},{\"@type\":\"ListItem\",\"position\":2,\"name\":\"Sesi Franca e Flamengo se enfrentam neste s\u00e1bado pela final da Copa Super 8, saiba sobre a partida\"}]},{\"@type\":\"WebSite\",\"@id\":\"https:\/\/verdadeon.com.br\/portal\/#website\",\"url\":\"https:\/\/verdadeon.com.br\/portal\/\",\"name\":\"VerdadeOn\",\"description\":\"Not\u00edcias di\u00e1rias sobre Franca, Regi\u00e3o, Esporte, Cultura, Cotidiano, Colunas. Cobertura nos principais eventos da cidade \u00e9 aqui - Verdadeon Franca\",\"potentialAction\":[{\"@type\":\"SearchAction\",\"target\":{\"@type\":\"EntryPoint\",\"urlTemplate\":\"https:\/\/verdadeon.com.br\/portal\/?s={search_term_string}\"},\"query-input\":{\"@type\":\"PropertyValueSpecification\",\"valueRequired\":true,\"valueName\":\"search_term_string\"}}],\"inLanguage\":\"pt-BR\"},{\"@type\":\"Person\",\"@id\":\"https:\/\/verdadeon.com.br\/portal\/#\/schema\/person\/8994718f49ee62ba5610471e29ca1f62\",\"name\":\"Fernando Calixto\",\"image\":{\"@type\":\"ImageObject\",\"inLanguage\":\"pt-BR\",\"@id\":\"https:\/\/verdadeon.com.br\/portal\/#\/schema\/person\/image\/\",\"url\":\"https:\/\/secure.gravatar.com\/avatar\/7578910c24966c0316c340f9dbd601e93ee9f9212e1033968b367af9306bd9fb?s=96&d=mm&r=g\",\"contentUrl\":\"https:\/\/secure.gravatar.com\/avatar\/7578910c24966c0316c340f9dbd601e93ee9f9212e1033968b367af9306bd9fb?s=96&d=mm&r=g\",\"caption\":\"Fernando Calixto\"},\"url\":\"https:\/\/verdadeon.com.br\/portal\/author\/fernando-calixto\/\"}]}<\/script>\n<!-- \/ Yoast SEO plugin. -->","yoast_head_json":{"title":"Sesi Franca e Flamengo se enfrentam neste s\u00e1bado pela final da Copa Super 8, saiba sobre a partida - VerdadeOn","robots":{"index":"index","follow":"follow","max-snippet":"max-snippet:-1","max-image-preview":"max-image-preview:large","max-video-preview":"max-video-preview:-1"},"canonical":"https:\/\/verdadeon.com.br\/portal\/2023\/01\/27\/sesi-franca-e-flamengo-se-enfrentam-neste-sabado-pela-final-da-copa-super-8-saiba-sobre-a-partida\/","og_locale":"pt_BR","og_type":"article","og_title":"Sesi Franca e Flamengo se enfrentam neste s\u00e1bado pela final da Copa Super 8, saiba sobre a partida - VerdadeOn","og_description":"O Sesi Franca Basquete enfrenta o Flamengo na final da Copa Super 8, neste s\u00e1bado (28\/01), \u00e0s 15h00, no Gin\u00e1sio Pedroc\u00e3o. CONFRONTOS ENTRE SESI FRANCA E [\u2026]","og_url":"https:\/\/verdadeon.com.br\/portal\/2023\/01\/27\/sesi-franca-e-flamengo-se-enfrentam-neste-sabado-pela-final-da-copa-super-8-saiba-sobre-a-partida\/","og_site_name":"VerdadeOn","article_published_time":"2023-01-27T20:06:56+00:00","og_image":[{"width":1000,"height":670,"url":"https:\/\/verdadeon.com.br\/portal\/wp-content\/uploads\/2023\/01\/6fe36-whatsapp-image-2023-01-27-at-162411-1.jpeg","type":"image\/jpeg"}],"author":"Fernando Calixto","twitter_card":"summary_large_image","twitter_misc":{"Escrito por":"Fernando Calixto","Est. tempo de leitura":"5 minutos"},"schema":{"@context":"https:\/\/schema.org","@graph":[{"@type":"WebPage","@id":"https:\/\/verdadeon.com.br\/portal\/2023\/01\/27\/sesi-franca-e-flamengo-se-enfrentam-neste-sabado-pela-final-da-copa-super-8-saiba-sobre-a-partida\/","url":"https:\/\/verdadeon.com.br\/portal\/2023\/01\/27\/sesi-franca-e-flamengo-se-enfrentam-neste-sabado-pela-final-da-copa-super-8-saiba-sobre-a-partida\/","name":"Sesi Franca e Flamengo se enfrentam neste s\u00e1bado pela final da Copa Super 8, saiba sobre a partida - VerdadeOn","isPartOf":{"@id":"https:\/\/verdadeon.com.br\/portal\/#website"},"primaryImageOfPage":{"@id":"https:\/\/verdadeon.com.br\/portal\/2023\/01\/27\/sesi-franca-e-flamengo-se-enfrentam-neste-sabado-pela-final-da-copa-super-8-saiba-sobre-a-partida\/#primaryimage"},"image":{"@id":"https:\/\/verdadeon.com.br\/portal\/2023\/01\/27\/sesi-franca-e-flamengo-se-enfrentam-neste-sabado-pela-final-da-copa-super-8-saiba-sobre-a-partida\/#primaryimage"},"thumbnailUrl":"https:\/\/i0.wp.com\/verdadeon.com.br\/portal\/wp-content\/uploads\/2023\/01\/6fe36-whatsapp-image-2023-01-27-at-162411-1.jpeg?fit=1000%2C670&ssl=1","datePublished":"2023-01-27T20:06:56+00:00","author":{"@id":"https:\/\/verdadeon.com.br\/portal\/#\/schema\/person\/8994718f49ee62ba5610471e29ca1f62"},"breadcrumb":{"@id":"https:\/\/verdadeon.com.br\/portal\/2023\/01\/27\/sesi-franca-e-flamengo-se-enfrentam-neste-sabado-pela-final-da-copa-super-8-saiba-sobre-a-partida\/#breadcrumb"},"inLanguage":"pt-BR","potentialAction":[{"@type":"ReadAction","target":["https:\/\/verdadeon.com.br\/portal\/2023\/01\/27\/sesi-franca-e-flamengo-se-enfrentam-neste-sabado-pela-final-da-copa-super-8-saiba-sobre-a-partida\/"]}]},{"@type":"ImageObject","inLanguage":"pt-BR","@id":"https:\/\/verdadeon.com.br\/portal\/2023\/01\/27\/sesi-franca-e-flamengo-se-enfrentam-neste-sabado-pela-final-da-copa-super-8-saiba-sobre-a-partida\/#primaryimage","url":"https:\/\/i0.wp.com\/verdadeon.com.br\/portal\/wp-content\/uploads\/2023\/01\/6fe36-whatsapp-image-2023-01-27-at-162411-1.jpeg?fit=1000%2C670&ssl=1","contentUrl":"https:\/\/i0.wp.com\/verdadeon.com.br\/portal\/wp-content\/uploads\/2023\/01\/6fe36-whatsapp-image-2023-01-27-at-162411-1.jpeg?fit=1000%2C670&ssl=1","width":1000,"height":670},{"@type":"BreadcrumbList","@id":"https:\/\/verdadeon.com.br\/portal\/2023\/01\/27\/sesi-franca-e-flamengo-se-enfrentam-neste-sabado-pela-final-da-copa-super-8-saiba-sobre-a-partida\/#breadcrumb","itemListElement":[{"@type":"ListItem","position":1,"name":"In\u00edcio","item":"https:\/\/verdadeon.com.br\/portal\/"},{"@type":"ListItem","position":2,"name":"Sesi Franca e Flamengo se enfrentam neste s\u00e1bado pela final da Copa Super 8, saiba sobre a partida"}]},{"@type":"WebSite","@id":"https:\/\/verdadeon.com.br\/portal\/#website","url":"https:\/\/verdadeon.com.br\/portal\/","name":"VerdadeOn","description":"Not\u00edcias di\u00e1rias sobre Franca, Regi\u00e3o, Esporte, Cultura, Cotidiano, Colunas. Cobertura nos principais eventos da cidade \u00e9 aqui - Verdadeon Franca","potentialAction":[{"@type":"SearchAction","target":{"@type":"EntryPoint","urlTemplate":"https:\/\/verdadeon.com.br\/portal\/?s={search_term_string}"},"query-input":{"@type":"PropertyValueSpecification","valueRequired":true,"valueName":"search_term_string"}}],"inLanguage":"pt-BR"},{"@type":"Person","@id":"https:\/\/verdadeon.com.br\/portal\/#\/schema\/person\/8994718f49ee62ba5610471e29ca1f62","name":"Fernando Calixto","image":{"@type":"ImageObject","inLanguage":"pt-BR","@id":"https:\/\/verdadeon.com.br\/portal\/#\/schema\/person\/image\/","url":"https:\/\/secure.gravatar.com\/avatar\/7578910c24966c0316c340f9dbd601e93ee9f9212e1033968b367af9306bd9fb?s=96&d=mm&r=g","contentUrl":"https:\/\/secure.gravatar.com\/avatar\/7578910c24966c0316c340f9dbd601e93ee9f9212e1033968b367af9306bd9fb?s=96&d=mm&r=g","caption":"Fernando Calixto"},"url":"https:\/\/verdadeon.com.br\/portal\/author\/fernando-calixto\/"}]}},"jetpack_publicize_connections":[],"jetpack_featured_media_url":"https:\/\/i0.wp.com\/verdadeon.com.br\/portal\/wp-content\/uploads\/2023\/01\/6fe36-whatsapp-image-2023-01-27-at-162411-1.jpeg?fit=1000%2C670&ssl=1","jetpack_sharing_enabled":true,"_links":{"self":[{"href":"https:\/\/verdadeon.com.br\/portal\/wp-json\/wp\/v2\/posts\/31437","targetHints":{"allow":["GET"]}}],"collection":[{"href":"https:\/\/verdadeon.com.br\/portal\/wp-json\/wp\/v2\/posts"}],"about":[{"href":"https:\/\/verdadeon.com.br\/portal\/wp-json\/wp\/v2\/types\/post"}],"author":[{"embeddable":true,"href":"https:\/\/verdadeon.com.br\/portal\/wp-json\/wp\/v2\/users\/4"}],"replies":[{"embeddable":true,"href":"https:\/\/verdadeon.com.br\/portal\/wp-json\/wp\/v2\/comments?post=31437"}],"version-history":[{"count":1,"href":"https:\/\/verdadeon.com.br\/portal\/wp-json\/wp\/v2\/posts\/31437\/revisions"}],"predecessor-version":[{"id":31439,"href":"https:\/\/verdadeon.com.br\/portal\/wp-json\/wp\/v2\/posts\/31437\/revisions\/31439"}],"wp:featuredmedia":[{"embeddable":true,"href":"https:\/\/verdadeon.com.br\/portal\/wp-json\/wp\/v2\/media\/31438"}],"wp:attachment":[{"href":"https:\/\/verdadeon.com.br\/portal\/wp-json\/wp\/v2\/media?parent=31437"}],"wp:term":[{"taxonomy":"category","embeddable":true,"href":"https:\/\/verdadeon.com.br\/portal\/wp-json\/wp\/v2\/categories?post=31437"},{"taxonomy":"post_tag","embeddable":true,"href":"https:\/\/verdadeon.com.br\/portal\/wp-json\/wp\/v2\/tags?post=31437"}],"curies":[{"name":"wp","href":"https:\/\/api.w.org\/{rel}","templated":true}]}}