{"id":31413,"date":"2023-01-27T10:49:54","date_gmt":"2023-01-27T13:49:54","guid":{"rendered":"https:\/\/verdadeon.com.br\/portal\/?p=31413"},"modified":"2023-01-27T10:49:54","modified_gmt":"2023-01-27T13:49:54","slug":"falta-de-informacao-leva-transexuais-a-automedicacao-diz-medica","status":"publish","type":"post","link":"https:\/\/verdadeon.com.br\/portal\/2023\/01\/27\/falta-de-informacao-leva-transexuais-a-automedicacao-diz-medica\/","title":{"rendered":"Falta de informa\u00e7\u00e3o leva transexuais \u00e0 automedica\u00e7\u00e3o, diz m\u00e9dica"},"content":{"rendered":"<div class=\"col-lg-12 mb-3\">\n<div class=\"row\">\n<h3 class=\"col-10 offset-1 animated fadeInDown dealy-900 display-8 display-md-8 alt-font font-italic my-1 text-center\">A espera por procedimentos pode chegar a 10 anos<\/h3>\n<\/div>\n<\/div>\n<div class=\"col-xl-7 offset-xl-1 col-lg-8 offset-lg-0 col-md-10 offset-md-1 mb-3\">\n<div class=\"post-item alt-font\">\n<div class=\"post-item-wrap\">\n<p>Para orientar profissionais de sa\u00fade e evitar o uso de medicamentos sem orienta\u00e7\u00e3o, a Sociedade Brasileira de Endocrinologia e Metabologia (SBEM) disponibiliza um<a href=\"https:\/\/www.endocrino.org.br\/noticias\/29-de-janeiro-dia-da-visibilidade-trans-e-o-acesso-integral-a-saude-da-populacao-trans\/\" target=\"_blank\" rel=\"noopener\">\u00a0guia<\/a>\u00a0com as unidades de sa\u00fade no Brasil especializadas no atendimento da popula\u00e7\u00e3o transexual e travesti. Desde agosto de 2008, o Sistema \u00danico de Sa\u00fade brasileiro prev\u00ea a oferta de procedimentos \u00e0 pessoa trans, como a terapia hormonal para afirma\u00e7\u00e3o do g\u00eanero e cirurgias de redesigna\u00e7\u00e3o sexual. Por\u00e9m, segundo a diretora da SBEM, Karen de Marca, h\u00e1 pouca divulga\u00e7\u00e3o sobre o tema, o que gera desconhecimento por parte de quem poderia se beneficiar e\u00a0pode levar a situa\u00e7\u00f5es de risco \u00e0 sa\u00fade da popula\u00e7\u00e3o trans.<img data-recalc-dims=\"1\" decoding=\"async\" src=\"https:\/\/i0.wp.com\/agenciabrasil.ebc.com.br\/ebc.png?w=1220&#038;ssl=1\" \/><img data-recalc-dims=\"1\" decoding=\"async\" src=\"https:\/\/i0.wp.com\/agenciabrasil.ebc.com.br\/ebc.gif?w=1220&#038;ssl=1\" \/><\/p>\n<p>&#8220;N\u00e3o saber como \u00e9 o caminho faz com que pessoas acabem utilizando medica\u00e7\u00f5es por conta pr\u00f3pria. A maioria aprende com outros usu\u00e1rios. O que eles me dizem \u00e9: &#8216;entrei no site, entrei no YouTube, entrei no Instagram e tinha uma pessoa falando como usava e eu usei&#8221;, relata a m\u00e9dica. &#8220;Os riscos s\u00e3o as complica\u00e7\u00f5es com altas doses, pessoas com trombose, com infarto do mioc\u00e1rdio, complica\u00e7\u00f5es hep\u00e1ticas e complica\u00e7\u00f5es nos procedimentos est\u00e9ticos, que causam necroses&#8221;, acrescenta a endocrinologista, que coordena o Ambulat\u00f3rio Multiprofissional de Identidade de G\u00eanero (AMIG) do Instituto Estadual de Diabetes e Endocrinologia Luiz Capriglione (IEDE) da Secretaria de Estado de Sa\u00fade do Rio de Janeiro.<\/p>\n<p>Ela conta que \u00e9 comum pacientes buscarem medica\u00e7\u00f5es por conta pr\u00f3pria ou mal orientados ao se depararem com a desinforma\u00e7\u00e3o ou com o excesso de demora para conseguir acessar a terapia.<\/p>\n<p>&#8220;Fazer no particular \u00e9 caro, porque tem que fazer a medica\u00e7\u00e3o, tem que fazer muitas consultas. E a maior parte dessas pessoas teve muita dificuldade de se incluir socialmente, terminar os estudos, conseguir ascender profissionalmente, ter recursos para pagar uma consulta particular, e muitos n\u00e3o t\u00eam plano de sa\u00fade. Ent\u00e3o, o tratamento fica muito caro e eles t\u00eam que ir para a fila do SUS. E a fila do SUS \u00e9 muito grande, o que acaba fazendo com que busquem tratamento n\u00e3o reconhecidos e n\u00e3o orientados\u201d.<\/p>\n<p>Segundo a m\u00e9dica, a espera pela\u00a0redesigna\u00e7\u00e3o sexual pode levar at\u00e9 10 anos em raz\u00e3o dos gargalos na oferta da terapia em algumas localidades. A endocrinologista defende que haja investimentos para valorizar esse tipo de atendimento e atrair mais especialistas\u00a0para a \u00e1rea.<\/p>\n<p>O guia, divulgado nesta semana, tem como base informa\u00e7\u00f5es da Associa\u00e7\u00e3o Nacional de Travestis e Transexuais (ANTRA) e da empresa ASA Sa\u00fade Educacional, que, por sua vez, tamb\u00e9m recomenda o<a href=\"https:\/\/www.abglt.org\/mapa-da-cidadania\" target=\"_blank\" rel=\"noopener\">\u00a0<\/a><a href=\"https:\/\/www.abglt.org\/mapa-da-cidadania)\" target=\"_blank\" rel=\"noopener\">Mapa da Cidadania<\/a>\u00a0da Associa\u00e7\u00e3o Brasileira de L\u00e9sbicas, Gays, Bissexuais, Travestis, Transexuais e Intersexos (ABGLT).<\/p>\n<p>Em campanha lan\u00e7ada na \u00faltima quarta-feira (25) para celebrar o Dia da Visibilidade Trans, a ser comemorado no dia 29 de janeiro, a SBEM pretende sensibilizar os especialistas sobre a relev\u00e2ncia no cuidado \u00e0s pessoas trans e levar a essa popula\u00e7\u00e3o informa\u00e7\u00f5es sobre como acessar a terapia hormonal para a transi\u00e7\u00e3o de g\u00eanero.<\/p>\n<p>&#8220;Falta um portal oficial que diz exatamente o que tem que ser feito se voc\u00ea mora em tal regi\u00e3o, para qual telefone voc\u00ea pode ligar. Isso vale para o usu\u00e1rio e para o profissional de sa\u00fade, porque a maioria dos profissionais de sa\u00fade n\u00e3o presta esse tipo de assist\u00eancia&#8221;, diz Karen de Marca. &#8220;A gente recebe muitas mensagens de pessoas muito perdidas e sem saber como fazer&#8221;.<\/p>\n<p><strong>Atendimento no SUS<\/strong><\/p>\n<p>Desde agosto de 2008, o Sistema \u00danico de Sa\u00fade brasileiro prev\u00ea a oferta \u00e0 pessoa trans de procedimentos como a terapia hormonal para afirma\u00e7\u00e3o do g\u00eanero, cirurgias de redesigna\u00e7\u00e3o sexual e acompanhamento multiprofissional, incluindo m\u00e9dicos e outros profissionais da sa\u00fade, como psic\u00f3logos e assistente social.<\/p>\n<p>Em um primeiro momento, o tratamento chegou a ser previsto apenas para mulheres em transi\u00e7\u00e3o de g\u00eanero, mas, desde novembro de 2013, passou a contemplar tamb\u00e9m os homens que desejam realizar o processo.<\/p>\n<p>A idade m\u00ednima para se ter acesso ao acompanhamento ambulatorial no SUS, com processo terap\u00eautico e de hormoniza\u00e7\u00e3o, \u00e9 de 18 anos. J\u00e1 cirurgias de redesigna\u00e7\u00e3o sexual s\u00e3o previstas apenas para maiores de 21 anos.<\/p>\n<p>J\u00e1 na rede privada e suplementar, a Resolu\u00e7\u00e3o 2265\/2019, do Conselho Federal de Medicina, prev\u00ea a possibilidade de que a terapia hormonal para afirma\u00e7\u00e3o do g\u00eanero seja iniciada aos 16 anos. J\u00e1 a terapia de bloqueio hormonal pode ser feita a partir da puberdade, desde que com autoriza\u00e7\u00e3o do respons\u00e1vel legal e da equipe m\u00e9dica que far\u00e1 o acompanhamento.<\/p>\n<p>O caminho para chegar aos centros especializados de atendimento do SUS \u00e9 procurar uma cl\u00ednica da fam\u00edlia ou a Secretaria de Sa\u00fade de cada munic\u00edpio, explica Karen de Marca. \u201cA pessoa precisa ser avaliada por um m\u00e9dico, enfermeiro ou um profissional da sa\u00fade mental que d\u00ea um encaminhamento dizendo que ela deseja fazer adequa\u00e7\u00e3o de g\u00eanero. E vale ressaltar que para passar por essa transi\u00e7\u00e3o de g\u00eanero n\u00e3o necessariamente \u00e9 obrigat\u00f3rio fazer a cirurgia ou terapia hormonal, mas \u00e9 necess\u00e1ria uma rede de cuidados\u201d, acrescenta.<\/p>\n<\/div>\n<\/div>\n<\/div>\n","protected":false},"excerpt":{"rendered":"<p>A espera por procedimentos pode chegar a 10 anos Para orientar profissionais de sa\u00fade e evitar o uso de medicamentos sem orienta\u00e7\u00e3o, a Sociedade Brasileira de<span class=\"excerpt-hellip\"> [\u2026]<\/span><\/p>\n","protected":false},"author":4,"featured_media":31419,"comment_status":"open","ping_status":"open","sticky":false,"template":"","format":"standard","meta":{"_jetpack_memberships_contains_paid_content":false,"footnotes":"","jetpack_publicize_message":"","jetpack_publicize_feature_enabled":true,"jetpack_social_post_already_shared":false,"jetpack_social_options":{"image_generator_settings":{"template":"highway","default_image_id":0,"enabled":false},"version":2}},"categories":[28,44],"tags":[],"class_list":["post-31413","post","type-post","status-publish","format-standard","has-post-thumbnail","hentry","category-cotidiano","category-noticias"],"yoast_head":"<!-- This site is optimized with the Yoast SEO plugin v25.6 - https:\/\/yoast.com\/wordpress\/plugins\/seo\/ -->\n<title>Falta de informa\u00e7\u00e3o leva transexuais \u00e0 automedica\u00e7\u00e3o, diz m\u00e9dica - VerdadeOn<\/title>\n<meta name=\"robots\" content=\"index, follow, max-snippet:-1, max-image-preview:large, max-video-preview:-1\" \/>\n<link rel=\"canonical\" href=\"https:\/\/verdadeon.com.br\/portal\/2023\/01\/27\/falta-de-informacao-leva-transexuais-a-automedicacao-diz-medica\/\" \/>\n<meta property=\"og:locale\" content=\"pt_BR\" \/>\n<meta property=\"og:type\" content=\"article\" \/>\n<meta property=\"og:title\" content=\"Falta de informa\u00e7\u00e3o leva transexuais \u00e0 automedica\u00e7\u00e3o, diz m\u00e9dica - VerdadeOn\" \/>\n<meta property=\"og:description\" content=\"A espera por procedimentos pode chegar a 10 anos Para orientar profissionais de sa\u00fade e evitar o uso de medicamentos sem orienta\u00e7\u00e3o, a Sociedade Brasileira de [\u2026]\" \/>\n<meta property=\"og:url\" content=\"https:\/\/verdadeon.com.br\/portal\/2023\/01\/27\/falta-de-informacao-leva-transexuais-a-automedicacao-diz-medica\/\" \/>\n<meta property=\"og:site_name\" content=\"VerdadeOn\" \/>\n<meta property=\"article:published_time\" content=\"2023-01-27T13:49:54+00:00\" \/>\n<meta property=\"og:image\" content=\"https:\/\/verdadeon.com.br\/portal\/wp-content\/uploads\/2023\/01\/remedios_agencia_brasil.jpg\" \/>\n\t<meta property=\"og:image:width\" content=\"1000\" \/>\n\t<meta property=\"og:image:height\" content=\"670\" \/>\n\t<meta property=\"og:image:type\" content=\"image\/jpeg\" \/>\n<meta name=\"author\" content=\"Fernando Calixto\" \/>\n<meta name=\"twitter:card\" content=\"summary_large_image\" \/>\n<meta name=\"twitter:label1\" content=\"Escrito por\" \/>\n\t<meta name=\"twitter:data1\" content=\"Fernando Calixto\" \/>\n\t<meta name=\"twitter:label2\" content=\"Est. tempo de leitura\" \/>\n\t<meta name=\"twitter:data2\" content=\"5 minutos\" \/>\n<script type=\"application\/ld+json\" class=\"yoast-schema-graph\">{\"@context\":\"https:\/\/schema.org\",\"@graph\":[{\"@type\":\"WebPage\",\"@id\":\"https:\/\/verdadeon.com.br\/portal\/2023\/01\/27\/falta-de-informacao-leva-transexuais-a-automedicacao-diz-medica\/\",\"url\":\"https:\/\/verdadeon.com.br\/portal\/2023\/01\/27\/falta-de-informacao-leva-transexuais-a-automedicacao-diz-medica\/\",\"name\":\"Falta de informa\u00e7\u00e3o leva transexuais \u00e0 automedica\u00e7\u00e3o, diz m\u00e9dica - VerdadeOn\",\"isPartOf\":{\"@id\":\"https:\/\/verdadeon.com.br\/portal\/#website\"},\"primaryImageOfPage\":{\"@id\":\"https:\/\/verdadeon.com.br\/portal\/2023\/01\/27\/falta-de-informacao-leva-transexuais-a-automedicacao-diz-medica\/#primaryimage\"},\"image\":{\"@id\":\"https:\/\/verdadeon.com.br\/portal\/2023\/01\/27\/falta-de-informacao-leva-transexuais-a-automedicacao-diz-medica\/#primaryimage\"},\"thumbnailUrl\":\"https:\/\/i0.wp.com\/verdadeon.com.br\/portal\/wp-content\/uploads\/2023\/01\/remedios_agencia_brasil.jpg?fit=1000%2C670&ssl=1\",\"datePublished\":\"2023-01-27T13:49:54+00:00\",\"author\":{\"@id\":\"https:\/\/verdadeon.com.br\/portal\/#\/schema\/person\/8994718f49ee62ba5610471e29ca1f62\"},\"breadcrumb\":{\"@id\":\"https:\/\/verdadeon.com.br\/portal\/2023\/01\/27\/falta-de-informacao-leva-transexuais-a-automedicacao-diz-medica\/#breadcrumb\"},\"inLanguage\":\"pt-BR\",\"potentialAction\":[{\"@type\":\"ReadAction\",\"target\":[\"https:\/\/verdadeon.com.br\/portal\/2023\/01\/27\/falta-de-informacao-leva-transexuais-a-automedicacao-diz-medica\/\"]}]},{\"@type\":\"ImageObject\",\"inLanguage\":\"pt-BR\",\"@id\":\"https:\/\/verdadeon.com.br\/portal\/2023\/01\/27\/falta-de-informacao-leva-transexuais-a-automedicacao-diz-medica\/#primaryimage\",\"url\":\"https:\/\/i0.wp.com\/verdadeon.com.br\/portal\/wp-content\/uploads\/2023\/01\/remedios_agencia_brasil.jpg?fit=1000%2C670&ssl=1\",\"contentUrl\":\"https:\/\/i0.wp.com\/verdadeon.com.br\/portal\/wp-content\/uploads\/2023\/01\/remedios_agencia_brasil.jpg?fit=1000%2C670&ssl=1\",\"width\":1000,\"height\":670,\"caption\":\"O Sistema \u00danico de Sa\u00fade brasileiro prev\u00ea a oferta de procedimentos \u00e0 pessoa trans, como a terapia hormonal para afirma\u00e7\u00e3o do g\u00eanero e cirurgias de redesigna\u00e7\u00e3o sexual\"},{\"@type\":\"BreadcrumbList\",\"@id\":\"https:\/\/verdadeon.com.br\/portal\/2023\/01\/27\/falta-de-informacao-leva-transexuais-a-automedicacao-diz-medica\/#breadcrumb\",\"itemListElement\":[{\"@type\":\"ListItem\",\"position\":1,\"name\":\"In\u00edcio\",\"item\":\"https:\/\/verdadeon.com.br\/portal\/\"},{\"@type\":\"ListItem\",\"position\":2,\"name\":\"Falta de informa\u00e7\u00e3o leva transexuais \u00e0 automedica\u00e7\u00e3o, diz m\u00e9dica\"}]},{\"@type\":\"WebSite\",\"@id\":\"https:\/\/verdadeon.com.br\/portal\/#website\",\"url\":\"https:\/\/verdadeon.com.br\/portal\/\",\"name\":\"VerdadeOn\",\"description\":\"Not\u00edcias di\u00e1rias sobre Franca, Regi\u00e3o, Esporte, Cultura, Cotidiano, Colunas. Cobertura nos principais eventos da cidade \u00e9 aqui - Verdadeon Franca\",\"potentialAction\":[{\"@type\":\"SearchAction\",\"target\":{\"@type\":\"EntryPoint\",\"urlTemplate\":\"https:\/\/verdadeon.com.br\/portal\/?s={search_term_string}\"},\"query-input\":{\"@type\":\"PropertyValueSpecification\",\"valueRequired\":true,\"valueName\":\"search_term_string\"}}],\"inLanguage\":\"pt-BR\"},{\"@type\":\"Person\",\"@id\":\"https:\/\/verdadeon.com.br\/portal\/#\/schema\/person\/8994718f49ee62ba5610471e29ca1f62\",\"name\":\"Fernando Calixto\",\"image\":{\"@type\":\"ImageObject\",\"inLanguage\":\"pt-BR\",\"@id\":\"https:\/\/verdadeon.com.br\/portal\/#\/schema\/person\/image\/\",\"url\":\"https:\/\/secure.gravatar.com\/avatar\/7578910c24966c0316c340f9dbd601e93ee9f9212e1033968b367af9306bd9fb?s=96&d=mm&r=g\",\"contentUrl\":\"https:\/\/secure.gravatar.com\/avatar\/7578910c24966c0316c340f9dbd601e93ee9f9212e1033968b367af9306bd9fb?s=96&d=mm&r=g\",\"caption\":\"Fernando Calixto\"},\"url\":\"https:\/\/verdadeon.com.br\/portal\/author\/fernando-calixto\/\"}]}<\/script>\n<!-- \/ Yoast SEO plugin. -->","yoast_head_json":{"title":"Falta de informa\u00e7\u00e3o leva transexuais \u00e0 automedica\u00e7\u00e3o, diz m\u00e9dica - VerdadeOn","robots":{"index":"index","follow":"follow","max-snippet":"max-snippet:-1","max-image-preview":"max-image-preview:large","max-video-preview":"max-video-preview:-1"},"canonical":"https:\/\/verdadeon.com.br\/portal\/2023\/01\/27\/falta-de-informacao-leva-transexuais-a-automedicacao-diz-medica\/","og_locale":"pt_BR","og_type":"article","og_title":"Falta de informa\u00e7\u00e3o leva transexuais \u00e0 automedica\u00e7\u00e3o, diz m\u00e9dica - VerdadeOn","og_description":"A espera por procedimentos pode chegar a 10 anos Para orientar profissionais de sa\u00fade e evitar o uso de medicamentos sem orienta\u00e7\u00e3o, a Sociedade Brasileira de [\u2026]","og_url":"https:\/\/verdadeon.com.br\/portal\/2023\/01\/27\/falta-de-informacao-leva-transexuais-a-automedicacao-diz-medica\/","og_site_name":"VerdadeOn","article_published_time":"2023-01-27T13:49:54+00:00","og_image":[{"width":1000,"height":670,"url":"https:\/\/verdadeon.com.br\/portal\/wp-content\/uploads\/2023\/01\/remedios_agencia_brasil.jpg","type":"image\/jpeg"}],"author":"Fernando Calixto","twitter_card":"summary_large_image","twitter_misc":{"Escrito por":"Fernando Calixto","Est. tempo de leitura":"5 minutos"},"schema":{"@context":"https:\/\/schema.org","@graph":[{"@type":"WebPage","@id":"https:\/\/verdadeon.com.br\/portal\/2023\/01\/27\/falta-de-informacao-leva-transexuais-a-automedicacao-diz-medica\/","url":"https:\/\/verdadeon.com.br\/portal\/2023\/01\/27\/falta-de-informacao-leva-transexuais-a-automedicacao-diz-medica\/","name":"Falta de informa\u00e7\u00e3o leva transexuais \u00e0 automedica\u00e7\u00e3o, diz m\u00e9dica - VerdadeOn","isPartOf":{"@id":"https:\/\/verdadeon.com.br\/portal\/#website"},"primaryImageOfPage":{"@id":"https:\/\/verdadeon.com.br\/portal\/2023\/01\/27\/falta-de-informacao-leva-transexuais-a-automedicacao-diz-medica\/#primaryimage"},"image":{"@id":"https:\/\/verdadeon.com.br\/portal\/2023\/01\/27\/falta-de-informacao-leva-transexuais-a-automedicacao-diz-medica\/#primaryimage"},"thumbnailUrl":"https:\/\/i0.wp.com\/verdadeon.com.br\/portal\/wp-content\/uploads\/2023\/01\/remedios_agencia_brasil.jpg?fit=1000%2C670&ssl=1","datePublished":"2023-01-27T13:49:54+00:00","author":{"@id":"https:\/\/verdadeon.com.br\/portal\/#\/schema\/person\/8994718f49ee62ba5610471e29ca1f62"},"breadcrumb":{"@id":"https:\/\/verdadeon.com.br\/portal\/2023\/01\/27\/falta-de-informacao-leva-transexuais-a-automedicacao-diz-medica\/#breadcrumb"},"inLanguage":"pt-BR","potentialAction":[{"@type":"ReadAction","target":["https:\/\/verdadeon.com.br\/portal\/2023\/01\/27\/falta-de-informacao-leva-transexuais-a-automedicacao-diz-medica\/"]}]},{"@type":"ImageObject","inLanguage":"pt-BR","@id":"https:\/\/verdadeon.com.br\/portal\/2023\/01\/27\/falta-de-informacao-leva-transexuais-a-automedicacao-diz-medica\/#primaryimage","url":"https:\/\/i0.wp.com\/verdadeon.com.br\/portal\/wp-content\/uploads\/2023\/01\/remedios_agencia_brasil.jpg?fit=1000%2C670&ssl=1","contentUrl":"https:\/\/i0.wp.com\/verdadeon.com.br\/portal\/wp-content\/uploads\/2023\/01\/remedios_agencia_brasil.jpg?fit=1000%2C670&ssl=1","width":1000,"height":670,"caption":"O Sistema \u00danico de Sa\u00fade brasileiro prev\u00ea a oferta de procedimentos \u00e0 pessoa trans, como a terapia hormonal para afirma\u00e7\u00e3o do g\u00eanero e cirurgias de redesigna\u00e7\u00e3o sexual"},{"@type":"BreadcrumbList","@id":"https:\/\/verdadeon.com.br\/portal\/2023\/01\/27\/falta-de-informacao-leva-transexuais-a-automedicacao-diz-medica\/#breadcrumb","itemListElement":[{"@type":"ListItem","position":1,"name":"In\u00edcio","item":"https:\/\/verdadeon.com.br\/portal\/"},{"@type":"ListItem","position":2,"name":"Falta de informa\u00e7\u00e3o leva transexuais \u00e0 automedica\u00e7\u00e3o, diz m\u00e9dica"}]},{"@type":"WebSite","@id":"https:\/\/verdadeon.com.br\/portal\/#website","url":"https:\/\/verdadeon.com.br\/portal\/","name":"VerdadeOn","description":"Not\u00edcias di\u00e1rias sobre Franca, Regi\u00e3o, Esporte, Cultura, Cotidiano, Colunas. Cobertura nos principais eventos da cidade \u00e9 aqui - Verdadeon Franca","potentialAction":[{"@type":"SearchAction","target":{"@type":"EntryPoint","urlTemplate":"https:\/\/verdadeon.com.br\/portal\/?s={search_term_string}"},"query-input":{"@type":"PropertyValueSpecification","valueRequired":true,"valueName":"search_term_string"}}],"inLanguage":"pt-BR"},{"@type":"Person","@id":"https:\/\/verdadeon.com.br\/portal\/#\/schema\/person\/8994718f49ee62ba5610471e29ca1f62","name":"Fernando Calixto","image":{"@type":"ImageObject","inLanguage":"pt-BR","@id":"https:\/\/verdadeon.com.br\/portal\/#\/schema\/person\/image\/","url":"https:\/\/secure.gravatar.com\/avatar\/7578910c24966c0316c340f9dbd601e93ee9f9212e1033968b367af9306bd9fb?s=96&d=mm&r=g","contentUrl":"https:\/\/secure.gravatar.com\/avatar\/7578910c24966c0316c340f9dbd601e93ee9f9212e1033968b367af9306bd9fb?s=96&d=mm&r=g","caption":"Fernando Calixto"},"url":"https:\/\/verdadeon.com.br\/portal\/author\/fernando-calixto\/"}]}},"jetpack_publicize_connections":[],"jetpack_featured_media_url":"https:\/\/i0.wp.com\/verdadeon.com.br\/portal\/wp-content\/uploads\/2023\/01\/remedios_agencia_brasil.jpg?fit=1000%2C670&ssl=1","jetpack_sharing_enabled":true,"_links":{"self":[{"href":"https:\/\/verdadeon.com.br\/portal\/wp-json\/wp\/v2\/posts\/31413","targetHints":{"allow":["GET"]}}],"collection":[{"href":"https:\/\/verdadeon.com.br\/portal\/wp-json\/wp\/v2\/posts"}],"about":[{"href":"https:\/\/verdadeon.com.br\/portal\/wp-json\/wp\/v2\/types\/post"}],"author":[{"embeddable":true,"href":"https:\/\/verdadeon.com.br\/portal\/wp-json\/wp\/v2\/users\/4"}],"replies":[{"embeddable":true,"href":"https:\/\/verdadeon.com.br\/portal\/wp-json\/wp\/v2\/comments?post=31413"}],"version-history":[{"count":1,"href":"https:\/\/verdadeon.com.br\/portal\/wp-json\/wp\/v2\/posts\/31413\/revisions"}],"predecessor-version":[{"id":31424,"href":"https:\/\/verdadeon.com.br\/portal\/wp-json\/wp\/v2\/posts\/31413\/revisions\/31424"}],"wp:featuredmedia":[{"embeddable":true,"href":"https:\/\/verdadeon.com.br\/portal\/wp-json\/wp\/v2\/media\/31419"}],"wp:attachment":[{"href":"https:\/\/verdadeon.com.br\/portal\/wp-json\/wp\/v2\/media?parent=31413"}],"wp:term":[{"taxonomy":"category","embeddable":true,"href":"https:\/\/verdadeon.com.br\/portal\/wp-json\/wp\/v2\/categories?post=31413"},{"taxonomy":"post_tag","embeddable":true,"href":"https:\/\/verdadeon.com.br\/portal\/wp-json\/wp\/v2\/tags?post=31413"}],"curies":[{"name":"wp","href":"https:\/\/api.w.org\/{rel}","templated":true}]}}