{"id":31402,"date":"2023-01-26T17:20:43","date_gmt":"2023-01-26T20:20:43","guid":{"rendered":"https:\/\/verdadeon.com.br\/portal\/?p=31402"},"modified":"2023-01-26T17:20:43","modified_gmt":"2023-01-26T20:20:43","slug":"arrastao-da-limpeza-percorrera-36-bairros-da-regiao-oeste-neste-sabado","status":"publish","type":"post","link":"https:\/\/verdadeon.com.br\/portal\/2023\/01\/26\/arrastao-da-limpeza-percorrera-36-bairros-da-regiao-oeste-neste-sabado\/","title":{"rendered":"Arrast\u00e3o da Limpeza percorrer\u00e1 36 bairros da Regi\u00e3o Oeste neste s\u00e1bado"},"content":{"rendered":"<h1>Os caminh\u00f5es percorrer\u00e3o as ruas e avenidas, a partir das 7h30, recolhendo sof\u00e1s, mesas, cadeiras e demais utens\u00edlios, que devem ser separados e deixados sobre as cal\u00e7adas, na noite de sexta-feira, 27, para facilitar a retirada.<\/h1>\n<div><\/div>\n<div>A segunda edi\u00e7\u00e3o do Projeto \u2018Arrast\u00e3o da Limpeza&#8217;, deste ano, acontece neste s\u00e1bado, em 36 bairros da Regi\u00e3o Oeste, compreendendo setores da Esta\u00e7\u00e3o, delimitados pela Rodovia C\u00e2ndido Portinari, a partir do pontilh\u00e3o da Av. Santos Dumont at\u00e9 o pontilh\u00e3o do Leporace, Avenidas Moacir Viera Coelho\/Orlando Dompieri, H\u00e9lio Palermo\/Ant\u00f4nio Barbosa e Residencial Amazonas, em frente ao Franca Shopping.<\/div>\n<div>Os caminh\u00f5es percorrer\u00e3o as ruas e avenidas, a partir das 7h30, recolhendo sof\u00e1s, mesas, cadeiras e demais utens\u00edlios, que devem ser separados e deixados sobre as cal\u00e7adas, na noite de sexta-feira, 27, para facilitar a retirada.<\/div>\n<div>Outra orienta\u00e7\u00e3o da Secretaria de Meio Ambiente, que coordena a a\u00e7\u00e3o, \u00e9 que os restos de constru\u00e7\u00f5es n\u00e3o s\u00e3o recolhidos nessa opera\u00e7\u00e3o, cujo objetivo \u00e9 manter a cidade limpa e livre de materiais, que possam acumular \u00e1gua parada, servindo de criadouros para o mosquito da dengue e outros insetos.<\/div>\n<div>Na primeira edi\u00e7\u00e3o do &#8216;Arrast\u00e3o da Limpeza&#8217;, realizado no dia 7, deste m\u00eas, foram recolhidas 27 toneladas de materiais, em 12 bairros da Regi\u00e3o Sul.<\/div>\n<div>A Secretaria de Meio Ambiente informa ainda que, fora dessas datas pontuais dos Arrast\u00f5es da Limpeza, \u00e9 realizado o recolhimento de materiais, mediante agendamento, de forma gratuita. Basta ligar para o n\u00famero (16) 3711-9440, fornecendo o endere\u00e7o e o tipo de material que deseja descartar.<\/div>\n<div>Confira a rela\u00e7\u00e3o dos 36 bairros da Regi\u00e3o Oeste, que receber\u00e3o o Arrast\u00e3o da Limpeza neste s\u00e1bado:<\/div>\n<div><\/div>\n<div>01) Residencial Amazonas<\/div>\n<div>02) Jardim Pedreiras<\/div>\n<div>03) Jardim Rosel\u00e2ndia<\/div>\n<div>04) Jardim Francano e Prolongamento<\/div>\n<div>05) Bairro Higien\u00f3polis<\/div>\n<div>06) Jardim Regina Helena<\/div>\n<div>07)\u00a0 Bairro da Esta\u00e7\u00e3o<\/div>\n<div>08) Vila Ant\u00f4nio dos Santos<\/div>\n<div>09) Vila Nic\u00e1cio<\/div>\n<div>10) Jardim Miron<\/div>\n<div>11) Jardim Samelo III<\/div>\n<div>12) Jardim Samelo<\/div>\n<div>13) Parque da Rua Boa Vista<\/div>\n<div>14) Vila Guilherme<\/div>\n<div>15) Vila Formosa<\/div>\n<div>16) Parque S\u00e3o Jorge<\/div>\n<div>17) Vila Chico J\u00falio e Prolongamento<\/div>\n<div>18) Vila Imperador<\/div>\n<div>19) Residencial S\u00e3o Vicente<\/div>\n<div>20) Parque dos Pinhais<\/div>\n<div>21) Residencial Nosso Lar<\/div>\n<div>22) Jardim Milena<\/div>\n<div>23) Residencial S\u00e3o Tomaz<\/div>\n<div>24) Vila Exposi\u00e7\u00e3o<\/div>\n<div>25) Jardim Guanabara<\/div>\n<div>26) Jardim Maria Rosa<\/div>\n<div>27) Jardim Integra\u00e7\u00e3o<\/div>\n<div>28) Parque Jo\u00e3o Leite<\/div>\n<div>29) Residencial Ana Terra<\/div>\n<div>30) Vila Santa Luzia<\/div>\n<div>31) Jardim Concei\u00e7\u00e3o Leite<\/div>\n<div>32) Vila Nossa Senhora de F\u00e1tima<\/div>\n<div>33) Vila Santos Dumont e Prolongamento<\/div>\n<div>34) Jardim Independ\u00eancia<\/div>\n<div>35) Vila Raycos<\/div>\n<div>36) Jardim Calif\u00f3rnia<\/div>\n","protected":false},"excerpt":{"rendered":"<p>Os caminh\u00f5es percorrer\u00e3o as ruas e avenidas, a partir das 7h30, recolhendo sof\u00e1s, mesas, cadeiras e demais utens\u00edlios, que devem ser separados e deixados sobre as<span class=\"excerpt-hellip\"> [\u2026]<\/span><\/p>\n","protected":false},"author":4,"featured_media":31403,"comment_status":"open","ping_status":"open","sticky":false,"template":"","format":"standard","meta":{"_jetpack_memberships_contains_paid_content":false,"footnotes":"","jetpack_publicize_message":"","jetpack_publicize_feature_enabled":true,"jetpack_social_post_already_shared":false,"jetpack_social_options":{"image_generator_settings":{"template":"highway","default_image_id":0,"enabled":false},"version":2}},"categories":[28,44],"tags":[],"class_list":["post-31402","post","type-post","status-publish","format-standard","has-post-thumbnail","hentry","category-cotidiano","category-noticias"],"yoast_head":"<!-- This site is optimized with the Yoast SEO plugin v25.6 - https:\/\/yoast.com\/wordpress\/plugins\/seo\/ -->\n<title>Arrast\u00e3o da Limpeza percorrer\u00e1 36 bairros da Regi\u00e3o Oeste neste s\u00e1bado - VerdadeOn<\/title>\n<meta name=\"robots\" content=\"index, follow, max-snippet:-1, max-image-preview:large, max-video-preview:-1\" \/>\n<link rel=\"canonical\" href=\"https:\/\/verdadeon.com.br\/portal\/2023\/01\/26\/arrastao-da-limpeza-percorrera-36-bairros-da-regiao-oeste-neste-sabado\/\" \/>\n<meta property=\"og:locale\" content=\"pt_BR\" \/>\n<meta property=\"og:type\" content=\"article\" \/>\n<meta property=\"og:title\" content=\"Arrast\u00e3o da Limpeza percorrer\u00e1 36 bairros da Regi\u00e3o Oeste neste s\u00e1bado - VerdadeOn\" \/>\n<meta property=\"og:description\" content=\"Os caminh\u00f5es percorrer\u00e3o as ruas e avenidas, a partir das 7h30, recolhendo sof\u00e1s, mesas, cadeiras e demais utens\u00edlios, que devem ser separados e deixados sobre as [\u2026]\" \/>\n<meta property=\"og:url\" content=\"https:\/\/verdadeon.com.br\/portal\/2023\/01\/26\/arrastao-da-limpeza-percorrera-36-bairros-da-regiao-oeste-neste-sabado\/\" \/>\n<meta property=\"og:site_name\" content=\"VerdadeOn\" \/>\n<meta property=\"article:published_time\" content=\"2023-01-26T20:20:43+00:00\" \/>\n<meta property=\"og:image\" content=\"https:\/\/verdadeon.com.br\/portal\/wp-content\/uploads\/2023\/01\/DSC_0229.jpg\" \/>\n\t<meta property=\"og:image:width\" content=\"1000\" \/>\n\t<meta property=\"og:image:height\" content=\"670\" \/>\n\t<meta property=\"og:image:type\" content=\"image\/jpeg\" \/>\n<meta name=\"author\" content=\"Fernando Calixto\" \/>\n<meta name=\"twitter:card\" content=\"summary_large_image\" \/>\n<meta name=\"twitter:label1\" content=\"Escrito por\" \/>\n\t<meta name=\"twitter:data1\" content=\"Fernando Calixto\" \/>\n\t<meta name=\"twitter:label2\" content=\"Est. tempo de leitura\" \/>\n\t<meta name=\"twitter:data2\" content=\"3 minutos\" \/>\n<script type=\"application\/ld+json\" class=\"yoast-schema-graph\">{\"@context\":\"https:\/\/schema.org\",\"@graph\":[{\"@type\":\"WebPage\",\"@id\":\"https:\/\/verdadeon.com.br\/portal\/2023\/01\/26\/arrastao-da-limpeza-percorrera-36-bairros-da-regiao-oeste-neste-sabado\/\",\"url\":\"https:\/\/verdadeon.com.br\/portal\/2023\/01\/26\/arrastao-da-limpeza-percorrera-36-bairros-da-regiao-oeste-neste-sabado\/\",\"name\":\"Arrast\u00e3o da Limpeza percorrer\u00e1 36 bairros da Regi\u00e3o Oeste neste s\u00e1bado - VerdadeOn\",\"isPartOf\":{\"@id\":\"https:\/\/verdadeon.com.br\/portal\/#website\"},\"primaryImageOfPage\":{\"@id\":\"https:\/\/verdadeon.com.br\/portal\/2023\/01\/26\/arrastao-da-limpeza-percorrera-36-bairros-da-regiao-oeste-neste-sabado\/#primaryimage\"},\"image\":{\"@id\":\"https:\/\/verdadeon.com.br\/portal\/2023\/01\/26\/arrastao-da-limpeza-percorrera-36-bairros-da-regiao-oeste-neste-sabado\/#primaryimage\"},\"thumbnailUrl\":\"https:\/\/i0.wp.com\/verdadeon.com.br\/portal\/wp-content\/uploads\/2023\/01\/DSC_0229.jpg?fit=1000%2C670&ssl=1\",\"datePublished\":\"2023-01-26T20:20:43+00:00\",\"author\":{\"@id\":\"https:\/\/verdadeon.com.br\/portal\/#\/schema\/person\/8994718f49ee62ba5610471e29ca1f62\"},\"breadcrumb\":{\"@id\":\"https:\/\/verdadeon.com.br\/portal\/2023\/01\/26\/arrastao-da-limpeza-percorrera-36-bairros-da-regiao-oeste-neste-sabado\/#breadcrumb\"},\"inLanguage\":\"pt-BR\",\"potentialAction\":[{\"@type\":\"ReadAction\",\"target\":[\"https:\/\/verdadeon.com.br\/portal\/2023\/01\/26\/arrastao-da-limpeza-percorrera-36-bairros-da-regiao-oeste-neste-sabado\/\"]}]},{\"@type\":\"ImageObject\",\"inLanguage\":\"pt-BR\",\"@id\":\"https:\/\/verdadeon.com.br\/portal\/2023\/01\/26\/arrastao-da-limpeza-percorrera-36-bairros-da-regiao-oeste-neste-sabado\/#primaryimage\",\"url\":\"https:\/\/i0.wp.com\/verdadeon.com.br\/portal\/wp-content\/uploads\/2023\/01\/DSC_0229.jpg?fit=1000%2C670&ssl=1\",\"contentUrl\":\"https:\/\/i0.wp.com\/verdadeon.com.br\/portal\/wp-content\/uploads\/2023\/01\/DSC_0229.jpg?fit=1000%2C670&ssl=1\",\"width\":1000,\"height\":670,\"caption\":\"Os caminh\u00f5es percorrer\u00e3o as ruas e avenidas, a partir das 7h30, recolhendo sof\u00e1s, mesas, cadeiras e demais utens\u00edlios, que devem ser separados e deixados sobre as cal\u00e7adas, na noite de sexta-feira, 27, para facilitar a retirada.\"},{\"@type\":\"BreadcrumbList\",\"@id\":\"https:\/\/verdadeon.com.br\/portal\/2023\/01\/26\/arrastao-da-limpeza-percorrera-36-bairros-da-regiao-oeste-neste-sabado\/#breadcrumb\",\"itemListElement\":[{\"@type\":\"ListItem\",\"position\":1,\"name\":\"In\u00edcio\",\"item\":\"https:\/\/verdadeon.com.br\/portal\/\"},{\"@type\":\"ListItem\",\"position\":2,\"name\":\"Arrast\u00e3o da Limpeza percorrer\u00e1 36 bairros da Regi\u00e3o Oeste neste s\u00e1bado\"}]},{\"@type\":\"WebSite\",\"@id\":\"https:\/\/verdadeon.com.br\/portal\/#website\",\"url\":\"https:\/\/verdadeon.com.br\/portal\/\",\"name\":\"VerdadeOn\",\"description\":\"Not\u00edcias di\u00e1rias sobre Franca, Regi\u00e3o, Esporte, Cultura, Cotidiano, Colunas. Cobertura nos principais eventos da cidade \u00e9 aqui - Verdadeon Franca\",\"potentialAction\":[{\"@type\":\"SearchAction\",\"target\":{\"@type\":\"EntryPoint\",\"urlTemplate\":\"https:\/\/verdadeon.com.br\/portal\/?s={search_term_string}\"},\"query-input\":{\"@type\":\"PropertyValueSpecification\",\"valueRequired\":true,\"valueName\":\"search_term_string\"}}],\"inLanguage\":\"pt-BR\"},{\"@type\":\"Person\",\"@id\":\"https:\/\/verdadeon.com.br\/portal\/#\/schema\/person\/8994718f49ee62ba5610471e29ca1f62\",\"name\":\"Fernando Calixto\",\"image\":{\"@type\":\"ImageObject\",\"inLanguage\":\"pt-BR\",\"@id\":\"https:\/\/verdadeon.com.br\/portal\/#\/schema\/person\/image\/\",\"url\":\"https:\/\/secure.gravatar.com\/avatar\/7578910c24966c0316c340f9dbd601e93ee9f9212e1033968b367af9306bd9fb?s=96&d=mm&r=g\",\"contentUrl\":\"https:\/\/secure.gravatar.com\/avatar\/7578910c24966c0316c340f9dbd601e93ee9f9212e1033968b367af9306bd9fb?s=96&d=mm&r=g\",\"caption\":\"Fernando Calixto\"},\"url\":\"https:\/\/verdadeon.com.br\/portal\/author\/fernando-calixto\/\"}]}<\/script>\n<!-- \/ Yoast SEO plugin. -->","yoast_head_json":{"title":"Arrast\u00e3o da Limpeza percorrer\u00e1 36 bairros da Regi\u00e3o Oeste neste s\u00e1bado - VerdadeOn","robots":{"index":"index","follow":"follow","max-snippet":"max-snippet:-1","max-image-preview":"max-image-preview:large","max-video-preview":"max-video-preview:-1"},"canonical":"https:\/\/verdadeon.com.br\/portal\/2023\/01\/26\/arrastao-da-limpeza-percorrera-36-bairros-da-regiao-oeste-neste-sabado\/","og_locale":"pt_BR","og_type":"article","og_title":"Arrast\u00e3o da Limpeza percorrer\u00e1 36 bairros da Regi\u00e3o Oeste neste s\u00e1bado - VerdadeOn","og_description":"Os caminh\u00f5es percorrer\u00e3o as ruas e avenidas, a partir das 7h30, recolhendo sof\u00e1s, mesas, cadeiras e demais utens\u00edlios, que devem ser separados e deixados sobre as [\u2026]","og_url":"https:\/\/verdadeon.com.br\/portal\/2023\/01\/26\/arrastao-da-limpeza-percorrera-36-bairros-da-regiao-oeste-neste-sabado\/","og_site_name":"VerdadeOn","article_published_time":"2023-01-26T20:20:43+00:00","og_image":[{"width":1000,"height":670,"url":"https:\/\/verdadeon.com.br\/portal\/wp-content\/uploads\/2023\/01\/DSC_0229.jpg","type":"image\/jpeg"}],"author":"Fernando Calixto","twitter_card":"summary_large_image","twitter_misc":{"Escrito por":"Fernando Calixto","Est. tempo de leitura":"3 minutos"},"schema":{"@context":"https:\/\/schema.org","@graph":[{"@type":"WebPage","@id":"https:\/\/verdadeon.com.br\/portal\/2023\/01\/26\/arrastao-da-limpeza-percorrera-36-bairros-da-regiao-oeste-neste-sabado\/","url":"https:\/\/verdadeon.com.br\/portal\/2023\/01\/26\/arrastao-da-limpeza-percorrera-36-bairros-da-regiao-oeste-neste-sabado\/","name":"Arrast\u00e3o da Limpeza percorrer\u00e1 36 bairros da Regi\u00e3o Oeste neste s\u00e1bado - VerdadeOn","isPartOf":{"@id":"https:\/\/verdadeon.com.br\/portal\/#website"},"primaryImageOfPage":{"@id":"https:\/\/verdadeon.com.br\/portal\/2023\/01\/26\/arrastao-da-limpeza-percorrera-36-bairros-da-regiao-oeste-neste-sabado\/#primaryimage"},"image":{"@id":"https:\/\/verdadeon.com.br\/portal\/2023\/01\/26\/arrastao-da-limpeza-percorrera-36-bairros-da-regiao-oeste-neste-sabado\/#primaryimage"},"thumbnailUrl":"https:\/\/i0.wp.com\/verdadeon.com.br\/portal\/wp-content\/uploads\/2023\/01\/DSC_0229.jpg?fit=1000%2C670&ssl=1","datePublished":"2023-01-26T20:20:43+00:00","author":{"@id":"https:\/\/verdadeon.com.br\/portal\/#\/schema\/person\/8994718f49ee62ba5610471e29ca1f62"},"breadcrumb":{"@id":"https:\/\/verdadeon.com.br\/portal\/2023\/01\/26\/arrastao-da-limpeza-percorrera-36-bairros-da-regiao-oeste-neste-sabado\/#breadcrumb"},"inLanguage":"pt-BR","potentialAction":[{"@type":"ReadAction","target":["https:\/\/verdadeon.com.br\/portal\/2023\/01\/26\/arrastao-da-limpeza-percorrera-36-bairros-da-regiao-oeste-neste-sabado\/"]}]},{"@type":"ImageObject","inLanguage":"pt-BR","@id":"https:\/\/verdadeon.com.br\/portal\/2023\/01\/26\/arrastao-da-limpeza-percorrera-36-bairros-da-regiao-oeste-neste-sabado\/#primaryimage","url":"https:\/\/i0.wp.com\/verdadeon.com.br\/portal\/wp-content\/uploads\/2023\/01\/DSC_0229.jpg?fit=1000%2C670&ssl=1","contentUrl":"https:\/\/i0.wp.com\/verdadeon.com.br\/portal\/wp-content\/uploads\/2023\/01\/DSC_0229.jpg?fit=1000%2C670&ssl=1","width":1000,"height":670,"caption":"Os caminh\u00f5es percorrer\u00e3o as ruas e avenidas, a partir das 7h30, recolhendo sof\u00e1s, mesas, cadeiras e demais utens\u00edlios, que devem ser separados e deixados sobre as cal\u00e7adas, na noite de sexta-feira, 27, para facilitar a retirada."},{"@type":"BreadcrumbList","@id":"https:\/\/verdadeon.com.br\/portal\/2023\/01\/26\/arrastao-da-limpeza-percorrera-36-bairros-da-regiao-oeste-neste-sabado\/#breadcrumb","itemListElement":[{"@type":"ListItem","position":1,"name":"In\u00edcio","item":"https:\/\/verdadeon.com.br\/portal\/"},{"@type":"ListItem","position":2,"name":"Arrast\u00e3o da Limpeza percorrer\u00e1 36 bairros da Regi\u00e3o Oeste neste s\u00e1bado"}]},{"@type":"WebSite","@id":"https:\/\/verdadeon.com.br\/portal\/#website","url":"https:\/\/verdadeon.com.br\/portal\/","name":"VerdadeOn","description":"Not\u00edcias di\u00e1rias sobre Franca, Regi\u00e3o, Esporte, Cultura, Cotidiano, Colunas. Cobertura nos principais eventos da cidade \u00e9 aqui - Verdadeon Franca","potentialAction":[{"@type":"SearchAction","target":{"@type":"EntryPoint","urlTemplate":"https:\/\/verdadeon.com.br\/portal\/?s={search_term_string}"},"query-input":{"@type":"PropertyValueSpecification","valueRequired":true,"valueName":"search_term_string"}}],"inLanguage":"pt-BR"},{"@type":"Person","@id":"https:\/\/verdadeon.com.br\/portal\/#\/schema\/person\/8994718f49ee62ba5610471e29ca1f62","name":"Fernando Calixto","image":{"@type":"ImageObject","inLanguage":"pt-BR","@id":"https:\/\/verdadeon.com.br\/portal\/#\/schema\/person\/image\/","url":"https:\/\/secure.gravatar.com\/avatar\/7578910c24966c0316c340f9dbd601e93ee9f9212e1033968b367af9306bd9fb?s=96&d=mm&r=g","contentUrl":"https:\/\/secure.gravatar.com\/avatar\/7578910c24966c0316c340f9dbd601e93ee9f9212e1033968b367af9306bd9fb?s=96&d=mm&r=g","caption":"Fernando Calixto"},"url":"https:\/\/verdadeon.com.br\/portal\/author\/fernando-calixto\/"}]}},"jetpack_publicize_connections":[],"jetpack_featured_media_url":"https:\/\/i0.wp.com\/verdadeon.com.br\/portal\/wp-content\/uploads\/2023\/01\/DSC_0229.jpg?fit=1000%2C670&ssl=1","jetpack_sharing_enabled":true,"_links":{"self":[{"href":"https:\/\/verdadeon.com.br\/portal\/wp-json\/wp\/v2\/posts\/31402","targetHints":{"allow":["GET"]}}],"collection":[{"href":"https:\/\/verdadeon.com.br\/portal\/wp-json\/wp\/v2\/posts"}],"about":[{"href":"https:\/\/verdadeon.com.br\/portal\/wp-json\/wp\/v2\/types\/post"}],"author":[{"embeddable":true,"href":"https:\/\/verdadeon.com.br\/portal\/wp-json\/wp\/v2\/users\/4"}],"replies":[{"embeddable":true,"href":"https:\/\/verdadeon.com.br\/portal\/wp-json\/wp\/v2\/comments?post=31402"}],"version-history":[{"count":1,"href":"https:\/\/verdadeon.com.br\/portal\/wp-json\/wp\/v2\/posts\/31402\/revisions"}],"predecessor-version":[{"id":31404,"href":"https:\/\/verdadeon.com.br\/portal\/wp-json\/wp\/v2\/posts\/31402\/revisions\/31404"}],"wp:featuredmedia":[{"embeddable":true,"href":"https:\/\/verdadeon.com.br\/portal\/wp-json\/wp\/v2\/media\/31403"}],"wp:attachment":[{"href":"https:\/\/verdadeon.com.br\/portal\/wp-json\/wp\/v2\/media?parent=31402"}],"wp:term":[{"taxonomy":"category","embeddable":true,"href":"https:\/\/verdadeon.com.br\/portal\/wp-json\/wp\/v2\/categories?post=31402"},{"taxonomy":"post_tag","embeddable":true,"href":"https:\/\/verdadeon.com.br\/portal\/wp-json\/wp\/v2\/tags?post=31402"}],"curies":[{"name":"wp","href":"https:\/\/api.w.org\/{rel}","templated":true}]}}