{"id":31390,"date":"2023-01-26T16:37:15","date_gmt":"2023-01-26T19:37:15","guid":{"rendered":"https:\/\/verdadeon.com.br\/portal\/?p=31390"},"modified":"2023-01-26T16:37:15","modified_gmt":"2023-01-26T19:37:15","slug":"apae-franca-comemora-53-anos-vamos-intensamente-focar-em-nossa-infraestrutura-e-principalmente-nas-pessoas","status":"publish","type":"post","link":"https:\/\/verdadeon.com.br\/portal\/2023\/01\/26\/apae-franca-comemora-53-anos-vamos-intensamente-focar-em-nossa-infraestrutura-e-principalmente-nas-pessoas\/","title":{"rendered":"APAE Franca comemora 53 anos: \u2018Vamos, intensamente, focar em nossa infraestrutura e, principalmente, nas pessoas\u2019"},"content":{"rendered":"<h1>Nova diretoria foi apresentada durante cerim\u00f4nia de anivers\u00e1rio; presidente Paulo Henrique Ferreira reafirmou a miss\u00e3o da entidade de oferecer servi\u00e7os de excel\u00eancia \u00e0 comunidade<\/h1>\n<p>&nbsp;<\/p>\n<p><strong>\u00a0<\/strong>Os 53 anos da APAE (Associa\u00e7\u00e3o dos Pais e Amigos dos Excepcionais) de Franca foram celebrados na noite de ter\u00e7a-feira, 24, na sede da institui\u00e7\u00e3o, oportunidade em que tamb\u00e9m foi apresentada a nova diretoria e conselhos da entidade para o tri\u00eanio 2023\/2025.<\/p>\n<p>A comemora\u00e7\u00e3o reuniu diretores, conselheiros, assessores, funcion\u00e1rios e usu\u00e1rios da entidade e seus familiares; a presidente da FEAPAES-SP (Federa\u00e7\u00e3o das APAES do Estado de S\u00e3o Paulo), Vera L\u00facia Ferreira; al\u00e9m do prefeito de Franca, Alexandre Ferreira; a secret\u00e1ria municipal de Sa\u00fade, Wal\u00e9ria Mascarenhas; o vice-prefeito de Pedregulho, Gustinho Ab\u00edlio; vereadores e representantes de Prefeituras e C\u00e2maras da regi\u00e3o, e imprensa.<\/p>\n<p>O prefeito Alexandre Ferreira foi o primeiro a discursar. \u201cDesde quando eu era secret\u00e1rio de Sa\u00fade, em 2006, venho acompanhando e posso dar testemunho de viv\u00eancia da seriedade, do trabalho e do resultado positivo que a APAE vem conseguindo com todas as pessoas que precisam dela\u201d.<\/p>\n<p>Continuou refor\u00e7ando a parceria entre a entidade e o munic\u00edpio, e saudando a nova diretoria da APAE Franca. \u201cQue Deus possa trazer paz, tranquilidade e luz, e que voc\u00eas possam realizar o trabalho de excelente qualidade com todos que precisam daqui\u201d.<\/p>\n<p>Na sequ\u00eancia, o novo presidente da APAE, Paulo Henrique Ferreira, foi apresentado. \u201cO objetivo do presidente de uma institui\u00e7\u00e3o como a APAE \u00e9 atrair pessoas da sociedade como um todo, e usar o seu conhecimento como empres\u00e1rio, como m\u00e9dico, advogado, profissionais liberais, e contribuir para a APAE desenvolver seu trabalho em excel\u00eancia\u201d, afirmou.<\/p>\n<p>Paulo Henrique Ferreira, que conduzir\u00e1 a institui\u00e7\u00e3o ao lado do vice Toni Salloum Filho no tri\u00eanio 2023-2025, destacou a import\u00e2ncia da parceria da APAE com o poder p\u00fablico, ressaltando o alto valor do or\u00e7amento que a institui\u00e7\u00e3o necessita para atender cerca de 1,2 mil pessoas com defici\u00eancia f\u00edsica, m\u00faltipla ou autismo.<\/p>\n<p>\u201cA APAE \u00e9 uma institui\u00e7\u00e3o particular, sem fins lucrativos, que conta com parcerias com o governo federal, estadual e, principalmente, com o municipal que, ali\u00e1s, \u00e9 o nosso maior contribuinte\u201d, disse o presidente. O prefeito Alexandre Ferreira anunciou que o munic\u00edpio deve repassar cerca de R$ 6,5 milh\u00f5es para a institui\u00e7\u00e3o neste ano.<\/p>\n<p>O presidente da APAE lembrou que o or\u00e7amento estimado para este ano \u00e9 de R$ 14,3 milh\u00f5es, com um d\u00e9ficit previsto de R$ 3,6 milh\u00f5es \u2013 montante que \u00e9 buscado junto \u00e0 iniciativa privada. \u201cPara cobrir o d\u00e9ficit, a gente tem que usar de algumas estrat\u00e9gias como a Empresa APAExonada, que \u00e9 um programa onde as empresas d\u00e3o a sua contribui\u00e7\u00e3o, na verdade a sua contrapartida, o seu agradecimento, em rela\u00e7\u00e3o \u00e0 pessoa com defici\u00eancia; temos tamb\u00e9m o nosso telemarketing, atrav\u00e9s do qual as pessoas f\u00edsicas contribuem tamb\u00e9m; e as festas tradicionais &#8211; a nossa San Gennaro, que faz parte inclusive do nosso calend\u00e1rio cultural de Franca, assim como o nosso leil\u00e3o\u201d.<\/p>\n<p>Segundo Paulo, o maior desafio de sua gest\u00e3o \u00e9 atender as pessoas com autismo, cujo diagn\u00f3stico tem aumentado consideravelmente. \u201cCom a pandemia, aflorou muito a quest\u00e3o do autismo. N\u00f3s vamos, intensamente, focar em nossa infraestrutura e, principalmente, nas pessoas para podermos fazer o diagn\u00f3stico e acolhimento dessas pessoas.\u201d<\/p>\n<p>A APAE de Franca chega aos 53 anos oferecendo servi\u00e7os \u00e0 popula\u00e7\u00e3o de Franca e mais 12 munic\u00edpios da regi\u00e3o nas \u00e1reas de Sa\u00fade, Educa\u00e7\u00e3o e Assist\u00eancia Social, atuando tamb\u00e9m em Artes e Esportes.<\/p>\n<p>\u201cSe n\u00e3o existisse a APAE, tenho certeza que o gestor p\u00fablico teria dificuldade para prestar atendimento com a qualidade que a pessoa com defici\u00eancia intelectual, m\u00faltipla e o autista merecem\u201d, disse Vera L\u00facia Ferreira, presidente da FEAPAES-SP.<\/p>\n","protected":false},"excerpt":{"rendered":"<p>Nova diretoria foi apresentada durante cerim\u00f4nia de anivers\u00e1rio; presidente Paulo Henrique Ferreira reafirmou a miss\u00e3o da entidade de oferecer servi\u00e7os de excel\u00eancia \u00e0 comunidade &nbsp; \u00a0Os<span class=\"excerpt-hellip\"> [\u2026]<\/span><\/p>\n","protected":false},"author":4,"featured_media":0,"comment_status":"open","ping_status":"open","sticky":false,"template":"","format":"standard","meta":{"_jetpack_memberships_contains_paid_content":false,"footnotes":"","jetpack_publicize_message":"","jetpack_publicize_feature_enabled":true,"jetpack_social_post_already_shared":false,"jetpack_social_options":{"image_generator_settings":{"template":"highway","default_image_id":0,"enabled":false},"version":2}},"categories":[28,44],"tags":[],"class_list":["post-31390","post","type-post","status-publish","format-standard","hentry","category-cotidiano","category-noticias"],"yoast_head":"<!-- This site is optimized with the Yoast SEO plugin v25.6 - https:\/\/yoast.com\/wordpress\/plugins\/seo\/ -->\n<title>APAE Franca comemora 53 anos: \u2018Vamos, intensamente, focar em nossa infraestrutura e, principalmente, nas pessoas\u2019 - VerdadeOn<\/title>\n<meta name=\"robots\" content=\"index, follow, max-snippet:-1, max-image-preview:large, max-video-preview:-1\" \/>\n<link rel=\"canonical\" href=\"https:\/\/verdadeon.com.br\/portal\/2023\/01\/26\/apae-franca-comemora-53-anos-vamos-intensamente-focar-em-nossa-infraestrutura-e-principalmente-nas-pessoas\/\" \/>\n<meta property=\"og:locale\" content=\"pt_BR\" \/>\n<meta property=\"og:type\" content=\"article\" \/>\n<meta property=\"og:title\" content=\"APAE Franca comemora 53 anos: \u2018Vamos, intensamente, focar em nossa infraestrutura e, principalmente, nas pessoas\u2019 - VerdadeOn\" \/>\n<meta property=\"og:description\" content=\"Nova diretoria foi apresentada durante cerim\u00f4nia de anivers\u00e1rio; presidente Paulo Henrique Ferreira reafirmou a miss\u00e3o da entidade de oferecer servi\u00e7os de excel\u00eancia \u00e0 comunidade &nbsp; \u00a0Os [\u2026]\" \/>\n<meta property=\"og:url\" content=\"https:\/\/verdadeon.com.br\/portal\/2023\/01\/26\/apae-franca-comemora-53-anos-vamos-intensamente-focar-em-nossa-infraestrutura-e-principalmente-nas-pessoas\/\" \/>\n<meta property=\"og:site_name\" content=\"VerdadeOn\" \/>\n<meta property=\"article:published_time\" content=\"2023-01-26T19:37:15+00:00\" \/>\n<meta property=\"og:image\" content=\"https:\/\/verdadeon.com.br\/portal\/wp-content\/uploads\/2023\/01\/WhatsApp-Image-2023-01-26-at-11.03.20.jpeg\" \/>\n\t<meta property=\"og:image:width\" content=\"1000\" \/>\n\t<meta property=\"og:image:height\" content=\"670\" \/>\n\t<meta property=\"og:image:type\" content=\"image\/jpeg\" \/>\n<meta name=\"author\" content=\"Fernando Calixto\" \/>\n<meta name=\"twitter:card\" content=\"summary_large_image\" \/>\n<meta name=\"twitter:label1\" content=\"Escrito por\" \/>\n\t<meta name=\"twitter:data1\" content=\"Fernando Calixto\" \/>\n\t<meta name=\"twitter:label2\" content=\"Est. tempo de leitura\" \/>\n\t<meta name=\"twitter:data2\" content=\"3 minutos\" \/>\n<script type=\"application\/ld+json\" class=\"yoast-schema-graph\">{\"@context\":\"https:\/\/schema.org\",\"@graph\":[{\"@type\":\"WebPage\",\"@id\":\"https:\/\/verdadeon.com.br\/portal\/2023\/01\/26\/apae-franca-comemora-53-anos-vamos-intensamente-focar-em-nossa-infraestrutura-e-principalmente-nas-pessoas\/\",\"url\":\"https:\/\/verdadeon.com.br\/portal\/2023\/01\/26\/apae-franca-comemora-53-anos-vamos-intensamente-focar-em-nossa-infraestrutura-e-principalmente-nas-pessoas\/\",\"name\":\"APAE Franca comemora 53 anos: \u2018Vamos, intensamente, focar em nossa infraestrutura e, principalmente, nas pessoas\u2019 - VerdadeOn\",\"isPartOf\":{\"@id\":\"https:\/\/verdadeon.com.br\/portal\/#website\"},\"datePublished\":\"2023-01-26T19:37:15+00:00\",\"author\":{\"@id\":\"https:\/\/verdadeon.com.br\/portal\/#\/schema\/person\/8994718f49ee62ba5610471e29ca1f62\"},\"breadcrumb\":{\"@id\":\"https:\/\/verdadeon.com.br\/portal\/2023\/01\/26\/apae-franca-comemora-53-anos-vamos-intensamente-focar-em-nossa-infraestrutura-e-principalmente-nas-pessoas\/#breadcrumb\"},\"inLanguage\":\"pt-BR\",\"potentialAction\":[{\"@type\":\"ReadAction\",\"target\":[\"https:\/\/verdadeon.com.br\/portal\/2023\/01\/26\/apae-franca-comemora-53-anos-vamos-intensamente-focar-em-nossa-infraestrutura-e-principalmente-nas-pessoas\/\"]}]},{\"@type\":\"BreadcrumbList\",\"@id\":\"https:\/\/verdadeon.com.br\/portal\/2023\/01\/26\/apae-franca-comemora-53-anos-vamos-intensamente-focar-em-nossa-infraestrutura-e-principalmente-nas-pessoas\/#breadcrumb\",\"itemListElement\":[{\"@type\":\"ListItem\",\"position\":1,\"name\":\"In\u00edcio\",\"item\":\"https:\/\/verdadeon.com.br\/portal\/\"},{\"@type\":\"ListItem\",\"position\":2,\"name\":\"APAE Franca comemora 53 anos: \u2018Vamos, intensamente, focar em nossa infraestrutura e, principalmente, nas pessoas\u2019\"}]},{\"@type\":\"WebSite\",\"@id\":\"https:\/\/verdadeon.com.br\/portal\/#website\",\"url\":\"https:\/\/verdadeon.com.br\/portal\/\",\"name\":\"VerdadeOn\",\"description\":\"Not\u00edcias di\u00e1rias sobre Franca, Regi\u00e3o, Esporte, Cultura, Cotidiano, Colunas. Cobertura nos principais eventos da cidade \u00e9 aqui - Verdadeon Franca\",\"potentialAction\":[{\"@type\":\"SearchAction\",\"target\":{\"@type\":\"EntryPoint\",\"urlTemplate\":\"https:\/\/verdadeon.com.br\/portal\/?s={search_term_string}\"},\"query-input\":{\"@type\":\"PropertyValueSpecification\",\"valueRequired\":true,\"valueName\":\"search_term_string\"}}],\"inLanguage\":\"pt-BR\"},{\"@type\":\"Person\",\"@id\":\"https:\/\/verdadeon.com.br\/portal\/#\/schema\/person\/8994718f49ee62ba5610471e29ca1f62\",\"name\":\"Fernando Calixto\",\"image\":{\"@type\":\"ImageObject\",\"inLanguage\":\"pt-BR\",\"@id\":\"https:\/\/verdadeon.com.br\/portal\/#\/schema\/person\/image\/\",\"url\":\"https:\/\/secure.gravatar.com\/avatar\/7578910c24966c0316c340f9dbd601e93ee9f9212e1033968b367af9306bd9fb?s=96&d=mm&r=g\",\"contentUrl\":\"https:\/\/secure.gravatar.com\/avatar\/7578910c24966c0316c340f9dbd601e93ee9f9212e1033968b367af9306bd9fb?s=96&d=mm&r=g\",\"caption\":\"Fernando Calixto\"},\"url\":\"https:\/\/verdadeon.com.br\/portal\/author\/fernando-calixto\/\"}]}<\/script>\n<!-- \/ Yoast SEO plugin. -->","yoast_head_json":{"title":"APAE Franca comemora 53 anos: \u2018Vamos, intensamente, focar em nossa infraestrutura e, principalmente, nas pessoas\u2019 - VerdadeOn","robots":{"index":"index","follow":"follow","max-snippet":"max-snippet:-1","max-image-preview":"max-image-preview:large","max-video-preview":"max-video-preview:-1"},"canonical":"https:\/\/verdadeon.com.br\/portal\/2023\/01\/26\/apae-franca-comemora-53-anos-vamos-intensamente-focar-em-nossa-infraestrutura-e-principalmente-nas-pessoas\/","og_locale":"pt_BR","og_type":"article","og_title":"APAE Franca comemora 53 anos: \u2018Vamos, intensamente, focar em nossa infraestrutura e, principalmente, nas pessoas\u2019 - VerdadeOn","og_description":"Nova diretoria foi apresentada durante cerim\u00f4nia de anivers\u00e1rio; presidente Paulo Henrique Ferreira reafirmou a miss\u00e3o da entidade de oferecer servi\u00e7os de excel\u00eancia \u00e0 comunidade &nbsp; \u00a0Os [\u2026]","og_url":"https:\/\/verdadeon.com.br\/portal\/2023\/01\/26\/apae-franca-comemora-53-anos-vamos-intensamente-focar-em-nossa-infraestrutura-e-principalmente-nas-pessoas\/","og_site_name":"VerdadeOn","article_published_time":"2023-01-26T19:37:15+00:00","og_image":[{"width":1000,"height":670,"url":"https:\/\/verdadeon.com.br\/portal\/wp-content\/uploads\/2023\/01\/WhatsApp-Image-2023-01-26-at-11.03.20.jpeg","type":"image\/jpeg"}],"author":"Fernando Calixto","twitter_card":"summary_large_image","twitter_misc":{"Escrito por":"Fernando Calixto","Est. tempo de leitura":"3 minutos"},"schema":{"@context":"https:\/\/schema.org","@graph":[{"@type":"WebPage","@id":"https:\/\/verdadeon.com.br\/portal\/2023\/01\/26\/apae-franca-comemora-53-anos-vamos-intensamente-focar-em-nossa-infraestrutura-e-principalmente-nas-pessoas\/","url":"https:\/\/verdadeon.com.br\/portal\/2023\/01\/26\/apae-franca-comemora-53-anos-vamos-intensamente-focar-em-nossa-infraestrutura-e-principalmente-nas-pessoas\/","name":"APAE Franca comemora 53 anos: \u2018Vamos, intensamente, focar em nossa infraestrutura e, principalmente, nas pessoas\u2019 - VerdadeOn","isPartOf":{"@id":"https:\/\/verdadeon.com.br\/portal\/#website"},"datePublished":"2023-01-26T19:37:15+00:00","author":{"@id":"https:\/\/verdadeon.com.br\/portal\/#\/schema\/person\/8994718f49ee62ba5610471e29ca1f62"},"breadcrumb":{"@id":"https:\/\/verdadeon.com.br\/portal\/2023\/01\/26\/apae-franca-comemora-53-anos-vamos-intensamente-focar-em-nossa-infraestrutura-e-principalmente-nas-pessoas\/#breadcrumb"},"inLanguage":"pt-BR","potentialAction":[{"@type":"ReadAction","target":["https:\/\/verdadeon.com.br\/portal\/2023\/01\/26\/apae-franca-comemora-53-anos-vamos-intensamente-focar-em-nossa-infraestrutura-e-principalmente-nas-pessoas\/"]}]},{"@type":"BreadcrumbList","@id":"https:\/\/verdadeon.com.br\/portal\/2023\/01\/26\/apae-franca-comemora-53-anos-vamos-intensamente-focar-em-nossa-infraestrutura-e-principalmente-nas-pessoas\/#breadcrumb","itemListElement":[{"@type":"ListItem","position":1,"name":"In\u00edcio","item":"https:\/\/verdadeon.com.br\/portal\/"},{"@type":"ListItem","position":2,"name":"APAE Franca comemora 53 anos: \u2018Vamos, intensamente, focar em nossa infraestrutura e, principalmente, nas pessoas\u2019"}]},{"@type":"WebSite","@id":"https:\/\/verdadeon.com.br\/portal\/#website","url":"https:\/\/verdadeon.com.br\/portal\/","name":"VerdadeOn","description":"Not\u00edcias di\u00e1rias sobre Franca, Regi\u00e3o, Esporte, Cultura, Cotidiano, Colunas. Cobertura nos principais eventos da cidade \u00e9 aqui - Verdadeon Franca","potentialAction":[{"@type":"SearchAction","target":{"@type":"EntryPoint","urlTemplate":"https:\/\/verdadeon.com.br\/portal\/?s={search_term_string}"},"query-input":{"@type":"PropertyValueSpecification","valueRequired":true,"valueName":"search_term_string"}}],"inLanguage":"pt-BR"},{"@type":"Person","@id":"https:\/\/verdadeon.com.br\/portal\/#\/schema\/person\/8994718f49ee62ba5610471e29ca1f62","name":"Fernando Calixto","image":{"@type":"ImageObject","inLanguage":"pt-BR","@id":"https:\/\/verdadeon.com.br\/portal\/#\/schema\/person\/image\/","url":"https:\/\/secure.gravatar.com\/avatar\/7578910c24966c0316c340f9dbd601e93ee9f9212e1033968b367af9306bd9fb?s=96&d=mm&r=g","contentUrl":"https:\/\/secure.gravatar.com\/avatar\/7578910c24966c0316c340f9dbd601e93ee9f9212e1033968b367af9306bd9fb?s=96&d=mm&r=g","caption":"Fernando Calixto"},"url":"https:\/\/verdadeon.com.br\/portal\/author\/fernando-calixto\/"}]}},"jetpack_publicize_connections":[],"jetpack_featured_media_url":"","jetpack_sharing_enabled":true,"_links":{"self":[{"href":"https:\/\/verdadeon.com.br\/portal\/wp-json\/wp\/v2\/posts\/31390","targetHints":{"allow":["GET"]}}],"collection":[{"href":"https:\/\/verdadeon.com.br\/portal\/wp-json\/wp\/v2\/posts"}],"about":[{"href":"https:\/\/verdadeon.com.br\/portal\/wp-json\/wp\/v2\/types\/post"}],"author":[{"embeddable":true,"href":"https:\/\/verdadeon.com.br\/portal\/wp-json\/wp\/v2\/users\/4"}],"replies":[{"embeddable":true,"href":"https:\/\/verdadeon.com.br\/portal\/wp-json\/wp\/v2\/comments?post=31390"}],"version-history":[{"count":1,"href":"https:\/\/verdadeon.com.br\/portal\/wp-json\/wp\/v2\/posts\/31390\/revisions"}],"predecessor-version":[{"id":31401,"href":"https:\/\/verdadeon.com.br\/portal\/wp-json\/wp\/v2\/posts\/31390\/revisions\/31401"}],"wp:attachment":[{"href":"https:\/\/verdadeon.com.br\/portal\/wp-json\/wp\/v2\/media?parent=31390"}],"wp:term":[{"taxonomy":"category","embeddable":true,"href":"https:\/\/verdadeon.com.br\/portal\/wp-json\/wp\/v2\/categories?post=31390"},{"taxonomy":"post_tag","embeddable":true,"href":"https:\/\/verdadeon.com.br\/portal\/wp-json\/wp\/v2\/tags?post=31390"}],"curies":[{"name":"wp","href":"https:\/\/api.w.org\/{rel}","templated":true}]}}