{"id":31388,"date":"2023-01-26T16:32:20","date_gmt":"2023-01-26T19:32:20","guid":{"rendered":"https:\/\/verdadeon.com.br\/portal\/?p=31388"},"modified":"2023-01-26T16:32:20","modified_gmt":"2023-01-26T19:32:20","slug":"estudo-encontra-dez-novas-especies-de-leguminosas","status":"publish","type":"post","link":"https:\/\/verdadeon.com.br\/portal\/2023\/01\/26\/estudo-encontra-dez-novas-especies-de-leguminosas\/","title":{"rendered":"Estudo encontra dez novas esp\u00e9cies de leguminosas"},"content":{"rendered":"<div class=\"col-lg-12 mb-3\">\n<div class=\"row\">\n<h3 class=\"col-10 offset-1 animated fadeInDown dealy-900 display-8 display-md-8 alt-font font-italic my-1 text-center\">Grande parte delas est\u00e1 amea\u00e7ada de extin\u00e7\u00e3o, alertam pesquisadores <span style=\"font-size: 14px;\">\u00a0<\/span><\/h3>\n<\/div>\n<div class=\"row\"><\/div>\n<\/div>\n<div class=\"col-xl-7 offset-xl-1 col-lg-8 offset-lg-0 col-md-10 offset-md-1 mb-3\">\n<div class=\"post-item alt-font\">\n<div class=\"post-item-wrap\">\n<p>Equipe formada por pesquisadores brasileiros e estrangeiros descobriu dez novas esp\u00e9cies de leguminosas nativas da regi\u00e3o neotropical, que vai da Am\u00e9rica Central at\u00e9 a Regi\u00e3o Sul do Brasil, muitas com fortes ind\u00edcios de amea\u00e7a de extin\u00e7\u00e3o. \u201cA gente tem v\u00e1rias esp\u00e9cies nativas da Amaz\u00f4nia brasileira, do Cerrado, da Bol\u00edvia, Col\u00f4mbia, por exemplo\u201d, disse\u00a0\u00e0\u00a0<strong>Ag\u00eancia Brasil\u00a0<\/strong>o doutorando da Escola Nacional de Bot\u00e2nica Tropical do Jardim Bot\u00e2nico do Rio de Janeiro Alexandre Gibau de Lima, um dos autores dos estudos.<img data-recalc-dims=\"1\" decoding=\"async\" src=\"https:\/\/i0.wp.com\/agenciabrasil.ebc.com.br\/ebc.png?w=1220&#038;ssl=1\" \/><img data-recalc-dims=\"1\" decoding=\"async\" src=\"https:\/\/i0.wp.com\/agenciabrasil.ebc.com.br\/ebc.gif?w=1220&#038;ssl=1\" \/><\/p>\n<p>Avalia\u00e7\u00f5es pr\u00e9vias dos pesquisadores sobre o estado de conserva\u00e7\u00e3o de tais esp\u00e9cies indicam que grande parte est\u00e1 amea\u00e7ada de extin\u00e7\u00e3o. Segundo Lima, estudos pr\u00e9vios sobre a conserva\u00e7\u00e3o delas, feitos com base em crit\u00e9rios da Uni\u00e3o Internacional para a Conserva\u00e7\u00e3o da Natureza (UICN), mostram que muitas est\u00e3o em alguma categoria de amea\u00e7a de extin\u00e7\u00e3o. \u201cMuitas dessas esp\u00e9cies ocorrem em \u00e1reas fora de unidades de conserva\u00e7\u00e3o, em \u00e1reas que s\u00e3o pequenos fragmentos em torno de grandes plantios, em \u00e1reas que foram urbanizadas\u201d, explicou Lima. A UICN \u00e9 uma institui\u00e7\u00e3o que cuida da conserva\u00e7\u00e3o das esp\u00e9cies.<\/p>\n<p>O estudo de taxonomia sistem\u00e1tica vegetal n\u00e3o prop\u00f5e medidas de conserva\u00e7\u00e3o, mas \u00e9 a base para isso, ou seja, traz todo um conjunto de dados que \u00e9 essencial para a tomada de decis\u00e3o para a conserva\u00e7\u00e3o. Lima disse que, sem esse trabalho, n\u00e3o se consegue fazer conserva\u00e7\u00e3o, porque, para conservar uma esp\u00e9cie, \u00e9 preciso conhecer antes. \u201cN\u00e3o se consegue estabelecer medidas, a\u00e7\u00f5es, sem conhecer antes.\u201d<\/p>\n<p>Uma das novas leguminosas descobertas \u00e9 o barbatim\u00e3o-do-rio-doce (<em>Stryphnodendron flavotomentosum<\/em>), \u00e1rvore que pode atingir 20 metros de altura e, at\u00e9 hoje, foi encontrada apenas na Mata Atl\u00e2ntica, na regi\u00e3o da bacia do Rio Doce, no Esp\u00edrito Santo. O g\u00eanero\u00a0<em>Stryphnodendron<\/em>\u00a0\u00e9 mais conhecido pela planta medicinal barbatim\u00e3o (<em>Stryphnodendron adstringens<\/em>), esp\u00e9cie nativa do Cerrado. As \u00e1rvores leguminosas produzem frutos e gr\u00e3os, como a vagem, por exemplo.<\/p>\n<div class=\"dnd-widget-wrapper context-cheio_8colunas type-image\">\n<div class=\"dnd-atom-rendered\">\n<div class=\"shadow overflow-hidden rounded-lg d-block zoom-on-hover-sm shadow-hover w-100\"><img data-recalc-dims=\"1\" decoding=\"async\" class=\"flex-fill img-cover\" title=\"Maria Alice de Rezende\/ Divulga\u00e7\u00e3o JBRJ\" src=\"https:\/\/i0.wp.com\/imagens.ebc.com.br\/V776uj2x7Q59XmQUUndVzesoEK0%3D\/754x0\/smart\/https%3A\/\/agenciabrasil.ebc.com.br\/sites\/default\/files\/thumbnails\/image\/stryphnodendron_velutinum_foto_maria_alice_de_rezende_jbrj.jpg?w=1220&#038;ssl=1\" alt=\"Descoberta de novos g\u00eaneros e esp\u00e9cies de leguminosas\" \/><\/div>\n<\/div>\n<div class=\"dnd-caption-wrapper\">\n<div class=\"meta\"><em>Stryphnodendron velutinum<\/em>, esp\u00e9cie arb\u00f3rea que atinge at\u00e9 5 metros-\u00a0<strong>Maria Alice de Rezende\/ Divulga\u00e7\u00e3o JBRJ<\/strong><\/div>\n<\/div>\n<\/div>\n<p>Outro caso que desperta a aten\u00e7\u00e3o \u00e9 o\u00a0<em>Stryphnodendron velutinum<\/em>, esp\u00e9cie arb\u00f3rea de at\u00e9 5 metros de altura, end\u00eamica de uma pequena \u00e1rea de cerrad\u00e3o (forma\u00e7\u00e3o florestal do Cerrado), localizada no noroeste de Minas Gerais. A esp\u00e9cie ocorre fora de unidades de conserva\u00e7\u00e3o em meio a uma paisagem muito impactada pela a\u00e7\u00e3o humana. \u201cAnalisamos uma grande quantidade de esp\u00e9cimes depositados nos herb\u00e1rios, inclusive o do Jardim Bot\u00e2nico do Rio, e realizamos expedi\u00e7\u00f5es em busca das esp\u00e9cies de barbatim\u00e3o. Isso nos possibilitou conhec\u00ea-las melhor, al\u00e9m de descrever novas esp\u00e9cies para a ci\u00eancia\u201d, informou o pesquisador.<\/p>\n<p>A pesquisa descreveu dois novos g\u00eaneros para a ci\u00eancia, nomeados\u00a0<em>Naiadendron\u00a0<\/em>e\u00a0<em>Gwilymia<\/em>. O nome\u00a0<em>Naiadendron\u00a0<\/em>\u00e9 a jun\u00e7\u00e3o de n\u00e1iades (ninfas das \u00e1guas doces, rios e lagos na mitologia grega) e dendron (\u00e1rvore, em grego), ou seja, a \u00e1rvore das n\u00e1iades. O nome foi escolhido como forma de homenagear a Floresta Amaz\u00f4nica e o bot\u00e2nico alem\u00e3o Carl Friedrich Philipp von Martius, que representou simbolicamente a Amaz\u00f4nia brasileira em suas obras, com a figura das n\u00e1iades.<\/p>\n<\/div>\n<p><img data-recalc-dims=\"1\" decoding=\"async\" class=\"flex-fill img-cover\" title=\"Marcelo Simon\/ Divulga\u00e7\u00e3o JBRJ\" src=\"https:\/\/i0.wp.com\/imagens.ebc.com.br\/hyElQERsW9-M7EV653rBFezlZZ0%3D\/463x0\/smart\/https%3A\/\/agenciabrasil.ebc.com.br\/sites\/default\/files\/thumbnails\/image\/gwilymia_coriacea_foto_marcelo_simon.jpg?w=1220&#038;ssl=1\" alt=\"Descoberta de novos g\u00eaneros e esp\u00e9cies de leguminosas\" \/><\/p>\n<\/div>\n<\/div>\n<div class=\"col-xl-7 offset-xl-1 col-lg-8 offset-lg-0 col-md-10 offset-md-1 mb-3\">\n<div class=\"post-item alt-font\">\n<div class=\"post-item-wrap\">\n<div class=\"dnd-widget-wrapper context-grande_6colunas type-image atom-align-left\">\n<div class=\"dnd-caption-wrapper\">\n<div class=\"meta\"><em>Gwilymia coriacea<\/em>, cujo nome homenageia o bot\u00e2nico brit\u00e2nico Gwilym Peter Lewis, estudioso das leguminosas &#8211;\u00a0<strong>Marcelo Simon\/ Divulga\u00e7\u00e3o JBRJ<\/strong><\/div>\n<\/div>\n<\/div>\n<p>J\u00e1 o nome\u00a0<em>Gwilymia<\/em>\u00a0\u00e9 uma homenagem ao bot\u00e2nico Gwilym Peter Lewis, pesquisador dos jardins reais de Kew, no Reino Unido, por sua grande contribui\u00e7\u00e3o aos estudos sobre leguminosas, cujas esp\u00e9cies variam de pequenos arbustos at\u00e9 \u00e1rvores gigantes com mais de 40 metros de altura.<\/p>\n<h2>Artigos<\/h2>\n<p>As novas esp\u00e9cies foram descritas e publicadas nas revistas\u00a0<em>Systematic Botany<\/em>\u00a0e\u00a0<em>Phytotaxa<\/em>. J\u00e1 os novos g\u00eaneros foram publicados na revista\u00a0<em>PhytoKeys<\/em>, na edi\u00e7\u00e3o especial do\u00a0<em>Advances in Legume Systematics<\/em>, coordenada pela comunidade internacional de especialistas em leguminosas para promover os mais recentes e significativos avan\u00e7os no conhecimento evolutivo e taxon\u00f4mico dessa fam\u00edlia de plantas.<\/p>\n<p>As descobertas foram relatadas tamb\u00e9m em publica\u00e7\u00f5es de um grupo de biotecn\u00f3logos de v\u00e1rios pa\u00edses, especialistas em sistem\u00e1tica e evolu\u00e7\u00e3o de plantas, principalmente, leguminosas. O Brasil participa dessa comunidade internacional com especialistas muito bons na evolu\u00e7\u00e3o de leguminosas, afirmou Lima. \u201cTem uma contribui\u00e7\u00e3o muito expressiva\u201d.<\/p>\n<h2>Conhecimento<\/h2>\n<p>\u201cN\u00f3s estudamos o DNA dessas plantas para tentar entender as rela\u00e7\u00f5es de parentesco entre elas e um pouco da hist\u00f3ria evolutiva de tais esp\u00e9cies na regi\u00e3o neotropical. A gente fornece esses dados ao p\u00fablico para a tomada de decis\u00f5es para conserva\u00e7\u00e3o\u201d, disse Lima. Do ponto de vista da conserva\u00e7\u00e3o, o passo seguinte \u00e9 fazer a conex\u00e3o do trabalho cient\u00edfico com os centros de conserva\u00e7\u00e3o, para propor medidas de conserva\u00e7\u00e3o das esp\u00e9cies. Ele destacou tamb\u00e9m que o estudo n\u00e3o s\u00f3 \u00e9 essencial para a conserva\u00e7\u00e3o das esp\u00e9cies de leguminosas, mas tamb\u00e9m \u00e9 importante para estudos de biotecnologia.<\/p>\n<p>De acordo com Lima, isso significa que a explora\u00e7\u00e3o de uma planta, seja como medicinal ou madeira, requer conhecimento. Lima citou, em especial, o barbatim\u00e3o, planta muito caracter\u00edstica do Cerrado brasileiro, que tem propriedades adstringentes, da qual existem registros desde o s\u00e9culo 18. O barbatim\u00e3o tem grande potencial biotecnol\u00f3gico. \u201cOutras esp\u00e9cies do mesmo g\u00eanero do barbatim\u00e3o s\u00e3o pouco conhecidas, mas tamb\u00e9m podem apresentar potencial biotecnol\u00f3gico, seja medicinal, para ind\u00fastria da madeira e qualquer outra coisa.\u201d<\/p>\n<p>O pesquisador observou, no entanto, que, para isso, \u00e9 preciso o conhecimento da taxonomia, da bot\u00e2nica, para que se possa explorar a leguminosa em outras \u00e1reas, seja na farm\u00e1cia, na ind\u00fastria da madeira, seja como planta ornamental. \u00c9 necess\u00e1ria a base da bot\u00e2nica, para que elas possam prosseguir. \u201cPrimeiro, \u00e9 preciso saber com o que voc\u00ea est\u00e1 trabalhando\u201d, afirmou.<\/p>\n<p>Al\u00e9m do Jardim Bot\u00e2nico do Rio de Janeiro, integram o grupo de estudo pesquisadores da Universidade de S\u00e3o Paulo, da Empresa Brasileira de Pesquisa Agropecu\u00e1ria (Embrapa), das universidades federais de Ouro Preto, de Santa Catarina e de S\u00e3o Carlos, da Universidade Estadual de Feira de Santana e das universidades de Gotemburgo, na Su\u00e9cia, e de Zurique, na Su\u00ed\u00e7a.<\/p>\n<p>Fonte Ag\u00eancia Brasil<\/p>\n<\/div>\n<\/div>\n<\/div>\n","protected":false},"excerpt":{"rendered":"<p>Grande parte delas est\u00e1 amea\u00e7ada de extin\u00e7\u00e3o, alertam pesquisadores \u00a0 Equipe formada por pesquisadores brasileiros e estrangeiros descobriu dez novas esp\u00e9cies de leguminosas nativas da regi\u00e3o<span class=\"excerpt-hellip\"> [\u2026]<\/span><\/p>\n","protected":false},"author":4,"featured_media":0,"comment_status":"open","ping_status":"open","sticky":false,"template":"","format":"standard","meta":{"_jetpack_memberships_contains_paid_content":false,"footnotes":"","jetpack_publicize_message":"","jetpack_publicize_feature_enabled":true,"jetpack_social_post_already_shared":false,"jetpack_social_options":{"image_generator_settings":{"template":"highway","default_image_id":0,"enabled":false},"version":2}},"categories":[28,44],"tags":[],"class_list":["post-31388","post","type-post","status-publish","format-standard","hentry","category-cotidiano","category-noticias"],"yoast_head":"<!-- This site is optimized with the Yoast SEO plugin v25.6 - https:\/\/yoast.com\/wordpress\/plugins\/seo\/ -->\n<title>Estudo encontra dez novas esp\u00e9cies de leguminosas - VerdadeOn<\/title>\n<meta name=\"robots\" content=\"index, follow, max-snippet:-1, max-image-preview:large, max-video-preview:-1\" \/>\n<link rel=\"canonical\" href=\"https:\/\/verdadeon.com.br\/portal\/2023\/01\/26\/estudo-encontra-dez-novas-especies-de-leguminosas\/\" \/>\n<meta property=\"og:locale\" content=\"pt_BR\" \/>\n<meta property=\"og:type\" content=\"article\" \/>\n<meta property=\"og:title\" content=\"Estudo encontra dez novas esp\u00e9cies de leguminosas - VerdadeOn\" \/>\n<meta property=\"og:description\" content=\"Grande parte delas est\u00e1 amea\u00e7ada de extin\u00e7\u00e3o, alertam pesquisadores \u00a0 Equipe formada por pesquisadores brasileiros e estrangeiros descobriu dez novas esp\u00e9cies de leguminosas nativas da regi\u00e3o [\u2026]\" \/>\n<meta property=\"og:url\" content=\"https:\/\/verdadeon.com.br\/portal\/2023\/01\/26\/estudo-encontra-dez-novas-especies-de-leguminosas\/\" \/>\n<meta property=\"og:site_name\" content=\"VerdadeOn\" \/>\n<meta property=\"article:published_time\" content=\"2023-01-26T19:32:20+00:00\" \/>\n<meta property=\"og:image\" content=\"https:\/\/verdadeon.com.br\/portal\/wp-content\/uploads\/2023\/01\/stryphnodendron_velutinum_foto_maria_alice_de_rezende_jbrj-1.jpg\" \/>\n\t<meta property=\"og:image:width\" content=\"1000\" \/>\n\t<meta property=\"og:image:height\" content=\"670\" \/>\n\t<meta property=\"og:image:type\" content=\"image\/jpeg\" \/>\n<meta name=\"author\" content=\"Fernando Calixto\" \/>\n<meta name=\"twitter:card\" content=\"summary_large_image\" \/>\n<meta name=\"twitter:label1\" content=\"Escrito por\" \/>\n\t<meta name=\"twitter:data1\" content=\"Fernando Calixto\" \/>\n\t<meta name=\"twitter:label2\" content=\"Est. tempo de leitura\" \/>\n\t<meta name=\"twitter:data2\" content=\"7 minutos\" \/>\n<script type=\"application\/ld+json\" class=\"yoast-schema-graph\">{\"@context\":\"https:\/\/schema.org\",\"@graph\":[{\"@type\":\"WebPage\",\"@id\":\"https:\/\/verdadeon.com.br\/portal\/2023\/01\/26\/estudo-encontra-dez-novas-especies-de-leguminosas\/\",\"url\":\"https:\/\/verdadeon.com.br\/portal\/2023\/01\/26\/estudo-encontra-dez-novas-especies-de-leguminosas\/\",\"name\":\"Estudo encontra dez novas esp\u00e9cies de leguminosas - VerdadeOn\",\"isPartOf\":{\"@id\":\"https:\/\/verdadeon.com.br\/portal\/#website\"},\"primaryImageOfPage\":{\"@id\":\"https:\/\/verdadeon.com.br\/portal\/2023\/01\/26\/estudo-encontra-dez-novas-especies-de-leguminosas\/#primaryimage\"},\"image\":{\"@id\":\"https:\/\/verdadeon.com.br\/portal\/2023\/01\/26\/estudo-encontra-dez-novas-especies-de-leguminosas\/#primaryimage\"},\"thumbnailUrl\":\"https:\/\/agenciabrasil.ebc.com.br\/ebc.png?id=1505826&amp;o=node\",\"datePublished\":\"2023-01-26T19:32:20+00:00\",\"author\":{\"@id\":\"https:\/\/verdadeon.com.br\/portal\/#\/schema\/person\/8994718f49ee62ba5610471e29ca1f62\"},\"breadcrumb\":{\"@id\":\"https:\/\/verdadeon.com.br\/portal\/2023\/01\/26\/estudo-encontra-dez-novas-especies-de-leguminosas\/#breadcrumb\"},\"inLanguage\":\"pt-BR\",\"potentialAction\":[{\"@type\":\"ReadAction\",\"target\":[\"https:\/\/verdadeon.com.br\/portal\/2023\/01\/26\/estudo-encontra-dez-novas-especies-de-leguminosas\/\"]}]},{\"@type\":\"ImageObject\",\"inLanguage\":\"pt-BR\",\"@id\":\"https:\/\/verdadeon.com.br\/portal\/2023\/01\/26\/estudo-encontra-dez-novas-especies-de-leguminosas\/#primaryimage\",\"url\":\"https:\/\/agenciabrasil.ebc.com.br\/ebc.png?id=1505826&amp;o=node\",\"contentUrl\":\"https:\/\/agenciabrasil.ebc.com.br\/ebc.png?id=1505826&amp;o=node\"},{\"@type\":\"BreadcrumbList\",\"@id\":\"https:\/\/verdadeon.com.br\/portal\/2023\/01\/26\/estudo-encontra-dez-novas-especies-de-leguminosas\/#breadcrumb\",\"itemListElement\":[{\"@type\":\"ListItem\",\"position\":1,\"name\":\"In\u00edcio\",\"item\":\"https:\/\/verdadeon.com.br\/portal\/\"},{\"@type\":\"ListItem\",\"position\":2,\"name\":\"Estudo encontra dez novas esp\u00e9cies de leguminosas\"}]},{\"@type\":\"WebSite\",\"@id\":\"https:\/\/verdadeon.com.br\/portal\/#website\",\"url\":\"https:\/\/verdadeon.com.br\/portal\/\",\"name\":\"VerdadeOn\",\"description\":\"Not\u00edcias di\u00e1rias sobre Franca, Regi\u00e3o, Esporte, Cultura, Cotidiano, Colunas. Cobertura nos principais eventos da cidade \u00e9 aqui - Verdadeon Franca\",\"potentialAction\":[{\"@type\":\"SearchAction\",\"target\":{\"@type\":\"EntryPoint\",\"urlTemplate\":\"https:\/\/verdadeon.com.br\/portal\/?s={search_term_string}\"},\"query-input\":{\"@type\":\"PropertyValueSpecification\",\"valueRequired\":true,\"valueName\":\"search_term_string\"}}],\"inLanguage\":\"pt-BR\"},{\"@type\":\"Person\",\"@id\":\"https:\/\/verdadeon.com.br\/portal\/#\/schema\/person\/8994718f49ee62ba5610471e29ca1f62\",\"name\":\"Fernando Calixto\",\"image\":{\"@type\":\"ImageObject\",\"inLanguage\":\"pt-BR\",\"@id\":\"https:\/\/verdadeon.com.br\/portal\/#\/schema\/person\/image\/\",\"url\":\"https:\/\/secure.gravatar.com\/avatar\/7578910c24966c0316c340f9dbd601e93ee9f9212e1033968b367af9306bd9fb?s=96&d=mm&r=g\",\"contentUrl\":\"https:\/\/secure.gravatar.com\/avatar\/7578910c24966c0316c340f9dbd601e93ee9f9212e1033968b367af9306bd9fb?s=96&d=mm&r=g\",\"caption\":\"Fernando Calixto\"},\"url\":\"https:\/\/verdadeon.com.br\/portal\/author\/fernando-calixto\/\"}]}<\/script>\n<!-- \/ Yoast SEO plugin. -->","yoast_head_json":{"title":"Estudo encontra dez novas esp\u00e9cies de leguminosas - VerdadeOn","robots":{"index":"index","follow":"follow","max-snippet":"max-snippet:-1","max-image-preview":"max-image-preview:large","max-video-preview":"max-video-preview:-1"},"canonical":"https:\/\/verdadeon.com.br\/portal\/2023\/01\/26\/estudo-encontra-dez-novas-especies-de-leguminosas\/","og_locale":"pt_BR","og_type":"article","og_title":"Estudo encontra dez novas esp\u00e9cies de leguminosas - VerdadeOn","og_description":"Grande parte delas est\u00e1 amea\u00e7ada de extin\u00e7\u00e3o, alertam pesquisadores \u00a0 Equipe formada por pesquisadores brasileiros e estrangeiros descobriu dez novas esp\u00e9cies de leguminosas nativas da regi\u00e3o [\u2026]","og_url":"https:\/\/verdadeon.com.br\/portal\/2023\/01\/26\/estudo-encontra-dez-novas-especies-de-leguminosas\/","og_site_name":"VerdadeOn","article_published_time":"2023-01-26T19:32:20+00:00","og_image":[{"width":1000,"height":670,"url":"https:\/\/verdadeon.com.br\/portal\/wp-content\/uploads\/2023\/01\/stryphnodendron_velutinum_foto_maria_alice_de_rezende_jbrj-1.jpg","type":"image\/jpeg"}],"author":"Fernando Calixto","twitter_card":"summary_large_image","twitter_misc":{"Escrito por":"Fernando Calixto","Est. tempo de leitura":"7 minutos"},"schema":{"@context":"https:\/\/schema.org","@graph":[{"@type":"WebPage","@id":"https:\/\/verdadeon.com.br\/portal\/2023\/01\/26\/estudo-encontra-dez-novas-especies-de-leguminosas\/","url":"https:\/\/verdadeon.com.br\/portal\/2023\/01\/26\/estudo-encontra-dez-novas-especies-de-leguminosas\/","name":"Estudo encontra dez novas esp\u00e9cies de leguminosas - VerdadeOn","isPartOf":{"@id":"https:\/\/verdadeon.com.br\/portal\/#website"},"primaryImageOfPage":{"@id":"https:\/\/verdadeon.com.br\/portal\/2023\/01\/26\/estudo-encontra-dez-novas-especies-de-leguminosas\/#primaryimage"},"image":{"@id":"https:\/\/verdadeon.com.br\/portal\/2023\/01\/26\/estudo-encontra-dez-novas-especies-de-leguminosas\/#primaryimage"},"thumbnailUrl":"https:\/\/agenciabrasil.ebc.com.br\/ebc.png?id=1505826&amp;o=node","datePublished":"2023-01-26T19:32:20+00:00","author":{"@id":"https:\/\/verdadeon.com.br\/portal\/#\/schema\/person\/8994718f49ee62ba5610471e29ca1f62"},"breadcrumb":{"@id":"https:\/\/verdadeon.com.br\/portal\/2023\/01\/26\/estudo-encontra-dez-novas-especies-de-leguminosas\/#breadcrumb"},"inLanguage":"pt-BR","potentialAction":[{"@type":"ReadAction","target":["https:\/\/verdadeon.com.br\/portal\/2023\/01\/26\/estudo-encontra-dez-novas-especies-de-leguminosas\/"]}]},{"@type":"ImageObject","inLanguage":"pt-BR","@id":"https:\/\/verdadeon.com.br\/portal\/2023\/01\/26\/estudo-encontra-dez-novas-especies-de-leguminosas\/#primaryimage","url":"https:\/\/agenciabrasil.ebc.com.br\/ebc.png?id=1505826&amp;o=node","contentUrl":"https:\/\/agenciabrasil.ebc.com.br\/ebc.png?id=1505826&amp;o=node"},{"@type":"BreadcrumbList","@id":"https:\/\/verdadeon.com.br\/portal\/2023\/01\/26\/estudo-encontra-dez-novas-especies-de-leguminosas\/#breadcrumb","itemListElement":[{"@type":"ListItem","position":1,"name":"In\u00edcio","item":"https:\/\/verdadeon.com.br\/portal\/"},{"@type":"ListItem","position":2,"name":"Estudo encontra dez novas esp\u00e9cies de leguminosas"}]},{"@type":"WebSite","@id":"https:\/\/verdadeon.com.br\/portal\/#website","url":"https:\/\/verdadeon.com.br\/portal\/","name":"VerdadeOn","description":"Not\u00edcias di\u00e1rias sobre Franca, Regi\u00e3o, Esporte, Cultura, Cotidiano, Colunas. Cobertura nos principais eventos da cidade \u00e9 aqui - Verdadeon Franca","potentialAction":[{"@type":"SearchAction","target":{"@type":"EntryPoint","urlTemplate":"https:\/\/verdadeon.com.br\/portal\/?s={search_term_string}"},"query-input":{"@type":"PropertyValueSpecification","valueRequired":true,"valueName":"search_term_string"}}],"inLanguage":"pt-BR"},{"@type":"Person","@id":"https:\/\/verdadeon.com.br\/portal\/#\/schema\/person\/8994718f49ee62ba5610471e29ca1f62","name":"Fernando Calixto","image":{"@type":"ImageObject","inLanguage":"pt-BR","@id":"https:\/\/verdadeon.com.br\/portal\/#\/schema\/person\/image\/","url":"https:\/\/secure.gravatar.com\/avatar\/7578910c24966c0316c340f9dbd601e93ee9f9212e1033968b367af9306bd9fb?s=96&d=mm&r=g","contentUrl":"https:\/\/secure.gravatar.com\/avatar\/7578910c24966c0316c340f9dbd601e93ee9f9212e1033968b367af9306bd9fb?s=96&d=mm&r=g","caption":"Fernando Calixto"},"url":"https:\/\/verdadeon.com.br\/portal\/author\/fernando-calixto\/"}]}},"jetpack_publicize_connections":[],"jetpack_featured_media_url":"","jetpack_sharing_enabled":true,"_links":{"self":[{"href":"https:\/\/verdadeon.com.br\/portal\/wp-json\/wp\/v2\/posts\/31388","targetHints":{"allow":["GET"]}}],"collection":[{"href":"https:\/\/verdadeon.com.br\/portal\/wp-json\/wp\/v2\/posts"}],"about":[{"href":"https:\/\/verdadeon.com.br\/portal\/wp-json\/wp\/v2\/types\/post"}],"author":[{"embeddable":true,"href":"https:\/\/verdadeon.com.br\/portal\/wp-json\/wp\/v2\/users\/4"}],"replies":[{"embeddable":true,"href":"https:\/\/verdadeon.com.br\/portal\/wp-json\/wp\/v2\/comments?post=31388"}],"version-history":[{"count":1,"href":"https:\/\/verdadeon.com.br\/portal\/wp-json\/wp\/v2\/posts\/31388\/revisions"}],"predecessor-version":[{"id":31398,"href":"https:\/\/verdadeon.com.br\/portal\/wp-json\/wp\/v2\/posts\/31388\/revisions\/31398"}],"wp:attachment":[{"href":"https:\/\/verdadeon.com.br\/portal\/wp-json\/wp\/v2\/media?parent=31388"}],"wp:term":[{"taxonomy":"category","embeddable":true,"href":"https:\/\/verdadeon.com.br\/portal\/wp-json\/wp\/v2\/categories?post=31388"},{"taxonomy":"post_tag","embeddable":true,"href":"https:\/\/verdadeon.com.br\/portal\/wp-json\/wp\/v2\/tags?post=31388"}],"curies":[{"name":"wp","href":"https:\/\/api.w.org\/{rel}","templated":true}]}}