{"id":31360,"date":"2023-01-25T15:42:18","date_gmt":"2023-01-25T18:42:18","guid":{"rendered":"https:\/\/verdadeon.com.br\/portal\/?p=31360"},"modified":"2023-01-25T15:42:18","modified_gmt":"2023-01-25T18:42:18","slug":"ministro-do-trabalho-pedira-fim-de-novos-pedidos-de-saque-aniversario","status":"publish","type":"post","link":"https:\/\/verdadeon.com.br\/portal\/2023\/01\/25\/ministro-do-trabalho-pedira-fim-de-novos-pedidos-de-saque-aniversario\/","title":{"rendered":"Ministro do Trabalho pedir\u00e1 fim de novos pedidos de saque-anivers\u00e1rio"},"content":{"rendered":"<div class=\"col-lg-12 mb-3\">\n<div class=\"row\">\n<h3 class=\"col-10 offset-1 animated fadeInDown dealy-900 display-8 display-md-8 alt-font font-italic my-1 text-center\">Sugest\u00e3o ser\u00e1 apresentada ao Conselho Curador do FGTS em mar\u00e7o<\/h3>\n<\/div>\n<\/div>\n<div class=\"col-xl-7 offset-xl-1 col-lg-8 offset-lg-0 col-md-10 offset-md-1 mb-3\">\n<div class=\"post-item alt-font\">\n<div class=\"post-item-wrap\">\n<p>O ministro do Trabalho, Luiz Marinho, pedir\u00e1 o fim de novos pedidos de saque-anivers\u00e1rio do Fundo de Garantia do Tempo de Servi\u00e7o (FGTS), confirmou na ter\u00e7a-feira (24) a assessoria da pasta. A sugest\u00e3o ser\u00e1 apresentada na reuni\u00e3o do Conselho Curador do FGTS em 21 de mar\u00e7o.<img data-recalc-dims=\"1\" decoding=\"async\" src=\"https:\/\/i0.wp.com\/agenciabrasil.ebc.com.br\/ebc.png?w=1220&#038;ssl=1\" \/><img data-recalc-dims=\"1\" decoding=\"async\" src=\"https:\/\/i0.wp.com\/agenciabrasil.ebc.com.br\/ebc.gif?w=1220&#038;ssl=1\" \/><\/p>\n<p>O pedido n\u00e3o significa que a sugest\u00e3o ser\u00e1 aceita. Isso porque o Conselho Curador re\u00fane representantes do governo, das empresas e dos trabalhadores. Das 12 cadeiras, o governo tem seis; as entidades de patr\u00f5es, tr\u00eas; e as entidades de empregados, tr\u00eas. Em caso de empate na vota\u00e7\u00e3o, o representante com maior tempo de exerc\u00edcio no conselho ter\u00e1 voto de qualidade.<\/p>\n<p>Atualmente, o Conselho Curador do FGTS tem cinco cadeiras do governo vazias, com apenas o ministro Luiz Marinho ocupando as vagas destinadas ao Executivo. Como a composi\u00e7\u00e3o definitiva do conselho ainda depende de nomes que ainda ser\u00e3o indicados, a decis\u00e3o ficar\u00e1 para mar\u00e7o.<\/p>\n<p>Durante o discurso de posse, Marinho tinha indicado que pretendia extinguir o saque-anivers\u00e1rio para \u201ccorrigir distor\u00e7\u00f5es\u201d no FGTS. Um dia depois,\u00a0<a href=\"https:\/\/agenciabrasil.ebc.com.br\/economia\/noticia\/2023-01\/ministro-recua-de-ideia-de-fim-do-saque-aniversario-do-fgts\" target=\"_blank\" rel=\"noopener\">o ministro recuou\u00a0<\/a>e escreveu, nas redes sociais, que pretende apenas debater a medida com o Conselho Curador e as centrais sindicais.<\/p>\n<p>\u201cA manuten\u00e7\u00e3o ou n\u00e3o do saque-anivers\u00e1rio do FGTS ser\u00e1 objeto de amplo debate junto ao Conselho Curador do FGTS e com as centrais sindicais. A nossa preocupa\u00e7\u00e3o \u00e9 com a prote\u00e7\u00e3o dos trabalhadores e trabalhadoras em caso de demiss\u00e3o e com a preserva\u00e7\u00e3o da sua poupan\u00e7a\u201d, postou o ministro no Twitter no \u00faltimo dia 5.<\/p>\n<h2>Retiradas anuais<\/h2>\n<p>Por meio do saque-anivers\u00e1rio, o trabalhador pode retirar, a cada ano, uma parte do saldo de qualquer conta ativa ou inativa. Desde a entrada em vigor da modalidade, em abril de 2020, 28 milh\u00f5es de trabalhadores aderiram ao modelo e retiraram R$ 34 bilh\u00f5es do FGTS. Em m\u00e9dia, R$ 12 bilh\u00f5es s\u00e3o retirados por ano.<\/p>\n<p>O per\u00edodo de retiradas de quem opta pelo saque-anivers\u00e1rio come\u00e7a no primeiro dia \u00fatil do m\u00eas de anivers\u00e1rio do trabalhador. Os valores ficam dispon\u00edveis at\u00e9 o \u00faltimo dia \u00fatil do segundo m\u00eas subsequente. Caso o dinheiro n\u00e3o seja retirado no prazo, volta para as contas do FGTS em nome do trabalhador.<\/p>\n<p>A ades\u00e3o ao saque-anivers\u00e1rio, no entanto, exige cuidado. Pelas regras atuais, ao retirar uma parcela do FGTS a cada ano, o trabalhador deixar\u00e1 de receber o valor depositado pela empresa caso seja demitido sem justa causa. O pagamento da multa de 40% nessas situa\u00e7\u00f5es est\u00e1 mantido.<\/p>\n<p>A qualquer momento, o trabalhador pode desistir do saque-anivers\u00e1rio e voltar para a modalidade tradicional, que s\u00f3 permite a retirada em casos especiais, como demiss\u00e3o sem justa causa, aposentadoria, doen\u00e7a grave ou compra de im\u00f3veis. No entanto, existe uma car\u00eancia na revers\u00e3o da modalidade.<\/p>\n<p>Ao voltar para o saque tradicional, o trabalhador ficar\u00e1 dois anos sem poder sacar o saldo da conta no FGTS, mesmo em caso de demiss\u00e3o. Se for dispensado, receber\u00e1 apenas a multa de 40%.<\/p>\n<\/div>\n<\/div>\n<\/div>\n","protected":false},"excerpt":{"rendered":"<p>Sugest\u00e3o ser\u00e1 apresentada ao Conselho Curador do FGTS em mar\u00e7o O ministro do Trabalho, Luiz Marinho, pedir\u00e1 o fim de novos pedidos de saque-anivers\u00e1rio do Fundo<span class=\"excerpt-hellip\"> [\u2026]<\/span><\/p>\n","protected":false},"author":4,"featured_media":31367,"comment_status":"open","ping_status":"open","sticky":false,"template":"","format":"standard","meta":{"_jetpack_memberships_contains_paid_content":false,"footnotes":"","jetpack_publicize_message":"","jetpack_publicize_feature_enabled":true,"jetpack_social_post_already_shared":false,"jetpack_social_options":{"image_generator_settings":{"template":"highway","default_image_id":0,"enabled":false},"version":2}},"categories":[28,81],"tags":[],"class_list":["post-31360","post","type-post","status-publish","format-standard","has-post-thumbnail","hentry","category-cotidiano","category-manchete"],"yoast_head":"<!-- This site is optimized with the Yoast SEO plugin v25.6 - https:\/\/yoast.com\/wordpress\/plugins\/seo\/ -->\n<title>Ministro do Trabalho pedir\u00e1 fim de novos pedidos de saque-anivers\u00e1rio - VerdadeOn<\/title>\n<meta name=\"robots\" content=\"index, follow, max-snippet:-1, max-image-preview:large, max-video-preview:-1\" \/>\n<link rel=\"canonical\" href=\"https:\/\/verdadeon.com.br\/portal\/2023\/01\/25\/ministro-do-trabalho-pedira-fim-de-novos-pedidos-de-saque-aniversario\/\" \/>\n<meta property=\"og:locale\" content=\"pt_BR\" \/>\n<meta property=\"og:type\" content=\"article\" \/>\n<meta property=\"og:title\" content=\"Ministro do Trabalho pedir\u00e1 fim de novos pedidos de saque-anivers\u00e1rio - VerdadeOn\" \/>\n<meta property=\"og:description\" content=\"Sugest\u00e3o ser\u00e1 apresentada ao Conselho Curador do FGTS em mar\u00e7o O ministro do Trabalho, Luiz Marinho, pedir\u00e1 o fim de novos pedidos de saque-anivers\u00e1rio do Fundo [\u2026]\" \/>\n<meta property=\"og:url\" content=\"https:\/\/verdadeon.com.br\/portal\/2023\/01\/25\/ministro-do-trabalho-pedira-fim-de-novos-pedidos-de-saque-aniversario\/\" \/>\n<meta property=\"og:site_name\" content=\"VerdadeOn\" \/>\n<meta property=\"article:published_time\" content=\"2023-01-25T18:42:18+00:00\" \/>\n<meta property=\"og:image\" content=\"https:\/\/verdadeon.com.br\/portal\/wp-content\/uploads\/2023\/01\/lula-centrais-sindicais2_mcamgo_abr_180120231818-6.jpg\" \/>\n\t<meta property=\"og:image:width\" content=\"1000\" \/>\n\t<meta property=\"og:image:height\" content=\"670\" \/>\n\t<meta property=\"og:image:type\" content=\"image\/jpeg\" \/>\n<meta name=\"author\" content=\"Fernando Calixto\" \/>\n<meta name=\"twitter:card\" content=\"summary_large_image\" \/>\n<meta name=\"twitter:label1\" content=\"Escrito por\" \/>\n\t<meta name=\"twitter:data1\" content=\"Fernando Calixto\" \/>\n\t<meta name=\"twitter:label2\" content=\"Est. tempo de leitura\" \/>\n\t<meta name=\"twitter:data2\" content=\"4 minutos\" \/>\n<script type=\"application\/ld+json\" class=\"yoast-schema-graph\">{\"@context\":\"https:\/\/schema.org\",\"@graph\":[{\"@type\":\"WebPage\",\"@id\":\"https:\/\/verdadeon.com.br\/portal\/2023\/01\/25\/ministro-do-trabalho-pedira-fim-de-novos-pedidos-de-saque-aniversario\/\",\"url\":\"https:\/\/verdadeon.com.br\/portal\/2023\/01\/25\/ministro-do-trabalho-pedira-fim-de-novos-pedidos-de-saque-aniversario\/\",\"name\":\"Ministro do Trabalho pedir\u00e1 fim de novos pedidos de saque-anivers\u00e1rio - VerdadeOn\",\"isPartOf\":{\"@id\":\"https:\/\/verdadeon.com.br\/portal\/#website\"},\"primaryImageOfPage\":{\"@id\":\"https:\/\/verdadeon.com.br\/portal\/2023\/01\/25\/ministro-do-trabalho-pedira-fim-de-novos-pedidos-de-saque-aniversario\/#primaryimage\"},\"image\":{\"@id\":\"https:\/\/verdadeon.com.br\/portal\/2023\/01\/25\/ministro-do-trabalho-pedira-fim-de-novos-pedidos-de-saque-aniversario\/#primaryimage\"},\"thumbnailUrl\":\"https:\/\/i0.wp.com\/verdadeon.com.br\/portal\/wp-content\/uploads\/2023\/01\/lula-centrais-sindicais2_mcamgo_abr_180120231818-6.jpg?fit=1000%2C670&ssl=1\",\"datePublished\":\"2023-01-25T18:42:18+00:00\",\"author\":{\"@id\":\"https:\/\/verdadeon.com.br\/portal\/#\/schema\/person\/8994718f49ee62ba5610471e29ca1f62\"},\"breadcrumb\":{\"@id\":\"https:\/\/verdadeon.com.br\/portal\/2023\/01\/25\/ministro-do-trabalho-pedira-fim-de-novos-pedidos-de-saque-aniversario\/#breadcrumb\"},\"inLanguage\":\"pt-BR\",\"potentialAction\":[{\"@type\":\"ReadAction\",\"target\":[\"https:\/\/verdadeon.com.br\/portal\/2023\/01\/25\/ministro-do-trabalho-pedira-fim-de-novos-pedidos-de-saque-aniversario\/\"]}]},{\"@type\":\"ImageObject\",\"inLanguage\":\"pt-BR\",\"@id\":\"https:\/\/verdadeon.com.br\/portal\/2023\/01\/25\/ministro-do-trabalho-pedira-fim-de-novos-pedidos-de-saque-aniversario\/#primaryimage\",\"url\":\"https:\/\/i0.wp.com\/verdadeon.com.br\/portal\/wp-content\/uploads\/2023\/01\/lula-centrais-sindicais2_mcamgo_abr_180120231818-6.jpg?fit=1000%2C670&ssl=1\",\"contentUrl\":\"https:\/\/i0.wp.com\/verdadeon.com.br\/portal\/wp-content\/uploads\/2023\/01\/lula-centrais-sindicais2_mcamgo_abr_180120231818-6.jpg?fit=1000%2C670&ssl=1\",\"width\":1000,\"height\":670,\"caption\":\"O ministro do Trabalho, Luiz Marinho, durante encontro com dirigentes de centrais sindicais, no Pal\u00e1cio do Planalto\"},{\"@type\":\"BreadcrumbList\",\"@id\":\"https:\/\/verdadeon.com.br\/portal\/2023\/01\/25\/ministro-do-trabalho-pedira-fim-de-novos-pedidos-de-saque-aniversario\/#breadcrumb\",\"itemListElement\":[{\"@type\":\"ListItem\",\"position\":1,\"name\":\"In\u00edcio\",\"item\":\"https:\/\/verdadeon.com.br\/portal\/\"},{\"@type\":\"ListItem\",\"position\":2,\"name\":\"Ministro do Trabalho pedir\u00e1 fim de novos pedidos de saque-anivers\u00e1rio\"}]},{\"@type\":\"WebSite\",\"@id\":\"https:\/\/verdadeon.com.br\/portal\/#website\",\"url\":\"https:\/\/verdadeon.com.br\/portal\/\",\"name\":\"VerdadeOn\",\"description\":\"Not\u00edcias di\u00e1rias sobre Franca, Regi\u00e3o, Esporte, Cultura, Cotidiano, Colunas. Cobertura nos principais eventos da cidade \u00e9 aqui - Verdadeon Franca\",\"potentialAction\":[{\"@type\":\"SearchAction\",\"target\":{\"@type\":\"EntryPoint\",\"urlTemplate\":\"https:\/\/verdadeon.com.br\/portal\/?s={search_term_string}\"},\"query-input\":{\"@type\":\"PropertyValueSpecification\",\"valueRequired\":true,\"valueName\":\"search_term_string\"}}],\"inLanguage\":\"pt-BR\"},{\"@type\":\"Person\",\"@id\":\"https:\/\/verdadeon.com.br\/portal\/#\/schema\/person\/8994718f49ee62ba5610471e29ca1f62\",\"name\":\"Fernando Calixto\",\"image\":{\"@type\":\"ImageObject\",\"inLanguage\":\"pt-BR\",\"@id\":\"https:\/\/verdadeon.com.br\/portal\/#\/schema\/person\/image\/\",\"url\":\"https:\/\/secure.gravatar.com\/avatar\/7578910c24966c0316c340f9dbd601e93ee9f9212e1033968b367af9306bd9fb?s=96&d=mm&r=g\",\"contentUrl\":\"https:\/\/secure.gravatar.com\/avatar\/7578910c24966c0316c340f9dbd601e93ee9f9212e1033968b367af9306bd9fb?s=96&d=mm&r=g\",\"caption\":\"Fernando Calixto\"},\"url\":\"https:\/\/verdadeon.com.br\/portal\/author\/fernando-calixto\/\"}]}<\/script>\n<!-- \/ Yoast SEO plugin. -->","yoast_head_json":{"title":"Ministro do Trabalho pedir\u00e1 fim de novos pedidos de saque-anivers\u00e1rio - VerdadeOn","robots":{"index":"index","follow":"follow","max-snippet":"max-snippet:-1","max-image-preview":"max-image-preview:large","max-video-preview":"max-video-preview:-1"},"canonical":"https:\/\/verdadeon.com.br\/portal\/2023\/01\/25\/ministro-do-trabalho-pedira-fim-de-novos-pedidos-de-saque-aniversario\/","og_locale":"pt_BR","og_type":"article","og_title":"Ministro do Trabalho pedir\u00e1 fim de novos pedidos de saque-anivers\u00e1rio - VerdadeOn","og_description":"Sugest\u00e3o ser\u00e1 apresentada ao Conselho Curador do FGTS em mar\u00e7o O ministro do Trabalho, Luiz Marinho, pedir\u00e1 o fim de novos pedidos de saque-anivers\u00e1rio do Fundo [\u2026]","og_url":"https:\/\/verdadeon.com.br\/portal\/2023\/01\/25\/ministro-do-trabalho-pedira-fim-de-novos-pedidos-de-saque-aniversario\/","og_site_name":"VerdadeOn","article_published_time":"2023-01-25T18:42:18+00:00","og_image":[{"width":1000,"height":670,"url":"https:\/\/verdadeon.com.br\/portal\/wp-content\/uploads\/2023\/01\/lula-centrais-sindicais2_mcamgo_abr_180120231818-6.jpg","type":"image\/jpeg"}],"author":"Fernando Calixto","twitter_card":"summary_large_image","twitter_misc":{"Escrito por":"Fernando Calixto","Est. tempo de leitura":"4 minutos"},"schema":{"@context":"https:\/\/schema.org","@graph":[{"@type":"WebPage","@id":"https:\/\/verdadeon.com.br\/portal\/2023\/01\/25\/ministro-do-trabalho-pedira-fim-de-novos-pedidos-de-saque-aniversario\/","url":"https:\/\/verdadeon.com.br\/portal\/2023\/01\/25\/ministro-do-trabalho-pedira-fim-de-novos-pedidos-de-saque-aniversario\/","name":"Ministro do Trabalho pedir\u00e1 fim de novos pedidos de saque-anivers\u00e1rio - VerdadeOn","isPartOf":{"@id":"https:\/\/verdadeon.com.br\/portal\/#website"},"primaryImageOfPage":{"@id":"https:\/\/verdadeon.com.br\/portal\/2023\/01\/25\/ministro-do-trabalho-pedira-fim-de-novos-pedidos-de-saque-aniversario\/#primaryimage"},"image":{"@id":"https:\/\/verdadeon.com.br\/portal\/2023\/01\/25\/ministro-do-trabalho-pedira-fim-de-novos-pedidos-de-saque-aniversario\/#primaryimage"},"thumbnailUrl":"https:\/\/i0.wp.com\/verdadeon.com.br\/portal\/wp-content\/uploads\/2023\/01\/lula-centrais-sindicais2_mcamgo_abr_180120231818-6.jpg?fit=1000%2C670&ssl=1","datePublished":"2023-01-25T18:42:18+00:00","author":{"@id":"https:\/\/verdadeon.com.br\/portal\/#\/schema\/person\/8994718f49ee62ba5610471e29ca1f62"},"breadcrumb":{"@id":"https:\/\/verdadeon.com.br\/portal\/2023\/01\/25\/ministro-do-trabalho-pedira-fim-de-novos-pedidos-de-saque-aniversario\/#breadcrumb"},"inLanguage":"pt-BR","potentialAction":[{"@type":"ReadAction","target":["https:\/\/verdadeon.com.br\/portal\/2023\/01\/25\/ministro-do-trabalho-pedira-fim-de-novos-pedidos-de-saque-aniversario\/"]}]},{"@type":"ImageObject","inLanguage":"pt-BR","@id":"https:\/\/verdadeon.com.br\/portal\/2023\/01\/25\/ministro-do-trabalho-pedira-fim-de-novos-pedidos-de-saque-aniversario\/#primaryimage","url":"https:\/\/i0.wp.com\/verdadeon.com.br\/portal\/wp-content\/uploads\/2023\/01\/lula-centrais-sindicais2_mcamgo_abr_180120231818-6.jpg?fit=1000%2C670&ssl=1","contentUrl":"https:\/\/i0.wp.com\/verdadeon.com.br\/portal\/wp-content\/uploads\/2023\/01\/lula-centrais-sindicais2_mcamgo_abr_180120231818-6.jpg?fit=1000%2C670&ssl=1","width":1000,"height":670,"caption":"O ministro do Trabalho, Luiz Marinho, durante encontro com dirigentes de centrais sindicais, no Pal\u00e1cio do Planalto"},{"@type":"BreadcrumbList","@id":"https:\/\/verdadeon.com.br\/portal\/2023\/01\/25\/ministro-do-trabalho-pedira-fim-de-novos-pedidos-de-saque-aniversario\/#breadcrumb","itemListElement":[{"@type":"ListItem","position":1,"name":"In\u00edcio","item":"https:\/\/verdadeon.com.br\/portal\/"},{"@type":"ListItem","position":2,"name":"Ministro do Trabalho pedir\u00e1 fim de novos pedidos de saque-anivers\u00e1rio"}]},{"@type":"WebSite","@id":"https:\/\/verdadeon.com.br\/portal\/#website","url":"https:\/\/verdadeon.com.br\/portal\/","name":"VerdadeOn","description":"Not\u00edcias di\u00e1rias sobre Franca, Regi\u00e3o, Esporte, Cultura, Cotidiano, Colunas. Cobertura nos principais eventos da cidade \u00e9 aqui - Verdadeon Franca","potentialAction":[{"@type":"SearchAction","target":{"@type":"EntryPoint","urlTemplate":"https:\/\/verdadeon.com.br\/portal\/?s={search_term_string}"},"query-input":{"@type":"PropertyValueSpecification","valueRequired":true,"valueName":"search_term_string"}}],"inLanguage":"pt-BR"},{"@type":"Person","@id":"https:\/\/verdadeon.com.br\/portal\/#\/schema\/person\/8994718f49ee62ba5610471e29ca1f62","name":"Fernando Calixto","image":{"@type":"ImageObject","inLanguage":"pt-BR","@id":"https:\/\/verdadeon.com.br\/portal\/#\/schema\/person\/image\/","url":"https:\/\/secure.gravatar.com\/avatar\/7578910c24966c0316c340f9dbd601e93ee9f9212e1033968b367af9306bd9fb?s=96&d=mm&r=g","contentUrl":"https:\/\/secure.gravatar.com\/avatar\/7578910c24966c0316c340f9dbd601e93ee9f9212e1033968b367af9306bd9fb?s=96&d=mm&r=g","caption":"Fernando Calixto"},"url":"https:\/\/verdadeon.com.br\/portal\/author\/fernando-calixto\/"}]}},"jetpack_publicize_connections":[],"jetpack_featured_media_url":"https:\/\/i0.wp.com\/verdadeon.com.br\/portal\/wp-content\/uploads\/2023\/01\/lula-centrais-sindicais2_mcamgo_abr_180120231818-6.jpg?fit=1000%2C670&ssl=1","jetpack_sharing_enabled":true,"_links":{"self":[{"href":"https:\/\/verdadeon.com.br\/portal\/wp-json\/wp\/v2\/posts\/31360","targetHints":{"allow":["GET"]}}],"collection":[{"href":"https:\/\/verdadeon.com.br\/portal\/wp-json\/wp\/v2\/posts"}],"about":[{"href":"https:\/\/verdadeon.com.br\/portal\/wp-json\/wp\/v2\/types\/post"}],"author":[{"embeddable":true,"href":"https:\/\/verdadeon.com.br\/portal\/wp-json\/wp\/v2\/users\/4"}],"replies":[{"embeddable":true,"href":"https:\/\/verdadeon.com.br\/portal\/wp-json\/wp\/v2\/comments?post=31360"}],"version-history":[{"count":1,"href":"https:\/\/verdadeon.com.br\/portal\/wp-json\/wp\/v2\/posts\/31360\/revisions"}],"predecessor-version":[{"id":31372,"href":"https:\/\/verdadeon.com.br\/portal\/wp-json\/wp\/v2\/posts\/31360\/revisions\/31372"}],"wp:featuredmedia":[{"embeddable":true,"href":"https:\/\/verdadeon.com.br\/portal\/wp-json\/wp\/v2\/media\/31367"}],"wp:attachment":[{"href":"https:\/\/verdadeon.com.br\/portal\/wp-json\/wp\/v2\/media?parent=31360"}],"wp:term":[{"taxonomy":"category","embeddable":true,"href":"https:\/\/verdadeon.com.br\/portal\/wp-json\/wp\/v2\/categories?post=31360"},{"taxonomy":"post_tag","embeddable":true,"href":"https:\/\/verdadeon.com.br\/portal\/wp-json\/wp\/v2\/tags?post=31360"}],"curies":[{"name":"wp","href":"https:\/\/api.w.org\/{rel}","templated":true}]}}