{"id":31357,"date":"2023-01-25T15:39:23","date_gmt":"2023-01-25T18:39:23","guid":{"rendered":"https:\/\/verdadeon.com.br\/portal\/?p=31357"},"modified":"2023-01-25T15:39:23","modified_gmt":"2023-01-25T18:39:23","slug":"trabalho-escravo-2-575-pessoas-foram-resgatadas-em-2022","status":"publish","type":"post","link":"https:\/\/verdadeon.com.br\/portal\/2023\/01\/25\/trabalho-escravo-2-575-pessoas-foram-resgatadas-em-2022\/","title":{"rendered":"Trabalho escravo: 2.575 pessoas foram resgatadas em 2022"},"content":{"rendered":"<div class=\"col-lg-12 mb-3\">\n<div class=\"row\">\n<h3 class=\"col-10 offset-1 animated fadeInDown dealy-900 display-8 display-md-8 alt-font font-italic my-1 text-center\">Dados do Minist\u00e9rio do Trabalho indicam 462 fiscaliza\u00e7\u00f5es<\/h3>\n<\/div>\n<\/div>\n<div class=\"col-xl-7 offset-xl-1 col-lg-8 offset-lg-0 col-md-10 offset-md-1 mb-3\">\n<div class=\"post-item alt-font\">\n<div class=\"post-item-wrap\">\n<p>No ano passado, 2.575 trabalhadores foram resgatados de condi\u00e7\u00f5es an\u00e1logas \u00e0s de escravo, um ter\u00e7o a mais que em 2021. Do total de resgates em 2022, 35 eram crian\u00e7as e adolescentes. Os dados s\u00e3o da Secretaria de Inspe\u00e7\u00e3o do Trabalho do Minist\u00e9rio do Trabalho e Emprego.<img data-recalc-dims=\"1\" decoding=\"async\" src=\"https:\/\/i0.wp.com\/agenciabrasil.ebc.com.br\/ebc.png?w=1220&#038;ssl=1\" \/><img data-recalc-dims=\"1\" decoding=\"async\" src=\"https:\/\/i0.wp.com\/agenciabrasil.ebc.com.br\/ebc.gif?w=1220&#038;ssl=1\" \/><\/p>\n<p>Ao todo, foram realizadas 462 fiscaliza\u00e7\u00f5es que resultaram em mais de R$ 8 milh\u00f5es em verbas salariais e rescis\u00f3rias. Como algumas a\u00e7\u00f5es ainda est\u00e3o em andamento, esse valor pode ser corrigido.<\/p>\n<p>O Grupo Especial de Fiscaliza\u00e7\u00e3o M\u00f3vel realizou um ter\u00e7o das a\u00e7\u00f5es e encontrou pr\u00e1ticas de trabalho an\u00e1logo ao de escravo em 17 estados. Entre os 20 estados fiscalizados, apenas Alagoas, Amazonas e Amap\u00e1 n\u00e3o registraram casos de escravid\u00e3o contempor\u00e2nea.<\/p>\n<p>Minas Gerais foi o estado com mais a\u00e7\u00f5es, tendo mais de mil trabalhadores resgatados. A maior delas ocorreu no munic\u00edpio Varj\u00e3o de Minas, onde 273 trabalhadores foram encontrados em condi\u00e7\u00f5es degradantes na atividade de corte de cana-de-a\u00e7\u00facar.<\/p>\n<p>Dados do seguro-desemprego mostram que nove em cada dez v\u00edtimas eram homens, quase um ter\u00e7o tinha entre 30 e 39 anos, e mais da metade eram nordestinos. Cerca de 80% do total de resgatados eram negros ou pardos.<\/p>\n<p>Segundo o Minist\u00e9rio do Trabalho e Emprego, 148 v\u00edtimas eram migrantes de outros pa\u00edses, sendo dois ter\u00e7os do Paraguai. Ao todo, o n\u00famero de estrangeiros resgatados dobrou em rela\u00e7\u00e3o a 2021.<\/p>\n<p>Entre as principais atividades econ\u00f4micas fiscalizadas usando m\u00e3o de obra an\u00e1loga \u00e0 de escravo, est\u00e3o: cultivo de cana-de-a\u00e7\u00facar; produ\u00e7\u00e3o de carv\u00e3o vegetal; cultivo de alho, caf\u00e9, ma\u00e7\u00e3 e soja; extra\u00e7\u00e3o de pedras e madeira; cria\u00e7\u00e3o de bovinos; constru\u00e7\u00e3o civil; em restaurantes e confec\u00e7\u00e3o de roupas.<\/p>\n<p>As den\u00fancias de trabalho an\u00e1logo ao de escravo podem ser enviadas pela internet, ao\u00a0<a href=\"http:\/\/ipe.sit.trabalho.gov.br\/\" target=\"_blank\" rel=\"noopener\"><em>site<\/em>\u00a0do Sistema Ip\u00ea<\/a>.<\/p>\n<\/div>\n<\/div>\n<\/div>\n","protected":false},"excerpt":{"rendered":"<p>Dados do Minist\u00e9rio do Trabalho indicam 462 fiscaliza\u00e7\u00f5es No ano passado, 2.575 trabalhadores foram resgatados de condi\u00e7\u00f5es an\u00e1logas \u00e0s de escravo, um ter\u00e7o a mais que<span class=\"excerpt-hellip\"> [\u2026]<\/span><\/p>\n","protected":false},"author":4,"featured_media":31368,"comment_status":"open","ping_status":"open","sticky":false,"template":"","format":"standard","meta":{"_jetpack_memberships_contains_paid_content":false,"footnotes":"","jetpack_publicize_message":"","jetpack_publicize_feature_enabled":true,"jetpack_social_post_already_shared":false,"jetpack_social_options":{"image_generator_settings":{"template":"highway","default_image_id":0,"enabled":false},"version":2}},"categories":[28,81],"tags":[],"class_list":["post-31357","post","type-post","status-publish","format-standard","has-post-thumbnail","hentry","category-cotidiano","category-manchete"],"yoast_head":"<!-- This site is optimized with the Yoast SEO plugin v25.6 - https:\/\/yoast.com\/wordpress\/plugins\/seo\/ -->\n<title>Trabalho escravo: 2.575 pessoas foram resgatadas em 2022 - VerdadeOn<\/title>\n<meta name=\"robots\" content=\"index, follow, max-snippet:-1, max-image-preview:large, max-video-preview:-1\" \/>\n<link rel=\"canonical\" href=\"https:\/\/verdadeon.com.br\/portal\/2023\/01\/25\/trabalho-escravo-2-575-pessoas-foram-resgatadas-em-2022\/\" \/>\n<meta property=\"og:locale\" content=\"pt_BR\" \/>\n<meta property=\"og:type\" content=\"article\" \/>\n<meta property=\"og:title\" content=\"Trabalho escravo: 2.575 pessoas foram resgatadas em 2022 - VerdadeOn\" \/>\n<meta property=\"og:description\" content=\"Dados do Minist\u00e9rio do Trabalho indicam 462 fiscaliza\u00e7\u00f5es No ano passado, 2.575 trabalhadores foram resgatados de condi\u00e7\u00f5es an\u00e1logas \u00e0s de escravo, um ter\u00e7o a mais que [\u2026]\" \/>\n<meta property=\"og:url\" content=\"https:\/\/verdadeon.com.br\/portal\/2023\/01\/25\/trabalho-escravo-2-575-pessoas-foram-resgatadas-em-2022\/\" \/>\n<meta property=\"og:site_name\" content=\"VerdadeOn\" \/>\n<meta property=\"article:published_time\" content=\"2023-01-25T18:39:23+00:00\" \/>\n<meta property=\"og:image\" content=\"https:\/\/verdadeon.com.br\/portal\/wp-content\/uploads\/2023\/01\/escravidao_porto_murtinho2.png\" \/>\n\t<meta property=\"og:image:width\" content=\"1000\" \/>\n\t<meta property=\"og:image:height\" content=\"670\" \/>\n\t<meta property=\"og:image:type\" content=\"image\/png\" \/>\n<meta name=\"author\" content=\"Fernando Calixto\" \/>\n<meta name=\"twitter:card\" content=\"summary_large_image\" \/>\n<meta name=\"twitter:label1\" content=\"Escrito por\" \/>\n\t<meta name=\"twitter:data1\" content=\"Fernando Calixto\" \/>\n\t<meta name=\"twitter:label2\" content=\"Est. tempo de leitura\" \/>\n\t<meta name=\"twitter:data2\" content=\"3 minutos\" \/>\n<script type=\"application\/ld+json\" class=\"yoast-schema-graph\">{\"@context\":\"https:\/\/schema.org\",\"@graph\":[{\"@type\":\"WebPage\",\"@id\":\"https:\/\/verdadeon.com.br\/portal\/2023\/01\/25\/trabalho-escravo-2-575-pessoas-foram-resgatadas-em-2022\/\",\"url\":\"https:\/\/verdadeon.com.br\/portal\/2023\/01\/25\/trabalho-escravo-2-575-pessoas-foram-resgatadas-em-2022\/\",\"name\":\"Trabalho escravo: 2.575 pessoas foram resgatadas em 2022 - VerdadeOn\",\"isPartOf\":{\"@id\":\"https:\/\/verdadeon.com.br\/portal\/#website\"},\"primaryImageOfPage\":{\"@id\":\"https:\/\/verdadeon.com.br\/portal\/2023\/01\/25\/trabalho-escravo-2-575-pessoas-foram-resgatadas-em-2022\/#primaryimage\"},\"image\":{\"@id\":\"https:\/\/verdadeon.com.br\/portal\/2023\/01\/25\/trabalho-escravo-2-575-pessoas-foram-resgatadas-em-2022\/#primaryimage\"},\"thumbnailUrl\":\"https:\/\/i0.wp.com\/verdadeon.com.br\/portal\/wp-content\/uploads\/2023\/01\/escravidao_porto_murtinho2.png?fit=1000%2C670&ssl=1\",\"datePublished\":\"2023-01-25T18:39:23+00:00\",\"author\":{\"@id\":\"https:\/\/verdadeon.com.br\/portal\/#\/schema\/person\/8994718f49ee62ba5610471e29ca1f62\"},\"breadcrumb\":{\"@id\":\"https:\/\/verdadeon.com.br\/portal\/2023\/01\/25\/trabalho-escravo-2-575-pessoas-foram-resgatadas-em-2022\/#breadcrumb\"},\"inLanguage\":\"pt-BR\",\"potentialAction\":[{\"@type\":\"ReadAction\",\"target\":[\"https:\/\/verdadeon.com.br\/portal\/2023\/01\/25\/trabalho-escravo-2-575-pessoas-foram-resgatadas-em-2022\/\"]}]},{\"@type\":\"ImageObject\",\"inLanguage\":\"pt-BR\",\"@id\":\"https:\/\/verdadeon.com.br\/portal\/2023\/01\/25\/trabalho-escravo-2-575-pessoas-foram-resgatadas-em-2022\/#primaryimage\",\"url\":\"https:\/\/i0.wp.com\/verdadeon.com.br\/portal\/wp-content\/uploads\/2023\/01\/escravidao_porto_murtinho2.png?fit=1000%2C670&ssl=1\",\"contentUrl\":\"https:\/\/i0.wp.com\/verdadeon.com.br\/portal\/wp-content\/uploads\/2023\/01\/escravidao_porto_murtinho2.png?fit=1000%2C670&ssl=1\",\"width\":1000,\"height\":670,\"caption\":\"Dados do seguro-desemprego mostram que nove em cada dez v\u00edtimas eram homens, quase um ter\u00e7o tinha entre 30 e 39 anos e mais da metade eram nordestinos\"},{\"@type\":\"BreadcrumbList\",\"@id\":\"https:\/\/verdadeon.com.br\/portal\/2023\/01\/25\/trabalho-escravo-2-575-pessoas-foram-resgatadas-em-2022\/#breadcrumb\",\"itemListElement\":[{\"@type\":\"ListItem\",\"position\":1,\"name\":\"In\u00edcio\",\"item\":\"https:\/\/verdadeon.com.br\/portal\/\"},{\"@type\":\"ListItem\",\"position\":2,\"name\":\"Trabalho escravo: 2.575 pessoas foram resgatadas em 2022\"}]},{\"@type\":\"WebSite\",\"@id\":\"https:\/\/verdadeon.com.br\/portal\/#website\",\"url\":\"https:\/\/verdadeon.com.br\/portal\/\",\"name\":\"VerdadeOn\",\"description\":\"Not\u00edcias di\u00e1rias sobre Franca, Regi\u00e3o, Esporte, Cultura, Cotidiano, Colunas. Cobertura nos principais eventos da cidade \u00e9 aqui - Verdadeon Franca\",\"potentialAction\":[{\"@type\":\"SearchAction\",\"target\":{\"@type\":\"EntryPoint\",\"urlTemplate\":\"https:\/\/verdadeon.com.br\/portal\/?s={search_term_string}\"},\"query-input\":{\"@type\":\"PropertyValueSpecification\",\"valueRequired\":true,\"valueName\":\"search_term_string\"}}],\"inLanguage\":\"pt-BR\"},{\"@type\":\"Person\",\"@id\":\"https:\/\/verdadeon.com.br\/portal\/#\/schema\/person\/8994718f49ee62ba5610471e29ca1f62\",\"name\":\"Fernando Calixto\",\"image\":{\"@type\":\"ImageObject\",\"inLanguage\":\"pt-BR\",\"@id\":\"https:\/\/verdadeon.com.br\/portal\/#\/schema\/person\/image\/\",\"url\":\"https:\/\/secure.gravatar.com\/avatar\/7578910c24966c0316c340f9dbd601e93ee9f9212e1033968b367af9306bd9fb?s=96&d=mm&r=g\",\"contentUrl\":\"https:\/\/secure.gravatar.com\/avatar\/7578910c24966c0316c340f9dbd601e93ee9f9212e1033968b367af9306bd9fb?s=96&d=mm&r=g\",\"caption\":\"Fernando Calixto\"},\"url\":\"https:\/\/verdadeon.com.br\/portal\/author\/fernando-calixto\/\"}]}<\/script>\n<!-- \/ Yoast SEO plugin. -->","yoast_head_json":{"title":"Trabalho escravo: 2.575 pessoas foram resgatadas em 2022 - VerdadeOn","robots":{"index":"index","follow":"follow","max-snippet":"max-snippet:-1","max-image-preview":"max-image-preview:large","max-video-preview":"max-video-preview:-1"},"canonical":"https:\/\/verdadeon.com.br\/portal\/2023\/01\/25\/trabalho-escravo-2-575-pessoas-foram-resgatadas-em-2022\/","og_locale":"pt_BR","og_type":"article","og_title":"Trabalho escravo: 2.575 pessoas foram resgatadas em 2022 - VerdadeOn","og_description":"Dados do Minist\u00e9rio do Trabalho indicam 462 fiscaliza\u00e7\u00f5es No ano passado, 2.575 trabalhadores foram resgatados de condi\u00e7\u00f5es an\u00e1logas \u00e0s de escravo, um ter\u00e7o a mais que [\u2026]","og_url":"https:\/\/verdadeon.com.br\/portal\/2023\/01\/25\/trabalho-escravo-2-575-pessoas-foram-resgatadas-em-2022\/","og_site_name":"VerdadeOn","article_published_time":"2023-01-25T18:39:23+00:00","og_image":[{"width":1000,"height":670,"url":"https:\/\/verdadeon.com.br\/portal\/wp-content\/uploads\/2023\/01\/escravidao_porto_murtinho2.png","type":"image\/png"}],"author":"Fernando Calixto","twitter_card":"summary_large_image","twitter_misc":{"Escrito por":"Fernando Calixto","Est. tempo de leitura":"3 minutos"},"schema":{"@context":"https:\/\/schema.org","@graph":[{"@type":"WebPage","@id":"https:\/\/verdadeon.com.br\/portal\/2023\/01\/25\/trabalho-escravo-2-575-pessoas-foram-resgatadas-em-2022\/","url":"https:\/\/verdadeon.com.br\/portal\/2023\/01\/25\/trabalho-escravo-2-575-pessoas-foram-resgatadas-em-2022\/","name":"Trabalho escravo: 2.575 pessoas foram resgatadas em 2022 - VerdadeOn","isPartOf":{"@id":"https:\/\/verdadeon.com.br\/portal\/#website"},"primaryImageOfPage":{"@id":"https:\/\/verdadeon.com.br\/portal\/2023\/01\/25\/trabalho-escravo-2-575-pessoas-foram-resgatadas-em-2022\/#primaryimage"},"image":{"@id":"https:\/\/verdadeon.com.br\/portal\/2023\/01\/25\/trabalho-escravo-2-575-pessoas-foram-resgatadas-em-2022\/#primaryimage"},"thumbnailUrl":"https:\/\/i0.wp.com\/verdadeon.com.br\/portal\/wp-content\/uploads\/2023\/01\/escravidao_porto_murtinho2.png?fit=1000%2C670&ssl=1","datePublished":"2023-01-25T18:39:23+00:00","author":{"@id":"https:\/\/verdadeon.com.br\/portal\/#\/schema\/person\/8994718f49ee62ba5610471e29ca1f62"},"breadcrumb":{"@id":"https:\/\/verdadeon.com.br\/portal\/2023\/01\/25\/trabalho-escravo-2-575-pessoas-foram-resgatadas-em-2022\/#breadcrumb"},"inLanguage":"pt-BR","potentialAction":[{"@type":"ReadAction","target":["https:\/\/verdadeon.com.br\/portal\/2023\/01\/25\/trabalho-escravo-2-575-pessoas-foram-resgatadas-em-2022\/"]}]},{"@type":"ImageObject","inLanguage":"pt-BR","@id":"https:\/\/verdadeon.com.br\/portal\/2023\/01\/25\/trabalho-escravo-2-575-pessoas-foram-resgatadas-em-2022\/#primaryimage","url":"https:\/\/i0.wp.com\/verdadeon.com.br\/portal\/wp-content\/uploads\/2023\/01\/escravidao_porto_murtinho2.png?fit=1000%2C670&ssl=1","contentUrl":"https:\/\/i0.wp.com\/verdadeon.com.br\/portal\/wp-content\/uploads\/2023\/01\/escravidao_porto_murtinho2.png?fit=1000%2C670&ssl=1","width":1000,"height":670,"caption":"Dados do seguro-desemprego mostram que nove em cada dez v\u00edtimas eram homens, quase um ter\u00e7o tinha entre 30 e 39 anos e mais da metade eram nordestinos"},{"@type":"BreadcrumbList","@id":"https:\/\/verdadeon.com.br\/portal\/2023\/01\/25\/trabalho-escravo-2-575-pessoas-foram-resgatadas-em-2022\/#breadcrumb","itemListElement":[{"@type":"ListItem","position":1,"name":"In\u00edcio","item":"https:\/\/verdadeon.com.br\/portal\/"},{"@type":"ListItem","position":2,"name":"Trabalho escravo: 2.575 pessoas foram resgatadas em 2022"}]},{"@type":"WebSite","@id":"https:\/\/verdadeon.com.br\/portal\/#website","url":"https:\/\/verdadeon.com.br\/portal\/","name":"VerdadeOn","description":"Not\u00edcias di\u00e1rias sobre Franca, Regi\u00e3o, Esporte, Cultura, Cotidiano, Colunas. Cobertura nos principais eventos da cidade \u00e9 aqui - Verdadeon Franca","potentialAction":[{"@type":"SearchAction","target":{"@type":"EntryPoint","urlTemplate":"https:\/\/verdadeon.com.br\/portal\/?s={search_term_string}"},"query-input":{"@type":"PropertyValueSpecification","valueRequired":true,"valueName":"search_term_string"}}],"inLanguage":"pt-BR"},{"@type":"Person","@id":"https:\/\/verdadeon.com.br\/portal\/#\/schema\/person\/8994718f49ee62ba5610471e29ca1f62","name":"Fernando Calixto","image":{"@type":"ImageObject","inLanguage":"pt-BR","@id":"https:\/\/verdadeon.com.br\/portal\/#\/schema\/person\/image\/","url":"https:\/\/secure.gravatar.com\/avatar\/7578910c24966c0316c340f9dbd601e93ee9f9212e1033968b367af9306bd9fb?s=96&d=mm&r=g","contentUrl":"https:\/\/secure.gravatar.com\/avatar\/7578910c24966c0316c340f9dbd601e93ee9f9212e1033968b367af9306bd9fb?s=96&d=mm&r=g","caption":"Fernando Calixto"},"url":"https:\/\/verdadeon.com.br\/portal\/author\/fernando-calixto\/"}]}},"jetpack_publicize_connections":[],"jetpack_featured_media_url":"https:\/\/i0.wp.com\/verdadeon.com.br\/portal\/wp-content\/uploads\/2023\/01\/escravidao_porto_murtinho2.png?fit=1000%2C670&ssl=1","jetpack_sharing_enabled":true,"_links":{"self":[{"href":"https:\/\/verdadeon.com.br\/portal\/wp-json\/wp\/v2\/posts\/31357","targetHints":{"allow":["GET"]}}],"collection":[{"href":"https:\/\/verdadeon.com.br\/portal\/wp-json\/wp\/v2\/posts"}],"about":[{"href":"https:\/\/verdadeon.com.br\/portal\/wp-json\/wp\/v2\/types\/post"}],"author":[{"embeddable":true,"href":"https:\/\/verdadeon.com.br\/portal\/wp-json\/wp\/v2\/users\/4"}],"replies":[{"embeddable":true,"href":"https:\/\/verdadeon.com.br\/portal\/wp-json\/wp\/v2\/comments?post=31357"}],"version-history":[{"count":1,"href":"https:\/\/verdadeon.com.br\/portal\/wp-json\/wp\/v2\/posts\/31357\/revisions"}],"predecessor-version":[{"id":31371,"href":"https:\/\/verdadeon.com.br\/portal\/wp-json\/wp\/v2\/posts\/31357\/revisions\/31371"}],"wp:featuredmedia":[{"embeddable":true,"href":"https:\/\/verdadeon.com.br\/portal\/wp-json\/wp\/v2\/media\/31368"}],"wp:attachment":[{"href":"https:\/\/verdadeon.com.br\/portal\/wp-json\/wp\/v2\/media?parent=31357"}],"wp:term":[{"taxonomy":"category","embeddable":true,"href":"https:\/\/verdadeon.com.br\/portal\/wp-json\/wp\/v2\/categories?post=31357"},{"taxonomy":"post_tag","embeddable":true,"href":"https:\/\/verdadeon.com.br\/portal\/wp-json\/wp\/v2\/tags?post=31357"}],"curies":[{"name":"wp","href":"https:\/\/api.w.org\/{rel}","templated":true}]}}