{"id":31356,"date":"2023-01-25T15:36:41","date_gmt":"2023-01-25T18:36:41","guid":{"rendered":"https:\/\/verdadeon.com.br\/portal\/?p=31356"},"modified":"2023-01-25T15:36:41","modified_gmt":"2023-01-25T18:36:41","slug":"covid-19-matou-mais-enfermeiros-no-norte-que-no-sudeste-diz-pesquisa","status":"publish","type":"post","link":"https:\/\/verdadeon.com.br\/portal\/2023\/01\/25\/covid-19-matou-mais-enfermeiros-no-norte-que-no-sudeste-diz-pesquisa\/","title":{"rendered":"Covid-19 matou mais enfermeiros no Norte que no Sudeste, diz pesquisa"},"content":{"rendered":"<div class=\"col-lg-12 mb-3\">\n<div class=\"row\">\n<h3 class=\"col-10 offset-1 animated fadeInDown dealy-900 display-8 display-md-8 alt-font font-italic my-1 text-center\">Maioria das v\u00edtimas da doen\u00e7a era de pretas e pardas<\/h3>\n<\/div>\n<\/div>\n<div class=\"col-xl-7 offset-xl-1 col-lg-8 offset-lg-0 col-md-10 offset-md-1 mb-3\">\n<div class=\"post-item alt-font\">\n<div class=\"post-item-wrap\">\n<p>Um estudo divulgado na ter\u00e7a-feira (24) pela Funda\u00e7\u00e3o Oswaldo Cruz (Fiocruz) tra\u00e7ou um perfil dos profissionais de sa\u00fade mortos no primeiro ano da pandemia de covid-19 e mostrou que mais enfermeiros foram v\u00edtimas da doen\u00e7a na Regi\u00e3o Norte que na Regi\u00e3o Sudeste.\u00a0<a href=\"https:\/\/www.scielosp.org\/article\/csc\/2023.v28n2\/405-419\/#\" target=\"_blank\" rel=\"noopener\">O trabalho<\/a>\u00a0foi publicado na revista cient\u00edfica\u00a0<em>Ci\u00eancia &amp; Sa\u00fade Coletiva<\/em>.<img data-recalc-dims=\"1\" decoding=\"async\" src=\"https:\/\/i0.wp.com\/agenciabrasil.ebc.com.br\/ebc.png?w=1220&#038;ssl=1\" \/><img data-recalc-dims=\"1\" decoding=\"async\" src=\"https:\/\/i0.wp.com\/agenciabrasil.ebc.com.br\/ebc.gif?w=1220&#038;ssl=1\" \/><\/p>\n<p>A autora principal do artigo, Maria Helena Machado, diz que os dados regionais de mortalidade dos profissionais de sa\u00fade por covid-19 entre mar\u00e7o de 2020 e mar\u00e7o de 2021 s\u00e3o \u201cuma fotografia real, crua e dura da desigualdade social que impera no pa\u00eds e no Sistema \u00danico de Sa\u00fade [SUS]\u201d.<\/p>\n<p>A pesquisa mostra que, dos 582 mil enfermeiros que existem no pa\u00eds, apenas 7,6% est\u00e3o na Regi\u00e3o Norte, e 45,1%, na Regi\u00e3o Sudeste. Mesmo assim, dos 200 enfermeiros mortos por covid-19 e contabilizados pelo Conselho Federal de Enfermagem (Cofen) no primeiro ano da pandemia, 29,5% eram do Norte e 26,5%, do Sudeste. Em n\u00fameros absolutos, foram 59 v\u00edtimas no Norte, e 53, no Sudeste.<\/p>\n<p>&#8220;\u00c9 l\u00e1 [Regi\u00e3o Norte] que se v\u00ea com clareza onde o genoc\u00eddio dos profissionais se deu forma mais aguda. \u00c9 onde tem piores condi\u00e7\u00f5es de trabalho e maior aglomera\u00e7\u00e3o da popula\u00e7\u00e3o desesperada por atendimento. O Amazonas foi um exemplo vivo do descaso com que a Amaz\u00f4nia Legal vem sendo tratada no pa\u00eds. Ela ficou muito descoberta e desprotegida&#8221;, disse a pesquisadora, em texto publicado pela Ag\u00eancia Fiocruz de Not\u00edcias.<\/p>\n<p>O Amazonas foi o estado brasileiro em que houve mais mortes de enfermeiros no primeiro ano da pandemia, com 12,5% do total. S\u00e3o Paulo teve 10,5%, e Rio de Janeiro, 9,5%.<\/p>\n<h2>Subnotifica\u00e7\u00e3o<\/h2>\n<p>Outro alerta trazido pela pesquisa \u00e9 a poss\u00edvel subnotifica\u00e7\u00e3o nos dados de profissionais de sa\u00fade v\u00edtimas da pandemia. O estudo cita n\u00fameros da Organiza\u00e7\u00e3o Mundial da Sa\u00fade (OMS) que estima pelo menos 115 mil profissionais da sa\u00fade v\u00edtimas da covid-19 at\u00e9 maio de 2021, em todo o mundo, mas considera que o total pode ser ainda maior.<\/p>\n<p>Para o estudo da Fiocruz, foram usados os bancos de dados do Cofen e do Conselho Federal de Medicina (CFM), mas a pesquisa chama a aten\u00e7\u00e3o para o fato de n\u00e3o haver no pa\u00eds sistematiza\u00e7\u00e3o dos n\u00fameros de contaminados e de mortes entre os trabalhadores da sa\u00fade.<\/p>\n<p>&#8220;\u00c9 importante assinalar que a escassez e, por vezes, a aus\u00eancia sistem\u00e1tica de dados sobre \u00f3bitos de profissionais de sa\u00fade em geral durante a pandemia \u00e9 um fato grave. Isso implica um apag\u00e3o de fatos que aconteceram e est\u00e3o acontecendo com esses trabalhadores, gerando um cen\u00e1rio de incertezas na pandemia e no p\u00f3s-pandemia&#8221;, diz um trecho do artigo.<\/p>\n<h2>M\u00e9dicos e auxiliares de enfermagem<\/h2>\n<p>A disparidade entre a propor\u00e7\u00e3o de profissionais e a propor\u00e7\u00e3o de mortes tamb\u00e9m aparece entre m\u00e9dicos e auxiliares de enfermagem. Com apenas 4,5% dos m\u00e9dicos do pa\u00eds, mas teve 16,1% dos \u00f3bitos entre esses profissionais. Entre os auxiliares de enfermagem, 8,7% est\u00e3o no Norte, enquanto 23,2% das v\u00edtimas dessa categoria profissional se concentram nesses estados.<\/p>\n<p>A pesquisa mostra ainda que 75% dos m\u00e9dicos mortos estavam acima dos 60 anos, enquanto 80% dos t\u00e9cnicos ou auxiliares de enfermagem mortos estavam abaixo dessa faixa et\u00e1ria.<\/p>\n<p>&#8220;A enfermagem tem uma inser\u00e7\u00e3o mais institucional, assalariada e com tempo de trabalho predeterminado. Boa parte da enfermagem no Brasil tem assegurado o direito formal \u00e0 aposentadoria. Na medicina, \u00e9 exatamente o contr\u00e1rio, pois infelizmente os m\u00e9dicos est\u00e3o cada vez mais de forma aut\u00f4noma no mercado profissional. A outra quest\u00e3o \u00e9 que as categorias da enfermagem t\u00eam inser\u00e7\u00e3o no mercado de trabalho em fases da vida bastante distintas. Os t\u00e9cnicos podem iniciar a jornada por volta dos 18 anos, por exemplo. Os enfermeiros, assim como os m\u00e9dicos, precisam primeiro se formar na universidade, mas o curso de medicina \u00e9 mais longo, fazendo que com que esses profissionais entrem mais tarde no mercado, o que tamb\u00e9m contribui para o prolongamento de suas carreiras\u201d, analisa a pesquisadora.<\/p>\n<p>O perfil dos profissionais da enfermagem mortos por covid-19 foi principalmente de mulheres negras. Entre os enfermeiros vitimados, 59,5% eram mulheres, enquanto, entre os auxiliares de enfermagem, elas eram 69,1%. J\u00e1 em rela\u00e7\u00e3o \u00e0 ra\u00e7a, 31% dos enfermeiros que morreram por Covid-19 eram brancos, e 51%, pretos e pardos. J\u00e1 entre os auxiliares e t\u00e9cnicos, 29,6% eram brancos e 47,6% pretos e pardos.<\/p>\n<p>Entre os m\u00e9dicos, 87,6% das v\u00edtimas s\u00e3o homens, e 12,4%, mulheres. A pesquisa informou que dados sobre cor e\/ou ra\u00e7a n\u00e3o est\u00e3o dispon\u00edveis no caso dos m\u00e9dicos.<\/p>\n<\/div>\n<\/div>\n<\/div>\n","protected":false},"excerpt":{"rendered":"<p>Maioria das v\u00edtimas da doen\u00e7a era de pretas e pardas Um estudo divulgado na ter\u00e7a-feira (24) pela Funda\u00e7\u00e3o Oswaldo Cruz (Fiocruz) tra\u00e7ou um perfil dos profissionais<span class=\"excerpt-hellip\"> [\u2026]<\/span><\/p>\n","protected":false},"author":4,"featured_media":31364,"comment_status":"open","ping_status":"open","sticky":false,"template":"","format":"standard","meta":{"_jetpack_memberships_contains_paid_content":false,"footnotes":"","jetpack_publicize_message":"","jetpack_publicize_feature_enabled":true,"jetpack_social_post_already_shared":false,"jetpack_social_options":{"image_generator_settings":{"template":"highway","default_image_id":0,"enabled":false},"version":2}},"categories":[28,44],"tags":[],"class_list":["post-31356","post","type-post","status-publish","format-standard","has-post-thumbnail","hentry","category-cotidiano","category-noticias"],"yoast_head":"<!-- This site is optimized with the Yoast SEO plugin v25.6 - https:\/\/yoast.com\/wordpress\/plugins\/seo\/ -->\n<title>Covid-19 matou mais enfermeiros no Norte que no Sudeste, diz pesquisa - VerdadeOn<\/title>\n<meta name=\"robots\" content=\"index, follow, max-snippet:-1, max-image-preview:large, max-video-preview:-1\" \/>\n<link rel=\"canonical\" href=\"https:\/\/verdadeon.com.br\/portal\/2023\/01\/25\/covid-19-matou-mais-enfermeiros-no-norte-que-no-sudeste-diz-pesquisa\/\" \/>\n<meta property=\"og:locale\" content=\"pt_BR\" \/>\n<meta property=\"og:type\" content=\"article\" \/>\n<meta property=\"og:title\" content=\"Covid-19 matou mais enfermeiros no Norte que no Sudeste, diz pesquisa - VerdadeOn\" \/>\n<meta property=\"og:description\" content=\"Maioria das v\u00edtimas da doen\u00e7a era de pretas e pardas Um estudo divulgado na ter\u00e7a-feira (24) pela Funda\u00e7\u00e3o Oswaldo Cruz (Fiocruz) tra\u00e7ou um perfil dos profissionais [\u2026]\" \/>\n<meta property=\"og:url\" content=\"https:\/\/verdadeon.com.br\/portal\/2023\/01\/25\/covid-19-matou-mais-enfermeiros-no-norte-que-no-sudeste-diz-pesquisa\/\" \/>\n<meta property=\"og:site_name\" content=\"VerdadeOn\" \/>\n<meta property=\"article:published_time\" content=\"2023-01-25T18:36:41+00:00\" \/>\n<meta property=\"og:image\" content=\"https:\/\/verdadeon.com.br\/portal\/wp-content\/uploads\/2023\/01\/enfermeiros_em_hospital_de_campanha-1.jpg\" \/>\n\t<meta property=\"og:image:width\" content=\"1000\" \/>\n\t<meta property=\"og:image:height\" content=\"670\" \/>\n\t<meta property=\"og:image:type\" content=\"image\/jpeg\" \/>\n<meta name=\"author\" content=\"Fernando Calixto\" \/>\n<meta name=\"twitter:card\" content=\"summary_large_image\" \/>\n<meta name=\"twitter:label1\" content=\"Escrito por\" \/>\n\t<meta name=\"twitter:data1\" content=\"Fernando Calixto\" \/>\n\t<meta name=\"twitter:label2\" content=\"Est. tempo de leitura\" \/>\n\t<meta name=\"twitter:data2\" content=\"5 minutos\" \/>\n<script type=\"application\/ld+json\" class=\"yoast-schema-graph\">{\"@context\":\"https:\/\/schema.org\",\"@graph\":[{\"@type\":\"WebPage\",\"@id\":\"https:\/\/verdadeon.com.br\/portal\/2023\/01\/25\/covid-19-matou-mais-enfermeiros-no-norte-que-no-sudeste-diz-pesquisa\/\",\"url\":\"https:\/\/verdadeon.com.br\/portal\/2023\/01\/25\/covid-19-matou-mais-enfermeiros-no-norte-que-no-sudeste-diz-pesquisa\/\",\"name\":\"Covid-19 matou mais enfermeiros no Norte que no Sudeste, diz pesquisa - VerdadeOn\",\"isPartOf\":{\"@id\":\"https:\/\/verdadeon.com.br\/portal\/#website\"},\"primaryImageOfPage\":{\"@id\":\"https:\/\/verdadeon.com.br\/portal\/2023\/01\/25\/covid-19-matou-mais-enfermeiros-no-norte-que-no-sudeste-diz-pesquisa\/#primaryimage\"},\"image\":{\"@id\":\"https:\/\/verdadeon.com.br\/portal\/2023\/01\/25\/covid-19-matou-mais-enfermeiros-no-norte-que-no-sudeste-diz-pesquisa\/#primaryimage\"},\"thumbnailUrl\":\"https:\/\/i0.wp.com\/verdadeon.com.br\/portal\/wp-content\/uploads\/2023\/01\/enfermeiros_em_hospital_de_campanha-1.jpg?fit=1000%2C670&ssl=1\",\"datePublished\":\"2023-01-25T18:36:41+00:00\",\"author\":{\"@id\":\"https:\/\/verdadeon.com.br\/portal\/#\/schema\/person\/8994718f49ee62ba5610471e29ca1f62\"},\"breadcrumb\":{\"@id\":\"https:\/\/verdadeon.com.br\/portal\/2023\/01\/25\/covid-19-matou-mais-enfermeiros-no-norte-que-no-sudeste-diz-pesquisa\/#breadcrumb\"},\"inLanguage\":\"pt-BR\",\"potentialAction\":[{\"@type\":\"ReadAction\",\"target\":[\"https:\/\/verdadeon.com.br\/portal\/2023\/01\/25\/covid-19-matou-mais-enfermeiros-no-norte-que-no-sudeste-diz-pesquisa\/\"]}]},{\"@type\":\"ImageObject\",\"inLanguage\":\"pt-BR\",\"@id\":\"https:\/\/verdadeon.com.br\/portal\/2023\/01\/25\/covid-19-matou-mais-enfermeiros-no-norte-que-no-sudeste-diz-pesquisa\/#primaryimage\",\"url\":\"https:\/\/i0.wp.com\/verdadeon.com.br\/portal\/wp-content\/uploads\/2023\/01\/enfermeiros_em_hospital_de_campanha-1.jpg?fit=1000%2C670&ssl=1\",\"contentUrl\":\"https:\/\/i0.wp.com\/verdadeon.com.br\/portal\/wp-content\/uploads\/2023\/01\/enfermeiros_em_hospital_de_campanha-1.jpg?fit=1000%2C670&ssl=1\",\"width\":1000,\"height\":670,\"caption\":\"O Amazonas foi o estado brasileiro em que houve mais mortes de enfermeiros no primeiro ano da pandemia\"},{\"@type\":\"BreadcrumbList\",\"@id\":\"https:\/\/verdadeon.com.br\/portal\/2023\/01\/25\/covid-19-matou-mais-enfermeiros-no-norte-que-no-sudeste-diz-pesquisa\/#breadcrumb\",\"itemListElement\":[{\"@type\":\"ListItem\",\"position\":1,\"name\":\"In\u00edcio\",\"item\":\"https:\/\/verdadeon.com.br\/portal\/\"},{\"@type\":\"ListItem\",\"position\":2,\"name\":\"Covid-19 matou mais enfermeiros no Norte que no Sudeste, diz pesquisa\"}]},{\"@type\":\"WebSite\",\"@id\":\"https:\/\/verdadeon.com.br\/portal\/#website\",\"url\":\"https:\/\/verdadeon.com.br\/portal\/\",\"name\":\"VerdadeOn\",\"description\":\"Not\u00edcias di\u00e1rias sobre Franca, Regi\u00e3o, Esporte, Cultura, Cotidiano, Colunas. Cobertura nos principais eventos da cidade \u00e9 aqui - Verdadeon Franca\",\"potentialAction\":[{\"@type\":\"SearchAction\",\"target\":{\"@type\":\"EntryPoint\",\"urlTemplate\":\"https:\/\/verdadeon.com.br\/portal\/?s={search_term_string}\"},\"query-input\":{\"@type\":\"PropertyValueSpecification\",\"valueRequired\":true,\"valueName\":\"search_term_string\"}}],\"inLanguage\":\"pt-BR\"},{\"@type\":\"Person\",\"@id\":\"https:\/\/verdadeon.com.br\/portal\/#\/schema\/person\/8994718f49ee62ba5610471e29ca1f62\",\"name\":\"Fernando Calixto\",\"image\":{\"@type\":\"ImageObject\",\"inLanguage\":\"pt-BR\",\"@id\":\"https:\/\/verdadeon.com.br\/portal\/#\/schema\/person\/image\/\",\"url\":\"https:\/\/secure.gravatar.com\/avatar\/7578910c24966c0316c340f9dbd601e93ee9f9212e1033968b367af9306bd9fb?s=96&d=mm&r=g\",\"contentUrl\":\"https:\/\/secure.gravatar.com\/avatar\/7578910c24966c0316c340f9dbd601e93ee9f9212e1033968b367af9306bd9fb?s=96&d=mm&r=g\",\"caption\":\"Fernando Calixto\"},\"url\":\"https:\/\/verdadeon.com.br\/portal\/author\/fernando-calixto\/\"}]}<\/script>\n<!-- \/ Yoast SEO plugin. -->","yoast_head_json":{"title":"Covid-19 matou mais enfermeiros no Norte que no Sudeste, diz pesquisa - VerdadeOn","robots":{"index":"index","follow":"follow","max-snippet":"max-snippet:-1","max-image-preview":"max-image-preview:large","max-video-preview":"max-video-preview:-1"},"canonical":"https:\/\/verdadeon.com.br\/portal\/2023\/01\/25\/covid-19-matou-mais-enfermeiros-no-norte-que-no-sudeste-diz-pesquisa\/","og_locale":"pt_BR","og_type":"article","og_title":"Covid-19 matou mais enfermeiros no Norte que no Sudeste, diz pesquisa - VerdadeOn","og_description":"Maioria das v\u00edtimas da doen\u00e7a era de pretas e pardas Um estudo divulgado na ter\u00e7a-feira (24) pela Funda\u00e7\u00e3o Oswaldo Cruz (Fiocruz) tra\u00e7ou um perfil dos profissionais [\u2026]","og_url":"https:\/\/verdadeon.com.br\/portal\/2023\/01\/25\/covid-19-matou-mais-enfermeiros-no-norte-que-no-sudeste-diz-pesquisa\/","og_site_name":"VerdadeOn","article_published_time":"2023-01-25T18:36:41+00:00","og_image":[{"width":1000,"height":670,"url":"https:\/\/verdadeon.com.br\/portal\/wp-content\/uploads\/2023\/01\/enfermeiros_em_hospital_de_campanha-1.jpg","type":"image\/jpeg"}],"author":"Fernando Calixto","twitter_card":"summary_large_image","twitter_misc":{"Escrito por":"Fernando Calixto","Est. tempo de leitura":"5 minutos"},"schema":{"@context":"https:\/\/schema.org","@graph":[{"@type":"WebPage","@id":"https:\/\/verdadeon.com.br\/portal\/2023\/01\/25\/covid-19-matou-mais-enfermeiros-no-norte-que-no-sudeste-diz-pesquisa\/","url":"https:\/\/verdadeon.com.br\/portal\/2023\/01\/25\/covid-19-matou-mais-enfermeiros-no-norte-que-no-sudeste-diz-pesquisa\/","name":"Covid-19 matou mais enfermeiros no Norte que no Sudeste, diz pesquisa - VerdadeOn","isPartOf":{"@id":"https:\/\/verdadeon.com.br\/portal\/#website"},"primaryImageOfPage":{"@id":"https:\/\/verdadeon.com.br\/portal\/2023\/01\/25\/covid-19-matou-mais-enfermeiros-no-norte-que-no-sudeste-diz-pesquisa\/#primaryimage"},"image":{"@id":"https:\/\/verdadeon.com.br\/portal\/2023\/01\/25\/covid-19-matou-mais-enfermeiros-no-norte-que-no-sudeste-diz-pesquisa\/#primaryimage"},"thumbnailUrl":"https:\/\/i0.wp.com\/verdadeon.com.br\/portal\/wp-content\/uploads\/2023\/01\/enfermeiros_em_hospital_de_campanha-1.jpg?fit=1000%2C670&ssl=1","datePublished":"2023-01-25T18:36:41+00:00","author":{"@id":"https:\/\/verdadeon.com.br\/portal\/#\/schema\/person\/8994718f49ee62ba5610471e29ca1f62"},"breadcrumb":{"@id":"https:\/\/verdadeon.com.br\/portal\/2023\/01\/25\/covid-19-matou-mais-enfermeiros-no-norte-que-no-sudeste-diz-pesquisa\/#breadcrumb"},"inLanguage":"pt-BR","potentialAction":[{"@type":"ReadAction","target":["https:\/\/verdadeon.com.br\/portal\/2023\/01\/25\/covid-19-matou-mais-enfermeiros-no-norte-que-no-sudeste-diz-pesquisa\/"]}]},{"@type":"ImageObject","inLanguage":"pt-BR","@id":"https:\/\/verdadeon.com.br\/portal\/2023\/01\/25\/covid-19-matou-mais-enfermeiros-no-norte-que-no-sudeste-diz-pesquisa\/#primaryimage","url":"https:\/\/i0.wp.com\/verdadeon.com.br\/portal\/wp-content\/uploads\/2023\/01\/enfermeiros_em_hospital_de_campanha-1.jpg?fit=1000%2C670&ssl=1","contentUrl":"https:\/\/i0.wp.com\/verdadeon.com.br\/portal\/wp-content\/uploads\/2023\/01\/enfermeiros_em_hospital_de_campanha-1.jpg?fit=1000%2C670&ssl=1","width":1000,"height":670,"caption":"O Amazonas foi o estado brasileiro em que houve mais mortes de enfermeiros no primeiro ano da pandemia"},{"@type":"BreadcrumbList","@id":"https:\/\/verdadeon.com.br\/portal\/2023\/01\/25\/covid-19-matou-mais-enfermeiros-no-norte-que-no-sudeste-diz-pesquisa\/#breadcrumb","itemListElement":[{"@type":"ListItem","position":1,"name":"In\u00edcio","item":"https:\/\/verdadeon.com.br\/portal\/"},{"@type":"ListItem","position":2,"name":"Covid-19 matou mais enfermeiros no Norte que no Sudeste, diz pesquisa"}]},{"@type":"WebSite","@id":"https:\/\/verdadeon.com.br\/portal\/#website","url":"https:\/\/verdadeon.com.br\/portal\/","name":"VerdadeOn","description":"Not\u00edcias di\u00e1rias sobre Franca, Regi\u00e3o, Esporte, Cultura, Cotidiano, Colunas. Cobertura nos principais eventos da cidade \u00e9 aqui - Verdadeon Franca","potentialAction":[{"@type":"SearchAction","target":{"@type":"EntryPoint","urlTemplate":"https:\/\/verdadeon.com.br\/portal\/?s={search_term_string}"},"query-input":{"@type":"PropertyValueSpecification","valueRequired":true,"valueName":"search_term_string"}}],"inLanguage":"pt-BR"},{"@type":"Person","@id":"https:\/\/verdadeon.com.br\/portal\/#\/schema\/person\/8994718f49ee62ba5610471e29ca1f62","name":"Fernando Calixto","image":{"@type":"ImageObject","inLanguage":"pt-BR","@id":"https:\/\/verdadeon.com.br\/portal\/#\/schema\/person\/image\/","url":"https:\/\/secure.gravatar.com\/avatar\/7578910c24966c0316c340f9dbd601e93ee9f9212e1033968b367af9306bd9fb?s=96&d=mm&r=g","contentUrl":"https:\/\/secure.gravatar.com\/avatar\/7578910c24966c0316c340f9dbd601e93ee9f9212e1033968b367af9306bd9fb?s=96&d=mm&r=g","caption":"Fernando Calixto"},"url":"https:\/\/verdadeon.com.br\/portal\/author\/fernando-calixto\/"}]}},"jetpack_publicize_connections":[],"jetpack_featured_media_url":"https:\/\/i0.wp.com\/verdadeon.com.br\/portal\/wp-content\/uploads\/2023\/01\/enfermeiros_em_hospital_de_campanha-1.jpg?fit=1000%2C670&ssl=1","jetpack_sharing_enabled":true,"_links":{"self":[{"href":"https:\/\/verdadeon.com.br\/portal\/wp-json\/wp\/v2\/posts\/31356","targetHints":{"allow":["GET"]}}],"collection":[{"href":"https:\/\/verdadeon.com.br\/portal\/wp-json\/wp\/v2\/posts"}],"about":[{"href":"https:\/\/verdadeon.com.br\/portal\/wp-json\/wp\/v2\/types\/post"}],"author":[{"embeddable":true,"href":"https:\/\/verdadeon.com.br\/portal\/wp-json\/wp\/v2\/users\/4"}],"replies":[{"embeddable":true,"href":"https:\/\/verdadeon.com.br\/portal\/wp-json\/wp\/v2\/comments?post=31356"}],"version-history":[{"count":1,"href":"https:\/\/verdadeon.com.br\/portal\/wp-json\/wp\/v2\/posts\/31356\/revisions"}],"predecessor-version":[{"id":31370,"href":"https:\/\/verdadeon.com.br\/portal\/wp-json\/wp\/v2\/posts\/31356\/revisions\/31370"}],"wp:featuredmedia":[{"embeddable":true,"href":"https:\/\/verdadeon.com.br\/portal\/wp-json\/wp\/v2\/media\/31364"}],"wp:attachment":[{"href":"https:\/\/verdadeon.com.br\/portal\/wp-json\/wp\/v2\/media?parent=31356"}],"wp:term":[{"taxonomy":"category","embeddable":true,"href":"https:\/\/verdadeon.com.br\/portal\/wp-json\/wp\/v2\/categories?post=31356"},{"taxonomy":"post_tag","embeddable":true,"href":"https:\/\/verdadeon.com.br\/portal\/wp-json\/wp\/v2\/tags?post=31356"}],"curies":[{"name":"wp","href":"https:\/\/api.w.org\/{rel}","templated":true}]}}