{"id":31340,"date":"2023-01-24T17:29:58","date_gmt":"2023-01-24T20:29:58","guid":{"rendered":"https:\/\/verdadeon.com.br\/portal\/?p=31340"},"modified":"2023-01-24T17:29:58","modified_gmt":"2023-01-24T20:29:58","slug":"confronto-definido-sesi-franca-encara-o-corinthians-na-semifinal-da-copa-super-8","status":"publish","type":"post","link":"https:\/\/verdadeon.com.br\/portal\/2023\/01\/24\/confronto-definido-sesi-franca-encara-o-corinthians-na-semifinal-da-copa-super-8\/","title":{"rendered":"Confronto definido, Sesi Franca encara o Corinthians na semifinal da Copa Super 8"},"content":{"rendered":"<h2>Os ingressos para a partida, que acontece nesta quarta-feira, j\u00e1 est\u00e3o \u00e0 venda<\/h2>\n<p>O Sesi Franca Basquete enfrenta o Corinthians na semifinal da Copa Super 8, nesta quarta-feira (23\/01), \u00e0s 19h00, no Gin\u00e1sio Pedroc\u00e3o.<br \/>\nO Corinthians venceu o 123 Minas fora de casa, pelas quartas de final do Super 8 por 105 x 90, garantindo a vaga na semifinal. Davaunta Thomas foi o cestinha da equipe com 31 pontos, quatro rebotes e tr\u00eas assist\u00eancias.<br \/>\nHelinho Garcia, t\u00e9cnico do Sesi Franca Basquete, fez uma avalia\u00e7\u00e3o do advers\u00e1rio da quarta-feira:<br \/>\n&#8220;O Corinthians \u00e9 uma equipe que tem um plantel de \u00f3timo n\u00edvel t\u00e9cnico, fizeram uma partida muito boa contra o time do Minas, onde eles conseguiram uma boa pontua\u00e7\u00e3o, com um volume de jogo muito grande. \u00c9 um time que n\u00f3s temos que ter bastante foco para minimizar esse volume deles, para que a gente possa, a partir de uma defesa forte, buscar o nosso ritmo de jogo, nosso volume de jogo e claro, buscar a vit\u00f3ria tamb\u00e9m.&#8221; Declarou o t\u00e9cnico.<\/p>\n<p>O CONFRONTO<br \/>\nOs times s\u00e3o os maiores campe\u00f5es paulistas, o Sesi Franca com 15 t\u00edtulos \u00e9 o maior campe\u00e3o, seguido do Corinthians com 14. O \u00faltimo confronto entre os dois na decis\u00e3o do Campeonato Paulista foi em 2019, com vit\u00f3ria do Sesi Franca por 2 x 0, na s\u00e9rie melhor de tr\u00eas.<br \/>\nPelo NBB (Novo Basquete Brasil), os times se encontraram nove vezes, com oito vit\u00f3rias do SFB e uma do Corinthians.<\/p>\n<p>INGRESSOS E TRANSMISS\u00c3O<br \/>\nA venda de ingressos j\u00e1 est\u00e1 liberada no site da www.quero2ingressos.com.br e nas lojas da MG Sports.<br \/>\nA partida ter\u00e1 transmiss\u00e3o ao vivo do SporTV.<\/p>\n","protected":false},"excerpt":{"rendered":"<p>Os ingressos para a partida, que acontece nesta quarta-feira, j\u00e1 est\u00e3o \u00e0 venda O Sesi Franca Basquete enfrenta o Corinthians na semifinal da Copa Super 8,<span class=\"excerpt-hellip\"> [\u2026]<\/span><\/p>\n","protected":false},"author":4,"featured_media":31295,"comment_status":"open","ping_status":"open","sticky":false,"template":"","format":"standard","meta":{"_jetpack_memberships_contains_paid_content":false,"footnotes":"","jetpack_publicize_message":"","jetpack_publicize_feature_enabled":true,"jetpack_social_post_already_shared":false,"jetpack_social_options":{"image_generator_settings":{"template":"highway","default_image_id":0,"enabled":false},"version":2}},"categories":[28,81],"tags":[],"class_list":["post-31340","post","type-post","status-publish","format-standard","has-post-thumbnail","hentry","category-cotidiano","category-manchete"],"yoast_head":"<!-- This site is optimized with the Yoast SEO plugin v25.6 - https:\/\/yoast.com\/wordpress\/plugins\/seo\/ -->\n<title>Confronto definido, Sesi Franca encara o Corinthians na semifinal da Copa Super 8 - VerdadeOn<\/title>\n<meta name=\"robots\" content=\"index, follow, max-snippet:-1, max-image-preview:large, max-video-preview:-1\" \/>\n<link rel=\"canonical\" href=\"https:\/\/verdadeon.com.br\/portal\/2023\/01\/24\/confronto-definido-sesi-franca-encara-o-corinthians-na-semifinal-da-copa-super-8\/\" \/>\n<meta property=\"og:locale\" content=\"pt_BR\" \/>\n<meta property=\"og:type\" content=\"article\" \/>\n<meta property=\"og:title\" content=\"Confronto definido, Sesi Franca encara o Corinthians na semifinal da Copa Super 8 - VerdadeOn\" \/>\n<meta property=\"og:description\" content=\"Os ingressos para a partida, que acontece nesta quarta-feira, j\u00e1 est\u00e3o \u00e0 venda O Sesi Franca Basquete enfrenta o Corinthians na semifinal da Copa Super 8, [\u2026]\" \/>\n<meta property=\"og:url\" content=\"https:\/\/verdadeon.com.br\/portal\/2023\/01\/24\/confronto-definido-sesi-franca-encara-o-corinthians-na-semifinal-da-copa-super-8\/\" \/>\n<meta property=\"og:site_name\" content=\"VerdadeOn\" \/>\n<meta property=\"article:published_time\" content=\"2023-01-24T20:29:58+00:00\" \/>\n<meta property=\"og:image\" content=\"https:\/\/verdadeon.com.br\/portal\/wp-content\/uploads\/2023\/01\/24ab4-whatsapp-image-2023-01-21-at-171821.jpeg\" \/>\n\t<meta property=\"og:image:width\" content=\"1000\" \/>\n\t<meta property=\"og:image:height\" content=\"670\" \/>\n\t<meta property=\"og:image:type\" content=\"image\/jpeg\" \/>\n<meta name=\"author\" content=\"Fernando Calixto\" \/>\n<meta name=\"twitter:card\" content=\"summary_large_image\" \/>\n<meta name=\"twitter:label1\" content=\"Escrito por\" \/>\n\t<meta name=\"twitter:data1\" content=\"Fernando Calixto\" \/>\n\t<meta name=\"twitter:label2\" content=\"Est. tempo de leitura\" \/>\n\t<meta name=\"twitter:data2\" content=\"2 minutos\" \/>\n<script type=\"application\/ld+json\" class=\"yoast-schema-graph\">{\"@context\":\"https:\/\/schema.org\",\"@graph\":[{\"@type\":\"WebPage\",\"@id\":\"https:\/\/verdadeon.com.br\/portal\/2023\/01\/24\/confronto-definido-sesi-franca-encara-o-corinthians-na-semifinal-da-copa-super-8\/\",\"url\":\"https:\/\/verdadeon.com.br\/portal\/2023\/01\/24\/confronto-definido-sesi-franca-encara-o-corinthians-na-semifinal-da-copa-super-8\/\",\"name\":\"Confronto definido, Sesi Franca encara o Corinthians na semifinal da Copa Super 8 - VerdadeOn\",\"isPartOf\":{\"@id\":\"https:\/\/verdadeon.com.br\/portal\/#website\"},\"primaryImageOfPage\":{\"@id\":\"https:\/\/verdadeon.com.br\/portal\/2023\/01\/24\/confronto-definido-sesi-franca-encara-o-corinthians-na-semifinal-da-copa-super-8\/#primaryimage\"},\"image\":{\"@id\":\"https:\/\/verdadeon.com.br\/portal\/2023\/01\/24\/confronto-definido-sesi-franca-encara-o-corinthians-na-semifinal-da-copa-super-8\/#primaryimage\"},\"thumbnailUrl\":\"https:\/\/i0.wp.com\/verdadeon.com.br\/portal\/wp-content\/uploads\/2023\/01\/24ab4-whatsapp-image-2023-01-21-at-171821.jpeg?fit=1000%2C670&ssl=1\",\"datePublished\":\"2023-01-24T20:29:58+00:00\",\"author\":{\"@id\":\"https:\/\/verdadeon.com.br\/portal\/#\/schema\/person\/8994718f49ee62ba5610471e29ca1f62\"},\"breadcrumb\":{\"@id\":\"https:\/\/verdadeon.com.br\/portal\/2023\/01\/24\/confronto-definido-sesi-franca-encara-o-corinthians-na-semifinal-da-copa-super-8\/#breadcrumb\"},\"inLanguage\":\"pt-BR\",\"potentialAction\":[{\"@type\":\"ReadAction\",\"target\":[\"https:\/\/verdadeon.com.br\/portal\/2023\/01\/24\/confronto-definido-sesi-franca-encara-o-corinthians-na-semifinal-da-copa-super-8\/\"]}]},{\"@type\":\"ImageObject\",\"inLanguage\":\"pt-BR\",\"@id\":\"https:\/\/verdadeon.com.br\/portal\/2023\/01\/24\/confronto-definido-sesi-franca-encara-o-corinthians-na-semifinal-da-copa-super-8\/#primaryimage\",\"url\":\"https:\/\/i0.wp.com\/verdadeon.com.br\/portal\/wp-content\/uploads\/2023\/01\/24ab4-whatsapp-image-2023-01-21-at-171821.jpeg?fit=1000%2C670&ssl=1\",\"contentUrl\":\"https:\/\/i0.wp.com\/verdadeon.com.br\/portal\/wp-content\/uploads\/2023\/01\/24ab4-whatsapp-image-2023-01-21-at-171821.jpeg?fit=1000%2C670&ssl=1\",\"width\":1000,\"height\":670,\"caption\":\"O Sesi Franca enfrenta nesta quarta-feira (25\/01) o Corinthians, \u00e0s 19h00, no Gin\u00e1sio Pedroc\u00e3o | Foto Marcos Limonti\/SFB\"},{\"@type\":\"BreadcrumbList\",\"@id\":\"https:\/\/verdadeon.com.br\/portal\/2023\/01\/24\/confronto-definido-sesi-franca-encara-o-corinthians-na-semifinal-da-copa-super-8\/#breadcrumb\",\"itemListElement\":[{\"@type\":\"ListItem\",\"position\":1,\"name\":\"In\u00edcio\",\"item\":\"https:\/\/verdadeon.com.br\/portal\/\"},{\"@type\":\"ListItem\",\"position\":2,\"name\":\"Confronto definido, Sesi Franca encara o Corinthians na semifinal da Copa Super 8\"}]},{\"@type\":\"WebSite\",\"@id\":\"https:\/\/verdadeon.com.br\/portal\/#website\",\"url\":\"https:\/\/verdadeon.com.br\/portal\/\",\"name\":\"VerdadeOn\",\"description\":\"Not\u00edcias di\u00e1rias sobre Franca, Regi\u00e3o, Esporte, Cultura, Cotidiano, Colunas. Cobertura nos principais eventos da cidade \u00e9 aqui - Verdadeon Franca\",\"potentialAction\":[{\"@type\":\"SearchAction\",\"target\":{\"@type\":\"EntryPoint\",\"urlTemplate\":\"https:\/\/verdadeon.com.br\/portal\/?s={search_term_string}\"},\"query-input\":{\"@type\":\"PropertyValueSpecification\",\"valueRequired\":true,\"valueName\":\"search_term_string\"}}],\"inLanguage\":\"pt-BR\"},{\"@type\":\"Person\",\"@id\":\"https:\/\/verdadeon.com.br\/portal\/#\/schema\/person\/8994718f49ee62ba5610471e29ca1f62\",\"name\":\"Fernando Calixto\",\"image\":{\"@type\":\"ImageObject\",\"inLanguage\":\"pt-BR\",\"@id\":\"https:\/\/verdadeon.com.br\/portal\/#\/schema\/person\/image\/\",\"url\":\"https:\/\/secure.gravatar.com\/avatar\/7578910c24966c0316c340f9dbd601e93ee9f9212e1033968b367af9306bd9fb?s=96&d=mm&r=g\",\"contentUrl\":\"https:\/\/secure.gravatar.com\/avatar\/7578910c24966c0316c340f9dbd601e93ee9f9212e1033968b367af9306bd9fb?s=96&d=mm&r=g\",\"caption\":\"Fernando Calixto\"},\"url\":\"https:\/\/verdadeon.com.br\/portal\/author\/fernando-calixto\/\"}]}<\/script>\n<!-- \/ Yoast SEO plugin. -->","yoast_head_json":{"title":"Confronto definido, Sesi Franca encara o Corinthians na semifinal da Copa Super 8 - VerdadeOn","robots":{"index":"index","follow":"follow","max-snippet":"max-snippet:-1","max-image-preview":"max-image-preview:large","max-video-preview":"max-video-preview:-1"},"canonical":"https:\/\/verdadeon.com.br\/portal\/2023\/01\/24\/confronto-definido-sesi-franca-encara-o-corinthians-na-semifinal-da-copa-super-8\/","og_locale":"pt_BR","og_type":"article","og_title":"Confronto definido, Sesi Franca encara o Corinthians na semifinal da Copa Super 8 - VerdadeOn","og_description":"Os ingressos para a partida, que acontece nesta quarta-feira, j\u00e1 est\u00e3o \u00e0 venda O Sesi Franca Basquete enfrenta o Corinthians na semifinal da Copa Super 8, [\u2026]","og_url":"https:\/\/verdadeon.com.br\/portal\/2023\/01\/24\/confronto-definido-sesi-franca-encara-o-corinthians-na-semifinal-da-copa-super-8\/","og_site_name":"VerdadeOn","article_published_time":"2023-01-24T20:29:58+00:00","og_image":[{"width":1000,"height":670,"url":"https:\/\/verdadeon.com.br\/portal\/wp-content\/uploads\/2023\/01\/24ab4-whatsapp-image-2023-01-21-at-171821.jpeg","type":"image\/jpeg"}],"author":"Fernando Calixto","twitter_card":"summary_large_image","twitter_misc":{"Escrito por":"Fernando Calixto","Est. tempo de leitura":"2 minutos"},"schema":{"@context":"https:\/\/schema.org","@graph":[{"@type":"WebPage","@id":"https:\/\/verdadeon.com.br\/portal\/2023\/01\/24\/confronto-definido-sesi-franca-encara-o-corinthians-na-semifinal-da-copa-super-8\/","url":"https:\/\/verdadeon.com.br\/portal\/2023\/01\/24\/confronto-definido-sesi-franca-encara-o-corinthians-na-semifinal-da-copa-super-8\/","name":"Confronto definido, Sesi Franca encara o Corinthians na semifinal da Copa Super 8 - VerdadeOn","isPartOf":{"@id":"https:\/\/verdadeon.com.br\/portal\/#website"},"primaryImageOfPage":{"@id":"https:\/\/verdadeon.com.br\/portal\/2023\/01\/24\/confronto-definido-sesi-franca-encara-o-corinthians-na-semifinal-da-copa-super-8\/#primaryimage"},"image":{"@id":"https:\/\/verdadeon.com.br\/portal\/2023\/01\/24\/confronto-definido-sesi-franca-encara-o-corinthians-na-semifinal-da-copa-super-8\/#primaryimage"},"thumbnailUrl":"https:\/\/i0.wp.com\/verdadeon.com.br\/portal\/wp-content\/uploads\/2023\/01\/24ab4-whatsapp-image-2023-01-21-at-171821.jpeg?fit=1000%2C670&ssl=1","datePublished":"2023-01-24T20:29:58+00:00","author":{"@id":"https:\/\/verdadeon.com.br\/portal\/#\/schema\/person\/8994718f49ee62ba5610471e29ca1f62"},"breadcrumb":{"@id":"https:\/\/verdadeon.com.br\/portal\/2023\/01\/24\/confronto-definido-sesi-franca-encara-o-corinthians-na-semifinal-da-copa-super-8\/#breadcrumb"},"inLanguage":"pt-BR","potentialAction":[{"@type":"ReadAction","target":["https:\/\/verdadeon.com.br\/portal\/2023\/01\/24\/confronto-definido-sesi-franca-encara-o-corinthians-na-semifinal-da-copa-super-8\/"]}]},{"@type":"ImageObject","inLanguage":"pt-BR","@id":"https:\/\/verdadeon.com.br\/portal\/2023\/01\/24\/confronto-definido-sesi-franca-encara-o-corinthians-na-semifinal-da-copa-super-8\/#primaryimage","url":"https:\/\/i0.wp.com\/verdadeon.com.br\/portal\/wp-content\/uploads\/2023\/01\/24ab4-whatsapp-image-2023-01-21-at-171821.jpeg?fit=1000%2C670&ssl=1","contentUrl":"https:\/\/i0.wp.com\/verdadeon.com.br\/portal\/wp-content\/uploads\/2023\/01\/24ab4-whatsapp-image-2023-01-21-at-171821.jpeg?fit=1000%2C670&ssl=1","width":1000,"height":670,"caption":"O Sesi Franca enfrenta nesta quarta-feira (25\/01) o Corinthians, \u00e0s 19h00, no Gin\u00e1sio Pedroc\u00e3o | Foto Marcos Limonti\/SFB"},{"@type":"BreadcrumbList","@id":"https:\/\/verdadeon.com.br\/portal\/2023\/01\/24\/confronto-definido-sesi-franca-encara-o-corinthians-na-semifinal-da-copa-super-8\/#breadcrumb","itemListElement":[{"@type":"ListItem","position":1,"name":"In\u00edcio","item":"https:\/\/verdadeon.com.br\/portal\/"},{"@type":"ListItem","position":2,"name":"Confronto definido, Sesi Franca encara o Corinthians na semifinal da Copa Super 8"}]},{"@type":"WebSite","@id":"https:\/\/verdadeon.com.br\/portal\/#website","url":"https:\/\/verdadeon.com.br\/portal\/","name":"VerdadeOn","description":"Not\u00edcias di\u00e1rias sobre Franca, Regi\u00e3o, Esporte, Cultura, Cotidiano, Colunas. Cobertura nos principais eventos da cidade \u00e9 aqui - Verdadeon Franca","potentialAction":[{"@type":"SearchAction","target":{"@type":"EntryPoint","urlTemplate":"https:\/\/verdadeon.com.br\/portal\/?s={search_term_string}"},"query-input":{"@type":"PropertyValueSpecification","valueRequired":true,"valueName":"search_term_string"}}],"inLanguage":"pt-BR"},{"@type":"Person","@id":"https:\/\/verdadeon.com.br\/portal\/#\/schema\/person\/8994718f49ee62ba5610471e29ca1f62","name":"Fernando Calixto","image":{"@type":"ImageObject","inLanguage":"pt-BR","@id":"https:\/\/verdadeon.com.br\/portal\/#\/schema\/person\/image\/","url":"https:\/\/secure.gravatar.com\/avatar\/7578910c24966c0316c340f9dbd601e93ee9f9212e1033968b367af9306bd9fb?s=96&d=mm&r=g","contentUrl":"https:\/\/secure.gravatar.com\/avatar\/7578910c24966c0316c340f9dbd601e93ee9f9212e1033968b367af9306bd9fb?s=96&d=mm&r=g","caption":"Fernando Calixto"},"url":"https:\/\/verdadeon.com.br\/portal\/author\/fernando-calixto\/"}]}},"jetpack_publicize_connections":[],"jetpack_featured_media_url":"https:\/\/i0.wp.com\/verdadeon.com.br\/portal\/wp-content\/uploads\/2023\/01\/24ab4-whatsapp-image-2023-01-21-at-171821.jpeg?fit=1000%2C670&ssl=1","jetpack_sharing_enabled":true,"_links":{"self":[{"href":"https:\/\/verdadeon.com.br\/portal\/wp-json\/wp\/v2\/posts\/31340","targetHints":{"allow":["GET"]}}],"collection":[{"href":"https:\/\/verdadeon.com.br\/portal\/wp-json\/wp\/v2\/posts"}],"about":[{"href":"https:\/\/verdadeon.com.br\/portal\/wp-json\/wp\/v2\/types\/post"}],"author":[{"embeddable":true,"href":"https:\/\/verdadeon.com.br\/portal\/wp-json\/wp\/v2\/users\/4"}],"replies":[{"embeddable":true,"href":"https:\/\/verdadeon.com.br\/portal\/wp-json\/wp\/v2\/comments?post=31340"}],"version-history":[{"count":1,"href":"https:\/\/verdadeon.com.br\/portal\/wp-json\/wp\/v2\/posts\/31340\/revisions"}],"predecessor-version":[{"id":31343,"href":"https:\/\/verdadeon.com.br\/portal\/wp-json\/wp\/v2\/posts\/31340\/revisions\/31343"}],"wp:featuredmedia":[{"embeddable":true,"href":"https:\/\/verdadeon.com.br\/portal\/wp-json\/wp\/v2\/media\/31295"}],"wp:attachment":[{"href":"https:\/\/verdadeon.com.br\/portal\/wp-json\/wp\/v2\/media?parent=31340"}],"wp:term":[{"taxonomy":"category","embeddable":true,"href":"https:\/\/verdadeon.com.br\/portal\/wp-json\/wp\/v2\/categories?post=31340"},{"taxonomy":"post_tag","embeddable":true,"href":"https:\/\/verdadeon.com.br\/portal\/wp-json\/wp\/v2\/tags?post=31340"}],"curies":[{"name":"wp","href":"https:\/\/api.w.org\/{rel}","templated":true}]}}