{"id":31332,"date":"2023-01-24T16:53:58","date_gmt":"2023-01-24T19:53:58","guid":{"rendered":"https:\/\/verdadeon.com.br\/portal\/?p=31332"},"modified":"2023-01-24T16:53:58","modified_gmt":"2023-01-24T19:53:58","slug":"aneel-obriga-distribuidoras-a-oferecer-pix-para-pagar-contas-de-luz","status":"publish","type":"post","link":"https:\/\/verdadeon.com.br\/portal\/2023\/01\/24\/aneel-obriga-distribuidoras-a-oferecer-pix-para-pagar-contas-de-luz\/","title":{"rendered":"Aneel obriga distribuidoras a oferecer Pix para pagar contas de luz"},"content":{"rendered":"<div class=\"col-lg-12 mb-3\">\n<div class=\"row\">\n<h3 class=\"col-10 offset-1 animated fadeInDown dealy-900 display-8 display-md-8 alt-font font-italic my-1 text-center\">Empresas ter\u00e3o 120 dias para adotar a medida<\/h3>\n<\/div>\n<div class=\"row\">\n<div id=\"tts-container\" class=\"col-xl-7 offset-xl-1 col-lg-8 offset-lg-0 col-md-10 offset-md-1 mb-3\">Nos pr\u00f3ximos quatro meses, os consumidores de energia de todo o pa\u00eds poder\u00e3o quitar a conta de luz via Pix. A Ag\u00eancia Nacional de Energia El\u00e9trica (Aneel) obrigou as distribuidoras a oferecerem o sistema de transfer\u00eancias instant\u00e2neas do Banco Central (BC) como op\u00e7\u00e3o de pagamento.<\/div>\n<\/div>\n<\/div>\n<div class=\"col-xl-7 offset-xl-1 col-lg-8 offset-lg-0 col-md-10 offset-md-1 mb-3\">\n<div class=\"post-item alt-font\">\n<div class=\"post-item-wrap\">\n<p>As empresas ter\u00e3o 120 dias a partir da publica\u00e7\u00e3o da medida no\u00a0<em>Di\u00e1rio Oficial da Uni\u00e3o<\/em>\u00a0para cumprir a decis\u00e3o. De acordo com a Aneel, diversas distribuidoras permitem o pagamento das faturas por Pix, mas outras empresas n\u00e3o apenas deixavam de oferecer a modalidade como nem sequer tinham previs\u00e3o para implementar o servi\u00e7o.<\/p>\n<p>\u201cO Pix veio para modernizar o sistema de pagamento no Brasil. Hoje j\u00e1 \u00e9 o mais usado. O sistema el\u00e9trico n\u00e3o poderia ficar fora disso. Algumas distribuidoras j\u00e1 anteciparam, fizeram isso facultativamente. Ent\u00e3o, cabe \u00e0 Aneel vir regular e exigir que todas oportunizem ao consumidor essa ferramenta\u201d, disse o diretor Ricardo Tili, relator do processo na Aneel.<img data-recalc-dims=\"1\" decoding=\"async\" src=\"https:\/\/i0.wp.com\/agenciabrasil.ebc.com.br\/ebc.png?w=1220&#038;ssl=1\" \/><img data-recalc-dims=\"1\" decoding=\"async\" src=\"https:\/\/i0.wp.com\/agenciabrasil.ebc.com.br\/ebc.gif?w=1220&#038;ssl=1\" \/><\/p>\n<h2>Escolha<\/h2>\n<p>A Aneel esclarece que as demais formas de pagamento, como faturas com c\u00f3digo de barras, conv\u00eanios com bancos e d\u00e9bito autom\u00e1tico em conta continuam v\u00e1lidas. O Pix apenas se somar\u00e1 como mais uma escolha para o consumidor.<\/p>\n<p>O Pix poder\u00e1 ser oferecido como c\u00f3digo QR (fotografado pelo celular do consumidor) junto com o c\u00f3digo de barras na parte inferior da conta de luz. Nesse caso, o procedimento pode ser feito sem o consumidor pedir. No entanto, caso a empresa queira substituir a forma usual de pagamento pelo Pix, transformando-o na escolha padr\u00e3o, ser\u00e1 necess\u00e1rio o consentimento do consumidor.<\/p>\n<p>Segundo a Aneel, a ado\u00e7\u00e3o do Pix como meio de pagamento trar\u00e1 vantagens tanto para o consumidor como para as empresas. Do lado do consumidor, al\u00e9m de contar com mais op\u00e7\u00f5es, evitar\u00e1 problemas decorrentes da demora, que \u00e0s vezes chega a dois dias \u00fateis, para a baixa no pagamento. Isso porque as transa\u00e7\u00f5es via Pix s\u00e3o liquidadas em tempo real.<\/p>\n<p>Para as empresas, o Pix baratear\u00e1 os custos porque o c\u00f3digo QR \u00e9 mais barato que a impress\u00e3o de c\u00f3digo de barras.<\/p>\n<\/div>\n<\/div>\n<\/div>\n","protected":false},"excerpt":{"rendered":"<p>Empresas ter\u00e3o 120 dias para adotar a medida Nos pr\u00f3ximos quatro meses, os consumidores de energia de todo o pa\u00eds poder\u00e3o quitar a conta de luz<span class=\"excerpt-hellip\"> [\u2026]<\/span><\/p>\n","protected":false},"author":4,"featured_media":31334,"comment_status":"open","ping_status":"open","sticky":false,"template":"","format":"standard","meta":{"_jetpack_memberships_contains_paid_content":false,"footnotes":"","jetpack_publicize_message":"","jetpack_publicize_feature_enabled":true,"jetpack_social_post_already_shared":false,"jetpack_social_options":{"image_generator_settings":{"template":"highway","default_image_id":0,"enabled":false},"version":2}},"categories":[28,44],"tags":[],"class_list":["post-31332","post","type-post","status-publish","format-standard","has-post-thumbnail","hentry","category-cotidiano","category-noticias"],"yoast_head":"<!-- This site is optimized with the Yoast SEO plugin v25.6 - https:\/\/yoast.com\/wordpress\/plugins\/seo\/ -->\n<title>Aneel obriga distribuidoras a oferecer Pix para pagar contas de luz - VerdadeOn<\/title>\n<meta name=\"robots\" content=\"index, follow, max-snippet:-1, max-image-preview:large, max-video-preview:-1\" \/>\n<link rel=\"canonical\" href=\"https:\/\/verdadeon.com.br\/portal\/2023\/01\/24\/aneel-obriga-distribuidoras-a-oferecer-pix-para-pagar-contas-de-luz\/\" \/>\n<meta property=\"og:locale\" content=\"pt_BR\" \/>\n<meta property=\"og:type\" content=\"article\" \/>\n<meta property=\"og:title\" content=\"Aneel obriga distribuidoras a oferecer Pix para pagar contas de luz - VerdadeOn\" \/>\n<meta property=\"og:description\" content=\"Empresas ter\u00e3o 120 dias para adotar a medida Nos pr\u00f3ximos quatro meses, os consumidores de energia de todo o pa\u00eds poder\u00e3o quitar a conta de luz [\u2026]\" \/>\n<meta property=\"og:url\" content=\"https:\/\/verdadeon.com.br\/portal\/2023\/01\/24\/aneel-obriga-distribuidoras-a-oferecer-pix-para-pagar-contas-de-luz\/\" \/>\n<meta property=\"og:site_name\" content=\"VerdadeOn\" \/>\n<meta property=\"article:published_time\" content=\"2023-01-24T19:53:58+00:00\" \/>\n<meta property=\"og:image\" content=\"https:\/\/verdadeon.com.br\/portal\/wp-content\/uploads\/2023\/01\/pix_0411202553.jpg\" \/>\n\t<meta property=\"og:image:width\" content=\"1000\" \/>\n\t<meta property=\"og:image:height\" content=\"670\" \/>\n\t<meta property=\"og:image:type\" content=\"image\/jpeg\" \/>\n<meta name=\"author\" content=\"Fernando Calixto\" \/>\n<meta name=\"twitter:card\" content=\"summary_large_image\" \/>\n<meta name=\"twitter:label1\" content=\"Escrito por\" \/>\n\t<meta name=\"twitter:data1\" content=\"Fernando Calixto\" \/>\n\t<meta name=\"twitter:label2\" content=\"Est. tempo de leitura\" \/>\n\t<meta name=\"twitter:data2\" content=\"3 minutos\" \/>\n<script type=\"application\/ld+json\" class=\"yoast-schema-graph\">{\"@context\":\"https:\/\/schema.org\",\"@graph\":[{\"@type\":\"WebPage\",\"@id\":\"https:\/\/verdadeon.com.br\/portal\/2023\/01\/24\/aneel-obriga-distribuidoras-a-oferecer-pix-para-pagar-contas-de-luz\/\",\"url\":\"https:\/\/verdadeon.com.br\/portal\/2023\/01\/24\/aneel-obriga-distribuidoras-a-oferecer-pix-para-pagar-contas-de-luz\/\",\"name\":\"Aneel obriga distribuidoras a oferecer Pix para pagar contas de luz - VerdadeOn\",\"isPartOf\":{\"@id\":\"https:\/\/verdadeon.com.br\/portal\/#website\"},\"primaryImageOfPage\":{\"@id\":\"https:\/\/verdadeon.com.br\/portal\/2023\/01\/24\/aneel-obriga-distribuidoras-a-oferecer-pix-para-pagar-contas-de-luz\/#primaryimage\"},\"image\":{\"@id\":\"https:\/\/verdadeon.com.br\/portal\/2023\/01\/24\/aneel-obriga-distribuidoras-a-oferecer-pix-para-pagar-contas-de-luz\/#primaryimage\"},\"thumbnailUrl\":\"https:\/\/i0.wp.com\/verdadeon.com.br\/portal\/wp-content\/uploads\/2023\/01\/pix_0411202553.jpg?fit=1000%2C670&ssl=1\",\"datePublished\":\"2023-01-24T19:53:58+00:00\",\"author\":{\"@id\":\"https:\/\/verdadeon.com.br\/portal\/#\/schema\/person\/8994718f49ee62ba5610471e29ca1f62\"},\"breadcrumb\":{\"@id\":\"https:\/\/verdadeon.com.br\/portal\/2023\/01\/24\/aneel-obriga-distribuidoras-a-oferecer-pix-para-pagar-contas-de-luz\/#breadcrumb\"},\"inLanguage\":\"pt-BR\",\"potentialAction\":[{\"@type\":\"ReadAction\",\"target\":[\"https:\/\/verdadeon.com.br\/portal\/2023\/01\/24\/aneel-obriga-distribuidoras-a-oferecer-pix-para-pagar-contas-de-luz\/\"]}]},{\"@type\":\"ImageObject\",\"inLanguage\":\"pt-BR\",\"@id\":\"https:\/\/verdadeon.com.br\/portal\/2023\/01\/24\/aneel-obriga-distribuidoras-a-oferecer-pix-para-pagar-contas-de-luz\/#primaryimage\",\"url\":\"https:\/\/i0.wp.com\/verdadeon.com.br\/portal\/wp-content\/uploads\/2023\/01\/pix_0411202553.jpg?fit=1000%2C670&ssl=1\",\"contentUrl\":\"https:\/\/i0.wp.com\/verdadeon.com.br\/portal\/wp-content\/uploads\/2023\/01\/pix_0411202553.jpg?fit=1000%2C670&ssl=1\",\"width\":1000,\"height\":670,\"caption\":\"Pix \u00e9 o pagamento instant\u00e2neo brasileiro. O meio de pagamento criado pelo Banco Central (BC) em que os recursos s\u00e3o transferidos entre contas em poucos segundos, a qualquer hora ou dia. \u00c9 pr\u00e1tico, r\u00e1pido e seguro.\"},{\"@type\":\"BreadcrumbList\",\"@id\":\"https:\/\/verdadeon.com.br\/portal\/2023\/01\/24\/aneel-obriga-distribuidoras-a-oferecer-pix-para-pagar-contas-de-luz\/#breadcrumb\",\"itemListElement\":[{\"@type\":\"ListItem\",\"position\":1,\"name\":\"In\u00edcio\",\"item\":\"https:\/\/verdadeon.com.br\/portal\/\"},{\"@type\":\"ListItem\",\"position\":2,\"name\":\"Aneel obriga distribuidoras a oferecer Pix para pagar contas de luz\"}]},{\"@type\":\"WebSite\",\"@id\":\"https:\/\/verdadeon.com.br\/portal\/#website\",\"url\":\"https:\/\/verdadeon.com.br\/portal\/\",\"name\":\"VerdadeOn\",\"description\":\"Not\u00edcias di\u00e1rias sobre Franca, Regi\u00e3o, Esporte, Cultura, Cotidiano, Colunas. Cobertura nos principais eventos da cidade \u00e9 aqui - Verdadeon Franca\",\"potentialAction\":[{\"@type\":\"SearchAction\",\"target\":{\"@type\":\"EntryPoint\",\"urlTemplate\":\"https:\/\/verdadeon.com.br\/portal\/?s={search_term_string}\"},\"query-input\":{\"@type\":\"PropertyValueSpecification\",\"valueRequired\":true,\"valueName\":\"search_term_string\"}}],\"inLanguage\":\"pt-BR\"},{\"@type\":\"Person\",\"@id\":\"https:\/\/verdadeon.com.br\/portal\/#\/schema\/person\/8994718f49ee62ba5610471e29ca1f62\",\"name\":\"Fernando Calixto\",\"image\":{\"@type\":\"ImageObject\",\"inLanguage\":\"pt-BR\",\"@id\":\"https:\/\/verdadeon.com.br\/portal\/#\/schema\/person\/image\/\",\"url\":\"https:\/\/secure.gravatar.com\/avatar\/7578910c24966c0316c340f9dbd601e93ee9f9212e1033968b367af9306bd9fb?s=96&d=mm&r=g\",\"contentUrl\":\"https:\/\/secure.gravatar.com\/avatar\/7578910c24966c0316c340f9dbd601e93ee9f9212e1033968b367af9306bd9fb?s=96&d=mm&r=g\",\"caption\":\"Fernando Calixto\"},\"url\":\"https:\/\/verdadeon.com.br\/portal\/author\/fernando-calixto\/\"}]}<\/script>\n<!-- \/ Yoast SEO plugin. -->","yoast_head_json":{"title":"Aneel obriga distribuidoras a oferecer Pix para pagar contas de luz - VerdadeOn","robots":{"index":"index","follow":"follow","max-snippet":"max-snippet:-1","max-image-preview":"max-image-preview:large","max-video-preview":"max-video-preview:-1"},"canonical":"https:\/\/verdadeon.com.br\/portal\/2023\/01\/24\/aneel-obriga-distribuidoras-a-oferecer-pix-para-pagar-contas-de-luz\/","og_locale":"pt_BR","og_type":"article","og_title":"Aneel obriga distribuidoras a oferecer Pix para pagar contas de luz - VerdadeOn","og_description":"Empresas ter\u00e3o 120 dias para adotar a medida Nos pr\u00f3ximos quatro meses, os consumidores de energia de todo o pa\u00eds poder\u00e3o quitar a conta de luz [\u2026]","og_url":"https:\/\/verdadeon.com.br\/portal\/2023\/01\/24\/aneel-obriga-distribuidoras-a-oferecer-pix-para-pagar-contas-de-luz\/","og_site_name":"VerdadeOn","article_published_time":"2023-01-24T19:53:58+00:00","og_image":[{"width":1000,"height":670,"url":"https:\/\/verdadeon.com.br\/portal\/wp-content\/uploads\/2023\/01\/pix_0411202553.jpg","type":"image\/jpeg"}],"author":"Fernando Calixto","twitter_card":"summary_large_image","twitter_misc":{"Escrito por":"Fernando Calixto","Est. tempo de leitura":"3 minutos"},"schema":{"@context":"https:\/\/schema.org","@graph":[{"@type":"WebPage","@id":"https:\/\/verdadeon.com.br\/portal\/2023\/01\/24\/aneel-obriga-distribuidoras-a-oferecer-pix-para-pagar-contas-de-luz\/","url":"https:\/\/verdadeon.com.br\/portal\/2023\/01\/24\/aneel-obriga-distribuidoras-a-oferecer-pix-para-pagar-contas-de-luz\/","name":"Aneel obriga distribuidoras a oferecer Pix para pagar contas de luz - VerdadeOn","isPartOf":{"@id":"https:\/\/verdadeon.com.br\/portal\/#website"},"primaryImageOfPage":{"@id":"https:\/\/verdadeon.com.br\/portal\/2023\/01\/24\/aneel-obriga-distribuidoras-a-oferecer-pix-para-pagar-contas-de-luz\/#primaryimage"},"image":{"@id":"https:\/\/verdadeon.com.br\/portal\/2023\/01\/24\/aneel-obriga-distribuidoras-a-oferecer-pix-para-pagar-contas-de-luz\/#primaryimage"},"thumbnailUrl":"https:\/\/i0.wp.com\/verdadeon.com.br\/portal\/wp-content\/uploads\/2023\/01\/pix_0411202553.jpg?fit=1000%2C670&ssl=1","datePublished":"2023-01-24T19:53:58+00:00","author":{"@id":"https:\/\/verdadeon.com.br\/portal\/#\/schema\/person\/8994718f49ee62ba5610471e29ca1f62"},"breadcrumb":{"@id":"https:\/\/verdadeon.com.br\/portal\/2023\/01\/24\/aneel-obriga-distribuidoras-a-oferecer-pix-para-pagar-contas-de-luz\/#breadcrumb"},"inLanguage":"pt-BR","potentialAction":[{"@type":"ReadAction","target":["https:\/\/verdadeon.com.br\/portal\/2023\/01\/24\/aneel-obriga-distribuidoras-a-oferecer-pix-para-pagar-contas-de-luz\/"]}]},{"@type":"ImageObject","inLanguage":"pt-BR","@id":"https:\/\/verdadeon.com.br\/portal\/2023\/01\/24\/aneel-obriga-distribuidoras-a-oferecer-pix-para-pagar-contas-de-luz\/#primaryimage","url":"https:\/\/i0.wp.com\/verdadeon.com.br\/portal\/wp-content\/uploads\/2023\/01\/pix_0411202553.jpg?fit=1000%2C670&ssl=1","contentUrl":"https:\/\/i0.wp.com\/verdadeon.com.br\/portal\/wp-content\/uploads\/2023\/01\/pix_0411202553.jpg?fit=1000%2C670&ssl=1","width":1000,"height":670,"caption":"Pix \u00e9 o pagamento instant\u00e2neo brasileiro. O meio de pagamento criado pelo Banco Central (BC) em que os recursos s\u00e3o transferidos entre contas em poucos segundos, a qualquer hora ou dia. \u00c9 pr\u00e1tico, r\u00e1pido e seguro."},{"@type":"BreadcrumbList","@id":"https:\/\/verdadeon.com.br\/portal\/2023\/01\/24\/aneel-obriga-distribuidoras-a-oferecer-pix-para-pagar-contas-de-luz\/#breadcrumb","itemListElement":[{"@type":"ListItem","position":1,"name":"In\u00edcio","item":"https:\/\/verdadeon.com.br\/portal\/"},{"@type":"ListItem","position":2,"name":"Aneel obriga distribuidoras a oferecer Pix para pagar contas de luz"}]},{"@type":"WebSite","@id":"https:\/\/verdadeon.com.br\/portal\/#website","url":"https:\/\/verdadeon.com.br\/portal\/","name":"VerdadeOn","description":"Not\u00edcias di\u00e1rias sobre Franca, Regi\u00e3o, Esporte, Cultura, Cotidiano, Colunas. Cobertura nos principais eventos da cidade \u00e9 aqui - Verdadeon Franca","potentialAction":[{"@type":"SearchAction","target":{"@type":"EntryPoint","urlTemplate":"https:\/\/verdadeon.com.br\/portal\/?s={search_term_string}"},"query-input":{"@type":"PropertyValueSpecification","valueRequired":true,"valueName":"search_term_string"}}],"inLanguage":"pt-BR"},{"@type":"Person","@id":"https:\/\/verdadeon.com.br\/portal\/#\/schema\/person\/8994718f49ee62ba5610471e29ca1f62","name":"Fernando Calixto","image":{"@type":"ImageObject","inLanguage":"pt-BR","@id":"https:\/\/verdadeon.com.br\/portal\/#\/schema\/person\/image\/","url":"https:\/\/secure.gravatar.com\/avatar\/7578910c24966c0316c340f9dbd601e93ee9f9212e1033968b367af9306bd9fb?s=96&d=mm&r=g","contentUrl":"https:\/\/secure.gravatar.com\/avatar\/7578910c24966c0316c340f9dbd601e93ee9f9212e1033968b367af9306bd9fb?s=96&d=mm&r=g","caption":"Fernando Calixto"},"url":"https:\/\/verdadeon.com.br\/portal\/author\/fernando-calixto\/"}]}},"jetpack_publicize_connections":[],"jetpack_featured_media_url":"https:\/\/i0.wp.com\/verdadeon.com.br\/portal\/wp-content\/uploads\/2023\/01\/pix_0411202553.jpg?fit=1000%2C670&ssl=1","jetpack_sharing_enabled":true,"_links":{"self":[{"href":"https:\/\/verdadeon.com.br\/portal\/wp-json\/wp\/v2\/posts\/31332","targetHints":{"allow":["GET"]}}],"collection":[{"href":"https:\/\/verdadeon.com.br\/portal\/wp-json\/wp\/v2\/posts"}],"about":[{"href":"https:\/\/verdadeon.com.br\/portal\/wp-json\/wp\/v2\/types\/post"}],"author":[{"embeddable":true,"href":"https:\/\/verdadeon.com.br\/portal\/wp-json\/wp\/v2\/users\/4"}],"replies":[{"embeddable":true,"href":"https:\/\/verdadeon.com.br\/portal\/wp-json\/wp\/v2\/comments?post=31332"}],"version-history":[{"count":1,"href":"https:\/\/verdadeon.com.br\/portal\/wp-json\/wp\/v2\/posts\/31332\/revisions"}],"predecessor-version":[{"id":31337,"href":"https:\/\/verdadeon.com.br\/portal\/wp-json\/wp\/v2\/posts\/31332\/revisions\/31337"}],"wp:featuredmedia":[{"embeddable":true,"href":"https:\/\/verdadeon.com.br\/portal\/wp-json\/wp\/v2\/media\/31334"}],"wp:attachment":[{"href":"https:\/\/verdadeon.com.br\/portal\/wp-json\/wp\/v2\/media?parent=31332"}],"wp:term":[{"taxonomy":"category","embeddable":true,"href":"https:\/\/verdadeon.com.br\/portal\/wp-json\/wp\/v2\/categories?post=31332"},{"taxonomy":"post_tag","embeddable":true,"href":"https:\/\/verdadeon.com.br\/portal\/wp-json\/wp\/v2\/tags?post=31332"}],"curies":[{"name":"wp","href":"https:\/\/api.w.org\/{rel}","templated":true}]}}