{"id":31303,"date":"2023-01-23T10:45:32","date_gmt":"2023-01-23T13:45:32","guid":{"rendered":"https:\/\/verdadeon.com.br\/portal\/?p=31303"},"modified":"2023-01-23T10:45:32","modified_gmt":"2023-01-23T13:45:32","slug":"economia-francana-o-que-esperar-de-2023-tema-sera-discutido-em-painel-da-acif","status":"publish","type":"post","link":"https:\/\/verdadeon.com.br\/portal\/2023\/01\/23\/economia-francana-o-que-esperar-de-2023-tema-sera-discutido-em-painel-da-acif\/","title":{"rendered":"Economia francana: o que esperar de 2023? Tema ser\u00e1 discutido em painel da ACIF"},"content":{"rendered":"<h2><em>Encontro entre economistas e empres\u00e1rios ser\u00e1 em 1\/2; inscri\u00e7\u00f5es gratuitas abertas<\/em><\/h2>\n<p>O Programa Empreender da ACIF (Associa\u00e7\u00e3o do Com\u00e9rcio e Ind\u00fastria de Franca), em parceria com a Fatec, vai promover um painel com especialistas e empres\u00e1rios de Franca para discutir os cen\u00e1rios econ\u00f4micos macro e local que devem se desenhar ao longo de 2023, a fim de que as empresas francanas estejam preparadas para desafios e oportunidades que devem surgir, ao longo deste ano.<\/p>\n<p>Como devem ficar o d\u00f3lar e o mercado internacional em 2023 e como isso vai impactar as exporta\u00e7\u00f5es francanas? Como a infla\u00e7\u00e3o deve afetar o consumo e o que isso tem a ver com o seu neg\u00f3cio? Qual ser\u00e1 a matriz econ\u00f4mica do novo governo? Como deve ficar a gera\u00e7\u00e3o de empregos na cidade de Franca? Que oportunidades devem surgir?<\/p>\n<p>Essas e outras importantes quest\u00f5es ser\u00e3o abordadas no painel \u201cCen\u00e1rio Econ\u00f4mico e Oportunidades de Mercado\u201d que vai acontecer \u00e0s 19h do dia 1\u00ba de fevereiro, no Centro de Educa\u00e7\u00e3o Empresarial da ACIF (Rua Major Claudiano, 1907). As inscri\u00e7\u00f5es est\u00e3o abertas, s\u00e3o gratuitas e limitadas. Os interessados devem entrar em contato com a ACIF pelo telefone (16) 9 9973-0183.<\/p>\n<p><strong>Painelistas<\/strong><\/p>\n<p>Adnan Jebailey &#8211; Formado em Economia pelo Centro Universit\u00e1rio Municipal de Franca, \u00e9 respons\u00e1vel pelo Instituto de Economia ACIF e pelo Centro de Estudos Econ\u00f4micos da ACIRP (Associa\u00e7\u00e3o do Com\u00e9rcio e Ind\u00fastria de Rio Preto). Atualmente, \u00e9 coordenador do Departamento de Dados do Laborat\u00f3rio de Estudos e Pesquisa em Economia Social da USP, em Ribeir\u00e3o Preto.<\/p>\n<p>S\u00e9rgio Ishikawa &#8211; Graduado em Economia pela Universidade de S\u00e3o Paulo, \u00e9 mestre em Administra\u00e7\u00e3o pelo Centro Universit\u00e1rio de Franca. Atualmente, \u00e9 docente concursado na Fatec-Franca e tem experi\u00eancia na \u00e1rea de Economia e Administra\u00e7\u00e3o, com \u00eanfase em Economia, Administra\u00e7\u00e3o Financeira e Gest\u00e3o Organizacional, atuando principalmente nos seguintes temas: cen\u00e1rios econ\u00f4micos, pesquisa setorial, desenvolvimento regional, organiza\u00e7\u00e3o industrial, cultura organizacional, mercados financeiros e de capitais.<\/p>\n<p>&nbsp;<\/p>\n<p><strong>Servi\u00e7o<\/strong><\/p>\n<p><em>Painel \u201cCen\u00e1rio Econ\u00f4mico e Oportunidades de Mercado\u201d<\/em><\/p>\n<p>&nbsp;<\/p>\n<p><strong>Data:<\/strong>\u00a01\u00ba de fevereiro<\/p>\n<p><strong>Hor\u00e1rio:<\/strong>\u00a019h<\/p>\n<p><strong>Local:<\/strong>\u00a0Centro de Educa\u00e7\u00e3o Empresarial da ACIF\u00a0 &#8211; Rua Major Claudiano, 1907<\/p>\n<p><strong>Inscri\u00e7\u00f5es:<\/strong>\u00a0limitadas, abertas e gratuitas pelo telefone (16) 9 9973-0183.<\/p>\n","protected":false},"excerpt":{"rendered":"<p>Encontro entre economistas e empres\u00e1rios ser\u00e1 em 1\/2; inscri\u00e7\u00f5es gratuitas abertas O Programa Empreender da ACIF (Associa\u00e7\u00e3o do Com\u00e9rcio e Ind\u00fastria de Franca), em parceria com<span class=\"excerpt-hellip\"> [\u2026]<\/span><\/p>\n","protected":false},"author":4,"featured_media":31223,"comment_status":"open","ping_status":"open","sticky":false,"template":"","format":"standard","meta":{"_jetpack_memberships_contains_paid_content":false,"footnotes":"","jetpack_publicize_message":"","jetpack_publicize_feature_enabled":true,"jetpack_social_post_already_shared":false,"jetpack_social_options":{"image_generator_settings":{"template":"highway","default_image_id":0,"enabled":false},"version":2}},"categories":[28,81],"tags":[],"class_list":["post-31303","post","type-post","status-publish","format-standard","has-post-thumbnail","hentry","category-cotidiano","category-manchete"],"yoast_head":"<!-- This site is optimized with the Yoast SEO plugin v25.6 - https:\/\/yoast.com\/wordpress\/plugins\/seo\/ -->\n<title>Economia francana: o que esperar de 2023? Tema ser\u00e1 discutido em painel da ACIF - VerdadeOn<\/title>\n<meta name=\"robots\" content=\"index, follow, max-snippet:-1, max-image-preview:large, max-video-preview:-1\" \/>\n<link rel=\"canonical\" href=\"https:\/\/verdadeon.com.br\/portal\/2023\/01\/23\/economia-francana-o-que-esperar-de-2023-tema-sera-discutido-em-painel-da-acif\/\" \/>\n<meta property=\"og:locale\" content=\"pt_BR\" \/>\n<meta property=\"og:type\" content=\"article\" \/>\n<meta property=\"og:title\" content=\"Economia francana: o que esperar de 2023? Tema ser\u00e1 discutido em painel da ACIF - VerdadeOn\" \/>\n<meta property=\"og:description\" content=\"Encontro entre economistas e empres\u00e1rios ser\u00e1 em 1\/2; inscri\u00e7\u00f5es gratuitas abertas O Programa Empreender da ACIF (Associa\u00e7\u00e3o do Com\u00e9rcio e Ind\u00fastria de Franca), em parceria com [\u2026]\" \/>\n<meta property=\"og:url\" content=\"https:\/\/verdadeon.com.br\/portal\/2023\/01\/23\/economia-francana-o-que-esperar-de-2023-tema-sera-discutido-em-painel-da-acif\/\" \/>\n<meta property=\"og:site_name\" content=\"VerdadeOn\" \/>\n<meta property=\"article:published_time\" content=\"2023-01-23T13:45:32+00:00\" \/>\n<meta property=\"og:image\" content=\"https:\/\/verdadeon.com.br\/portal\/wp-content\/uploads\/2023\/01\/Wilker-Maia-ACIF-33.jpg\" \/>\n\t<meta property=\"og:image:width\" content=\"1000\" \/>\n\t<meta property=\"og:image:height\" content=\"670\" \/>\n\t<meta property=\"og:image:type\" content=\"image\/jpeg\" \/>\n<meta name=\"author\" content=\"Fernando Calixto\" \/>\n<meta name=\"twitter:card\" content=\"summary_large_image\" \/>\n<meta name=\"twitter:label1\" content=\"Escrito por\" \/>\n\t<meta name=\"twitter:data1\" content=\"Fernando Calixto\" \/>\n\t<meta name=\"twitter:label2\" content=\"Est. tempo de leitura\" \/>\n\t<meta name=\"twitter:data2\" content=\"2 minutos\" \/>\n<script type=\"application\/ld+json\" class=\"yoast-schema-graph\">{\"@context\":\"https:\/\/schema.org\",\"@graph\":[{\"@type\":\"WebPage\",\"@id\":\"https:\/\/verdadeon.com.br\/portal\/2023\/01\/23\/economia-francana-o-que-esperar-de-2023-tema-sera-discutido-em-painel-da-acif\/\",\"url\":\"https:\/\/verdadeon.com.br\/portal\/2023\/01\/23\/economia-francana-o-que-esperar-de-2023-tema-sera-discutido-em-painel-da-acif\/\",\"name\":\"Economia francana: o que esperar de 2023? Tema ser\u00e1 discutido em painel da ACIF - VerdadeOn\",\"isPartOf\":{\"@id\":\"https:\/\/verdadeon.com.br\/portal\/#website\"},\"primaryImageOfPage\":{\"@id\":\"https:\/\/verdadeon.com.br\/portal\/2023\/01\/23\/economia-francana-o-que-esperar-de-2023-tema-sera-discutido-em-painel-da-acif\/#primaryimage\"},\"image\":{\"@id\":\"https:\/\/verdadeon.com.br\/portal\/2023\/01\/23\/economia-francana-o-que-esperar-de-2023-tema-sera-discutido-em-painel-da-acif\/#primaryimage\"},\"thumbnailUrl\":\"https:\/\/i0.wp.com\/verdadeon.com.br\/portal\/wp-content\/uploads\/2023\/01\/Wilker-Maia-ACIF-33.jpg?fit=1000%2C670&ssl=1\",\"datePublished\":\"2023-01-23T13:45:32+00:00\",\"author\":{\"@id\":\"https:\/\/verdadeon.com.br\/portal\/#\/schema\/person\/8994718f49ee62ba5610471e29ca1f62\"},\"breadcrumb\":{\"@id\":\"https:\/\/verdadeon.com.br\/portal\/2023\/01\/23\/economia-francana-o-que-esperar-de-2023-tema-sera-discutido-em-painel-da-acif\/#breadcrumb\"},\"inLanguage\":\"pt-BR\",\"potentialAction\":[{\"@type\":\"ReadAction\",\"target\":[\"https:\/\/verdadeon.com.br\/portal\/2023\/01\/23\/economia-francana-o-que-esperar-de-2023-tema-sera-discutido-em-painel-da-acif\/\"]}]},{\"@type\":\"ImageObject\",\"inLanguage\":\"pt-BR\",\"@id\":\"https:\/\/verdadeon.com.br\/portal\/2023\/01\/23\/economia-francana-o-que-esperar-de-2023-tema-sera-discutido-em-painel-da-acif\/#primaryimage\",\"url\":\"https:\/\/i0.wp.com\/verdadeon.com.br\/portal\/wp-content\/uploads\/2023\/01\/Wilker-Maia-ACIF-33.jpg?fit=1000%2C670&ssl=1\",\"contentUrl\":\"https:\/\/i0.wp.com\/verdadeon.com.br\/portal\/wp-content\/uploads\/2023\/01\/Wilker-Maia-ACIF-33.jpg?fit=1000%2C670&ssl=1\",\"width\":1000,\"height\":670,\"caption\":\"Fachada do pr\u00e9dio da ACIF (\u00a9Divulga\u00e7\u00e3o)\"},{\"@type\":\"BreadcrumbList\",\"@id\":\"https:\/\/verdadeon.com.br\/portal\/2023\/01\/23\/economia-francana-o-que-esperar-de-2023-tema-sera-discutido-em-painel-da-acif\/#breadcrumb\",\"itemListElement\":[{\"@type\":\"ListItem\",\"position\":1,\"name\":\"In\u00edcio\",\"item\":\"https:\/\/verdadeon.com.br\/portal\/\"},{\"@type\":\"ListItem\",\"position\":2,\"name\":\"Economia francana: o que esperar de 2023? Tema ser\u00e1 discutido em painel da ACIF\"}]},{\"@type\":\"WebSite\",\"@id\":\"https:\/\/verdadeon.com.br\/portal\/#website\",\"url\":\"https:\/\/verdadeon.com.br\/portal\/\",\"name\":\"VerdadeOn\",\"description\":\"Not\u00edcias di\u00e1rias sobre Franca, Regi\u00e3o, Esporte, Cultura, Cotidiano, Colunas. Cobertura nos principais eventos da cidade \u00e9 aqui - Verdadeon Franca\",\"potentialAction\":[{\"@type\":\"SearchAction\",\"target\":{\"@type\":\"EntryPoint\",\"urlTemplate\":\"https:\/\/verdadeon.com.br\/portal\/?s={search_term_string}\"},\"query-input\":{\"@type\":\"PropertyValueSpecification\",\"valueRequired\":true,\"valueName\":\"search_term_string\"}}],\"inLanguage\":\"pt-BR\"},{\"@type\":\"Person\",\"@id\":\"https:\/\/verdadeon.com.br\/portal\/#\/schema\/person\/8994718f49ee62ba5610471e29ca1f62\",\"name\":\"Fernando Calixto\",\"image\":{\"@type\":\"ImageObject\",\"inLanguage\":\"pt-BR\",\"@id\":\"https:\/\/verdadeon.com.br\/portal\/#\/schema\/person\/image\/\",\"url\":\"https:\/\/secure.gravatar.com\/avatar\/7578910c24966c0316c340f9dbd601e93ee9f9212e1033968b367af9306bd9fb?s=96&d=mm&r=g\",\"contentUrl\":\"https:\/\/secure.gravatar.com\/avatar\/7578910c24966c0316c340f9dbd601e93ee9f9212e1033968b367af9306bd9fb?s=96&d=mm&r=g\",\"caption\":\"Fernando Calixto\"},\"url\":\"https:\/\/verdadeon.com.br\/portal\/author\/fernando-calixto\/\"}]}<\/script>\n<!-- \/ Yoast SEO plugin. -->","yoast_head_json":{"title":"Economia francana: o que esperar de 2023? Tema ser\u00e1 discutido em painel da ACIF - VerdadeOn","robots":{"index":"index","follow":"follow","max-snippet":"max-snippet:-1","max-image-preview":"max-image-preview:large","max-video-preview":"max-video-preview:-1"},"canonical":"https:\/\/verdadeon.com.br\/portal\/2023\/01\/23\/economia-francana-o-que-esperar-de-2023-tema-sera-discutido-em-painel-da-acif\/","og_locale":"pt_BR","og_type":"article","og_title":"Economia francana: o que esperar de 2023? Tema ser\u00e1 discutido em painel da ACIF - VerdadeOn","og_description":"Encontro entre economistas e empres\u00e1rios ser\u00e1 em 1\/2; inscri\u00e7\u00f5es gratuitas abertas O Programa Empreender da ACIF (Associa\u00e7\u00e3o do Com\u00e9rcio e Ind\u00fastria de Franca), em parceria com [\u2026]","og_url":"https:\/\/verdadeon.com.br\/portal\/2023\/01\/23\/economia-francana-o-que-esperar-de-2023-tema-sera-discutido-em-painel-da-acif\/","og_site_name":"VerdadeOn","article_published_time":"2023-01-23T13:45:32+00:00","og_image":[{"width":1000,"height":670,"url":"https:\/\/verdadeon.com.br\/portal\/wp-content\/uploads\/2023\/01\/Wilker-Maia-ACIF-33.jpg","type":"image\/jpeg"}],"author":"Fernando Calixto","twitter_card":"summary_large_image","twitter_misc":{"Escrito por":"Fernando Calixto","Est. tempo de leitura":"2 minutos"},"schema":{"@context":"https:\/\/schema.org","@graph":[{"@type":"WebPage","@id":"https:\/\/verdadeon.com.br\/portal\/2023\/01\/23\/economia-francana-o-que-esperar-de-2023-tema-sera-discutido-em-painel-da-acif\/","url":"https:\/\/verdadeon.com.br\/portal\/2023\/01\/23\/economia-francana-o-que-esperar-de-2023-tema-sera-discutido-em-painel-da-acif\/","name":"Economia francana: o que esperar de 2023? Tema ser\u00e1 discutido em painel da ACIF - VerdadeOn","isPartOf":{"@id":"https:\/\/verdadeon.com.br\/portal\/#website"},"primaryImageOfPage":{"@id":"https:\/\/verdadeon.com.br\/portal\/2023\/01\/23\/economia-francana-o-que-esperar-de-2023-tema-sera-discutido-em-painel-da-acif\/#primaryimage"},"image":{"@id":"https:\/\/verdadeon.com.br\/portal\/2023\/01\/23\/economia-francana-o-que-esperar-de-2023-tema-sera-discutido-em-painel-da-acif\/#primaryimage"},"thumbnailUrl":"https:\/\/i0.wp.com\/verdadeon.com.br\/portal\/wp-content\/uploads\/2023\/01\/Wilker-Maia-ACIF-33.jpg?fit=1000%2C670&ssl=1","datePublished":"2023-01-23T13:45:32+00:00","author":{"@id":"https:\/\/verdadeon.com.br\/portal\/#\/schema\/person\/8994718f49ee62ba5610471e29ca1f62"},"breadcrumb":{"@id":"https:\/\/verdadeon.com.br\/portal\/2023\/01\/23\/economia-francana-o-que-esperar-de-2023-tema-sera-discutido-em-painel-da-acif\/#breadcrumb"},"inLanguage":"pt-BR","potentialAction":[{"@type":"ReadAction","target":["https:\/\/verdadeon.com.br\/portal\/2023\/01\/23\/economia-francana-o-que-esperar-de-2023-tema-sera-discutido-em-painel-da-acif\/"]}]},{"@type":"ImageObject","inLanguage":"pt-BR","@id":"https:\/\/verdadeon.com.br\/portal\/2023\/01\/23\/economia-francana-o-que-esperar-de-2023-tema-sera-discutido-em-painel-da-acif\/#primaryimage","url":"https:\/\/i0.wp.com\/verdadeon.com.br\/portal\/wp-content\/uploads\/2023\/01\/Wilker-Maia-ACIF-33.jpg?fit=1000%2C670&ssl=1","contentUrl":"https:\/\/i0.wp.com\/verdadeon.com.br\/portal\/wp-content\/uploads\/2023\/01\/Wilker-Maia-ACIF-33.jpg?fit=1000%2C670&ssl=1","width":1000,"height":670,"caption":"Fachada do pr\u00e9dio da ACIF (\u00a9Divulga\u00e7\u00e3o)"},{"@type":"BreadcrumbList","@id":"https:\/\/verdadeon.com.br\/portal\/2023\/01\/23\/economia-francana-o-que-esperar-de-2023-tema-sera-discutido-em-painel-da-acif\/#breadcrumb","itemListElement":[{"@type":"ListItem","position":1,"name":"In\u00edcio","item":"https:\/\/verdadeon.com.br\/portal\/"},{"@type":"ListItem","position":2,"name":"Economia francana: o que esperar de 2023? Tema ser\u00e1 discutido em painel da ACIF"}]},{"@type":"WebSite","@id":"https:\/\/verdadeon.com.br\/portal\/#website","url":"https:\/\/verdadeon.com.br\/portal\/","name":"VerdadeOn","description":"Not\u00edcias di\u00e1rias sobre Franca, Regi\u00e3o, Esporte, Cultura, Cotidiano, Colunas. Cobertura nos principais eventos da cidade \u00e9 aqui - Verdadeon Franca","potentialAction":[{"@type":"SearchAction","target":{"@type":"EntryPoint","urlTemplate":"https:\/\/verdadeon.com.br\/portal\/?s={search_term_string}"},"query-input":{"@type":"PropertyValueSpecification","valueRequired":true,"valueName":"search_term_string"}}],"inLanguage":"pt-BR"},{"@type":"Person","@id":"https:\/\/verdadeon.com.br\/portal\/#\/schema\/person\/8994718f49ee62ba5610471e29ca1f62","name":"Fernando Calixto","image":{"@type":"ImageObject","inLanguage":"pt-BR","@id":"https:\/\/verdadeon.com.br\/portal\/#\/schema\/person\/image\/","url":"https:\/\/secure.gravatar.com\/avatar\/7578910c24966c0316c340f9dbd601e93ee9f9212e1033968b367af9306bd9fb?s=96&d=mm&r=g","contentUrl":"https:\/\/secure.gravatar.com\/avatar\/7578910c24966c0316c340f9dbd601e93ee9f9212e1033968b367af9306bd9fb?s=96&d=mm&r=g","caption":"Fernando Calixto"},"url":"https:\/\/verdadeon.com.br\/portal\/author\/fernando-calixto\/"}]}},"jetpack_publicize_connections":[],"jetpack_featured_media_url":"https:\/\/i0.wp.com\/verdadeon.com.br\/portal\/wp-content\/uploads\/2023\/01\/Wilker-Maia-ACIF-33.jpg?fit=1000%2C670&ssl=1","jetpack_sharing_enabled":true,"_links":{"self":[{"href":"https:\/\/verdadeon.com.br\/portal\/wp-json\/wp\/v2\/posts\/31303","targetHints":{"allow":["GET"]}}],"collection":[{"href":"https:\/\/verdadeon.com.br\/portal\/wp-json\/wp\/v2\/posts"}],"about":[{"href":"https:\/\/verdadeon.com.br\/portal\/wp-json\/wp\/v2\/types\/post"}],"author":[{"embeddable":true,"href":"https:\/\/verdadeon.com.br\/portal\/wp-json\/wp\/v2\/users\/4"}],"replies":[{"embeddable":true,"href":"https:\/\/verdadeon.com.br\/portal\/wp-json\/wp\/v2\/comments?post=31303"}],"version-history":[{"count":1,"href":"https:\/\/verdadeon.com.br\/portal\/wp-json\/wp\/v2\/posts\/31303\/revisions"}],"predecessor-version":[{"id":31304,"href":"https:\/\/verdadeon.com.br\/portal\/wp-json\/wp\/v2\/posts\/31303\/revisions\/31304"}],"wp:featuredmedia":[{"embeddable":true,"href":"https:\/\/verdadeon.com.br\/portal\/wp-json\/wp\/v2\/media\/31223"}],"wp:attachment":[{"href":"https:\/\/verdadeon.com.br\/portal\/wp-json\/wp\/v2\/media?parent=31303"}],"wp:term":[{"taxonomy":"category","embeddable":true,"href":"https:\/\/verdadeon.com.br\/portal\/wp-json\/wp\/v2\/categories?post=31303"},{"taxonomy":"post_tag","embeddable":true,"href":"https:\/\/verdadeon.com.br\/portal\/wp-json\/wp\/v2\/tags?post=31303"}],"curies":[{"name":"wp","href":"https:\/\/api.w.org\/{rel}","templated":true}]}}