{"id":31294,"date":"2023-01-21T19:24:57","date_gmt":"2023-01-21T22:24:57","guid":{"rendered":"https:\/\/verdadeon.com.br\/portal\/?p=31294"},"modified":"2023-01-21T19:24:57","modified_gmt":"2023-01-21T22:24:57","slug":"sesi-franca-basquete-vence-o-bauru-basket-e-avanca-para-a-semifinal-da-copa-super-8","status":"publish","type":"post","link":"https:\/\/verdadeon.com.br\/portal\/2023\/01\/21\/sesi-franca-basquete-vence-o-bauru-basket-e-avanca-para-a-semifinal-da-copa-super-8\/","title":{"rendered":"Sesi Franca Basquete vence o Bauru Basket e avan\u00e7a para a semifinal da Copa Super 8"},"content":{"rendered":"<h2>Time espera o vencedor entre 123 Minas x Corinthians que jogam na segunda-feira<\/h2>\n<p>O Sesi Franca Basquete venceu o Bauru Basket por 83 x 58, neste s\u00e1bado (21\/01), no Gin\u00e1sio Pedroc\u00e3o, em partida v\u00e1lida pelas quartas de final da Copa Super 8. Na semifinal o time enfrenta o vencedor entre 123 Minas x Corinthians.<\/p>\n<p>Dois jogadores do Sesi Franca fizeram um duplo-duplo, Georginho de Paula com 20 pontos, 11 rebotes e tr\u00eas assist\u00eancias e Lucas Mariano anotou 15 pontos, 10 rebotes e tr\u00eas assist\u00eancias. Outros dois jogadores passaram da marca de 10 pontos, David Jackson fez 14 pontos, quatro rebotes e quatro assist\u00eancias e Lucas Dias com 14 pontos, quatro rebotes e quatro assist\u00eancias.<\/p>\n<p>O primeiro quarto terminou com vit\u00f3ria francana por 26 x 18 e no segundo per\u00edodo o time tamb\u00e9m triunfou por 20 x 16 e fechou o primeiro tempo com uma vantagem de 12 pontos. No terceiro quarto o Sesi franca venceu por 15 x 8, abrindo uma vantagem de 19 pontos e no \u00faltimo per\u00edodo administrou a diferen\u00e7a e venceu o quarto por 22 x 16. Placar final 83 x 58.<\/p>\n<p>No segundo quarto de jogo, em uma disputa de bola com o atleta de Bauru, Jhonatan Luz sentiu o ombro, o jogador n\u00e3o retornou para a partida e ap\u00f3s o apito final, se dirigiu ao hospital para fazer exames. Foi constatada uma les\u00e3o acr\u00f4mio clav\u00edcula do ombro direito e n\u00e3o tem previs\u00e3o de retorno.<\/p>\n<p>O pr\u00f3ximo jogo do Sesi Franca acontece na quarta-feira (25\/01), \u00e0s 19h00, no Gin\u00e1sio Pedroc\u00e3o. O advers\u00e1rio vai ser definido do confronto entre 123 Minas x Corinthians, a partida acontece na segunda (23\/01), \u00e0s 19h00, na Arena UniBh.<\/p>\n<p><strong>RESULTADO FINAL<\/strong><\/p>\n<p>Sesi Franca 83 x 58 Bauru Basket<\/p>\n<p>Georginho de Paula &#8211; 20 pontos, 11 rebotes e tr\u00eas assist\u00eancias.<\/p>\n<p>Lucas Mariano &#8211; 15 pontos, 10 rebotes e tr\u00eas assist\u00eancias.<\/p>\n<p>Lucas Dias &#8211; 14 pontos, quatro rebotes e quatro assist\u00eancias.<\/p>\n<p>David Jackson &#8211; 14 pontos, quatro rebotes e tr\u00eas assist\u00eancias.<\/p>\n<p>Zu Jr &#8211; 6 pontos, tr\u00eas rebotes e uma assist\u00eancia.<\/p>\n<p>Reynan &#8211; 4 pontos, tr\u00eas rebotes e uma assist\u00eancia.<\/p>\n<p>M\u00e1rcio &#8211; 3 pontos e tr\u00eas rebotes.<\/p>\n<p>Edu Mar\u00edlia &#8211; 2 pontos e tr\u00eas rebotes.<\/p>\n<p>Nathan Mariano &#8211; 2 pontos.<\/p>\n","protected":false},"excerpt":{"rendered":"<p>Time espera o vencedor entre 123 Minas x Corinthians que jogam na segunda-feira O Sesi Franca Basquete venceu o Bauru Basket por 83 x 58, neste<span class=\"excerpt-hellip\"> [\u2026]<\/span><\/p>\n","protected":false},"author":4,"featured_media":31295,"comment_status":"open","ping_status":"open","sticky":false,"template":"","format":"standard","meta":{"_jetpack_memberships_contains_paid_content":false,"footnotes":"","jetpack_publicize_message":"","jetpack_publicize_feature_enabled":true,"jetpack_social_post_already_shared":false,"jetpack_social_options":{"image_generator_settings":{"template":"highway","default_image_id":0,"enabled":false},"version":2}},"categories":[28,81],"tags":[],"class_list":["post-31294","post","type-post","status-publish","format-standard","has-post-thumbnail","hentry","category-cotidiano","category-manchete"],"yoast_head":"<!-- This site is optimized with the Yoast SEO plugin v25.6 - https:\/\/yoast.com\/wordpress\/plugins\/seo\/ -->\n<title>Sesi Franca Basquete vence o Bauru Basket e avan\u00e7a para a semifinal da Copa Super 8 - VerdadeOn<\/title>\n<meta name=\"robots\" content=\"index, follow, max-snippet:-1, max-image-preview:large, max-video-preview:-1\" \/>\n<link rel=\"canonical\" href=\"https:\/\/verdadeon.com.br\/portal\/2023\/01\/21\/sesi-franca-basquete-vence-o-bauru-basket-e-avanca-para-a-semifinal-da-copa-super-8\/\" \/>\n<meta property=\"og:locale\" content=\"pt_BR\" \/>\n<meta property=\"og:type\" content=\"article\" \/>\n<meta property=\"og:title\" content=\"Sesi Franca Basquete vence o Bauru Basket e avan\u00e7a para a semifinal da Copa Super 8 - VerdadeOn\" \/>\n<meta property=\"og:description\" content=\"Time espera o vencedor entre 123 Minas x Corinthians que jogam na segunda-feira O Sesi Franca Basquete venceu o Bauru Basket por 83 x 58, neste [\u2026]\" \/>\n<meta property=\"og:url\" content=\"https:\/\/verdadeon.com.br\/portal\/2023\/01\/21\/sesi-franca-basquete-vence-o-bauru-basket-e-avanca-para-a-semifinal-da-copa-super-8\/\" \/>\n<meta property=\"og:site_name\" content=\"VerdadeOn\" \/>\n<meta property=\"article:published_time\" content=\"2023-01-21T22:24:57+00:00\" \/>\n<meta property=\"og:image\" content=\"https:\/\/verdadeon.com.br\/portal\/wp-content\/uploads\/2023\/01\/24ab4-whatsapp-image-2023-01-21-at-171821.jpeg\" \/>\n\t<meta property=\"og:image:width\" content=\"1000\" \/>\n\t<meta property=\"og:image:height\" content=\"670\" \/>\n\t<meta property=\"og:image:type\" content=\"image\/jpeg\" \/>\n<meta name=\"author\" content=\"Fernando Calixto\" \/>\n<meta name=\"twitter:card\" content=\"summary_large_image\" \/>\n<meta name=\"twitter:label1\" content=\"Escrito por\" \/>\n\t<meta name=\"twitter:data1\" content=\"Fernando Calixto\" \/>\n\t<meta name=\"twitter:label2\" content=\"Est. tempo de leitura\" \/>\n\t<meta name=\"twitter:data2\" content=\"2 minutos\" \/>\n<script type=\"application\/ld+json\" class=\"yoast-schema-graph\">{\"@context\":\"https:\/\/schema.org\",\"@graph\":[{\"@type\":\"WebPage\",\"@id\":\"https:\/\/verdadeon.com.br\/portal\/2023\/01\/21\/sesi-franca-basquete-vence-o-bauru-basket-e-avanca-para-a-semifinal-da-copa-super-8\/\",\"url\":\"https:\/\/verdadeon.com.br\/portal\/2023\/01\/21\/sesi-franca-basquete-vence-o-bauru-basket-e-avanca-para-a-semifinal-da-copa-super-8\/\",\"name\":\"Sesi Franca Basquete vence o Bauru Basket e avan\u00e7a para a semifinal da Copa Super 8 - VerdadeOn\",\"isPartOf\":{\"@id\":\"https:\/\/verdadeon.com.br\/portal\/#website\"},\"primaryImageOfPage\":{\"@id\":\"https:\/\/verdadeon.com.br\/portal\/2023\/01\/21\/sesi-franca-basquete-vence-o-bauru-basket-e-avanca-para-a-semifinal-da-copa-super-8\/#primaryimage\"},\"image\":{\"@id\":\"https:\/\/verdadeon.com.br\/portal\/2023\/01\/21\/sesi-franca-basquete-vence-o-bauru-basket-e-avanca-para-a-semifinal-da-copa-super-8\/#primaryimage\"},\"thumbnailUrl\":\"https:\/\/i0.wp.com\/verdadeon.com.br\/portal\/wp-content\/uploads\/2023\/01\/24ab4-whatsapp-image-2023-01-21-at-171821.jpeg?fit=1000%2C670&ssl=1\",\"datePublished\":\"2023-01-21T22:24:57+00:00\",\"author\":{\"@id\":\"https:\/\/verdadeon.com.br\/portal\/#\/schema\/person\/8994718f49ee62ba5610471e29ca1f62\"},\"breadcrumb\":{\"@id\":\"https:\/\/verdadeon.com.br\/portal\/2023\/01\/21\/sesi-franca-basquete-vence-o-bauru-basket-e-avanca-para-a-semifinal-da-copa-super-8\/#breadcrumb\"},\"inLanguage\":\"pt-BR\",\"potentialAction\":[{\"@type\":\"ReadAction\",\"target\":[\"https:\/\/verdadeon.com.br\/portal\/2023\/01\/21\/sesi-franca-basquete-vence-o-bauru-basket-e-avanca-para-a-semifinal-da-copa-super-8\/\"]}]},{\"@type\":\"ImageObject\",\"inLanguage\":\"pt-BR\",\"@id\":\"https:\/\/verdadeon.com.br\/portal\/2023\/01\/21\/sesi-franca-basquete-vence-o-bauru-basket-e-avanca-para-a-semifinal-da-copa-super-8\/#primaryimage\",\"url\":\"https:\/\/i0.wp.com\/verdadeon.com.br\/portal\/wp-content\/uploads\/2023\/01\/24ab4-whatsapp-image-2023-01-21-at-171821.jpeg?fit=1000%2C670&ssl=1\",\"contentUrl\":\"https:\/\/i0.wp.com\/verdadeon.com.br\/portal\/wp-content\/uploads\/2023\/01\/24ab4-whatsapp-image-2023-01-21-at-171821.jpeg?fit=1000%2C670&ssl=1\",\"width\":1000,\"height\":670,\"caption\":\"O Sesi Franca enfrenta nesta quarta-feira (25\/01) o Corinthians, \u00e0s 19h00, no Gin\u00e1sio Pedroc\u00e3o | Foto Marcos Limonti\/SFB\"},{\"@type\":\"BreadcrumbList\",\"@id\":\"https:\/\/verdadeon.com.br\/portal\/2023\/01\/21\/sesi-franca-basquete-vence-o-bauru-basket-e-avanca-para-a-semifinal-da-copa-super-8\/#breadcrumb\",\"itemListElement\":[{\"@type\":\"ListItem\",\"position\":1,\"name\":\"In\u00edcio\",\"item\":\"https:\/\/verdadeon.com.br\/portal\/\"},{\"@type\":\"ListItem\",\"position\":2,\"name\":\"Sesi Franca Basquete vence o Bauru Basket e avan\u00e7a para a semifinal da Copa Super 8\"}]},{\"@type\":\"WebSite\",\"@id\":\"https:\/\/verdadeon.com.br\/portal\/#website\",\"url\":\"https:\/\/verdadeon.com.br\/portal\/\",\"name\":\"VerdadeOn\",\"description\":\"Not\u00edcias di\u00e1rias sobre Franca, Regi\u00e3o, Esporte, Cultura, Cotidiano, Colunas. Cobertura nos principais eventos da cidade \u00e9 aqui - Verdadeon Franca\",\"potentialAction\":[{\"@type\":\"SearchAction\",\"target\":{\"@type\":\"EntryPoint\",\"urlTemplate\":\"https:\/\/verdadeon.com.br\/portal\/?s={search_term_string}\"},\"query-input\":{\"@type\":\"PropertyValueSpecification\",\"valueRequired\":true,\"valueName\":\"search_term_string\"}}],\"inLanguage\":\"pt-BR\"},{\"@type\":\"Person\",\"@id\":\"https:\/\/verdadeon.com.br\/portal\/#\/schema\/person\/8994718f49ee62ba5610471e29ca1f62\",\"name\":\"Fernando Calixto\",\"image\":{\"@type\":\"ImageObject\",\"inLanguage\":\"pt-BR\",\"@id\":\"https:\/\/verdadeon.com.br\/portal\/#\/schema\/person\/image\/\",\"url\":\"https:\/\/secure.gravatar.com\/avatar\/7578910c24966c0316c340f9dbd601e93ee9f9212e1033968b367af9306bd9fb?s=96&d=mm&r=g\",\"contentUrl\":\"https:\/\/secure.gravatar.com\/avatar\/7578910c24966c0316c340f9dbd601e93ee9f9212e1033968b367af9306bd9fb?s=96&d=mm&r=g\",\"caption\":\"Fernando Calixto\"},\"url\":\"https:\/\/verdadeon.com.br\/portal\/author\/fernando-calixto\/\"}]}<\/script>\n<!-- \/ Yoast SEO plugin. -->","yoast_head_json":{"title":"Sesi Franca Basquete vence o Bauru Basket e avan\u00e7a para a semifinal da Copa Super 8 - VerdadeOn","robots":{"index":"index","follow":"follow","max-snippet":"max-snippet:-1","max-image-preview":"max-image-preview:large","max-video-preview":"max-video-preview:-1"},"canonical":"https:\/\/verdadeon.com.br\/portal\/2023\/01\/21\/sesi-franca-basquete-vence-o-bauru-basket-e-avanca-para-a-semifinal-da-copa-super-8\/","og_locale":"pt_BR","og_type":"article","og_title":"Sesi Franca Basquete vence o Bauru Basket e avan\u00e7a para a semifinal da Copa Super 8 - VerdadeOn","og_description":"Time espera o vencedor entre 123 Minas x Corinthians que jogam na segunda-feira O Sesi Franca Basquete venceu o Bauru Basket por 83 x 58, neste [\u2026]","og_url":"https:\/\/verdadeon.com.br\/portal\/2023\/01\/21\/sesi-franca-basquete-vence-o-bauru-basket-e-avanca-para-a-semifinal-da-copa-super-8\/","og_site_name":"VerdadeOn","article_published_time":"2023-01-21T22:24:57+00:00","og_image":[{"width":1000,"height":670,"url":"https:\/\/verdadeon.com.br\/portal\/wp-content\/uploads\/2023\/01\/24ab4-whatsapp-image-2023-01-21-at-171821.jpeg","type":"image\/jpeg"}],"author":"Fernando Calixto","twitter_card":"summary_large_image","twitter_misc":{"Escrito por":"Fernando Calixto","Est. tempo de leitura":"2 minutos"},"schema":{"@context":"https:\/\/schema.org","@graph":[{"@type":"WebPage","@id":"https:\/\/verdadeon.com.br\/portal\/2023\/01\/21\/sesi-franca-basquete-vence-o-bauru-basket-e-avanca-para-a-semifinal-da-copa-super-8\/","url":"https:\/\/verdadeon.com.br\/portal\/2023\/01\/21\/sesi-franca-basquete-vence-o-bauru-basket-e-avanca-para-a-semifinal-da-copa-super-8\/","name":"Sesi Franca Basquete vence o Bauru Basket e avan\u00e7a para a semifinal da Copa Super 8 - VerdadeOn","isPartOf":{"@id":"https:\/\/verdadeon.com.br\/portal\/#website"},"primaryImageOfPage":{"@id":"https:\/\/verdadeon.com.br\/portal\/2023\/01\/21\/sesi-franca-basquete-vence-o-bauru-basket-e-avanca-para-a-semifinal-da-copa-super-8\/#primaryimage"},"image":{"@id":"https:\/\/verdadeon.com.br\/portal\/2023\/01\/21\/sesi-franca-basquete-vence-o-bauru-basket-e-avanca-para-a-semifinal-da-copa-super-8\/#primaryimage"},"thumbnailUrl":"https:\/\/i0.wp.com\/verdadeon.com.br\/portal\/wp-content\/uploads\/2023\/01\/24ab4-whatsapp-image-2023-01-21-at-171821.jpeg?fit=1000%2C670&ssl=1","datePublished":"2023-01-21T22:24:57+00:00","author":{"@id":"https:\/\/verdadeon.com.br\/portal\/#\/schema\/person\/8994718f49ee62ba5610471e29ca1f62"},"breadcrumb":{"@id":"https:\/\/verdadeon.com.br\/portal\/2023\/01\/21\/sesi-franca-basquete-vence-o-bauru-basket-e-avanca-para-a-semifinal-da-copa-super-8\/#breadcrumb"},"inLanguage":"pt-BR","potentialAction":[{"@type":"ReadAction","target":["https:\/\/verdadeon.com.br\/portal\/2023\/01\/21\/sesi-franca-basquete-vence-o-bauru-basket-e-avanca-para-a-semifinal-da-copa-super-8\/"]}]},{"@type":"ImageObject","inLanguage":"pt-BR","@id":"https:\/\/verdadeon.com.br\/portal\/2023\/01\/21\/sesi-franca-basquete-vence-o-bauru-basket-e-avanca-para-a-semifinal-da-copa-super-8\/#primaryimage","url":"https:\/\/i0.wp.com\/verdadeon.com.br\/portal\/wp-content\/uploads\/2023\/01\/24ab4-whatsapp-image-2023-01-21-at-171821.jpeg?fit=1000%2C670&ssl=1","contentUrl":"https:\/\/i0.wp.com\/verdadeon.com.br\/portal\/wp-content\/uploads\/2023\/01\/24ab4-whatsapp-image-2023-01-21-at-171821.jpeg?fit=1000%2C670&ssl=1","width":1000,"height":670,"caption":"O Sesi Franca enfrenta nesta quarta-feira (25\/01) o Corinthians, \u00e0s 19h00, no Gin\u00e1sio Pedroc\u00e3o | Foto Marcos Limonti\/SFB"},{"@type":"BreadcrumbList","@id":"https:\/\/verdadeon.com.br\/portal\/2023\/01\/21\/sesi-franca-basquete-vence-o-bauru-basket-e-avanca-para-a-semifinal-da-copa-super-8\/#breadcrumb","itemListElement":[{"@type":"ListItem","position":1,"name":"In\u00edcio","item":"https:\/\/verdadeon.com.br\/portal\/"},{"@type":"ListItem","position":2,"name":"Sesi Franca Basquete vence o Bauru Basket e avan\u00e7a para a semifinal da Copa Super 8"}]},{"@type":"WebSite","@id":"https:\/\/verdadeon.com.br\/portal\/#website","url":"https:\/\/verdadeon.com.br\/portal\/","name":"VerdadeOn","description":"Not\u00edcias di\u00e1rias sobre Franca, Regi\u00e3o, Esporte, Cultura, Cotidiano, Colunas. Cobertura nos principais eventos da cidade \u00e9 aqui - Verdadeon Franca","potentialAction":[{"@type":"SearchAction","target":{"@type":"EntryPoint","urlTemplate":"https:\/\/verdadeon.com.br\/portal\/?s={search_term_string}"},"query-input":{"@type":"PropertyValueSpecification","valueRequired":true,"valueName":"search_term_string"}}],"inLanguage":"pt-BR"},{"@type":"Person","@id":"https:\/\/verdadeon.com.br\/portal\/#\/schema\/person\/8994718f49ee62ba5610471e29ca1f62","name":"Fernando Calixto","image":{"@type":"ImageObject","inLanguage":"pt-BR","@id":"https:\/\/verdadeon.com.br\/portal\/#\/schema\/person\/image\/","url":"https:\/\/secure.gravatar.com\/avatar\/7578910c24966c0316c340f9dbd601e93ee9f9212e1033968b367af9306bd9fb?s=96&d=mm&r=g","contentUrl":"https:\/\/secure.gravatar.com\/avatar\/7578910c24966c0316c340f9dbd601e93ee9f9212e1033968b367af9306bd9fb?s=96&d=mm&r=g","caption":"Fernando Calixto"},"url":"https:\/\/verdadeon.com.br\/portal\/author\/fernando-calixto\/"}]}},"jetpack_publicize_connections":[],"jetpack_featured_media_url":"https:\/\/i0.wp.com\/verdadeon.com.br\/portal\/wp-content\/uploads\/2023\/01\/24ab4-whatsapp-image-2023-01-21-at-171821.jpeg?fit=1000%2C670&ssl=1","jetpack_sharing_enabled":true,"_links":{"self":[{"href":"https:\/\/verdadeon.com.br\/portal\/wp-json\/wp\/v2\/posts\/31294","targetHints":{"allow":["GET"]}}],"collection":[{"href":"https:\/\/verdadeon.com.br\/portal\/wp-json\/wp\/v2\/posts"}],"about":[{"href":"https:\/\/verdadeon.com.br\/portal\/wp-json\/wp\/v2\/types\/post"}],"author":[{"embeddable":true,"href":"https:\/\/verdadeon.com.br\/portal\/wp-json\/wp\/v2\/users\/4"}],"replies":[{"embeddable":true,"href":"https:\/\/verdadeon.com.br\/portal\/wp-json\/wp\/v2\/comments?post=31294"}],"version-history":[{"count":1,"href":"https:\/\/verdadeon.com.br\/portal\/wp-json\/wp\/v2\/posts\/31294\/revisions"}],"predecessor-version":[{"id":31296,"href":"https:\/\/verdadeon.com.br\/portal\/wp-json\/wp\/v2\/posts\/31294\/revisions\/31296"}],"wp:featuredmedia":[{"embeddable":true,"href":"https:\/\/verdadeon.com.br\/portal\/wp-json\/wp\/v2\/media\/31295"}],"wp:attachment":[{"href":"https:\/\/verdadeon.com.br\/portal\/wp-json\/wp\/v2\/media?parent=31294"}],"wp:term":[{"taxonomy":"category","embeddable":true,"href":"https:\/\/verdadeon.com.br\/portal\/wp-json\/wp\/v2\/categories?post=31294"},{"taxonomy":"post_tag","embeddable":true,"href":"https:\/\/verdadeon.com.br\/portal\/wp-json\/wp\/v2\/tags?post=31294"}],"curies":[{"name":"wp","href":"https:\/\/api.w.org\/{rel}","templated":true}]}}