{"id":31288,"date":"2023-01-21T11:45:28","date_gmt":"2023-01-21T14:45:28","guid":{"rendered":"https:\/\/verdadeon.com.br\/portal\/?p=31288"},"modified":"2023-01-21T11:45:28","modified_gmt":"2023-01-21T14:45:28","slug":"saude-disponibiliza-teste-rapido-de-sifilis-para-gestantes-nas-ubs","status":"publish","type":"post","link":"https:\/\/verdadeon.com.br\/portal\/2023\/01\/21\/saude-disponibiliza-teste-rapido-de-sifilis-para-gestantes-nas-ubs\/","title":{"rendered":"Sa\u00fade disponibiliza teste r\u00e1pido de S\u00edfilis para gestantes nas UBS"},"content":{"rendered":"<h2>A a\u00e7\u00e3o visa combater o aumento dessa DST (Doen\u00e7a Sexualmente Transmiss\u00edvel) em gr\u00e1vidas que, geralmente, n\u00e3o fazem o tratamento adequado.<\/h2>\n<div><\/div>\n<div>Como forma de conscientizar \u00e0 popula\u00e7\u00e3o sobre a import\u00e2ncia da detec\u00e7\u00e3o precoce e tratamento das gestantes com S\u00edfilis, a Secretaria de Sa\u00fade est\u00e1 disponibilizando testes r\u00e1pidos em todas as UBSs (Unidades B\u00e1sicas de Sa\u00fade) de Franca.<\/div>\n<div>A a\u00e7\u00e3o visa combater o aumento dessa DST (Doen\u00e7a Sexualmente Transmiss\u00edvel) em gr\u00e1vidas que, geralmente, n\u00e3o fazem o tratamento adequado. Sendo assim, al\u00e9m da doen\u00e7a nos pr\u00f3prios organismos, os beb\u00eas dessas mulheres podem nascer com a S\u00edfilis.<\/div>\n<div>As gestantes podem fazer os testes de segunda a sexta-feira, das 7 \u00e0s 19 horas, de forma gratuita. Caso o resultado seja positivo, j\u00e1 h\u00e1 um protocolo na UBS, que consiste em prescrever dose de medicamento para o tratamento e encaminhamento ao m\u00e9dico. \u00c9 necess\u00e1rio que o parceiro tamb\u00e9m fa\u00e7a o tratamento, de modo a evitar que o beb\u00ea desenvolva a doen\u00e7a.<\/div>\n<div>A secret\u00e1ria de Sa\u00fade, Wal\u00e9ria Mascarenhas, destacou que o tratamento dura apenas tr\u00eas semanas e ressaltou a import\u00e2ncia da preven\u00e7\u00e3o e do cuidado quando se recebe o diagn\u00f3stico. \u201c\u00c9 fundamental que a gestante e seu parceiro se tratem. Por isso, incentivamos que o homem tamb\u00e9m participe do Pr\u00e9-Natal. No caso do beb\u00ea nascer com a S\u00edfilis, n\u00f3s disponibilizamos tratamento e \u00e9 preciso fazer o controle da doen\u00e7a\u201d, disse.<\/div>\n<div>Para mais informa\u00e7\u00f5es e realiza\u00e7\u00e3o do teste r\u00e1pido, as interessadas devem procurar a Unidade B\u00e1sica de Sa\u00fade mais pr\u00f3ximas de suas casas.<\/div>\n<div><\/div>\n<div><strong>A doen\u00e7a<\/strong><\/div>\n<div>A S\u00edfilis \u00e9 uma doen\u00e7a que pode levar \u00e0 morte se n\u00e3o tratada corretamente, podendo comprometer v\u00e1rios \u00f3rg\u00e3os, como o sistema nervoso, olhos, pele, ossos, cora\u00e7\u00e3o e c\u00e9rebro. \u00c9, especialmente, perigosa se a pessoa infectada for uma gestante. Pode ser transmitida, por meio das rela\u00e7\u00f5es sexuais desprotegidas, das transfus\u00f5es de sangue e da m\u00e3e para o filho, em qualquer fase da gesta\u00e7\u00e3o ou no momento do parto (S\u00edfilis Cong\u00eanita).<\/div>\n","protected":false},"excerpt":{"rendered":"<p>A a\u00e7\u00e3o visa combater o aumento dessa DST (Doen\u00e7a Sexualmente Transmiss\u00edvel) em gr\u00e1vidas que, geralmente, n\u00e3o fazem o tratamento adequado. Como forma de conscientizar \u00e0 popula\u00e7\u00e3o<span class=\"excerpt-hellip\"> [\u2026]<\/span><\/p>\n","protected":false},"author":4,"featured_media":19628,"comment_status":"open","ping_status":"open","sticky":false,"template":"","format":"standard","meta":{"_jetpack_memberships_contains_paid_content":false,"footnotes":"","jetpack_publicize_message":"","jetpack_publicize_feature_enabled":true,"jetpack_social_post_already_shared":false,"jetpack_social_options":{"image_generator_settings":{"template":"highway","default_image_id":0,"enabled":false},"version":2}},"categories":[28,44],"tags":[],"class_list":["post-31288","post","type-post","status-publish","format-standard","has-post-thumbnail","hentry","category-cotidiano","category-noticias"],"yoast_head":"<!-- This site is optimized with the Yoast SEO plugin v25.6 - https:\/\/yoast.com\/wordpress\/plugins\/seo\/ -->\n<title>Sa\u00fade disponibiliza teste r\u00e1pido de S\u00edfilis para gestantes nas UBS - VerdadeOn<\/title>\n<meta name=\"robots\" content=\"index, follow, max-snippet:-1, max-image-preview:large, max-video-preview:-1\" \/>\n<link rel=\"canonical\" href=\"https:\/\/verdadeon.com.br\/portal\/2023\/01\/21\/saude-disponibiliza-teste-rapido-de-sifilis-para-gestantes-nas-ubs\/\" \/>\n<meta property=\"og:locale\" content=\"pt_BR\" \/>\n<meta property=\"og:type\" content=\"article\" \/>\n<meta property=\"og:title\" content=\"Sa\u00fade disponibiliza teste r\u00e1pido de S\u00edfilis para gestantes nas UBS - VerdadeOn\" \/>\n<meta property=\"og:description\" content=\"A a\u00e7\u00e3o visa combater o aumento dessa DST (Doen\u00e7a Sexualmente Transmiss\u00edvel) em gr\u00e1vidas que, geralmente, n\u00e3o fazem o tratamento adequado. Como forma de conscientizar \u00e0 popula\u00e7\u00e3o [\u2026]\" \/>\n<meta property=\"og:url\" content=\"https:\/\/verdadeon.com.br\/portal\/2023\/01\/21\/saude-disponibiliza-teste-rapido-de-sifilis-para-gestantes-nas-ubs\/\" \/>\n<meta property=\"og:site_name\" content=\"VerdadeOn\" \/>\n<meta property=\"article:published_time\" content=\"2023-01-21T14:45:28+00:00\" \/>\n<meta property=\"og:image\" content=\"https:\/\/verdadeon.com.br\/portal\/wp-content\/uploads\/2021\/09\/FACHADA-UBS-JARDIM-ANGELA-ROSA-FOTO-REPRODUCAO.jpeg\" \/>\n\t<meta property=\"og:image:width\" content=\"1000\" \/>\n\t<meta property=\"og:image:height\" content=\"670\" \/>\n\t<meta property=\"og:image:type\" content=\"image\/jpeg\" \/>\n<meta name=\"author\" content=\"Fernando Calixto\" \/>\n<meta name=\"twitter:card\" content=\"summary_large_image\" \/>\n<meta name=\"twitter:label1\" content=\"Escrito por\" \/>\n\t<meta name=\"twitter:data1\" content=\"Fernando Calixto\" \/>\n\t<meta name=\"twitter:label2\" content=\"Est. tempo de leitura\" \/>\n\t<meta name=\"twitter:data2\" content=\"2 minutos\" \/>\n<script type=\"application\/ld+json\" class=\"yoast-schema-graph\">{\"@context\":\"https:\/\/schema.org\",\"@graph\":[{\"@type\":\"WebPage\",\"@id\":\"https:\/\/verdadeon.com.br\/portal\/2023\/01\/21\/saude-disponibiliza-teste-rapido-de-sifilis-para-gestantes-nas-ubs\/\",\"url\":\"https:\/\/verdadeon.com.br\/portal\/2023\/01\/21\/saude-disponibiliza-teste-rapido-de-sifilis-para-gestantes-nas-ubs\/\",\"name\":\"Sa\u00fade disponibiliza teste r\u00e1pido de S\u00edfilis para gestantes nas UBS - VerdadeOn\",\"isPartOf\":{\"@id\":\"https:\/\/verdadeon.com.br\/portal\/#website\"},\"primaryImageOfPage\":{\"@id\":\"https:\/\/verdadeon.com.br\/portal\/2023\/01\/21\/saude-disponibiliza-teste-rapido-de-sifilis-para-gestantes-nas-ubs\/#primaryimage\"},\"image\":{\"@id\":\"https:\/\/verdadeon.com.br\/portal\/2023\/01\/21\/saude-disponibiliza-teste-rapido-de-sifilis-para-gestantes-nas-ubs\/#primaryimage\"},\"thumbnailUrl\":\"https:\/\/i0.wp.com\/verdadeon.com.br\/portal\/wp-content\/uploads\/2021\/09\/FACHADA-UBS-JARDIM-ANGELA-ROSA-FOTO-REPRODUCAO.jpeg?fit=1000%2C670&ssl=1\",\"datePublished\":\"2023-01-21T14:45:28+00:00\",\"author\":{\"@id\":\"https:\/\/verdadeon.com.br\/portal\/#\/schema\/person\/8994718f49ee62ba5610471e29ca1f62\"},\"breadcrumb\":{\"@id\":\"https:\/\/verdadeon.com.br\/portal\/2023\/01\/21\/saude-disponibiliza-teste-rapido-de-sifilis-para-gestantes-nas-ubs\/#breadcrumb\"},\"inLanguage\":\"pt-BR\",\"potentialAction\":[{\"@type\":\"ReadAction\",\"target\":[\"https:\/\/verdadeon.com.br\/portal\/2023\/01\/21\/saude-disponibiliza-teste-rapido-de-sifilis-para-gestantes-nas-ubs\/\"]}]},{\"@type\":\"ImageObject\",\"inLanguage\":\"pt-BR\",\"@id\":\"https:\/\/verdadeon.com.br\/portal\/2023\/01\/21\/saude-disponibiliza-teste-rapido-de-sifilis-para-gestantes-nas-ubs\/#primaryimage\",\"url\":\"https:\/\/i0.wp.com\/verdadeon.com.br\/portal\/wp-content\/uploads\/2021\/09\/FACHADA-UBS-JARDIM-ANGELA-ROSA-FOTO-REPRODUCAO.jpeg?fit=1000%2C670&ssl=1\",\"contentUrl\":\"https:\/\/i0.wp.com\/verdadeon.com.br\/portal\/wp-content\/uploads\/2021\/09\/FACHADA-UBS-JARDIM-ANGELA-ROSA-FOTO-REPRODUCAO.jpeg?fit=1000%2C670&ssl=1\",\"width\":1000,\"height\":670,\"caption\":\"Para mais informa\u00e7\u00f5es e realiza\u00e7\u00e3o do teste r\u00e1pido, as interessadas devem procurar a Unidade B\u00e1sica de Sa\u00fade mais pr\u00f3ximas de suas casas\"},{\"@type\":\"BreadcrumbList\",\"@id\":\"https:\/\/verdadeon.com.br\/portal\/2023\/01\/21\/saude-disponibiliza-teste-rapido-de-sifilis-para-gestantes-nas-ubs\/#breadcrumb\",\"itemListElement\":[{\"@type\":\"ListItem\",\"position\":1,\"name\":\"In\u00edcio\",\"item\":\"https:\/\/verdadeon.com.br\/portal\/\"},{\"@type\":\"ListItem\",\"position\":2,\"name\":\"Sa\u00fade disponibiliza teste r\u00e1pido de S\u00edfilis para gestantes nas UBS\"}]},{\"@type\":\"WebSite\",\"@id\":\"https:\/\/verdadeon.com.br\/portal\/#website\",\"url\":\"https:\/\/verdadeon.com.br\/portal\/\",\"name\":\"VerdadeOn\",\"description\":\"Not\u00edcias di\u00e1rias sobre Franca, Regi\u00e3o, Esporte, Cultura, Cotidiano, Colunas. Cobertura nos principais eventos da cidade \u00e9 aqui - Verdadeon Franca\",\"potentialAction\":[{\"@type\":\"SearchAction\",\"target\":{\"@type\":\"EntryPoint\",\"urlTemplate\":\"https:\/\/verdadeon.com.br\/portal\/?s={search_term_string}\"},\"query-input\":{\"@type\":\"PropertyValueSpecification\",\"valueRequired\":true,\"valueName\":\"search_term_string\"}}],\"inLanguage\":\"pt-BR\"},{\"@type\":\"Person\",\"@id\":\"https:\/\/verdadeon.com.br\/portal\/#\/schema\/person\/8994718f49ee62ba5610471e29ca1f62\",\"name\":\"Fernando Calixto\",\"image\":{\"@type\":\"ImageObject\",\"inLanguage\":\"pt-BR\",\"@id\":\"https:\/\/verdadeon.com.br\/portal\/#\/schema\/person\/image\/\",\"url\":\"https:\/\/secure.gravatar.com\/avatar\/7578910c24966c0316c340f9dbd601e93ee9f9212e1033968b367af9306bd9fb?s=96&d=mm&r=g\",\"contentUrl\":\"https:\/\/secure.gravatar.com\/avatar\/7578910c24966c0316c340f9dbd601e93ee9f9212e1033968b367af9306bd9fb?s=96&d=mm&r=g\",\"caption\":\"Fernando Calixto\"},\"url\":\"https:\/\/verdadeon.com.br\/portal\/author\/fernando-calixto\/\"}]}<\/script>\n<!-- \/ Yoast SEO plugin. -->","yoast_head_json":{"title":"Sa\u00fade disponibiliza teste r\u00e1pido de S\u00edfilis para gestantes nas UBS - VerdadeOn","robots":{"index":"index","follow":"follow","max-snippet":"max-snippet:-1","max-image-preview":"max-image-preview:large","max-video-preview":"max-video-preview:-1"},"canonical":"https:\/\/verdadeon.com.br\/portal\/2023\/01\/21\/saude-disponibiliza-teste-rapido-de-sifilis-para-gestantes-nas-ubs\/","og_locale":"pt_BR","og_type":"article","og_title":"Sa\u00fade disponibiliza teste r\u00e1pido de S\u00edfilis para gestantes nas UBS - VerdadeOn","og_description":"A a\u00e7\u00e3o visa combater o aumento dessa DST (Doen\u00e7a Sexualmente Transmiss\u00edvel) em gr\u00e1vidas que, geralmente, n\u00e3o fazem o tratamento adequado. Como forma de conscientizar \u00e0 popula\u00e7\u00e3o [\u2026]","og_url":"https:\/\/verdadeon.com.br\/portal\/2023\/01\/21\/saude-disponibiliza-teste-rapido-de-sifilis-para-gestantes-nas-ubs\/","og_site_name":"VerdadeOn","article_published_time":"2023-01-21T14:45:28+00:00","og_image":[{"width":1000,"height":670,"url":"https:\/\/verdadeon.com.br\/portal\/wp-content\/uploads\/2021\/09\/FACHADA-UBS-JARDIM-ANGELA-ROSA-FOTO-REPRODUCAO.jpeg","type":"image\/jpeg"}],"author":"Fernando Calixto","twitter_card":"summary_large_image","twitter_misc":{"Escrito por":"Fernando Calixto","Est. tempo de leitura":"2 minutos"},"schema":{"@context":"https:\/\/schema.org","@graph":[{"@type":"WebPage","@id":"https:\/\/verdadeon.com.br\/portal\/2023\/01\/21\/saude-disponibiliza-teste-rapido-de-sifilis-para-gestantes-nas-ubs\/","url":"https:\/\/verdadeon.com.br\/portal\/2023\/01\/21\/saude-disponibiliza-teste-rapido-de-sifilis-para-gestantes-nas-ubs\/","name":"Sa\u00fade disponibiliza teste r\u00e1pido de S\u00edfilis para gestantes nas UBS - VerdadeOn","isPartOf":{"@id":"https:\/\/verdadeon.com.br\/portal\/#website"},"primaryImageOfPage":{"@id":"https:\/\/verdadeon.com.br\/portal\/2023\/01\/21\/saude-disponibiliza-teste-rapido-de-sifilis-para-gestantes-nas-ubs\/#primaryimage"},"image":{"@id":"https:\/\/verdadeon.com.br\/portal\/2023\/01\/21\/saude-disponibiliza-teste-rapido-de-sifilis-para-gestantes-nas-ubs\/#primaryimage"},"thumbnailUrl":"https:\/\/i0.wp.com\/verdadeon.com.br\/portal\/wp-content\/uploads\/2021\/09\/FACHADA-UBS-JARDIM-ANGELA-ROSA-FOTO-REPRODUCAO.jpeg?fit=1000%2C670&ssl=1","datePublished":"2023-01-21T14:45:28+00:00","author":{"@id":"https:\/\/verdadeon.com.br\/portal\/#\/schema\/person\/8994718f49ee62ba5610471e29ca1f62"},"breadcrumb":{"@id":"https:\/\/verdadeon.com.br\/portal\/2023\/01\/21\/saude-disponibiliza-teste-rapido-de-sifilis-para-gestantes-nas-ubs\/#breadcrumb"},"inLanguage":"pt-BR","potentialAction":[{"@type":"ReadAction","target":["https:\/\/verdadeon.com.br\/portal\/2023\/01\/21\/saude-disponibiliza-teste-rapido-de-sifilis-para-gestantes-nas-ubs\/"]}]},{"@type":"ImageObject","inLanguage":"pt-BR","@id":"https:\/\/verdadeon.com.br\/portal\/2023\/01\/21\/saude-disponibiliza-teste-rapido-de-sifilis-para-gestantes-nas-ubs\/#primaryimage","url":"https:\/\/i0.wp.com\/verdadeon.com.br\/portal\/wp-content\/uploads\/2021\/09\/FACHADA-UBS-JARDIM-ANGELA-ROSA-FOTO-REPRODUCAO.jpeg?fit=1000%2C670&ssl=1","contentUrl":"https:\/\/i0.wp.com\/verdadeon.com.br\/portal\/wp-content\/uploads\/2021\/09\/FACHADA-UBS-JARDIM-ANGELA-ROSA-FOTO-REPRODUCAO.jpeg?fit=1000%2C670&ssl=1","width":1000,"height":670,"caption":"Para mais informa\u00e7\u00f5es e realiza\u00e7\u00e3o do teste r\u00e1pido, as interessadas devem procurar a Unidade B\u00e1sica de Sa\u00fade mais pr\u00f3ximas de suas casas"},{"@type":"BreadcrumbList","@id":"https:\/\/verdadeon.com.br\/portal\/2023\/01\/21\/saude-disponibiliza-teste-rapido-de-sifilis-para-gestantes-nas-ubs\/#breadcrumb","itemListElement":[{"@type":"ListItem","position":1,"name":"In\u00edcio","item":"https:\/\/verdadeon.com.br\/portal\/"},{"@type":"ListItem","position":2,"name":"Sa\u00fade disponibiliza teste r\u00e1pido de S\u00edfilis para gestantes nas UBS"}]},{"@type":"WebSite","@id":"https:\/\/verdadeon.com.br\/portal\/#website","url":"https:\/\/verdadeon.com.br\/portal\/","name":"VerdadeOn","description":"Not\u00edcias di\u00e1rias sobre Franca, Regi\u00e3o, Esporte, Cultura, Cotidiano, Colunas. Cobertura nos principais eventos da cidade \u00e9 aqui - Verdadeon Franca","potentialAction":[{"@type":"SearchAction","target":{"@type":"EntryPoint","urlTemplate":"https:\/\/verdadeon.com.br\/portal\/?s={search_term_string}"},"query-input":{"@type":"PropertyValueSpecification","valueRequired":true,"valueName":"search_term_string"}}],"inLanguage":"pt-BR"},{"@type":"Person","@id":"https:\/\/verdadeon.com.br\/portal\/#\/schema\/person\/8994718f49ee62ba5610471e29ca1f62","name":"Fernando Calixto","image":{"@type":"ImageObject","inLanguage":"pt-BR","@id":"https:\/\/verdadeon.com.br\/portal\/#\/schema\/person\/image\/","url":"https:\/\/secure.gravatar.com\/avatar\/7578910c24966c0316c340f9dbd601e93ee9f9212e1033968b367af9306bd9fb?s=96&d=mm&r=g","contentUrl":"https:\/\/secure.gravatar.com\/avatar\/7578910c24966c0316c340f9dbd601e93ee9f9212e1033968b367af9306bd9fb?s=96&d=mm&r=g","caption":"Fernando Calixto"},"url":"https:\/\/verdadeon.com.br\/portal\/author\/fernando-calixto\/"}]}},"jetpack_publicize_connections":[],"jetpack_featured_media_url":"https:\/\/i0.wp.com\/verdadeon.com.br\/portal\/wp-content\/uploads\/2021\/09\/FACHADA-UBS-JARDIM-ANGELA-ROSA-FOTO-REPRODUCAO.jpeg?fit=1000%2C670&ssl=1","jetpack_sharing_enabled":true,"_links":{"self":[{"href":"https:\/\/verdadeon.com.br\/portal\/wp-json\/wp\/v2\/posts\/31288","targetHints":{"allow":["GET"]}}],"collection":[{"href":"https:\/\/verdadeon.com.br\/portal\/wp-json\/wp\/v2\/posts"}],"about":[{"href":"https:\/\/verdadeon.com.br\/portal\/wp-json\/wp\/v2\/types\/post"}],"author":[{"embeddable":true,"href":"https:\/\/verdadeon.com.br\/portal\/wp-json\/wp\/v2\/users\/4"}],"replies":[{"embeddable":true,"href":"https:\/\/verdadeon.com.br\/portal\/wp-json\/wp\/v2\/comments?post=31288"}],"version-history":[{"count":1,"href":"https:\/\/verdadeon.com.br\/portal\/wp-json\/wp\/v2\/posts\/31288\/revisions"}],"predecessor-version":[{"id":31290,"href":"https:\/\/verdadeon.com.br\/portal\/wp-json\/wp\/v2\/posts\/31288\/revisions\/31290"}],"wp:featuredmedia":[{"embeddable":true,"href":"https:\/\/verdadeon.com.br\/portal\/wp-json\/wp\/v2\/media\/19628"}],"wp:attachment":[{"href":"https:\/\/verdadeon.com.br\/portal\/wp-json\/wp\/v2\/media?parent=31288"}],"wp:term":[{"taxonomy":"category","embeddable":true,"href":"https:\/\/verdadeon.com.br\/portal\/wp-json\/wp\/v2\/categories?post=31288"},{"taxonomy":"post_tag","embeddable":true,"href":"https:\/\/verdadeon.com.br\/portal\/wp-json\/wp\/v2\/tags?post=31288"}],"curies":[{"name":"wp","href":"https:\/\/api.w.org\/{rel}","templated":true}]}}