{"id":31279,"date":"2023-01-21T11:37:21","date_gmt":"2023-01-21T14:37:21","guid":{"rendered":"https:\/\/verdadeon.com.br\/portal\/?p=31279"},"modified":"2023-01-21T11:37:21","modified_gmt":"2023-01-21T14:37:21","slug":"franca-shopping-realiza-campanha-de-arrecadacao-de-material-escolar-em-prol-da-proreavi","status":"publish","type":"post","link":"https:\/\/verdadeon.com.br\/portal\/2023\/01\/21\/franca-shopping-realiza-campanha-de-arrecadacao-de-material-escolar-em-prol-da-proreavi\/","title":{"rendered":"Franca Shopping realiza campanha de arrecada\u00e7\u00e3o de material escolar em prol da Proreavi"},"content":{"rendered":"<h2><em>Doa\u00e7\u00f5es contribuir\u00e3o com projetos sociais desenvolvidos pela institui\u00e7\u00e3o e podem ser entregues no shopping at\u00e9 o dia 5 de fevereiro <\/em><\/h2>\n<p><em>\u00a0<\/em>Atento \u00e0 import\u00e2ncia que exerce na comunidade local e ciente da sua responsabilidade social, o Franca Shopping est\u00e1 promovendo uma campanha de arrecada\u00e7\u00e3o de material escolar. As doa\u00e7\u00f5es ser\u00e3o destinadas \u00e0 Associa\u00e7\u00e3o Proreavi, institui\u00e7\u00e3o que presta servi\u00e7os de assist\u00eancia social na cidade e que hoje atende aproximadamente 70 crian\u00e7as e adolescentes em situa\u00e7\u00e3o de risco e vulnerabilidade social. Esse p\u00fablico \u00e9 atendido pela entidade por meio de projetos e oficinas de arte, cultura, esporte e lazer que s\u00e3o realizados no contraturno do per\u00edodo escolar.<\/p>\n<p>A campanha \u00e9 uma iniciativa da Aliansce Sonae + brMalls, companhia que recentemente anunciou seu processo de fus\u00e3o tornando-se a mais completa plataforma de servi\u00e7os, entretenimento , lifestyle e compras da Am\u00e9rica Latina. O Franca Shopping integra o portf\u00f3lio de shoppings contemplados e juntamente com mais 31 centro de compras de todo pa\u00eds ir\u00e3o fazer a diferen\u00e7a para dezenas de institui\u00e7\u00f5es.<\/p>\n<p>Ana Carolina Lima, coordenadora de Marketing do Franca Shopping, conta que o projeto visa atender entidades localizadas na cidade. \u201cCom isso, estreitamos o relacionamento com a comunidade e, ao mesmo tempo, oferecemos aos nossos clientes a oportunidade de contribu\u00edrem com uma boa causa promovida por uma organiza\u00e7\u00e3o local\u201d, ressalta.<\/p>\n<p>At\u00e9 o dia 5 de fevereiro ser\u00e3o aceitas doa\u00e7\u00f5es de material escolar como cadernos, l\u00e1pis de cor, jogos de caneta, folha sulfite, borrachas, tinta guache, pinc\u00e9is, canetas esferograficas e estojos. \u00c9 importante lembrar que os objetos devem estar em boas condi\u00e7\u00f5es de uso e n\u00e3o poder\u00e3o ser entregues cadernos com rasura, mochilas rasgadas, canetas sem tampa, livros did\u00e1ticos e outros itens danificados.<\/p>\n<p>Ana Bertelli, coordenadora da Proreavi, explica que a institui\u00e7\u00e3o realiza atividades que promovem a inser\u00e7\u00e3o profissional e desenvolvem habilidades do p\u00fablico atendido. Segundo ela, essas doa\u00e7\u00f5es ser\u00e3o fundamentais para que os volunt\u00e1rios da entidade realizem seu trabalho nas oficinas de arte, cultura, lazer e esporte. \u201cA Proreavi sobrevive de doa\u00e7\u00f5es, parcerias e apadrinhamento. Por isso, essa campanha \u00e9 muito importante para n\u00f3s e refor\u00e7a a seriedade do nosso trabalho\u201d, ressalta Ana Bertelli.<\/p>\n<p>&nbsp;<\/p>\n<p><strong>Variedade e Comodidade em um s\u00f3 lugar<\/strong><\/p>\n<p>Na hora de preparar o material escolar da garotada e colaborar com essa campanha de arrecada\u00e7\u00e3o em prol da Proreavi, o Franca Shopping \u00e9 uma \u00a0excelente\u00a0 alternativa. Suas 97 lojas s\u00e3o diversificadas e \u00e9 poss\u00edvel otimizar as compras num s\u00f3 lugar.<\/p>\n<p>S\u00e3o in\u00fameras op\u00e7\u00f5es de produtos que agradam os pequenos e os jovens e que tamb\u00e9m cabem no planejamento financeiro dos pais. Para aqueles que buscam por canetas, cadernos, estojos e agendas, por exemplo, o Franca Shopping tem lojas como as Americanas, Livraria Saraiva, Imaginarium. \u00a0E, se a inten\u00e7\u00e3o \u00e9 escolher roupas e cal\u00e7ados \u00e9 poss\u00edvel encontrar variedade na Lupo, Puket, Hering Kids, Centauro, Mg Sports, Bibi Cal\u00e7ados, Tenis One, entre outras.<\/p>\n<p><strong>\u00a0<\/strong><\/p>\n<p><strong>Servi\u00e7o: Campanha de Arrecada\u00e7\u00e3o de Material Escolar<\/strong><\/p>\n<p>Local: Espa\u00e7o Brilhar, em frente \u00e0 C&amp;A<br \/>\nData: At\u00e9 dia 5 de fevereiro<\/p>\n<p>Hor\u00e1rio: Segunda-feira a s\u00e1bado, 10h \u00e0s 22h, e aos domingos, das 12h \u00e0s 20h.<\/p>\n","protected":false},"excerpt":{"rendered":"<p>Doa\u00e7\u00f5es contribuir\u00e3o com projetos sociais desenvolvidos pela institui\u00e7\u00e3o e podem ser entregues no shopping at\u00e9 o dia 5 de fevereiro \u00a0Atento \u00e0 import\u00e2ncia que exerce na<span class=\"excerpt-hellip\"> [\u2026]<\/span><\/p>\n","protected":false},"author":4,"featured_media":31282,"comment_status":"open","ping_status":"open","sticky":false,"template":"","format":"standard","meta":{"_jetpack_memberships_contains_paid_content":false,"footnotes":"","jetpack_publicize_message":"","jetpack_publicize_feature_enabled":true,"jetpack_social_post_already_shared":false,"jetpack_social_options":{"image_generator_settings":{"template":"highway","default_image_id":0,"enabled":false},"version":2}},"categories":[28,81],"tags":[],"class_list":["post-31279","post","type-post","status-publish","format-standard","has-post-thumbnail","hentry","category-cotidiano","category-manchete"],"yoast_head":"<!-- This site is optimized with the Yoast SEO plugin v25.6 - https:\/\/yoast.com\/wordpress\/plugins\/seo\/ -->\n<title>Franca Shopping realiza campanha de arrecada\u00e7\u00e3o de material escolar em prol da Proreavi - VerdadeOn<\/title>\n<meta name=\"robots\" content=\"index, follow, max-snippet:-1, max-image-preview:large, max-video-preview:-1\" \/>\n<link rel=\"canonical\" href=\"https:\/\/verdadeon.com.br\/portal\/2023\/01\/21\/franca-shopping-realiza-campanha-de-arrecadacao-de-material-escolar-em-prol-da-proreavi\/\" \/>\n<meta property=\"og:locale\" content=\"pt_BR\" \/>\n<meta property=\"og:type\" content=\"article\" \/>\n<meta property=\"og:title\" content=\"Franca Shopping realiza campanha de arrecada\u00e7\u00e3o de material escolar em prol da Proreavi - VerdadeOn\" \/>\n<meta property=\"og:description\" content=\"Doa\u00e7\u00f5es contribuir\u00e3o com projetos sociais desenvolvidos pela institui\u00e7\u00e3o e podem ser entregues no shopping at\u00e9 o dia 5 de fevereiro \u00a0Atento \u00e0 import\u00e2ncia que exerce na [\u2026]\" \/>\n<meta property=\"og:url\" content=\"https:\/\/verdadeon.com.br\/portal\/2023\/01\/21\/franca-shopping-realiza-campanha-de-arrecadacao-de-material-escolar-em-prol-da-proreavi\/\" \/>\n<meta property=\"og:site_name\" content=\"VerdadeOn\" \/>\n<meta property=\"article:published_time\" content=\"2023-01-21T14:37:21+00:00\" \/>\n<meta property=\"og:image\" content=\"https:\/\/verdadeon.com.br\/portal\/wp-content\/uploads\/2023\/01\/shopping.jpg\" \/>\n\t<meta property=\"og:image:width\" content=\"1000\" \/>\n\t<meta property=\"og:image:height\" content=\"670\" \/>\n\t<meta property=\"og:image:type\" content=\"image\/jpeg\" \/>\n<meta name=\"author\" content=\"Fernando Calixto\" \/>\n<meta name=\"twitter:card\" content=\"summary_large_image\" \/>\n<meta name=\"twitter:label1\" content=\"Escrito por\" \/>\n\t<meta name=\"twitter:data1\" content=\"Fernando Calixto\" \/>\n\t<meta name=\"twitter:label2\" content=\"Est. tempo de leitura\" \/>\n\t<meta name=\"twitter:data2\" content=\"3 minutos\" \/>\n<script type=\"application\/ld+json\" class=\"yoast-schema-graph\">{\"@context\":\"https:\/\/schema.org\",\"@graph\":[{\"@type\":\"WebPage\",\"@id\":\"https:\/\/verdadeon.com.br\/portal\/2023\/01\/21\/franca-shopping-realiza-campanha-de-arrecadacao-de-material-escolar-em-prol-da-proreavi\/\",\"url\":\"https:\/\/verdadeon.com.br\/portal\/2023\/01\/21\/franca-shopping-realiza-campanha-de-arrecadacao-de-material-escolar-em-prol-da-proreavi\/\",\"name\":\"Franca Shopping realiza campanha de arrecada\u00e7\u00e3o de material escolar em prol da Proreavi - VerdadeOn\",\"isPartOf\":{\"@id\":\"https:\/\/verdadeon.com.br\/portal\/#website\"},\"primaryImageOfPage\":{\"@id\":\"https:\/\/verdadeon.com.br\/portal\/2023\/01\/21\/franca-shopping-realiza-campanha-de-arrecadacao-de-material-escolar-em-prol-da-proreavi\/#primaryimage\"},\"image\":{\"@id\":\"https:\/\/verdadeon.com.br\/portal\/2023\/01\/21\/franca-shopping-realiza-campanha-de-arrecadacao-de-material-escolar-em-prol-da-proreavi\/#primaryimage\"},\"thumbnailUrl\":\"https:\/\/i0.wp.com\/verdadeon.com.br\/portal\/wp-content\/uploads\/2023\/01\/shopping.jpg?fit=1000%2C670&ssl=1\",\"datePublished\":\"2023-01-21T14:37:21+00:00\",\"author\":{\"@id\":\"https:\/\/verdadeon.com.br\/portal\/#\/schema\/person\/8994718f49ee62ba5610471e29ca1f62\"},\"breadcrumb\":{\"@id\":\"https:\/\/verdadeon.com.br\/portal\/2023\/01\/21\/franca-shopping-realiza-campanha-de-arrecadacao-de-material-escolar-em-prol-da-proreavi\/#breadcrumb\"},\"inLanguage\":\"pt-BR\",\"potentialAction\":[{\"@type\":\"ReadAction\",\"target\":[\"https:\/\/verdadeon.com.br\/portal\/2023\/01\/21\/franca-shopping-realiza-campanha-de-arrecadacao-de-material-escolar-em-prol-da-proreavi\/\"]}]},{\"@type\":\"ImageObject\",\"inLanguage\":\"pt-BR\",\"@id\":\"https:\/\/verdadeon.com.br\/portal\/2023\/01\/21\/franca-shopping-realiza-campanha-de-arrecadacao-de-material-escolar-em-prol-da-proreavi\/#primaryimage\",\"url\":\"https:\/\/i0.wp.com\/verdadeon.com.br\/portal\/wp-content\/uploads\/2023\/01\/shopping.jpg?fit=1000%2C670&ssl=1\",\"contentUrl\":\"https:\/\/i0.wp.com\/verdadeon.com.br\/portal\/wp-content\/uploads\/2023\/01\/shopping.jpg?fit=1000%2C670&ssl=1\",\"width\":1000,\"height\":670,\"caption\":\"At\u00e9 o dia 5 de fevereiro ser\u00e3o aceitas doa\u00e7\u00f5es de material escolar como cadernos, l\u00e1pis de cor, jogos de caneta, folha sulfite, borrachas, tinta guache, pinc\u00e9is, canetas esferograficas e estojos\"},{\"@type\":\"BreadcrumbList\",\"@id\":\"https:\/\/verdadeon.com.br\/portal\/2023\/01\/21\/franca-shopping-realiza-campanha-de-arrecadacao-de-material-escolar-em-prol-da-proreavi\/#breadcrumb\",\"itemListElement\":[{\"@type\":\"ListItem\",\"position\":1,\"name\":\"In\u00edcio\",\"item\":\"https:\/\/verdadeon.com.br\/portal\/\"},{\"@type\":\"ListItem\",\"position\":2,\"name\":\"Franca Shopping realiza campanha de arrecada\u00e7\u00e3o de material escolar em prol da Proreavi\"}]},{\"@type\":\"WebSite\",\"@id\":\"https:\/\/verdadeon.com.br\/portal\/#website\",\"url\":\"https:\/\/verdadeon.com.br\/portal\/\",\"name\":\"VerdadeOn\",\"description\":\"Not\u00edcias di\u00e1rias sobre Franca, Regi\u00e3o, Esporte, Cultura, Cotidiano, Colunas. Cobertura nos principais eventos da cidade \u00e9 aqui - Verdadeon Franca\",\"potentialAction\":[{\"@type\":\"SearchAction\",\"target\":{\"@type\":\"EntryPoint\",\"urlTemplate\":\"https:\/\/verdadeon.com.br\/portal\/?s={search_term_string}\"},\"query-input\":{\"@type\":\"PropertyValueSpecification\",\"valueRequired\":true,\"valueName\":\"search_term_string\"}}],\"inLanguage\":\"pt-BR\"},{\"@type\":\"Person\",\"@id\":\"https:\/\/verdadeon.com.br\/portal\/#\/schema\/person\/8994718f49ee62ba5610471e29ca1f62\",\"name\":\"Fernando Calixto\",\"image\":{\"@type\":\"ImageObject\",\"inLanguage\":\"pt-BR\",\"@id\":\"https:\/\/verdadeon.com.br\/portal\/#\/schema\/person\/image\/\",\"url\":\"https:\/\/secure.gravatar.com\/avatar\/7578910c24966c0316c340f9dbd601e93ee9f9212e1033968b367af9306bd9fb?s=96&d=mm&r=g\",\"contentUrl\":\"https:\/\/secure.gravatar.com\/avatar\/7578910c24966c0316c340f9dbd601e93ee9f9212e1033968b367af9306bd9fb?s=96&d=mm&r=g\",\"caption\":\"Fernando Calixto\"},\"url\":\"https:\/\/verdadeon.com.br\/portal\/author\/fernando-calixto\/\"}]}<\/script>\n<!-- \/ Yoast SEO plugin. -->","yoast_head_json":{"title":"Franca Shopping realiza campanha de arrecada\u00e7\u00e3o de material escolar em prol da Proreavi - VerdadeOn","robots":{"index":"index","follow":"follow","max-snippet":"max-snippet:-1","max-image-preview":"max-image-preview:large","max-video-preview":"max-video-preview:-1"},"canonical":"https:\/\/verdadeon.com.br\/portal\/2023\/01\/21\/franca-shopping-realiza-campanha-de-arrecadacao-de-material-escolar-em-prol-da-proreavi\/","og_locale":"pt_BR","og_type":"article","og_title":"Franca Shopping realiza campanha de arrecada\u00e7\u00e3o de material escolar em prol da Proreavi - VerdadeOn","og_description":"Doa\u00e7\u00f5es contribuir\u00e3o com projetos sociais desenvolvidos pela institui\u00e7\u00e3o e podem ser entregues no shopping at\u00e9 o dia 5 de fevereiro \u00a0Atento \u00e0 import\u00e2ncia que exerce na [\u2026]","og_url":"https:\/\/verdadeon.com.br\/portal\/2023\/01\/21\/franca-shopping-realiza-campanha-de-arrecadacao-de-material-escolar-em-prol-da-proreavi\/","og_site_name":"VerdadeOn","article_published_time":"2023-01-21T14:37:21+00:00","og_image":[{"width":1000,"height":670,"url":"https:\/\/verdadeon.com.br\/portal\/wp-content\/uploads\/2023\/01\/shopping.jpg","type":"image\/jpeg"}],"author":"Fernando Calixto","twitter_card":"summary_large_image","twitter_misc":{"Escrito por":"Fernando Calixto","Est. tempo de leitura":"3 minutos"},"schema":{"@context":"https:\/\/schema.org","@graph":[{"@type":"WebPage","@id":"https:\/\/verdadeon.com.br\/portal\/2023\/01\/21\/franca-shopping-realiza-campanha-de-arrecadacao-de-material-escolar-em-prol-da-proreavi\/","url":"https:\/\/verdadeon.com.br\/portal\/2023\/01\/21\/franca-shopping-realiza-campanha-de-arrecadacao-de-material-escolar-em-prol-da-proreavi\/","name":"Franca Shopping realiza campanha de arrecada\u00e7\u00e3o de material escolar em prol da Proreavi - VerdadeOn","isPartOf":{"@id":"https:\/\/verdadeon.com.br\/portal\/#website"},"primaryImageOfPage":{"@id":"https:\/\/verdadeon.com.br\/portal\/2023\/01\/21\/franca-shopping-realiza-campanha-de-arrecadacao-de-material-escolar-em-prol-da-proreavi\/#primaryimage"},"image":{"@id":"https:\/\/verdadeon.com.br\/portal\/2023\/01\/21\/franca-shopping-realiza-campanha-de-arrecadacao-de-material-escolar-em-prol-da-proreavi\/#primaryimage"},"thumbnailUrl":"https:\/\/i0.wp.com\/verdadeon.com.br\/portal\/wp-content\/uploads\/2023\/01\/shopping.jpg?fit=1000%2C670&ssl=1","datePublished":"2023-01-21T14:37:21+00:00","author":{"@id":"https:\/\/verdadeon.com.br\/portal\/#\/schema\/person\/8994718f49ee62ba5610471e29ca1f62"},"breadcrumb":{"@id":"https:\/\/verdadeon.com.br\/portal\/2023\/01\/21\/franca-shopping-realiza-campanha-de-arrecadacao-de-material-escolar-em-prol-da-proreavi\/#breadcrumb"},"inLanguage":"pt-BR","potentialAction":[{"@type":"ReadAction","target":["https:\/\/verdadeon.com.br\/portal\/2023\/01\/21\/franca-shopping-realiza-campanha-de-arrecadacao-de-material-escolar-em-prol-da-proreavi\/"]}]},{"@type":"ImageObject","inLanguage":"pt-BR","@id":"https:\/\/verdadeon.com.br\/portal\/2023\/01\/21\/franca-shopping-realiza-campanha-de-arrecadacao-de-material-escolar-em-prol-da-proreavi\/#primaryimage","url":"https:\/\/i0.wp.com\/verdadeon.com.br\/portal\/wp-content\/uploads\/2023\/01\/shopping.jpg?fit=1000%2C670&ssl=1","contentUrl":"https:\/\/i0.wp.com\/verdadeon.com.br\/portal\/wp-content\/uploads\/2023\/01\/shopping.jpg?fit=1000%2C670&ssl=1","width":1000,"height":670,"caption":"At\u00e9 o dia 5 de fevereiro ser\u00e3o aceitas doa\u00e7\u00f5es de material escolar como cadernos, l\u00e1pis de cor, jogos de caneta, folha sulfite, borrachas, tinta guache, pinc\u00e9is, canetas esferograficas e estojos"},{"@type":"BreadcrumbList","@id":"https:\/\/verdadeon.com.br\/portal\/2023\/01\/21\/franca-shopping-realiza-campanha-de-arrecadacao-de-material-escolar-em-prol-da-proreavi\/#breadcrumb","itemListElement":[{"@type":"ListItem","position":1,"name":"In\u00edcio","item":"https:\/\/verdadeon.com.br\/portal\/"},{"@type":"ListItem","position":2,"name":"Franca Shopping realiza campanha de arrecada\u00e7\u00e3o de material escolar em prol da Proreavi"}]},{"@type":"WebSite","@id":"https:\/\/verdadeon.com.br\/portal\/#website","url":"https:\/\/verdadeon.com.br\/portal\/","name":"VerdadeOn","description":"Not\u00edcias di\u00e1rias sobre Franca, Regi\u00e3o, Esporte, Cultura, Cotidiano, Colunas. Cobertura nos principais eventos da cidade \u00e9 aqui - Verdadeon Franca","potentialAction":[{"@type":"SearchAction","target":{"@type":"EntryPoint","urlTemplate":"https:\/\/verdadeon.com.br\/portal\/?s={search_term_string}"},"query-input":{"@type":"PropertyValueSpecification","valueRequired":true,"valueName":"search_term_string"}}],"inLanguage":"pt-BR"},{"@type":"Person","@id":"https:\/\/verdadeon.com.br\/portal\/#\/schema\/person\/8994718f49ee62ba5610471e29ca1f62","name":"Fernando Calixto","image":{"@type":"ImageObject","inLanguage":"pt-BR","@id":"https:\/\/verdadeon.com.br\/portal\/#\/schema\/person\/image\/","url":"https:\/\/secure.gravatar.com\/avatar\/7578910c24966c0316c340f9dbd601e93ee9f9212e1033968b367af9306bd9fb?s=96&d=mm&r=g","contentUrl":"https:\/\/secure.gravatar.com\/avatar\/7578910c24966c0316c340f9dbd601e93ee9f9212e1033968b367af9306bd9fb?s=96&d=mm&r=g","caption":"Fernando Calixto"},"url":"https:\/\/verdadeon.com.br\/portal\/author\/fernando-calixto\/"}]}},"jetpack_publicize_connections":[],"jetpack_featured_media_url":"https:\/\/i0.wp.com\/verdadeon.com.br\/portal\/wp-content\/uploads\/2023\/01\/shopping.jpg?fit=1000%2C670&ssl=1","jetpack_sharing_enabled":true,"_links":{"self":[{"href":"https:\/\/verdadeon.com.br\/portal\/wp-json\/wp\/v2\/posts\/31279","targetHints":{"allow":["GET"]}}],"collection":[{"href":"https:\/\/verdadeon.com.br\/portal\/wp-json\/wp\/v2\/posts"}],"about":[{"href":"https:\/\/verdadeon.com.br\/portal\/wp-json\/wp\/v2\/types\/post"}],"author":[{"embeddable":true,"href":"https:\/\/verdadeon.com.br\/portal\/wp-json\/wp\/v2\/users\/4"}],"replies":[{"embeddable":true,"href":"https:\/\/verdadeon.com.br\/portal\/wp-json\/wp\/v2\/comments?post=31279"}],"version-history":[{"count":1,"href":"https:\/\/verdadeon.com.br\/portal\/wp-json\/wp\/v2\/posts\/31279\/revisions"}],"predecessor-version":[{"id":31283,"href":"https:\/\/verdadeon.com.br\/portal\/wp-json\/wp\/v2\/posts\/31279\/revisions\/31283"}],"wp:featuredmedia":[{"embeddable":true,"href":"https:\/\/verdadeon.com.br\/portal\/wp-json\/wp\/v2\/media\/31282"}],"wp:attachment":[{"href":"https:\/\/verdadeon.com.br\/portal\/wp-json\/wp\/v2\/media?parent=31279"}],"wp:term":[{"taxonomy":"category","embeddable":true,"href":"https:\/\/verdadeon.com.br\/portal\/wp-json\/wp\/v2\/categories?post=31279"},{"taxonomy":"post_tag","embeddable":true,"href":"https:\/\/verdadeon.com.br\/portal\/wp-json\/wp\/v2\/tags?post=31279"}],"curies":[{"name":"wp","href":"https:\/\/api.w.org\/{rel}","templated":true}]}}