{"id":31272,"date":"2023-01-20T17:28:51","date_gmt":"2023-01-20T20:28:51","guid":{"rendered":"https:\/\/verdadeon.com.br\/portal\/?p=31272"},"modified":"2023-01-20T17:28:51","modified_gmt":"2023-01-20T20:28:51","slug":"caminho-para-o-emprego-chokdoce-e-fussol-abrem-270-vagas-para-cursos","status":"publish","type":"post","link":"https:\/\/verdadeon.com.br\/portal\/2023\/01\/20\/caminho-para-o-emprego-chokdoce-e-fussol-abrem-270-vagas-para-cursos\/","title":{"rendered":"Caminho para o Emprego, Chokdoce e FUSSOL abrem 270 vagas para cursos"},"content":{"rendered":"<h2>As aulas s\u00e3o gratuitas e acontecem em diversas institui\u00e7\u00f5es da cidade<\/h2>\n<p>Uma parceria entre o Programa &#8216;Caminho para o Emprego&#8217;, Chokdoce e FUSSOL (Fundo Social de Solidariedade) resultou na abertura de mais de 270 vagas, em cursos voltados para a Confec\u00e7\u00e3o de Doces para 8 de mar\u00e7o, Dia Internacional da Mulher, essa \u00e9 uma boa oportunidade para quem quer ganhar uma grana extra ou at\u00e9 se aventurar em outra profiss\u00e3o.<br \/>\nAs aulas s\u00e3o gratuitas e acontecem em diversas institui\u00e7\u00f5es da cidade. H\u00e1 vagas para aprender a fazer Bent\u00f4 Cake, P\u00e3o de Mel decorado com rosa e Cupcake para presentear. O pr\u00e9-requisito \u00e9 ter mais de 16 anos.<br \/>\n\u00c9 necess\u00e1rio se atentar ao local indicado para as inscri\u00e7\u00f5es, j\u00e1 que parte das institui\u00e7\u00f5es receber\u00e1 as ades\u00f5es, por telefone e outras, pelo site da Prefeitura, no link https:\/\/www.franca.sp.gov.br\/caminho-emprego-portal\/. Para mais informa\u00e7\u00f5es, ligue ou mande mensagem, por WhatsApp, para o telefone (16) 3724-7417.<br \/>\nConfira abaixo a rela\u00e7\u00e3o de locais, datas e hor\u00e1rios dispon\u00edveis.<\/p>\n<p>Fa\u00e7a e Venda &#8211; Dia das Mulheres<br \/>\n6 de fevereiro<br \/>\nLocal: Caminhar<br \/>\nRua Ana Cl\u00e1udia Lopes Diniz Coelho, 4161, Jardim Piratininga<br \/>\n8 \u00e0s 11 horas<br \/>\nVagas: 20<br \/>\nInscri\u00e7\u00f5es: (16) 99402-9118<\/p>\n<p>6 de fevereiro<br \/>\nLocal: Igreja Batista Betel<br \/>\nAvenida Arthur da Costa e Silva, 6087, Jardim Parati<br \/>\n19 \u00e0s 22 horas<br \/>\nVagas: 25<br \/>\nInscri\u00e7\u00f5es: (16) 99212-1482<\/p>\n<p>7 de fevereiro<br \/>\nLocal: Capela Nossa Senhora Auxiliadora<br \/>\nAvenida Abrah\u00e3o Brickmann, 2675<br \/>\n8 \u00e0s 11 horas<br \/>\nVagas: 20<br \/>\nInscri\u00e7\u00f5es: (16) 99969-8805<\/p>\n<p>7 de fevereiro<br \/>\nLocal: Centro Comunit\u00e1rio do Horto<br \/>\nRua Dr Nelson Facioli, 231, Parque do Horto<br \/>\n19 \u00e0s 22 horas<br \/>\nVagas: 25<br \/>\nInscri\u00e7\u00f5es: (16) 99362-4144<\/p>\n<p>9 de fevereiro<br \/>\nLocal: EMEB. Doroteia Paulino Ferro<br \/>\nRua Joaquim Machado, 580, Jardim Paulo Archetti<br \/>\n19 \u00e0s 22 horas<br \/>\nVagas: 20<br \/>\nInscri\u00e7\u00f5es: (16) 3722-8817<\/p>\n<p>10 de fevereiro<br \/>\nLocal: Volunt\u00e1rias Sociais de Franca (VOSF)<br \/>\nRua Ouvidor Freire, 2553, Centro<br \/>\n13h30 \u00e0s 16h30<br \/>\nVagas: 20<br \/>\nInscri\u00e7\u00f5es: (16) 3722-2696<\/p>\n<p>13 de fevereiro<br \/>\nLocal: Chokdoce<br \/>\nRua Volunt\u00e1rios da Franca, 1311, Centro<br \/>\n9 \u00e0s 12 horas<br \/>\nVagas: 25<br \/>\nInscri\u00e7\u00f5es: Site da Prefeitura \u2013 Aba \u2018Caminho para o Emprego\u2019<\/p>\n<p>13 de fevereiro<br \/>\nCasa Sandr\u00edssima<br \/>\nRua Eloy Francisco Mantovani, 321, Jardim Ipanema<br \/>\n18h30 \u00e0s 21h30<br \/>\nVagas: 40<br \/>\nInscri\u00e7\u00f5es: Site da Prefeitura \u2013 Aba \u2018Caminho para o Emprego\u2019<\/p>\n<p>14 de fevereiro<br \/>\nIgreja Assembleia de Deus do Jardim Palma<br \/>\nRua Ant\u00f4nio Marcos, 3311, Jardim Palma<br \/>\n14 \u00e0s 17 horas<br \/>\nVagas: 20<br \/>\nInscri\u00e7\u00f5es: Site da Prefeitura \u2013 Aba \u2018Caminho para o Emprego\u2019<\/p>\n<p>14 de fevereiro<br \/>\nCentro Comunit\u00e1rio do City Petr\u00f3polis<br \/>\nAvenida Santa Terezinha, 830, City Petr\u00f3polis<br \/>\n18h30 \u00e0s 21h30<br \/>\nVagas: 25<br \/>\nInscri\u00e7\u00f5es: Site da Prefeitura \u2013 Aba \u2018Caminho para o Emprego\u2019<\/p>\n<p>16 de fevereiro<br \/>\nCasa Mateus<br \/>\nRua Castro Alves, 606, Miramontes<br \/>\n9 \u00e0s 12 horas<br \/>\nVagas: 35<br \/>\nInscri\u00e7\u00f5es: Site da Prefeitura \u2013 Aba \u2018Caminho para o Emprego\u2019<\/p>\n","protected":false},"excerpt":{"rendered":"<p>As aulas s\u00e3o gratuitas e acontecem em diversas institui\u00e7\u00f5es da cidade Uma parceria entre o Programa &#8216;Caminho para o Emprego&#8217;, Chokdoce e FUSSOL (Fundo Social de<span class=\"excerpt-hellip\"> [\u2026]<\/span><\/p>\n","protected":false},"author":4,"featured_media":31273,"comment_status":"open","ping_status":"open","sticky":false,"template":"","format":"standard","meta":{"_jetpack_memberships_contains_paid_content":false,"footnotes":"","jetpack_publicize_message":"","jetpack_publicize_feature_enabled":true,"jetpack_social_post_already_shared":false,"jetpack_social_options":{"image_generator_settings":{"template":"highway","default_image_id":0,"enabled":false},"version":2}},"categories":[28,81],"tags":[],"class_list":["post-31272","post","type-post","status-publish","format-standard","has-post-thumbnail","hentry","category-cotidiano","category-manchete"],"yoast_head":"<!-- This site is optimized with the Yoast SEO plugin v25.6 - https:\/\/yoast.com\/wordpress\/plugins\/seo\/ -->\n<title>Caminho para o Emprego, Chokdoce e FUSSOL abrem 270 vagas para cursos - VerdadeOn<\/title>\n<meta name=\"robots\" content=\"index, follow, max-snippet:-1, max-image-preview:large, max-video-preview:-1\" \/>\n<link rel=\"canonical\" href=\"https:\/\/verdadeon.com.br\/portal\/2023\/01\/20\/caminho-para-o-emprego-chokdoce-e-fussol-abrem-270-vagas-para-cursos\/\" \/>\n<meta property=\"og:locale\" content=\"pt_BR\" \/>\n<meta property=\"og:type\" content=\"article\" \/>\n<meta property=\"og:title\" content=\"Caminho para o Emprego, Chokdoce e FUSSOL abrem 270 vagas para cursos - VerdadeOn\" \/>\n<meta property=\"og:description\" content=\"As aulas s\u00e3o gratuitas e acontecem em diversas institui\u00e7\u00f5es da cidade Uma parceria entre o Programa &#8216;Caminho para o Emprego&#8217;, Chokdoce e FUSSOL (Fundo Social de [\u2026]\" \/>\n<meta property=\"og:url\" content=\"https:\/\/verdadeon.com.br\/portal\/2023\/01\/20\/caminho-para-o-emprego-chokdoce-e-fussol-abrem-270-vagas-para-cursos\/\" \/>\n<meta property=\"og:site_name\" content=\"VerdadeOn\" \/>\n<meta property=\"article:published_time\" content=\"2023-01-20T20:28:51+00:00\" \/>\n<meta property=\"og:image\" content=\"https:\/\/verdadeon.com.br\/portal\/wp-content\/uploads\/2023\/01\/WhatsApp-Image-2022-07-22-at-10.32.24-1.jpeg\" \/>\n\t<meta property=\"og:image:width\" content=\"1000\" \/>\n\t<meta property=\"og:image:height\" content=\"670\" \/>\n\t<meta property=\"og:image:type\" content=\"image\/jpeg\" \/>\n<meta name=\"author\" content=\"Fernando Calixto\" \/>\n<meta name=\"twitter:card\" content=\"summary_large_image\" \/>\n<meta name=\"twitter:label1\" content=\"Escrito por\" \/>\n\t<meta name=\"twitter:data1\" content=\"Fernando Calixto\" \/>\n\t<meta name=\"twitter:label2\" content=\"Est. tempo de leitura\" \/>\n\t<meta name=\"twitter:data2\" content=\"2 minutos\" \/>\n<script type=\"application\/ld+json\" class=\"yoast-schema-graph\">{\"@context\":\"https:\/\/schema.org\",\"@graph\":[{\"@type\":\"WebPage\",\"@id\":\"https:\/\/verdadeon.com.br\/portal\/2023\/01\/20\/caminho-para-o-emprego-chokdoce-e-fussol-abrem-270-vagas-para-cursos\/\",\"url\":\"https:\/\/verdadeon.com.br\/portal\/2023\/01\/20\/caminho-para-o-emprego-chokdoce-e-fussol-abrem-270-vagas-para-cursos\/\",\"name\":\"Caminho para o Emprego, Chokdoce e FUSSOL abrem 270 vagas para cursos - VerdadeOn\",\"isPartOf\":{\"@id\":\"https:\/\/verdadeon.com.br\/portal\/#website\"},\"primaryImageOfPage\":{\"@id\":\"https:\/\/verdadeon.com.br\/portal\/2023\/01\/20\/caminho-para-o-emprego-chokdoce-e-fussol-abrem-270-vagas-para-cursos\/#primaryimage\"},\"image\":{\"@id\":\"https:\/\/verdadeon.com.br\/portal\/2023\/01\/20\/caminho-para-o-emprego-chokdoce-e-fussol-abrem-270-vagas-para-cursos\/#primaryimage\"},\"thumbnailUrl\":\"https:\/\/i0.wp.com\/verdadeon.com.br\/portal\/wp-content\/uploads\/2023\/01\/WhatsApp-Image-2022-07-22-at-10.32.24-1.jpeg?fit=1000%2C670&ssl=1\",\"datePublished\":\"2023-01-20T20:28:51+00:00\",\"author\":{\"@id\":\"https:\/\/verdadeon.com.br\/portal\/#\/schema\/person\/8994718f49ee62ba5610471e29ca1f62\"},\"breadcrumb\":{\"@id\":\"https:\/\/verdadeon.com.br\/portal\/2023\/01\/20\/caminho-para-o-emprego-chokdoce-e-fussol-abrem-270-vagas-para-cursos\/#breadcrumb\"},\"inLanguage\":\"pt-BR\",\"potentialAction\":[{\"@type\":\"ReadAction\",\"target\":[\"https:\/\/verdadeon.com.br\/portal\/2023\/01\/20\/caminho-para-o-emprego-chokdoce-e-fussol-abrem-270-vagas-para-cursos\/\"]}]},{\"@type\":\"ImageObject\",\"inLanguage\":\"pt-BR\",\"@id\":\"https:\/\/verdadeon.com.br\/portal\/2023\/01\/20\/caminho-para-o-emprego-chokdoce-e-fussol-abrem-270-vagas-para-cursos\/#primaryimage\",\"url\":\"https:\/\/i0.wp.com\/verdadeon.com.br\/portal\/wp-content\/uploads\/2023\/01\/WhatsApp-Image-2022-07-22-at-10.32.24-1.jpeg?fit=1000%2C670&ssl=1\",\"contentUrl\":\"https:\/\/i0.wp.com\/verdadeon.com.br\/portal\/wp-content\/uploads\/2023\/01\/WhatsApp-Image-2022-07-22-at-10.32.24-1.jpeg?fit=1000%2C670&ssl=1\",\"width\":1000,\"height\":670,\"caption\":\"H\u00e1 vagas para aprender a fazer Bent\u00f4 Cake, P\u00e3o de Mel decorado com rosa e Cupcake para presentear\"},{\"@type\":\"BreadcrumbList\",\"@id\":\"https:\/\/verdadeon.com.br\/portal\/2023\/01\/20\/caminho-para-o-emprego-chokdoce-e-fussol-abrem-270-vagas-para-cursos\/#breadcrumb\",\"itemListElement\":[{\"@type\":\"ListItem\",\"position\":1,\"name\":\"In\u00edcio\",\"item\":\"https:\/\/verdadeon.com.br\/portal\/\"},{\"@type\":\"ListItem\",\"position\":2,\"name\":\"Caminho para o Emprego, Chokdoce e FUSSOL abrem 270 vagas para cursos\"}]},{\"@type\":\"WebSite\",\"@id\":\"https:\/\/verdadeon.com.br\/portal\/#website\",\"url\":\"https:\/\/verdadeon.com.br\/portal\/\",\"name\":\"VerdadeOn\",\"description\":\"Not\u00edcias di\u00e1rias sobre Franca, Regi\u00e3o, Esporte, Cultura, Cotidiano, Colunas. Cobertura nos principais eventos da cidade \u00e9 aqui - Verdadeon Franca\",\"potentialAction\":[{\"@type\":\"SearchAction\",\"target\":{\"@type\":\"EntryPoint\",\"urlTemplate\":\"https:\/\/verdadeon.com.br\/portal\/?s={search_term_string}\"},\"query-input\":{\"@type\":\"PropertyValueSpecification\",\"valueRequired\":true,\"valueName\":\"search_term_string\"}}],\"inLanguage\":\"pt-BR\"},{\"@type\":\"Person\",\"@id\":\"https:\/\/verdadeon.com.br\/portal\/#\/schema\/person\/8994718f49ee62ba5610471e29ca1f62\",\"name\":\"Fernando Calixto\",\"image\":{\"@type\":\"ImageObject\",\"inLanguage\":\"pt-BR\",\"@id\":\"https:\/\/verdadeon.com.br\/portal\/#\/schema\/person\/image\/\",\"url\":\"https:\/\/secure.gravatar.com\/avatar\/7578910c24966c0316c340f9dbd601e93ee9f9212e1033968b367af9306bd9fb?s=96&d=mm&r=g\",\"contentUrl\":\"https:\/\/secure.gravatar.com\/avatar\/7578910c24966c0316c340f9dbd601e93ee9f9212e1033968b367af9306bd9fb?s=96&d=mm&r=g\",\"caption\":\"Fernando Calixto\"},\"url\":\"https:\/\/verdadeon.com.br\/portal\/author\/fernando-calixto\/\"}]}<\/script>\n<!-- \/ Yoast SEO plugin. -->","yoast_head_json":{"title":"Caminho para o Emprego, Chokdoce e FUSSOL abrem 270 vagas para cursos - VerdadeOn","robots":{"index":"index","follow":"follow","max-snippet":"max-snippet:-1","max-image-preview":"max-image-preview:large","max-video-preview":"max-video-preview:-1"},"canonical":"https:\/\/verdadeon.com.br\/portal\/2023\/01\/20\/caminho-para-o-emprego-chokdoce-e-fussol-abrem-270-vagas-para-cursos\/","og_locale":"pt_BR","og_type":"article","og_title":"Caminho para o Emprego, Chokdoce e FUSSOL abrem 270 vagas para cursos - VerdadeOn","og_description":"As aulas s\u00e3o gratuitas e acontecem em diversas institui\u00e7\u00f5es da cidade Uma parceria entre o Programa &#8216;Caminho para o Emprego&#8217;, Chokdoce e FUSSOL (Fundo Social de [\u2026]","og_url":"https:\/\/verdadeon.com.br\/portal\/2023\/01\/20\/caminho-para-o-emprego-chokdoce-e-fussol-abrem-270-vagas-para-cursos\/","og_site_name":"VerdadeOn","article_published_time":"2023-01-20T20:28:51+00:00","og_image":[{"width":1000,"height":670,"url":"https:\/\/verdadeon.com.br\/portal\/wp-content\/uploads\/2023\/01\/WhatsApp-Image-2022-07-22-at-10.32.24-1.jpeg","type":"image\/jpeg"}],"author":"Fernando Calixto","twitter_card":"summary_large_image","twitter_misc":{"Escrito por":"Fernando Calixto","Est. tempo de leitura":"2 minutos"},"schema":{"@context":"https:\/\/schema.org","@graph":[{"@type":"WebPage","@id":"https:\/\/verdadeon.com.br\/portal\/2023\/01\/20\/caminho-para-o-emprego-chokdoce-e-fussol-abrem-270-vagas-para-cursos\/","url":"https:\/\/verdadeon.com.br\/portal\/2023\/01\/20\/caminho-para-o-emprego-chokdoce-e-fussol-abrem-270-vagas-para-cursos\/","name":"Caminho para o Emprego, Chokdoce e FUSSOL abrem 270 vagas para cursos - VerdadeOn","isPartOf":{"@id":"https:\/\/verdadeon.com.br\/portal\/#website"},"primaryImageOfPage":{"@id":"https:\/\/verdadeon.com.br\/portal\/2023\/01\/20\/caminho-para-o-emprego-chokdoce-e-fussol-abrem-270-vagas-para-cursos\/#primaryimage"},"image":{"@id":"https:\/\/verdadeon.com.br\/portal\/2023\/01\/20\/caminho-para-o-emprego-chokdoce-e-fussol-abrem-270-vagas-para-cursos\/#primaryimage"},"thumbnailUrl":"https:\/\/i0.wp.com\/verdadeon.com.br\/portal\/wp-content\/uploads\/2023\/01\/WhatsApp-Image-2022-07-22-at-10.32.24-1.jpeg?fit=1000%2C670&ssl=1","datePublished":"2023-01-20T20:28:51+00:00","author":{"@id":"https:\/\/verdadeon.com.br\/portal\/#\/schema\/person\/8994718f49ee62ba5610471e29ca1f62"},"breadcrumb":{"@id":"https:\/\/verdadeon.com.br\/portal\/2023\/01\/20\/caminho-para-o-emprego-chokdoce-e-fussol-abrem-270-vagas-para-cursos\/#breadcrumb"},"inLanguage":"pt-BR","potentialAction":[{"@type":"ReadAction","target":["https:\/\/verdadeon.com.br\/portal\/2023\/01\/20\/caminho-para-o-emprego-chokdoce-e-fussol-abrem-270-vagas-para-cursos\/"]}]},{"@type":"ImageObject","inLanguage":"pt-BR","@id":"https:\/\/verdadeon.com.br\/portal\/2023\/01\/20\/caminho-para-o-emprego-chokdoce-e-fussol-abrem-270-vagas-para-cursos\/#primaryimage","url":"https:\/\/i0.wp.com\/verdadeon.com.br\/portal\/wp-content\/uploads\/2023\/01\/WhatsApp-Image-2022-07-22-at-10.32.24-1.jpeg?fit=1000%2C670&ssl=1","contentUrl":"https:\/\/i0.wp.com\/verdadeon.com.br\/portal\/wp-content\/uploads\/2023\/01\/WhatsApp-Image-2022-07-22-at-10.32.24-1.jpeg?fit=1000%2C670&ssl=1","width":1000,"height":670,"caption":"H\u00e1 vagas para aprender a fazer Bent\u00f4 Cake, P\u00e3o de Mel decorado com rosa e Cupcake para presentear"},{"@type":"BreadcrumbList","@id":"https:\/\/verdadeon.com.br\/portal\/2023\/01\/20\/caminho-para-o-emprego-chokdoce-e-fussol-abrem-270-vagas-para-cursos\/#breadcrumb","itemListElement":[{"@type":"ListItem","position":1,"name":"In\u00edcio","item":"https:\/\/verdadeon.com.br\/portal\/"},{"@type":"ListItem","position":2,"name":"Caminho para o Emprego, Chokdoce e FUSSOL abrem 270 vagas para cursos"}]},{"@type":"WebSite","@id":"https:\/\/verdadeon.com.br\/portal\/#website","url":"https:\/\/verdadeon.com.br\/portal\/","name":"VerdadeOn","description":"Not\u00edcias di\u00e1rias sobre Franca, Regi\u00e3o, Esporte, Cultura, Cotidiano, Colunas. Cobertura nos principais eventos da cidade \u00e9 aqui - Verdadeon Franca","potentialAction":[{"@type":"SearchAction","target":{"@type":"EntryPoint","urlTemplate":"https:\/\/verdadeon.com.br\/portal\/?s={search_term_string}"},"query-input":{"@type":"PropertyValueSpecification","valueRequired":true,"valueName":"search_term_string"}}],"inLanguage":"pt-BR"},{"@type":"Person","@id":"https:\/\/verdadeon.com.br\/portal\/#\/schema\/person\/8994718f49ee62ba5610471e29ca1f62","name":"Fernando Calixto","image":{"@type":"ImageObject","inLanguage":"pt-BR","@id":"https:\/\/verdadeon.com.br\/portal\/#\/schema\/person\/image\/","url":"https:\/\/secure.gravatar.com\/avatar\/7578910c24966c0316c340f9dbd601e93ee9f9212e1033968b367af9306bd9fb?s=96&d=mm&r=g","contentUrl":"https:\/\/secure.gravatar.com\/avatar\/7578910c24966c0316c340f9dbd601e93ee9f9212e1033968b367af9306bd9fb?s=96&d=mm&r=g","caption":"Fernando Calixto"},"url":"https:\/\/verdadeon.com.br\/portal\/author\/fernando-calixto\/"}]}},"jetpack_publicize_connections":[],"jetpack_featured_media_url":"https:\/\/i0.wp.com\/verdadeon.com.br\/portal\/wp-content\/uploads\/2023\/01\/WhatsApp-Image-2022-07-22-at-10.32.24-1.jpeg?fit=1000%2C670&ssl=1","jetpack_sharing_enabled":true,"_links":{"self":[{"href":"https:\/\/verdadeon.com.br\/portal\/wp-json\/wp\/v2\/posts\/31272","targetHints":{"allow":["GET"]}}],"collection":[{"href":"https:\/\/verdadeon.com.br\/portal\/wp-json\/wp\/v2\/posts"}],"about":[{"href":"https:\/\/verdadeon.com.br\/portal\/wp-json\/wp\/v2\/types\/post"}],"author":[{"embeddable":true,"href":"https:\/\/verdadeon.com.br\/portal\/wp-json\/wp\/v2\/users\/4"}],"replies":[{"embeddable":true,"href":"https:\/\/verdadeon.com.br\/portal\/wp-json\/wp\/v2\/comments?post=31272"}],"version-history":[{"count":1,"href":"https:\/\/verdadeon.com.br\/portal\/wp-json\/wp\/v2\/posts\/31272\/revisions"}],"predecessor-version":[{"id":31274,"href":"https:\/\/verdadeon.com.br\/portal\/wp-json\/wp\/v2\/posts\/31272\/revisions\/31274"}],"wp:featuredmedia":[{"embeddable":true,"href":"https:\/\/verdadeon.com.br\/portal\/wp-json\/wp\/v2\/media\/31273"}],"wp:attachment":[{"href":"https:\/\/verdadeon.com.br\/portal\/wp-json\/wp\/v2\/media?parent=31272"}],"wp:term":[{"taxonomy":"category","embeddable":true,"href":"https:\/\/verdadeon.com.br\/portal\/wp-json\/wp\/v2\/categories?post=31272"},{"taxonomy":"post_tag","embeddable":true,"href":"https:\/\/verdadeon.com.br\/portal\/wp-json\/wp\/v2\/tags?post=31272"}],"curies":[{"name":"wp","href":"https:\/\/api.w.org\/{rel}","templated":true}]}}