{"id":31263,"date":"2023-01-20T13:16:33","date_gmt":"2023-01-20T16:16:33","guid":{"rendered":"https:\/\/verdadeon.com.br\/portal\/?p=31263"},"modified":"2023-01-20T13:16:33","modified_gmt":"2023-01-20T16:16:33","slug":"antt-atualiza-tabela-do-piso-minimo-de-frete-rodoviario","status":"publish","type":"post","link":"https:\/\/verdadeon.com.br\/portal\/2023\/01\/20\/antt-atualiza-tabela-do-piso-minimo-de-frete-rodoviario\/","title":{"rendered":"ANTT atualiza tabela do piso m\u00ednimo de frete rodovi\u00e1rio"},"content":{"rendered":"<div class=\"col-lg-12 mb-3\">\n<div class=\"row\">\n<h3 class=\"col-10 offset-1 animated fadeInDown dealy-900 display-8 display-md-8 alt-font font-italic my-1 text-center\">Valores foram reajustados com base no IPCA<\/h3>\n<\/div>\n<div class=\"row\">\n<div id=\"tts-container\" class=\"col-xl-7 offset-xl-1 col-lg-8 offset-lg-0 col-md-10 offset-md-1 mb-3\">A Ag\u00eancia Nacional de Transportes Terrestres (ANTT) publicou hoje (20) no <em>Di\u00e1rio Oficial da Uni\u00e3o<\/em>\u00a0uma tabela com os novos pre\u00e7os m\u00ednimos de frete rodovi\u00e1rio. A atualiza\u00e7\u00e3o traz um reajuste m\u00e9dio que varia entre 8,35% e 13,19%, segundo o tipo de carga, quantidade de eixos e se a opera\u00e7\u00e3o de transporte \u00e9 caracterizada como alto desempenho.<img data-recalc-dims=\"1\" decoding=\"async\" src=\"https:\/\/i0.wp.com\/agenciabrasil.ebc.com.br\/ebc.png?w=1220&#038;ssl=1\" \/><img data-recalc-dims=\"1\" decoding=\"async\" src=\"https:\/\/i0.wp.com\/agenciabrasil.ebc.com.br\/ebc.gif?w=1220&#038;ssl=1\" \/><\/div>\n<\/div>\n<\/div>\n<div class=\"col-xl-7 offset-xl-1 col-lg-8 offset-lg-0 col-md-10 offset-md-1 mb-3\">\n<div class=\"post-item alt-font\">\n<div class=\"post-item-wrap\">\n<p>Segundo a\u00a0<a href=\"https:\/\/www.in.gov.br\/web\/dou\/-\/resolucao-n-6.006-de-19-de-janeiro-de-2023-458995723\" target=\"_blank\" rel=\"noopener\">resolu\u00e7\u00e3o da ag\u00eancia reguladora<\/a>, a revis\u00e3o dos valores priorizou par\u00e2metros mercadol\u00f3gicos e outros insumos n\u00e3o operacionais, a exemplo do pre\u00e7o do diesel (S10); o sal\u00e1rio dos motoristas (vari\u00e1vel utilizada para mensura\u00e7\u00e3o do custo de m\u00e3o de obra); o pre\u00e7o do pneu; entre outros.<\/p>\n<p>Os valores foram reajustados com base no \u00edndice de Pre\u00e7os ao Consumidor Amplo (IPCA), data-base de novembro de 2022.<\/p>\n<p>No caso do transporte rodovi\u00e1rio de carga lota\u00e7\u00e3o, o reajuste foi de 13,19%; para a contrata\u00e7\u00e3o apenas do ve\u00edculo automotor de cargas a tabela foi reajustada em 12,26%; para transporte rodovi\u00e1rio de carga lota\u00e7\u00e3o de alto desempenho o valor foi atualizado em 10,08%; j\u00e1 a contra\u00e7\u00e3o apenas do ve\u00edculo automotor de carga de alto desempenho teve atualiza\u00e7\u00e3o de 8,35%.<\/p>\n<p>Cabe \u00e0 ANTT elaborar a metodologia a ser aplicada no c\u00e1lculo da tabela com os pisos m\u00ednimos de fretes referentes ao quil\u00f4metro rodado na realiza\u00e7\u00e3o de frete, por eixo carregado, para diferentes tipos de carga (geral, a granel, frigorificada, perigosa e neogranel).<\/p>\n<p>A legisla\u00e7\u00e3o que estabeleceu a tabela de piso m\u00ednimo de frete rodovi\u00e1rio determina ainda que ela seja atualizada semestralmente, devendo ocorrer at\u00e9 os dias 20 de janeiro e 20 de julho de cada ano ou sempre que houver oscila\u00e7\u00e3o superior a 10% no pre\u00e7o do \u00f3leo diesel.<\/p>\n<\/div>\n<\/div>\n<\/div>\n","protected":false},"excerpt":{"rendered":"<p>Valores foram reajustados com base no IPCA A Ag\u00eancia Nacional de Transportes Terrestres (ANTT) publicou hoje (20) no Di\u00e1rio Oficial da Uni\u00e3o\u00a0uma tabela com os novos<span class=\"excerpt-hellip\"> [\u2026]<\/span><\/p>\n","protected":false},"author":4,"featured_media":31258,"comment_status":"open","ping_status":"open","sticky":false,"template":"","format":"standard","meta":{"_jetpack_memberships_contains_paid_content":false,"footnotes":"","jetpack_publicize_message":"","jetpack_publicize_feature_enabled":true,"jetpack_social_post_already_shared":false,"jetpack_social_options":{"image_generator_settings":{"template":"highway","default_image_id":0,"enabled":false},"version":2}},"categories":[28,81],"tags":[],"class_list":["post-31263","post","type-post","status-publish","format-standard","has-post-thumbnail","hentry","category-cotidiano","category-manchete"],"yoast_head":"<!-- This site is optimized with the Yoast SEO plugin v25.6 - https:\/\/yoast.com\/wordpress\/plugins\/seo\/ -->\n<title>ANTT atualiza tabela do piso m\u00ednimo de frete rodovi\u00e1rio - VerdadeOn<\/title>\n<meta name=\"robots\" content=\"index, follow, max-snippet:-1, max-image-preview:large, max-video-preview:-1\" \/>\n<link rel=\"canonical\" href=\"https:\/\/verdadeon.com.br\/portal\/2023\/01\/20\/antt-atualiza-tabela-do-piso-minimo-de-frete-rodoviario\/\" \/>\n<meta property=\"og:locale\" content=\"pt_BR\" \/>\n<meta property=\"og:type\" content=\"article\" \/>\n<meta property=\"og:title\" content=\"ANTT atualiza tabela do piso m\u00ednimo de frete rodovi\u00e1rio - VerdadeOn\" \/>\n<meta property=\"og:description\" content=\"Valores foram reajustados com base no IPCA A Ag\u00eancia Nacional de Transportes Terrestres (ANTT) publicou hoje (20) no Di\u00e1rio Oficial da Uni\u00e3o\u00a0uma tabela com os novos [\u2026]\" \/>\n<meta property=\"og:url\" content=\"https:\/\/verdadeon.com.br\/portal\/2023\/01\/20\/antt-atualiza-tabela-do-piso-minimo-de-frete-rodoviario\/\" \/>\n<meta property=\"og:site_name\" content=\"VerdadeOn\" \/>\n<meta property=\"article:published_time\" content=\"2023-01-20T16:16:33+00:00\" \/>\n<meta property=\"og:image\" content=\"https:\/\/verdadeon.com.br\/portal\/wp-content\/uploads\/2023\/01\/agenciabrasil230812mcsp17.jpg\" \/>\n\t<meta property=\"og:image:width\" content=\"1000\" \/>\n\t<meta property=\"og:image:height\" content=\"670\" \/>\n\t<meta property=\"og:image:type\" content=\"image\/jpeg\" \/>\n<meta name=\"author\" content=\"Fernando Calixto\" \/>\n<meta name=\"twitter:card\" content=\"summary_large_image\" \/>\n<meta name=\"twitter:label1\" content=\"Escrito por\" \/>\n\t<meta name=\"twitter:data1\" content=\"Fernando Calixto\" \/>\n\t<meta name=\"twitter:label2\" content=\"Est. tempo de leitura\" \/>\n\t<meta name=\"twitter:data2\" content=\"2 minutos\" \/>\n<script type=\"application\/ld+json\" class=\"yoast-schema-graph\">{\"@context\":\"https:\/\/schema.org\",\"@graph\":[{\"@type\":\"WebPage\",\"@id\":\"https:\/\/verdadeon.com.br\/portal\/2023\/01\/20\/antt-atualiza-tabela-do-piso-minimo-de-frete-rodoviario\/\",\"url\":\"https:\/\/verdadeon.com.br\/portal\/2023\/01\/20\/antt-atualiza-tabela-do-piso-minimo-de-frete-rodoviario\/\",\"name\":\"ANTT atualiza tabela do piso m\u00ednimo de frete rodovi\u00e1rio - VerdadeOn\",\"isPartOf\":{\"@id\":\"https:\/\/verdadeon.com.br\/portal\/#website\"},\"primaryImageOfPage\":{\"@id\":\"https:\/\/verdadeon.com.br\/portal\/2023\/01\/20\/antt-atualiza-tabela-do-piso-minimo-de-frete-rodoviario\/#primaryimage\"},\"image\":{\"@id\":\"https:\/\/verdadeon.com.br\/portal\/2023\/01\/20\/antt-atualiza-tabela-do-piso-minimo-de-frete-rodoviario\/#primaryimage\"},\"thumbnailUrl\":\"https:\/\/i0.wp.com\/verdadeon.com.br\/portal\/wp-content\/uploads\/2023\/01\/agenciabrasil230812mcsp17.jpg?fit=1000%2C670&ssl=1\",\"datePublished\":\"2023-01-20T16:16:33+00:00\",\"author\":{\"@id\":\"https:\/\/verdadeon.com.br\/portal\/#\/schema\/person\/8994718f49ee62ba5610471e29ca1f62\"},\"breadcrumb\":{\"@id\":\"https:\/\/verdadeon.com.br\/portal\/2023\/01\/20\/antt-atualiza-tabela-do-piso-minimo-de-frete-rodoviario\/#breadcrumb\"},\"inLanguage\":\"pt-BR\",\"potentialAction\":[{\"@type\":\"ReadAction\",\"target\":[\"https:\/\/verdadeon.com.br\/portal\/2023\/01\/20\/antt-atualiza-tabela-do-piso-minimo-de-frete-rodoviario\/\"]}]},{\"@type\":\"ImageObject\",\"inLanguage\":\"pt-BR\",\"@id\":\"https:\/\/verdadeon.com.br\/portal\/2023\/01\/20\/antt-atualiza-tabela-do-piso-minimo-de-frete-rodoviario\/#primaryimage\",\"url\":\"https:\/\/i0.wp.com\/verdadeon.com.br\/portal\/wp-content\/uploads\/2023\/01\/agenciabrasil230812mcsp17.jpg?fit=1000%2C670&ssl=1\",\"contentUrl\":\"https:\/\/i0.wp.com\/verdadeon.com.br\/portal\/wp-content\/uploads\/2023\/01\/agenciabrasil230812mcsp17.jpg?fit=1000%2C670&ssl=1\",\"width\":1000,\"height\":670,\"caption\":\"Os valores foram reajustados com base no \u00edndice de Pre\u00e7os ao Consumidor Amplo (IPCA), data-base de novembro de 2022\"},{\"@type\":\"BreadcrumbList\",\"@id\":\"https:\/\/verdadeon.com.br\/portal\/2023\/01\/20\/antt-atualiza-tabela-do-piso-minimo-de-frete-rodoviario\/#breadcrumb\",\"itemListElement\":[{\"@type\":\"ListItem\",\"position\":1,\"name\":\"In\u00edcio\",\"item\":\"https:\/\/verdadeon.com.br\/portal\/\"},{\"@type\":\"ListItem\",\"position\":2,\"name\":\"ANTT atualiza tabela do piso m\u00ednimo de frete rodovi\u00e1rio\"}]},{\"@type\":\"WebSite\",\"@id\":\"https:\/\/verdadeon.com.br\/portal\/#website\",\"url\":\"https:\/\/verdadeon.com.br\/portal\/\",\"name\":\"VerdadeOn\",\"description\":\"Not\u00edcias di\u00e1rias sobre Franca, Regi\u00e3o, Esporte, Cultura, Cotidiano, Colunas. Cobertura nos principais eventos da cidade \u00e9 aqui - Verdadeon Franca\",\"potentialAction\":[{\"@type\":\"SearchAction\",\"target\":{\"@type\":\"EntryPoint\",\"urlTemplate\":\"https:\/\/verdadeon.com.br\/portal\/?s={search_term_string}\"},\"query-input\":{\"@type\":\"PropertyValueSpecification\",\"valueRequired\":true,\"valueName\":\"search_term_string\"}}],\"inLanguage\":\"pt-BR\"},{\"@type\":\"Person\",\"@id\":\"https:\/\/verdadeon.com.br\/portal\/#\/schema\/person\/8994718f49ee62ba5610471e29ca1f62\",\"name\":\"Fernando Calixto\",\"image\":{\"@type\":\"ImageObject\",\"inLanguage\":\"pt-BR\",\"@id\":\"https:\/\/verdadeon.com.br\/portal\/#\/schema\/person\/image\/\",\"url\":\"https:\/\/secure.gravatar.com\/avatar\/7578910c24966c0316c340f9dbd601e93ee9f9212e1033968b367af9306bd9fb?s=96&d=mm&r=g\",\"contentUrl\":\"https:\/\/secure.gravatar.com\/avatar\/7578910c24966c0316c340f9dbd601e93ee9f9212e1033968b367af9306bd9fb?s=96&d=mm&r=g\",\"caption\":\"Fernando Calixto\"},\"url\":\"https:\/\/verdadeon.com.br\/portal\/author\/fernando-calixto\/\"}]}<\/script>\n<!-- \/ Yoast SEO plugin. -->","yoast_head_json":{"title":"ANTT atualiza tabela do piso m\u00ednimo de frete rodovi\u00e1rio - VerdadeOn","robots":{"index":"index","follow":"follow","max-snippet":"max-snippet:-1","max-image-preview":"max-image-preview:large","max-video-preview":"max-video-preview:-1"},"canonical":"https:\/\/verdadeon.com.br\/portal\/2023\/01\/20\/antt-atualiza-tabela-do-piso-minimo-de-frete-rodoviario\/","og_locale":"pt_BR","og_type":"article","og_title":"ANTT atualiza tabela do piso m\u00ednimo de frete rodovi\u00e1rio - VerdadeOn","og_description":"Valores foram reajustados com base no IPCA A Ag\u00eancia Nacional de Transportes Terrestres (ANTT) publicou hoje (20) no Di\u00e1rio Oficial da Uni\u00e3o\u00a0uma tabela com os novos [\u2026]","og_url":"https:\/\/verdadeon.com.br\/portal\/2023\/01\/20\/antt-atualiza-tabela-do-piso-minimo-de-frete-rodoviario\/","og_site_name":"VerdadeOn","article_published_time":"2023-01-20T16:16:33+00:00","og_image":[{"width":1000,"height":670,"url":"https:\/\/verdadeon.com.br\/portal\/wp-content\/uploads\/2023\/01\/agenciabrasil230812mcsp17.jpg","type":"image\/jpeg"}],"author":"Fernando Calixto","twitter_card":"summary_large_image","twitter_misc":{"Escrito por":"Fernando Calixto","Est. tempo de leitura":"2 minutos"},"schema":{"@context":"https:\/\/schema.org","@graph":[{"@type":"WebPage","@id":"https:\/\/verdadeon.com.br\/portal\/2023\/01\/20\/antt-atualiza-tabela-do-piso-minimo-de-frete-rodoviario\/","url":"https:\/\/verdadeon.com.br\/portal\/2023\/01\/20\/antt-atualiza-tabela-do-piso-minimo-de-frete-rodoviario\/","name":"ANTT atualiza tabela do piso m\u00ednimo de frete rodovi\u00e1rio - VerdadeOn","isPartOf":{"@id":"https:\/\/verdadeon.com.br\/portal\/#website"},"primaryImageOfPage":{"@id":"https:\/\/verdadeon.com.br\/portal\/2023\/01\/20\/antt-atualiza-tabela-do-piso-minimo-de-frete-rodoviario\/#primaryimage"},"image":{"@id":"https:\/\/verdadeon.com.br\/portal\/2023\/01\/20\/antt-atualiza-tabela-do-piso-minimo-de-frete-rodoviario\/#primaryimage"},"thumbnailUrl":"https:\/\/i0.wp.com\/verdadeon.com.br\/portal\/wp-content\/uploads\/2023\/01\/agenciabrasil230812mcsp17.jpg?fit=1000%2C670&ssl=1","datePublished":"2023-01-20T16:16:33+00:00","author":{"@id":"https:\/\/verdadeon.com.br\/portal\/#\/schema\/person\/8994718f49ee62ba5610471e29ca1f62"},"breadcrumb":{"@id":"https:\/\/verdadeon.com.br\/portal\/2023\/01\/20\/antt-atualiza-tabela-do-piso-minimo-de-frete-rodoviario\/#breadcrumb"},"inLanguage":"pt-BR","potentialAction":[{"@type":"ReadAction","target":["https:\/\/verdadeon.com.br\/portal\/2023\/01\/20\/antt-atualiza-tabela-do-piso-minimo-de-frete-rodoviario\/"]}]},{"@type":"ImageObject","inLanguage":"pt-BR","@id":"https:\/\/verdadeon.com.br\/portal\/2023\/01\/20\/antt-atualiza-tabela-do-piso-minimo-de-frete-rodoviario\/#primaryimage","url":"https:\/\/i0.wp.com\/verdadeon.com.br\/portal\/wp-content\/uploads\/2023\/01\/agenciabrasil230812mcsp17.jpg?fit=1000%2C670&ssl=1","contentUrl":"https:\/\/i0.wp.com\/verdadeon.com.br\/portal\/wp-content\/uploads\/2023\/01\/agenciabrasil230812mcsp17.jpg?fit=1000%2C670&ssl=1","width":1000,"height":670,"caption":"Os valores foram reajustados com base no \u00edndice de Pre\u00e7os ao Consumidor Amplo (IPCA), data-base de novembro de 2022"},{"@type":"BreadcrumbList","@id":"https:\/\/verdadeon.com.br\/portal\/2023\/01\/20\/antt-atualiza-tabela-do-piso-minimo-de-frete-rodoviario\/#breadcrumb","itemListElement":[{"@type":"ListItem","position":1,"name":"In\u00edcio","item":"https:\/\/verdadeon.com.br\/portal\/"},{"@type":"ListItem","position":2,"name":"ANTT atualiza tabela do piso m\u00ednimo de frete rodovi\u00e1rio"}]},{"@type":"WebSite","@id":"https:\/\/verdadeon.com.br\/portal\/#website","url":"https:\/\/verdadeon.com.br\/portal\/","name":"VerdadeOn","description":"Not\u00edcias di\u00e1rias sobre Franca, Regi\u00e3o, Esporte, Cultura, Cotidiano, Colunas. Cobertura nos principais eventos da cidade \u00e9 aqui - Verdadeon Franca","potentialAction":[{"@type":"SearchAction","target":{"@type":"EntryPoint","urlTemplate":"https:\/\/verdadeon.com.br\/portal\/?s={search_term_string}"},"query-input":{"@type":"PropertyValueSpecification","valueRequired":true,"valueName":"search_term_string"}}],"inLanguage":"pt-BR"},{"@type":"Person","@id":"https:\/\/verdadeon.com.br\/portal\/#\/schema\/person\/8994718f49ee62ba5610471e29ca1f62","name":"Fernando Calixto","image":{"@type":"ImageObject","inLanguage":"pt-BR","@id":"https:\/\/verdadeon.com.br\/portal\/#\/schema\/person\/image\/","url":"https:\/\/secure.gravatar.com\/avatar\/7578910c24966c0316c340f9dbd601e93ee9f9212e1033968b367af9306bd9fb?s=96&d=mm&r=g","contentUrl":"https:\/\/secure.gravatar.com\/avatar\/7578910c24966c0316c340f9dbd601e93ee9f9212e1033968b367af9306bd9fb?s=96&d=mm&r=g","caption":"Fernando Calixto"},"url":"https:\/\/verdadeon.com.br\/portal\/author\/fernando-calixto\/"}]}},"jetpack_publicize_connections":[],"jetpack_featured_media_url":"https:\/\/i0.wp.com\/verdadeon.com.br\/portal\/wp-content\/uploads\/2023\/01\/agenciabrasil230812mcsp17.jpg?fit=1000%2C670&ssl=1","jetpack_sharing_enabled":true,"_links":{"self":[{"href":"https:\/\/verdadeon.com.br\/portal\/wp-json\/wp\/v2\/posts\/31263","targetHints":{"allow":["GET"]}}],"collection":[{"href":"https:\/\/verdadeon.com.br\/portal\/wp-json\/wp\/v2\/posts"}],"about":[{"href":"https:\/\/verdadeon.com.br\/portal\/wp-json\/wp\/v2\/types\/post"}],"author":[{"embeddable":true,"href":"https:\/\/verdadeon.com.br\/portal\/wp-json\/wp\/v2\/users\/4"}],"replies":[{"embeddable":true,"href":"https:\/\/verdadeon.com.br\/portal\/wp-json\/wp\/v2\/comments?post=31263"}],"version-history":[{"count":1,"href":"https:\/\/verdadeon.com.br\/portal\/wp-json\/wp\/v2\/posts\/31263\/revisions"}],"predecessor-version":[{"id":31268,"href":"https:\/\/verdadeon.com.br\/portal\/wp-json\/wp\/v2\/posts\/31263\/revisions\/31268"}],"wp:featuredmedia":[{"embeddable":true,"href":"https:\/\/verdadeon.com.br\/portal\/wp-json\/wp\/v2\/media\/31258"}],"wp:attachment":[{"href":"https:\/\/verdadeon.com.br\/portal\/wp-json\/wp\/v2\/media?parent=31263"}],"wp:term":[{"taxonomy":"category","embeddable":true,"href":"https:\/\/verdadeon.com.br\/portal\/wp-json\/wp\/v2\/categories?post=31263"},{"taxonomy":"post_tag","embeddable":true,"href":"https:\/\/verdadeon.com.br\/portal\/wp-json\/wp\/v2\/tags?post=31263"}],"curies":[{"name":"wp","href":"https:\/\/api.w.org\/{rel}","templated":true}]}}