{"id":31262,"date":"2023-01-20T13:15:55","date_gmt":"2023-01-20T16:15:55","guid":{"rendered":"https:\/\/verdadeon.com.br\/portal\/?p=31262"},"modified":"2023-01-20T13:15:55","modified_gmt":"2023-01-20T16:15:55","slug":"anvisa-anuncia-novas-restricoes-de-produtos-para-cabelo","status":"publish","type":"post","link":"https:\/\/verdadeon.com.br\/portal\/2023\/01\/20\/anvisa-anuncia-novas-restricoes-de-produtos-para-cabelo\/","title":{"rendered":"Anvisa anuncia novas restri\u00e7\u00f5es de produtos para cabelo"},"content":{"rendered":"<div class=\"col-lg-12 mb-3\">\n<div class=\"row\">\n<h3 class=\"col-10 offset-1 animated fadeInDown dealy-900 display-8 display-md-8 alt-font font-italic my-1 text-center\">Ao todo, 11 itens tiveram as vendas suspensas pela ag\u00eancia<\/h3>\n<p>A Ag\u00eancia Nacional de Vigil\u00e2ncia Sanit\u00e1ria (Anvisa) determinou nesta quinta (19) a restri\u00e7\u00e3o e o recolhimento de quatro pomadas capilares para modelar tran\u00e7as. Ao todo, a venda de\u00a0<a href=\"https:\/\/agenciabrasil.ebc.com.br\/saude\/noticia\/2023-01\/anvisa-proibe-fabricacao-de-sete-produtos-para-cabelo\" target=\"_blank\" rel=\"noopener\">11 pomadas modeladoras<\/a>\u00a0est\u00e1 suspensa\u00a0.<img data-recalc-dims=\"1\" decoding=\"async\" src=\"https:\/\/i0.wp.com\/agenciabrasil.ebc.com.br\/ebc.png?w=1220&#038;ssl=1\" \/><img data-recalc-dims=\"1\" decoding=\"async\" src=\"https:\/\/i0.wp.com\/agenciabrasil.ebc.com.br\/ebc.gif?w=1220&#038;ssl=1\" \/><\/p>\n<\/div>\n<\/div>\n<div class=\"col-xl-7 offset-xl-1 col-lg-8 offset-lg-0 col-md-10 offset-md-1 mb-3\">\n<div class=\"post-item alt-font\">\n<div class=\"post-item-wrap\">\n<p>De acordo com a Anvisa, os produtos s\u00e3o alvo de investiga\u00e7\u00e3o por parte da pr\u00f3pria ag\u00eancia reguladora e dos \u00f3rg\u00e3os de Vigil\u00e2ncia Sanit\u00e1ria locais\u00a0devido a relatos de pacientes sobre a ocorr\u00eancia de eventos adversos graves ap\u00f3s o uso. Todos esses produtos podem oferecer risco \u00e0 sa\u00fade. Confira a lista:<\/p>\n<div class=\"dnd-widget-wrapper context-cheio_8colunas type-image\">\n<div class=\"dnd-atom-rendered\">\n<div class=\"shadow overflow-hidden rounded-lg d-block zoom-on-hover-sm shadow-hover w-100\"><img data-recalc-dims=\"1\" decoding=\"async\" class=\"flex-fill img-cover\" title=\"Anvisa\" src=\"https:\/\/i0.wp.com\/imagens.ebc.com.br\/QZWcJhFZ8188AS-9a9bSM462CRA%3D\/754x0\/smart\/https%3A\/\/agenciabrasil.ebc.com.br\/sites\/default\/files\/thumbnails\/image\/anvisa.jpg?w=1220&#038;ssl=1\" alt=\"Anvisa publica a\u00e7\u00f5es de fiscaliza\u00e7\u00e3o para mais produtos para modelar tran\u00e7as\" \/><\/div>\n<\/div>\n<div class=\"dnd-caption-wrapper\">\n<h6 class=\"meta\">Anvisa publica a\u00e7\u00f5es de fiscaliza\u00e7\u00e3o para mais produtos para modelar tran\u00e7as &#8211;\u00a0<strong>Anvisa<\/strong><\/h6>\n<\/div>\n<\/div>\n<p>A Anvisa explica que a\u00a0interdi\u00e7\u00e3o do produto \u00e9 uma medida cautelar que visa proteger a sa\u00fade da popula\u00e7\u00e3o em caso de risco \u00e0 sa\u00fade e que permanece vigente enquanto s\u00e3o realizados testes, provas, an\u00e1lises ou outras provid\u00eancias s\u00e3o requeridas para investiga\u00e7\u00e3o mais aprofundada do caso.<\/p>\n<h2>O que fazer se tiver adquirido o produto<\/h2>\n<p>No caso de o consumidor ter um dos produtos\u00a0em casa,\u00a0a recomenda\u00e7\u00e3o \u00e9 que n\u00e3o o utilize e entre\u00a0em contato com a empresa para verificar a forma de devolu\u00e7\u00e3o.<\/p>\n<p>Se o produto j\u00e1 tiver sido usado, em caso de qualquer efeito adverso, o conselho da ag\u00eancia \u00e9 procurar\u00a0imediatamente o servi\u00e7o de sa\u00fade e informar\u00a0a Anvisa pelas p\u00e1ginas de\u00a0<a href=\"http:\/\/pesquisa.anvisa.gov.br\/index.php\/368782?lang=pt-BR\" target=\"_blank\" rel=\"noopener\">c<\/a><a href=\"https:\/\/pesquisa.anvisa.gov.br\/index.php\/368782?lang=pt-BR\" target=\"_blank\" rel=\"noopener\">idad\u00e3o e profissional que maneja o produto<\/a>\u00a0ou de\u00a0<a href=\"https:\/\/www8.anvisa.gov.br\/notivisa\/frmLogin.asp\" target=\"_blank\" rel=\"noopener\">ermpresas e profissionais da sa\u00fade<\/a>.<\/p>\n<\/div>\n<\/div>\n<\/div>\n","protected":false},"excerpt":{"rendered":"<p>Ao todo, 11 itens tiveram as vendas suspensas pela ag\u00eancia A Ag\u00eancia Nacional de Vigil\u00e2ncia Sanit\u00e1ria (Anvisa) determinou nesta quinta (19) a restri\u00e7\u00e3o e o recolhimento<span class=\"excerpt-hellip\"> [\u2026]<\/span><\/p>\n","protected":false},"author":4,"featured_media":31257,"comment_status":"open","ping_status":"open","sticky":false,"template":"","format":"standard","meta":{"_jetpack_memberships_contains_paid_content":false,"footnotes":"","jetpack_publicize_message":"","jetpack_publicize_feature_enabled":true,"jetpack_social_post_already_shared":false,"jetpack_social_options":{"image_generator_settings":{"template":"highway","default_image_id":0,"enabled":false},"version":2}},"categories":[28,81],"tags":[],"class_list":["post-31262","post","type-post","status-publish","format-standard","has-post-thumbnail","hentry","category-cotidiano","category-manchete"],"yoast_head":"<!-- This site is optimized with the Yoast SEO plugin v25.6 - https:\/\/yoast.com\/wordpress\/plugins\/seo\/ -->\n<title>Anvisa anuncia novas restri\u00e7\u00f5es de produtos para cabelo - VerdadeOn<\/title>\n<meta name=\"robots\" content=\"index, follow, max-snippet:-1, max-image-preview:large, max-video-preview:-1\" \/>\n<link rel=\"canonical\" href=\"https:\/\/verdadeon.com.br\/portal\/2023\/01\/20\/anvisa-anuncia-novas-restricoes-de-produtos-para-cabelo\/\" \/>\n<meta property=\"og:locale\" content=\"pt_BR\" \/>\n<meta property=\"og:type\" content=\"article\" \/>\n<meta property=\"og:title\" content=\"Anvisa anuncia novas restri\u00e7\u00f5es de produtos para cabelo - VerdadeOn\" \/>\n<meta property=\"og:description\" content=\"Ao todo, 11 itens tiveram as vendas suspensas pela ag\u00eancia A Ag\u00eancia Nacional de Vigil\u00e2ncia Sanit\u00e1ria (Anvisa) determinou nesta quinta (19) a restri\u00e7\u00e3o e o recolhimento [\u2026]\" \/>\n<meta property=\"og:url\" content=\"https:\/\/verdadeon.com.br\/portal\/2023\/01\/20\/anvisa-anuncia-novas-restricoes-de-produtos-para-cabelo\/\" \/>\n<meta property=\"og:site_name\" content=\"VerdadeOn\" \/>\n<meta property=\"article:published_time\" content=\"2023-01-20T16:15:55+00:00\" \/>\n<meta property=\"og:image\" content=\"https:\/\/verdadeon.com.br\/portal\/wp-content\/uploads\/2023\/01\/11-11-2020_sede_anvisa_0.jpg\" \/>\n\t<meta property=\"og:image:width\" content=\"1000\" \/>\n\t<meta property=\"og:image:height\" content=\"670\" \/>\n\t<meta property=\"og:image:type\" content=\"image\/jpeg\" \/>\n<meta name=\"author\" content=\"Fernando Calixto\" \/>\n<meta name=\"twitter:card\" content=\"summary_large_image\" \/>\n<meta name=\"twitter:label1\" content=\"Escrito por\" \/>\n\t<meta name=\"twitter:data1\" content=\"Fernando Calixto\" \/>\n\t<meta name=\"twitter:label2\" content=\"Est. tempo de leitura\" \/>\n\t<meta name=\"twitter:data2\" content=\"1 minuto\" \/>\n<script type=\"application\/ld+json\" class=\"yoast-schema-graph\">{\"@context\":\"https:\/\/schema.org\",\"@graph\":[{\"@type\":\"WebPage\",\"@id\":\"https:\/\/verdadeon.com.br\/portal\/2023\/01\/20\/anvisa-anuncia-novas-restricoes-de-produtos-para-cabelo\/\",\"url\":\"https:\/\/verdadeon.com.br\/portal\/2023\/01\/20\/anvisa-anuncia-novas-restricoes-de-produtos-para-cabelo\/\",\"name\":\"Anvisa anuncia novas restri\u00e7\u00f5es de produtos para cabelo - VerdadeOn\",\"isPartOf\":{\"@id\":\"https:\/\/verdadeon.com.br\/portal\/#website\"},\"primaryImageOfPage\":{\"@id\":\"https:\/\/verdadeon.com.br\/portal\/2023\/01\/20\/anvisa-anuncia-novas-restricoes-de-produtos-para-cabelo\/#primaryimage\"},\"image\":{\"@id\":\"https:\/\/verdadeon.com.br\/portal\/2023\/01\/20\/anvisa-anuncia-novas-restricoes-de-produtos-para-cabelo\/#primaryimage\"},\"thumbnailUrl\":\"https:\/\/i0.wp.com\/verdadeon.com.br\/portal\/wp-content\/uploads\/2023\/01\/11-11-2020_sede_anvisa_0.jpg?fit=1000%2C670&ssl=1\",\"datePublished\":\"2023-01-20T16:15:55+00:00\",\"author\":{\"@id\":\"https:\/\/verdadeon.com.br\/portal\/#\/schema\/person\/8994718f49ee62ba5610471e29ca1f62\"},\"breadcrumb\":{\"@id\":\"https:\/\/verdadeon.com.br\/portal\/2023\/01\/20\/anvisa-anuncia-novas-restricoes-de-produtos-para-cabelo\/#breadcrumb\"},\"inLanguage\":\"pt-BR\",\"potentialAction\":[{\"@type\":\"ReadAction\",\"target\":[\"https:\/\/verdadeon.com.br\/portal\/2023\/01\/20\/anvisa-anuncia-novas-restricoes-de-produtos-para-cabelo\/\"]}]},{\"@type\":\"ImageObject\",\"inLanguage\":\"pt-BR\",\"@id\":\"https:\/\/verdadeon.com.br\/portal\/2023\/01\/20\/anvisa-anuncia-novas-restricoes-de-produtos-para-cabelo\/#primaryimage\",\"url\":\"https:\/\/i0.wp.com\/verdadeon.com.br\/portal\/wp-content\/uploads\/2023\/01\/11-11-2020_sede_anvisa_0.jpg?fit=1000%2C670&ssl=1\",\"contentUrl\":\"https:\/\/i0.wp.com\/verdadeon.com.br\/portal\/wp-content\/uploads\/2023\/01\/11-11-2020_sede_anvisa_0.jpg?fit=1000%2C670&ssl=1\",\"width\":1000,\"height\":670,\"caption\":\"Fachada do edif\u00edcio sede da Ag\u00eancia Nacional de Vigil\u00e2ncia Sanit\u00e1ria (Anvisa).\"},{\"@type\":\"BreadcrumbList\",\"@id\":\"https:\/\/verdadeon.com.br\/portal\/2023\/01\/20\/anvisa-anuncia-novas-restricoes-de-produtos-para-cabelo\/#breadcrumb\",\"itemListElement\":[{\"@type\":\"ListItem\",\"position\":1,\"name\":\"In\u00edcio\",\"item\":\"https:\/\/verdadeon.com.br\/portal\/\"},{\"@type\":\"ListItem\",\"position\":2,\"name\":\"Anvisa anuncia novas restri\u00e7\u00f5es de produtos para cabelo\"}]},{\"@type\":\"WebSite\",\"@id\":\"https:\/\/verdadeon.com.br\/portal\/#website\",\"url\":\"https:\/\/verdadeon.com.br\/portal\/\",\"name\":\"VerdadeOn\",\"description\":\"Not\u00edcias di\u00e1rias sobre Franca, Regi\u00e3o, Esporte, Cultura, Cotidiano, Colunas. Cobertura nos principais eventos da cidade \u00e9 aqui - Verdadeon Franca\",\"potentialAction\":[{\"@type\":\"SearchAction\",\"target\":{\"@type\":\"EntryPoint\",\"urlTemplate\":\"https:\/\/verdadeon.com.br\/portal\/?s={search_term_string}\"},\"query-input\":{\"@type\":\"PropertyValueSpecification\",\"valueRequired\":true,\"valueName\":\"search_term_string\"}}],\"inLanguage\":\"pt-BR\"},{\"@type\":\"Person\",\"@id\":\"https:\/\/verdadeon.com.br\/portal\/#\/schema\/person\/8994718f49ee62ba5610471e29ca1f62\",\"name\":\"Fernando Calixto\",\"image\":{\"@type\":\"ImageObject\",\"inLanguage\":\"pt-BR\",\"@id\":\"https:\/\/verdadeon.com.br\/portal\/#\/schema\/person\/image\/\",\"url\":\"https:\/\/secure.gravatar.com\/avatar\/7578910c24966c0316c340f9dbd601e93ee9f9212e1033968b367af9306bd9fb?s=96&d=mm&r=g\",\"contentUrl\":\"https:\/\/secure.gravatar.com\/avatar\/7578910c24966c0316c340f9dbd601e93ee9f9212e1033968b367af9306bd9fb?s=96&d=mm&r=g\",\"caption\":\"Fernando Calixto\"},\"url\":\"https:\/\/verdadeon.com.br\/portal\/author\/fernando-calixto\/\"}]}<\/script>\n<!-- \/ Yoast SEO plugin. -->","yoast_head_json":{"title":"Anvisa anuncia novas restri\u00e7\u00f5es de produtos para cabelo - VerdadeOn","robots":{"index":"index","follow":"follow","max-snippet":"max-snippet:-1","max-image-preview":"max-image-preview:large","max-video-preview":"max-video-preview:-1"},"canonical":"https:\/\/verdadeon.com.br\/portal\/2023\/01\/20\/anvisa-anuncia-novas-restricoes-de-produtos-para-cabelo\/","og_locale":"pt_BR","og_type":"article","og_title":"Anvisa anuncia novas restri\u00e7\u00f5es de produtos para cabelo - VerdadeOn","og_description":"Ao todo, 11 itens tiveram as vendas suspensas pela ag\u00eancia A Ag\u00eancia Nacional de Vigil\u00e2ncia Sanit\u00e1ria (Anvisa) determinou nesta quinta (19) a restri\u00e7\u00e3o e o recolhimento [\u2026]","og_url":"https:\/\/verdadeon.com.br\/portal\/2023\/01\/20\/anvisa-anuncia-novas-restricoes-de-produtos-para-cabelo\/","og_site_name":"VerdadeOn","article_published_time":"2023-01-20T16:15:55+00:00","og_image":[{"width":1000,"height":670,"url":"https:\/\/verdadeon.com.br\/portal\/wp-content\/uploads\/2023\/01\/11-11-2020_sede_anvisa_0.jpg","type":"image\/jpeg"}],"author":"Fernando Calixto","twitter_card":"summary_large_image","twitter_misc":{"Escrito por":"Fernando Calixto","Est. tempo de leitura":"1 minuto"},"schema":{"@context":"https:\/\/schema.org","@graph":[{"@type":"WebPage","@id":"https:\/\/verdadeon.com.br\/portal\/2023\/01\/20\/anvisa-anuncia-novas-restricoes-de-produtos-para-cabelo\/","url":"https:\/\/verdadeon.com.br\/portal\/2023\/01\/20\/anvisa-anuncia-novas-restricoes-de-produtos-para-cabelo\/","name":"Anvisa anuncia novas restri\u00e7\u00f5es de produtos para cabelo - VerdadeOn","isPartOf":{"@id":"https:\/\/verdadeon.com.br\/portal\/#website"},"primaryImageOfPage":{"@id":"https:\/\/verdadeon.com.br\/portal\/2023\/01\/20\/anvisa-anuncia-novas-restricoes-de-produtos-para-cabelo\/#primaryimage"},"image":{"@id":"https:\/\/verdadeon.com.br\/portal\/2023\/01\/20\/anvisa-anuncia-novas-restricoes-de-produtos-para-cabelo\/#primaryimage"},"thumbnailUrl":"https:\/\/i0.wp.com\/verdadeon.com.br\/portal\/wp-content\/uploads\/2023\/01\/11-11-2020_sede_anvisa_0.jpg?fit=1000%2C670&ssl=1","datePublished":"2023-01-20T16:15:55+00:00","author":{"@id":"https:\/\/verdadeon.com.br\/portal\/#\/schema\/person\/8994718f49ee62ba5610471e29ca1f62"},"breadcrumb":{"@id":"https:\/\/verdadeon.com.br\/portal\/2023\/01\/20\/anvisa-anuncia-novas-restricoes-de-produtos-para-cabelo\/#breadcrumb"},"inLanguage":"pt-BR","potentialAction":[{"@type":"ReadAction","target":["https:\/\/verdadeon.com.br\/portal\/2023\/01\/20\/anvisa-anuncia-novas-restricoes-de-produtos-para-cabelo\/"]}]},{"@type":"ImageObject","inLanguage":"pt-BR","@id":"https:\/\/verdadeon.com.br\/portal\/2023\/01\/20\/anvisa-anuncia-novas-restricoes-de-produtos-para-cabelo\/#primaryimage","url":"https:\/\/i0.wp.com\/verdadeon.com.br\/portal\/wp-content\/uploads\/2023\/01\/11-11-2020_sede_anvisa_0.jpg?fit=1000%2C670&ssl=1","contentUrl":"https:\/\/i0.wp.com\/verdadeon.com.br\/portal\/wp-content\/uploads\/2023\/01\/11-11-2020_sede_anvisa_0.jpg?fit=1000%2C670&ssl=1","width":1000,"height":670,"caption":"Fachada do edif\u00edcio sede da Ag\u00eancia Nacional de Vigil\u00e2ncia Sanit\u00e1ria (Anvisa)."},{"@type":"BreadcrumbList","@id":"https:\/\/verdadeon.com.br\/portal\/2023\/01\/20\/anvisa-anuncia-novas-restricoes-de-produtos-para-cabelo\/#breadcrumb","itemListElement":[{"@type":"ListItem","position":1,"name":"In\u00edcio","item":"https:\/\/verdadeon.com.br\/portal\/"},{"@type":"ListItem","position":2,"name":"Anvisa anuncia novas restri\u00e7\u00f5es de produtos para cabelo"}]},{"@type":"WebSite","@id":"https:\/\/verdadeon.com.br\/portal\/#website","url":"https:\/\/verdadeon.com.br\/portal\/","name":"VerdadeOn","description":"Not\u00edcias di\u00e1rias sobre Franca, Regi\u00e3o, Esporte, Cultura, Cotidiano, Colunas. Cobertura nos principais eventos da cidade \u00e9 aqui - Verdadeon Franca","potentialAction":[{"@type":"SearchAction","target":{"@type":"EntryPoint","urlTemplate":"https:\/\/verdadeon.com.br\/portal\/?s={search_term_string}"},"query-input":{"@type":"PropertyValueSpecification","valueRequired":true,"valueName":"search_term_string"}}],"inLanguage":"pt-BR"},{"@type":"Person","@id":"https:\/\/verdadeon.com.br\/portal\/#\/schema\/person\/8994718f49ee62ba5610471e29ca1f62","name":"Fernando Calixto","image":{"@type":"ImageObject","inLanguage":"pt-BR","@id":"https:\/\/verdadeon.com.br\/portal\/#\/schema\/person\/image\/","url":"https:\/\/secure.gravatar.com\/avatar\/7578910c24966c0316c340f9dbd601e93ee9f9212e1033968b367af9306bd9fb?s=96&d=mm&r=g","contentUrl":"https:\/\/secure.gravatar.com\/avatar\/7578910c24966c0316c340f9dbd601e93ee9f9212e1033968b367af9306bd9fb?s=96&d=mm&r=g","caption":"Fernando Calixto"},"url":"https:\/\/verdadeon.com.br\/portal\/author\/fernando-calixto\/"}]}},"jetpack_publicize_connections":[],"jetpack_featured_media_url":"https:\/\/i0.wp.com\/verdadeon.com.br\/portal\/wp-content\/uploads\/2023\/01\/11-11-2020_sede_anvisa_0.jpg?fit=1000%2C670&ssl=1","jetpack_sharing_enabled":true,"_links":{"self":[{"href":"https:\/\/verdadeon.com.br\/portal\/wp-json\/wp\/v2\/posts\/31262","targetHints":{"allow":["GET"]}}],"collection":[{"href":"https:\/\/verdadeon.com.br\/portal\/wp-json\/wp\/v2\/posts"}],"about":[{"href":"https:\/\/verdadeon.com.br\/portal\/wp-json\/wp\/v2\/types\/post"}],"author":[{"embeddable":true,"href":"https:\/\/verdadeon.com.br\/portal\/wp-json\/wp\/v2\/users\/4"}],"replies":[{"embeddable":true,"href":"https:\/\/verdadeon.com.br\/portal\/wp-json\/wp\/v2\/comments?post=31262"}],"version-history":[{"count":1,"href":"https:\/\/verdadeon.com.br\/portal\/wp-json\/wp\/v2\/posts\/31262\/revisions"}],"predecessor-version":[{"id":31267,"href":"https:\/\/verdadeon.com.br\/portal\/wp-json\/wp\/v2\/posts\/31262\/revisions\/31267"}],"wp:featuredmedia":[{"embeddable":true,"href":"https:\/\/verdadeon.com.br\/portal\/wp-json\/wp\/v2\/media\/31257"}],"wp:attachment":[{"href":"https:\/\/verdadeon.com.br\/portal\/wp-json\/wp\/v2\/media?parent=31262"}],"wp:term":[{"taxonomy":"category","embeddable":true,"href":"https:\/\/verdadeon.com.br\/portal\/wp-json\/wp\/v2\/categories?post=31262"},{"taxonomy":"post_tag","embeddable":true,"href":"https:\/\/verdadeon.com.br\/portal\/wp-json\/wp\/v2\/tags?post=31262"}],"curies":[{"name":"wp","href":"https:\/\/api.w.org\/{rel}","templated":true}]}}