{"id":31219,"date":"2023-01-18T15:40:22","date_gmt":"2023-01-18T18:40:22","guid":{"rendered":"https:\/\/verdadeon.com.br\/portal\/?p=31219"},"modified":"2023-01-18T15:40:22","modified_gmt":"2023-01-18T18:40:22","slug":"mike-smith-fara-sua-estreia-diante-do-rio-claro","status":"publish","type":"post","link":"https:\/\/verdadeon.com.br\/portal\/2023\/01\/18\/mike-smith-fara-sua-estreia-diante-do-rio-claro\/","title":{"rendered":"Mike Smith far\u00e1 sua estreia diante do Rio Claro"},"content":{"rendered":"<h2>Partida acontece nesta quinta-feira, 19, \u00e0s 20h00, no Gin\u00e1sio Pedroc\u00e3o<\/h2>\n<p>O refor\u00e7o do Sesi Franca Basquete, Mike Smith, est\u00e1 liberado para fazer a sua estreia nesta quinta-feira (19\/01), contra o Rio Claro, \u00e0s 20h00, no Gin\u00e1sio Pedroc\u00e3o, em partida v\u00e1lida pelo NBB 2022\/23 (Novo Basquete Brasil).<\/p>\n<p>O atleta chegou em Franca no dia 10\/01 e, desde ent\u00e3o, realiza treinos acompanhado da comiss\u00e3o t\u00e9cnica do Sesi Franca Basquete. Na manh\u00e3 desta quarta-feira, o atleta realizou um treino f\u00edsico na academia do CT H\u00e9lio Rubens Garcia com o restante do elenco e, logo ap\u00f3s, partiu para um treinamento t\u00e1tico comandado pelo t\u00e9cnico Helinho Garcia.<\/p>\n<p>Helinho Garcia, t\u00e9cnico do clube, comentou sobre a sua expectativa para a estreia do Mike:<\/p>\n<p>\u201cEstamos muito felizes com a estreia do Mike, ele tem um \u00f3timo n\u00edvel t\u00e9cnico, \u00e9 extremamente comprometido e zela muito pela energia da equipe. Tenho certeza que ele vai acrescentar muito para o time, ele \u00e9 vers\u00e1til, joga como ala\/armador, ala e at\u00e9 de armador e vai somar muito para os campeonatos que estamos disputando.\u201d Declarou Helinho.<\/p>\n<p>Jhonatan Luz est\u00e1 em fase final de recupera\u00e7\u00e3o e n\u00e3o joga contra o Rio Claro.<\/p>\n<p><strong>VENDA DE INGRESSOS E TRANSMISS\u00c3O<\/strong><\/p>\n<p>Os ingressos est\u00e3o \u00e0 venda no site da\u00a0<a href=\"https:\/\/quero2ingressos.com.br\/events\/nbb15-sesi-franca-basquete-x-rio-claro\">www.quero2ingressos.com.br<\/a>\u00a0e nas lojas da MG Sports.<\/p>\n<p>Valor dos ingressos: R$20 para o setor de arquibancada e R$40 para o setor de numerada.<\/p>\n<p>A\u00a0<a href=\"https:\/\/www.youtube.com\/@SesiFrancaBasquete\">TV Sesi Franca Basquete<\/a>\u00a0far\u00e1 a transmiss\u00e3o AO VIVO, a partir das 19h30, em seu canal no YouTube.<\/p>\n","protected":false},"excerpt":{"rendered":"<p>Partida acontece nesta quinta-feira, 19, \u00e0s 20h00, no Gin\u00e1sio Pedroc\u00e3o O refor\u00e7o do Sesi Franca Basquete, Mike Smith, est\u00e1 liberado para fazer a sua estreia nesta<span class=\"excerpt-hellip\"> [\u2026]<\/span><\/p>\n","protected":false},"author":4,"featured_media":31220,"comment_status":"open","ping_status":"open","sticky":false,"template":"","format":"standard","meta":{"_jetpack_memberships_contains_paid_content":false,"footnotes":"","jetpack_publicize_message":"","jetpack_publicize_feature_enabled":true,"jetpack_social_post_already_shared":false,"jetpack_social_options":{"image_generator_settings":{"template":"highway","default_image_id":0,"enabled":false},"version":2}},"categories":[28,44],"tags":[],"class_list":["post-31219","post","type-post","status-publish","format-standard","has-post-thumbnail","hentry","category-cotidiano","category-noticias"],"yoast_head":"<!-- This site is optimized with the Yoast SEO plugin v25.6 - https:\/\/yoast.com\/wordpress\/plugins\/seo\/ -->\n<title>Mike Smith far\u00e1 sua estreia diante do Rio Claro - VerdadeOn<\/title>\n<meta name=\"robots\" content=\"index, follow, max-snippet:-1, max-image-preview:large, max-video-preview:-1\" \/>\n<link rel=\"canonical\" href=\"https:\/\/verdadeon.com.br\/portal\/2023\/01\/18\/mike-smith-fara-sua-estreia-diante-do-rio-claro\/\" \/>\n<meta property=\"og:locale\" content=\"pt_BR\" \/>\n<meta property=\"og:type\" content=\"article\" \/>\n<meta property=\"og:title\" content=\"Mike Smith far\u00e1 sua estreia diante do Rio Claro - VerdadeOn\" \/>\n<meta property=\"og:description\" content=\"Partida acontece nesta quinta-feira, 19, \u00e0s 20h00, no Gin\u00e1sio Pedroc\u00e3o O refor\u00e7o do Sesi Franca Basquete, Mike Smith, est\u00e1 liberado para fazer a sua estreia nesta [\u2026]\" \/>\n<meta property=\"og:url\" content=\"https:\/\/verdadeon.com.br\/portal\/2023\/01\/18\/mike-smith-fara-sua-estreia-diante-do-rio-claro\/\" \/>\n<meta property=\"og:site_name\" content=\"VerdadeOn\" \/>\n<meta property=\"article:published_time\" content=\"2023-01-18T18:40:22+00:00\" \/>\n<meta property=\"og:image\" content=\"https:\/\/verdadeon.com.br\/portal\/wp-content\/uploads\/2023\/01\/59418-52620767607-fa0a16083b-o-scaled.jpg\" \/>\n\t<meta property=\"og:image:width\" content=\"2560\" \/>\n\t<meta property=\"og:image:height\" content=\"1715\" \/>\n\t<meta property=\"og:image:type\" content=\"image\/jpeg\" \/>\n<meta name=\"author\" content=\"Fernando Calixto\" \/>\n<meta name=\"twitter:card\" content=\"summary_large_image\" \/>\n<meta name=\"twitter:label1\" content=\"Escrito por\" \/>\n\t<meta name=\"twitter:data1\" content=\"Fernando Calixto\" \/>\n\t<meta name=\"twitter:label2\" content=\"Est. tempo de leitura\" \/>\n\t<meta name=\"twitter:data2\" content=\"2 minutos\" \/>\n<script type=\"application\/ld+json\" class=\"yoast-schema-graph\">{\"@context\":\"https:\/\/schema.org\",\"@graph\":[{\"@type\":\"WebPage\",\"@id\":\"https:\/\/verdadeon.com.br\/portal\/2023\/01\/18\/mike-smith-fara-sua-estreia-diante-do-rio-claro\/\",\"url\":\"https:\/\/verdadeon.com.br\/portal\/2023\/01\/18\/mike-smith-fara-sua-estreia-diante-do-rio-claro\/\",\"name\":\"Mike Smith far\u00e1 sua estreia diante do Rio Claro - VerdadeOn\",\"isPartOf\":{\"@id\":\"https:\/\/verdadeon.com.br\/portal\/#website\"},\"primaryImageOfPage\":{\"@id\":\"https:\/\/verdadeon.com.br\/portal\/2023\/01\/18\/mike-smith-fara-sua-estreia-diante-do-rio-claro\/#primaryimage\"},\"image\":{\"@id\":\"https:\/\/verdadeon.com.br\/portal\/2023\/01\/18\/mike-smith-fara-sua-estreia-diante-do-rio-claro\/#primaryimage\"},\"thumbnailUrl\":\"https:\/\/i0.wp.com\/verdadeon.com.br\/portal\/wp-content\/uploads\/2023\/01\/59418-52620767607-fa0a16083b-o-scaled.jpg?fit=2560%2C1715&ssl=1\",\"datePublished\":\"2023-01-18T18:40:22+00:00\",\"author\":{\"@id\":\"https:\/\/verdadeon.com.br\/portal\/#\/schema\/person\/8994718f49ee62ba5610471e29ca1f62\"},\"breadcrumb\":{\"@id\":\"https:\/\/verdadeon.com.br\/portal\/2023\/01\/18\/mike-smith-fara-sua-estreia-diante-do-rio-claro\/#breadcrumb\"},\"inLanguage\":\"pt-BR\",\"potentialAction\":[{\"@type\":\"ReadAction\",\"target\":[\"https:\/\/verdadeon.com.br\/portal\/2023\/01\/18\/mike-smith-fara-sua-estreia-diante-do-rio-claro\/\"]}]},{\"@type\":\"ImageObject\",\"inLanguage\":\"pt-BR\",\"@id\":\"https:\/\/verdadeon.com.br\/portal\/2023\/01\/18\/mike-smith-fara-sua-estreia-diante-do-rio-claro\/#primaryimage\",\"url\":\"https:\/\/i0.wp.com\/verdadeon.com.br\/portal\/wp-content\/uploads\/2023\/01\/59418-52620767607-fa0a16083b-o-scaled.jpg?fit=2560%2C1715&ssl=1\",\"contentUrl\":\"https:\/\/i0.wp.com\/verdadeon.com.br\/portal\/wp-content\/uploads\/2023\/01\/59418-52620767607-fa0a16083b-o-scaled.jpg?fit=2560%2C1715&ssl=1\",\"width\":2560,\"height\":1715,\"caption\":\"Mike Smith chegou em Franca no dia 10\/01 e, desde ent\u00e3o, realiza treinos acompanhado da comiss\u00e3o t\u00e9cnica do Sesi Franca Basquete\"},{\"@type\":\"BreadcrumbList\",\"@id\":\"https:\/\/verdadeon.com.br\/portal\/2023\/01\/18\/mike-smith-fara-sua-estreia-diante-do-rio-claro\/#breadcrumb\",\"itemListElement\":[{\"@type\":\"ListItem\",\"position\":1,\"name\":\"In\u00edcio\",\"item\":\"https:\/\/verdadeon.com.br\/portal\/\"},{\"@type\":\"ListItem\",\"position\":2,\"name\":\"Mike Smith far\u00e1 sua estreia diante do Rio Claro\"}]},{\"@type\":\"WebSite\",\"@id\":\"https:\/\/verdadeon.com.br\/portal\/#website\",\"url\":\"https:\/\/verdadeon.com.br\/portal\/\",\"name\":\"VerdadeOn\",\"description\":\"Not\u00edcias di\u00e1rias sobre Franca, Regi\u00e3o, Esporte, Cultura, Cotidiano, Colunas. Cobertura nos principais eventos da cidade \u00e9 aqui - Verdadeon Franca\",\"potentialAction\":[{\"@type\":\"SearchAction\",\"target\":{\"@type\":\"EntryPoint\",\"urlTemplate\":\"https:\/\/verdadeon.com.br\/portal\/?s={search_term_string}\"},\"query-input\":{\"@type\":\"PropertyValueSpecification\",\"valueRequired\":true,\"valueName\":\"search_term_string\"}}],\"inLanguage\":\"pt-BR\"},{\"@type\":\"Person\",\"@id\":\"https:\/\/verdadeon.com.br\/portal\/#\/schema\/person\/8994718f49ee62ba5610471e29ca1f62\",\"name\":\"Fernando Calixto\",\"image\":{\"@type\":\"ImageObject\",\"inLanguage\":\"pt-BR\",\"@id\":\"https:\/\/verdadeon.com.br\/portal\/#\/schema\/person\/image\/\",\"url\":\"https:\/\/secure.gravatar.com\/avatar\/7578910c24966c0316c340f9dbd601e93ee9f9212e1033968b367af9306bd9fb?s=96&d=mm&r=g\",\"contentUrl\":\"https:\/\/secure.gravatar.com\/avatar\/7578910c24966c0316c340f9dbd601e93ee9f9212e1033968b367af9306bd9fb?s=96&d=mm&r=g\",\"caption\":\"Fernando Calixto\"},\"url\":\"https:\/\/verdadeon.com.br\/portal\/author\/fernando-calixto\/\"}]}<\/script>\n<!-- \/ Yoast SEO plugin. -->","yoast_head_json":{"title":"Mike Smith far\u00e1 sua estreia diante do Rio Claro - VerdadeOn","robots":{"index":"index","follow":"follow","max-snippet":"max-snippet:-1","max-image-preview":"max-image-preview:large","max-video-preview":"max-video-preview:-1"},"canonical":"https:\/\/verdadeon.com.br\/portal\/2023\/01\/18\/mike-smith-fara-sua-estreia-diante-do-rio-claro\/","og_locale":"pt_BR","og_type":"article","og_title":"Mike Smith far\u00e1 sua estreia diante do Rio Claro - VerdadeOn","og_description":"Partida acontece nesta quinta-feira, 19, \u00e0s 20h00, no Gin\u00e1sio Pedroc\u00e3o O refor\u00e7o do Sesi Franca Basquete, Mike Smith, est\u00e1 liberado para fazer a sua estreia nesta [\u2026]","og_url":"https:\/\/verdadeon.com.br\/portal\/2023\/01\/18\/mike-smith-fara-sua-estreia-diante-do-rio-claro\/","og_site_name":"VerdadeOn","article_published_time":"2023-01-18T18:40:22+00:00","og_image":[{"width":2560,"height":1715,"url":"https:\/\/verdadeon.com.br\/portal\/wp-content\/uploads\/2023\/01\/59418-52620767607-fa0a16083b-o-scaled.jpg","type":"image\/jpeg"}],"author":"Fernando Calixto","twitter_card":"summary_large_image","twitter_misc":{"Escrito por":"Fernando Calixto","Est. tempo de leitura":"2 minutos"},"schema":{"@context":"https:\/\/schema.org","@graph":[{"@type":"WebPage","@id":"https:\/\/verdadeon.com.br\/portal\/2023\/01\/18\/mike-smith-fara-sua-estreia-diante-do-rio-claro\/","url":"https:\/\/verdadeon.com.br\/portal\/2023\/01\/18\/mike-smith-fara-sua-estreia-diante-do-rio-claro\/","name":"Mike Smith far\u00e1 sua estreia diante do Rio Claro - VerdadeOn","isPartOf":{"@id":"https:\/\/verdadeon.com.br\/portal\/#website"},"primaryImageOfPage":{"@id":"https:\/\/verdadeon.com.br\/portal\/2023\/01\/18\/mike-smith-fara-sua-estreia-diante-do-rio-claro\/#primaryimage"},"image":{"@id":"https:\/\/verdadeon.com.br\/portal\/2023\/01\/18\/mike-smith-fara-sua-estreia-diante-do-rio-claro\/#primaryimage"},"thumbnailUrl":"https:\/\/i0.wp.com\/verdadeon.com.br\/portal\/wp-content\/uploads\/2023\/01\/59418-52620767607-fa0a16083b-o-scaled.jpg?fit=2560%2C1715&ssl=1","datePublished":"2023-01-18T18:40:22+00:00","author":{"@id":"https:\/\/verdadeon.com.br\/portal\/#\/schema\/person\/8994718f49ee62ba5610471e29ca1f62"},"breadcrumb":{"@id":"https:\/\/verdadeon.com.br\/portal\/2023\/01\/18\/mike-smith-fara-sua-estreia-diante-do-rio-claro\/#breadcrumb"},"inLanguage":"pt-BR","potentialAction":[{"@type":"ReadAction","target":["https:\/\/verdadeon.com.br\/portal\/2023\/01\/18\/mike-smith-fara-sua-estreia-diante-do-rio-claro\/"]}]},{"@type":"ImageObject","inLanguage":"pt-BR","@id":"https:\/\/verdadeon.com.br\/portal\/2023\/01\/18\/mike-smith-fara-sua-estreia-diante-do-rio-claro\/#primaryimage","url":"https:\/\/i0.wp.com\/verdadeon.com.br\/portal\/wp-content\/uploads\/2023\/01\/59418-52620767607-fa0a16083b-o-scaled.jpg?fit=2560%2C1715&ssl=1","contentUrl":"https:\/\/i0.wp.com\/verdadeon.com.br\/portal\/wp-content\/uploads\/2023\/01\/59418-52620767607-fa0a16083b-o-scaled.jpg?fit=2560%2C1715&ssl=1","width":2560,"height":1715,"caption":"Mike Smith chegou em Franca no dia 10\/01 e, desde ent\u00e3o, realiza treinos acompanhado da comiss\u00e3o t\u00e9cnica do Sesi Franca Basquete"},{"@type":"BreadcrumbList","@id":"https:\/\/verdadeon.com.br\/portal\/2023\/01\/18\/mike-smith-fara-sua-estreia-diante-do-rio-claro\/#breadcrumb","itemListElement":[{"@type":"ListItem","position":1,"name":"In\u00edcio","item":"https:\/\/verdadeon.com.br\/portal\/"},{"@type":"ListItem","position":2,"name":"Mike Smith far\u00e1 sua estreia diante do Rio Claro"}]},{"@type":"WebSite","@id":"https:\/\/verdadeon.com.br\/portal\/#website","url":"https:\/\/verdadeon.com.br\/portal\/","name":"VerdadeOn","description":"Not\u00edcias di\u00e1rias sobre Franca, Regi\u00e3o, Esporte, Cultura, Cotidiano, Colunas. Cobertura nos principais eventos da cidade \u00e9 aqui - Verdadeon Franca","potentialAction":[{"@type":"SearchAction","target":{"@type":"EntryPoint","urlTemplate":"https:\/\/verdadeon.com.br\/portal\/?s={search_term_string}"},"query-input":{"@type":"PropertyValueSpecification","valueRequired":true,"valueName":"search_term_string"}}],"inLanguage":"pt-BR"},{"@type":"Person","@id":"https:\/\/verdadeon.com.br\/portal\/#\/schema\/person\/8994718f49ee62ba5610471e29ca1f62","name":"Fernando Calixto","image":{"@type":"ImageObject","inLanguage":"pt-BR","@id":"https:\/\/verdadeon.com.br\/portal\/#\/schema\/person\/image\/","url":"https:\/\/secure.gravatar.com\/avatar\/7578910c24966c0316c340f9dbd601e93ee9f9212e1033968b367af9306bd9fb?s=96&d=mm&r=g","contentUrl":"https:\/\/secure.gravatar.com\/avatar\/7578910c24966c0316c340f9dbd601e93ee9f9212e1033968b367af9306bd9fb?s=96&d=mm&r=g","caption":"Fernando Calixto"},"url":"https:\/\/verdadeon.com.br\/portal\/author\/fernando-calixto\/"}]}},"jetpack_publicize_connections":[],"jetpack_featured_media_url":"https:\/\/i0.wp.com\/verdadeon.com.br\/portal\/wp-content\/uploads\/2023\/01\/59418-52620767607-fa0a16083b-o-scaled.jpg?fit=2560%2C1715&ssl=1","jetpack_sharing_enabled":true,"_links":{"self":[{"href":"https:\/\/verdadeon.com.br\/portal\/wp-json\/wp\/v2\/posts\/31219","targetHints":{"allow":["GET"]}}],"collection":[{"href":"https:\/\/verdadeon.com.br\/portal\/wp-json\/wp\/v2\/posts"}],"about":[{"href":"https:\/\/verdadeon.com.br\/portal\/wp-json\/wp\/v2\/types\/post"}],"author":[{"embeddable":true,"href":"https:\/\/verdadeon.com.br\/portal\/wp-json\/wp\/v2\/users\/4"}],"replies":[{"embeddable":true,"href":"https:\/\/verdadeon.com.br\/portal\/wp-json\/wp\/v2\/comments?post=31219"}],"version-history":[{"count":1,"href":"https:\/\/verdadeon.com.br\/portal\/wp-json\/wp\/v2\/posts\/31219\/revisions"}],"predecessor-version":[{"id":31221,"href":"https:\/\/verdadeon.com.br\/portal\/wp-json\/wp\/v2\/posts\/31219\/revisions\/31221"}],"wp:featuredmedia":[{"embeddable":true,"href":"https:\/\/verdadeon.com.br\/portal\/wp-json\/wp\/v2\/media\/31220"}],"wp:attachment":[{"href":"https:\/\/verdadeon.com.br\/portal\/wp-json\/wp\/v2\/media?parent=31219"}],"wp:term":[{"taxonomy":"category","embeddable":true,"href":"https:\/\/verdadeon.com.br\/portal\/wp-json\/wp\/v2\/categories?post=31219"},{"taxonomy":"post_tag","embeddable":true,"href":"https:\/\/verdadeon.com.br\/portal\/wp-json\/wp\/v2\/tags?post=31219"}],"curies":[{"name":"wp","href":"https:\/\/api.w.org\/{rel}","templated":true}]}}