{"id":31201,"date":"2023-01-18T12:07:55","date_gmt":"2023-01-18T15:07:55","guid":{"rendered":"https:\/\/verdadeon.com.br\/portal\/?p=31201"},"modified":"2023-01-18T12:07:55","modified_gmt":"2023-01-18T15:07:55","slug":"tite-assina-rescisao-na-cbf-e-nao-e-mais-tecnico-da-selecao-brasileira","status":"publish","type":"post","link":"https:\/\/verdadeon.com.br\/portal\/2023\/01\/18\/tite-assina-rescisao-na-cbf-e-nao-e-mais-tecnico-da-selecao-brasileira\/","title":{"rendered":"Tite assina rescis\u00e3o na CBF e n\u00e3o \u00e9 mais t\u00e9cnico da sele\u00e7\u00e3o brasileira"},"content":{"rendered":"<div class=\"col-lg-12 mb-3\">\n<div class=\"row\">\n<h3 class=\"col-10 offset-1 animated fadeInDown dealy-900 display-8 display-md-8 alt-font font-italic my-1 text-center\">Treinador comandou equipe masculina por seis anos e meio<\/h3>\n<\/div>\n<div class=\"row\">\n<div id=\"tts-container\" class=\"col-xl-7 offset-xl-1 col-lg-8 offset-lg-0 col-md-10 offset-md-1 mb-3\">Adenor Leonardo Bachi e Tite continuam a mesma pessoa, mas nenhum dos dois \u00e9 mais o t\u00e9cnico da sele\u00e7\u00e3o brasileira. O ga\u00facho de 61 anos havia avisado que deixaria o comando da equipe ap\u00f3s a Copa do Catar e compareceu nesta\u00a0<span id=\"OBJ_PREFIX_DWT372_com_zimbra_date\" role=\"link\">ter<\/span>\u00e7a-feira (17) \u00e0 sede da CBF, no Rio<span id=\"OBJ_PREFIX_DWT367_com_zimbra_date\" role=\"link\">\u00a0de Janeiro<\/span>, para rescindir o contrato. O treinador permaneceu seis anos e meio no cargo.<img data-recalc-dims=\"1\" decoding=\"async\" src=\"https:\/\/i0.wp.com\/agenciabrasil.ebc.com.br\/ebc.png?w=1220&#038;ssl=1\" \/><img data-recalc-dims=\"1\" decoding=\"async\" src=\"https:\/\/i0.wp.com\/agenciabrasil.ebc.com.br\/ebc.gif?w=1220&#038;ssl=1\" \/><\/div>\n<\/div>\n<\/div>\n<div class=\"col-xl-7 offset-xl-1 col-lg-8 offset-lg-0 col-md-10 offset-md-1 mb-3\">\n<div class=\"post-item alt-font\">\n<div class=\"post-item-wrap\">\n<p>O ex-treinador do escrete canarinho n\u00e3o quis gravar entrevistas, agradeceu aos jornalistas e disse que quem estava ali era o Adenor e n\u00e3o o Tite.<\/p>\n<p>Apesar de fracassar nas duas Copas em que dirigiu o Brasil, Tite teve um aproveitamento de 80%. Foram 81 jogos, com 60 vit\u00f3rias, 15\u00a0empates e seis derrotas. Neste per\u00edodo, tamb\u00e9m conquistou a Copa Am\u00e9rica de 2019.<\/p>\n<p>Com o fim oficial da era\u00a0Tite, o presidente da CBF, Ednaldo Rodrigues, promete anunciar o novo treinador da sele\u00e7\u00e3o at\u00e9 o fim deste m\u00eas. A entidade gostaria de um nome estrangeiro e o portugu\u00eas Abel Ferreira, atual t\u00e9cnico\u00a0do Palmeiras, est\u00e1 entre os nomes mais cotados. Entre os brasileiros, Dorival J\u00fanior\u00a0&#8211; sem clube no momento depois de deixar o Flamengo &#8211; e o tricolor Fernando Diniz tamb\u00e9m est\u00e3o entre os\u00a0poss\u00edveis substitutos de Tite.<\/p>\n<\/div>\n<\/div>\n<\/div>\n","protected":false},"excerpt":{"rendered":"<p>Treinador comandou equipe masculina por seis anos e meio Adenor Leonardo Bachi e Tite continuam a mesma pessoa, mas nenhum dos dois \u00e9 mais o t\u00e9cnico<span class=\"excerpt-hellip\"> [\u2026]<\/span><\/p>\n","protected":false},"author":4,"featured_media":31204,"comment_status":"open","ping_status":"open","sticky":false,"template":"","format":"standard","meta":{"_jetpack_memberships_contains_paid_content":false,"footnotes":"","jetpack_publicize_message":"","jetpack_publicize_feature_enabled":true,"jetpack_social_post_already_shared":false,"jetpack_social_options":{"image_generator_settings":{"template":"highway","default_image_id":0,"enabled":false},"version":2}},"categories":[28,44],"tags":[],"class_list":["post-31201","post","type-post","status-publish","format-standard","has-post-thumbnail","hentry","category-cotidiano","category-noticias"],"yoast_head":"<!-- This site is optimized with the Yoast SEO plugin v25.6 - https:\/\/yoast.com\/wordpress\/plugins\/seo\/ -->\n<title>Tite assina rescis\u00e3o na CBF e n\u00e3o \u00e9 mais t\u00e9cnico da sele\u00e7\u00e3o brasileira - VerdadeOn<\/title>\n<meta name=\"robots\" content=\"index, follow, max-snippet:-1, max-image-preview:large, max-video-preview:-1\" \/>\n<link rel=\"canonical\" href=\"https:\/\/verdadeon.com.br\/portal\/2023\/01\/18\/tite-assina-rescisao-na-cbf-e-nao-e-mais-tecnico-da-selecao-brasileira\/\" \/>\n<meta property=\"og:locale\" content=\"pt_BR\" \/>\n<meta property=\"og:type\" content=\"article\" \/>\n<meta property=\"og:title\" content=\"Tite assina rescis\u00e3o na CBF e n\u00e3o \u00e9 mais t\u00e9cnico da sele\u00e7\u00e3o brasileira - VerdadeOn\" \/>\n<meta property=\"og:description\" content=\"Treinador comandou equipe masculina por seis anos e meio Adenor Leonardo Bachi e Tite continuam a mesma pessoa, mas nenhum dos dois \u00e9 mais o t\u00e9cnico [\u2026]\" \/>\n<meta property=\"og:url\" content=\"https:\/\/verdadeon.com.br\/portal\/2023\/01\/18\/tite-assina-rescisao-na-cbf-e-nao-e-mais-tecnico-da-selecao-brasileira\/\" \/>\n<meta property=\"og:site_name\" content=\"VerdadeOn\" \/>\n<meta property=\"article:published_time\" content=\"2023-01-18T15:07:55+00:00\" \/>\n<meta property=\"og:image\" content=\"https:\/\/verdadeon.com.br\/portal\/wp-content\/uploads\/2023\/01\/2022-12-05t190433z_743269855_up1eic51gzjw1_rtrmadp_3_soccer-worldcup-bra-kor-report.jpg\" \/>\n\t<meta property=\"og:image:width\" content=\"1044\" \/>\n\t<meta property=\"og:image:height\" content=\"700\" \/>\n\t<meta property=\"og:image:type\" content=\"image\/jpeg\" \/>\n<meta name=\"author\" content=\"Fernando Calixto\" \/>\n<meta name=\"twitter:card\" content=\"summary_large_image\" \/>\n<meta name=\"twitter:label1\" content=\"Escrito por\" \/>\n\t<meta name=\"twitter:data1\" content=\"Fernando Calixto\" \/>\n\t<meta name=\"twitter:label2\" content=\"Est. tempo de leitura\" \/>\n\t<meta name=\"twitter:data2\" content=\"1 minuto\" \/>\n<script type=\"application\/ld+json\" class=\"yoast-schema-graph\">{\"@context\":\"https:\/\/schema.org\",\"@graph\":[{\"@type\":\"WebPage\",\"@id\":\"https:\/\/verdadeon.com.br\/portal\/2023\/01\/18\/tite-assina-rescisao-na-cbf-e-nao-e-mais-tecnico-da-selecao-brasileira\/\",\"url\":\"https:\/\/verdadeon.com.br\/portal\/2023\/01\/18\/tite-assina-rescisao-na-cbf-e-nao-e-mais-tecnico-da-selecao-brasileira\/\",\"name\":\"Tite assina rescis\u00e3o na CBF e n\u00e3o \u00e9 mais t\u00e9cnico da sele\u00e7\u00e3o brasileira - VerdadeOn\",\"isPartOf\":{\"@id\":\"https:\/\/verdadeon.com.br\/portal\/#website\"},\"primaryImageOfPage\":{\"@id\":\"https:\/\/verdadeon.com.br\/portal\/2023\/01\/18\/tite-assina-rescisao-na-cbf-e-nao-e-mais-tecnico-da-selecao-brasileira\/#primaryimage\"},\"image\":{\"@id\":\"https:\/\/verdadeon.com.br\/portal\/2023\/01\/18\/tite-assina-rescisao-na-cbf-e-nao-e-mais-tecnico-da-selecao-brasileira\/#primaryimage\"},\"thumbnailUrl\":\"https:\/\/i0.wp.com\/verdadeon.com.br\/portal\/wp-content\/uploads\/2023\/01\/2022-12-05t190433z_743269855_up1eic51gzjw1_rtrmadp_3_soccer-worldcup-bra-kor-report.jpg?fit=1044%2C700&ssl=1\",\"datePublished\":\"2023-01-18T15:07:55+00:00\",\"author\":{\"@id\":\"https:\/\/verdadeon.com.br\/portal\/#\/schema\/person\/8994718f49ee62ba5610471e29ca1f62\"},\"breadcrumb\":{\"@id\":\"https:\/\/verdadeon.com.br\/portal\/2023\/01\/18\/tite-assina-rescisao-na-cbf-e-nao-e-mais-tecnico-da-selecao-brasileira\/#breadcrumb\"},\"inLanguage\":\"pt-BR\",\"potentialAction\":[{\"@type\":\"ReadAction\",\"target\":[\"https:\/\/verdadeon.com.br\/portal\/2023\/01\/18\/tite-assina-rescisao-na-cbf-e-nao-e-mais-tecnico-da-selecao-brasileira\/\"]}]},{\"@type\":\"ImageObject\",\"inLanguage\":\"pt-BR\",\"@id\":\"https:\/\/verdadeon.com.br\/portal\/2023\/01\/18\/tite-assina-rescisao-na-cbf-e-nao-e-mais-tecnico-da-selecao-brasileira\/#primaryimage\",\"url\":\"https:\/\/i0.wp.com\/verdadeon.com.br\/portal\/wp-content\/uploads\/2023\/01\/2022-12-05t190433z_743269855_up1eic51gzjw1_rtrmadp_3_soccer-worldcup-bra-kor-report.jpg?fit=1044%2C700&ssl=1\",\"contentUrl\":\"https:\/\/i0.wp.com\/verdadeon.com.br\/portal\/wp-content\/uploads\/2023\/01\/2022-12-05t190433z_743269855_up1eic51gzjw1_rtrmadp_3_soccer-worldcup-bra-kor-report.jpg?fit=1044%2C700&ssl=1\",\"width\":1044,\"height\":700,\"caption\":\"Tite j\u00e1 avisara que deixaria o comando da equipe masculina ap\u00f3s a Copa do Catar. Entre os mais cotados para substitu\u00ed-lo est\u00e3o Abel Ferreira (Palmeiras), Dorival J\u00fanior (ex-Fla) e Fernando Diniz (Flu)\"},{\"@type\":\"BreadcrumbList\",\"@id\":\"https:\/\/verdadeon.com.br\/portal\/2023\/01\/18\/tite-assina-rescisao-na-cbf-e-nao-e-mais-tecnico-da-selecao-brasileira\/#breadcrumb\",\"itemListElement\":[{\"@type\":\"ListItem\",\"position\":1,\"name\":\"In\u00edcio\",\"item\":\"https:\/\/verdadeon.com.br\/portal\/\"},{\"@type\":\"ListItem\",\"position\":2,\"name\":\"Tite assina rescis\u00e3o na CBF e n\u00e3o \u00e9 mais t\u00e9cnico da sele\u00e7\u00e3o brasileira\"}]},{\"@type\":\"WebSite\",\"@id\":\"https:\/\/verdadeon.com.br\/portal\/#website\",\"url\":\"https:\/\/verdadeon.com.br\/portal\/\",\"name\":\"VerdadeOn\",\"description\":\"Not\u00edcias di\u00e1rias sobre Franca, Regi\u00e3o, Esporte, Cultura, Cotidiano, Colunas. Cobertura nos principais eventos da cidade \u00e9 aqui - Verdadeon Franca\",\"potentialAction\":[{\"@type\":\"SearchAction\",\"target\":{\"@type\":\"EntryPoint\",\"urlTemplate\":\"https:\/\/verdadeon.com.br\/portal\/?s={search_term_string}\"},\"query-input\":{\"@type\":\"PropertyValueSpecification\",\"valueRequired\":true,\"valueName\":\"search_term_string\"}}],\"inLanguage\":\"pt-BR\"},{\"@type\":\"Person\",\"@id\":\"https:\/\/verdadeon.com.br\/portal\/#\/schema\/person\/8994718f49ee62ba5610471e29ca1f62\",\"name\":\"Fernando Calixto\",\"image\":{\"@type\":\"ImageObject\",\"inLanguage\":\"pt-BR\",\"@id\":\"https:\/\/verdadeon.com.br\/portal\/#\/schema\/person\/image\/\",\"url\":\"https:\/\/secure.gravatar.com\/avatar\/7578910c24966c0316c340f9dbd601e93ee9f9212e1033968b367af9306bd9fb?s=96&d=mm&r=g\",\"contentUrl\":\"https:\/\/secure.gravatar.com\/avatar\/7578910c24966c0316c340f9dbd601e93ee9f9212e1033968b367af9306bd9fb?s=96&d=mm&r=g\",\"caption\":\"Fernando Calixto\"},\"url\":\"https:\/\/verdadeon.com.br\/portal\/author\/fernando-calixto\/\"}]}<\/script>\n<!-- \/ Yoast SEO plugin. -->","yoast_head_json":{"title":"Tite assina rescis\u00e3o na CBF e n\u00e3o \u00e9 mais t\u00e9cnico da sele\u00e7\u00e3o brasileira - VerdadeOn","robots":{"index":"index","follow":"follow","max-snippet":"max-snippet:-1","max-image-preview":"max-image-preview:large","max-video-preview":"max-video-preview:-1"},"canonical":"https:\/\/verdadeon.com.br\/portal\/2023\/01\/18\/tite-assina-rescisao-na-cbf-e-nao-e-mais-tecnico-da-selecao-brasileira\/","og_locale":"pt_BR","og_type":"article","og_title":"Tite assina rescis\u00e3o na CBF e n\u00e3o \u00e9 mais t\u00e9cnico da sele\u00e7\u00e3o brasileira - VerdadeOn","og_description":"Treinador comandou equipe masculina por seis anos e meio Adenor Leonardo Bachi e Tite continuam a mesma pessoa, mas nenhum dos dois \u00e9 mais o t\u00e9cnico [\u2026]","og_url":"https:\/\/verdadeon.com.br\/portal\/2023\/01\/18\/tite-assina-rescisao-na-cbf-e-nao-e-mais-tecnico-da-selecao-brasileira\/","og_site_name":"VerdadeOn","article_published_time":"2023-01-18T15:07:55+00:00","og_image":[{"width":1044,"height":700,"url":"https:\/\/verdadeon.com.br\/portal\/wp-content\/uploads\/2023\/01\/2022-12-05t190433z_743269855_up1eic51gzjw1_rtrmadp_3_soccer-worldcup-bra-kor-report.jpg","type":"image\/jpeg"}],"author":"Fernando Calixto","twitter_card":"summary_large_image","twitter_misc":{"Escrito por":"Fernando Calixto","Est. tempo de leitura":"1 minuto"},"schema":{"@context":"https:\/\/schema.org","@graph":[{"@type":"WebPage","@id":"https:\/\/verdadeon.com.br\/portal\/2023\/01\/18\/tite-assina-rescisao-na-cbf-e-nao-e-mais-tecnico-da-selecao-brasileira\/","url":"https:\/\/verdadeon.com.br\/portal\/2023\/01\/18\/tite-assina-rescisao-na-cbf-e-nao-e-mais-tecnico-da-selecao-brasileira\/","name":"Tite assina rescis\u00e3o na CBF e n\u00e3o \u00e9 mais t\u00e9cnico da sele\u00e7\u00e3o brasileira - VerdadeOn","isPartOf":{"@id":"https:\/\/verdadeon.com.br\/portal\/#website"},"primaryImageOfPage":{"@id":"https:\/\/verdadeon.com.br\/portal\/2023\/01\/18\/tite-assina-rescisao-na-cbf-e-nao-e-mais-tecnico-da-selecao-brasileira\/#primaryimage"},"image":{"@id":"https:\/\/verdadeon.com.br\/portal\/2023\/01\/18\/tite-assina-rescisao-na-cbf-e-nao-e-mais-tecnico-da-selecao-brasileira\/#primaryimage"},"thumbnailUrl":"https:\/\/i0.wp.com\/verdadeon.com.br\/portal\/wp-content\/uploads\/2023\/01\/2022-12-05t190433z_743269855_up1eic51gzjw1_rtrmadp_3_soccer-worldcup-bra-kor-report.jpg?fit=1044%2C700&ssl=1","datePublished":"2023-01-18T15:07:55+00:00","author":{"@id":"https:\/\/verdadeon.com.br\/portal\/#\/schema\/person\/8994718f49ee62ba5610471e29ca1f62"},"breadcrumb":{"@id":"https:\/\/verdadeon.com.br\/portal\/2023\/01\/18\/tite-assina-rescisao-na-cbf-e-nao-e-mais-tecnico-da-selecao-brasileira\/#breadcrumb"},"inLanguage":"pt-BR","potentialAction":[{"@type":"ReadAction","target":["https:\/\/verdadeon.com.br\/portal\/2023\/01\/18\/tite-assina-rescisao-na-cbf-e-nao-e-mais-tecnico-da-selecao-brasileira\/"]}]},{"@type":"ImageObject","inLanguage":"pt-BR","@id":"https:\/\/verdadeon.com.br\/portal\/2023\/01\/18\/tite-assina-rescisao-na-cbf-e-nao-e-mais-tecnico-da-selecao-brasileira\/#primaryimage","url":"https:\/\/i0.wp.com\/verdadeon.com.br\/portal\/wp-content\/uploads\/2023\/01\/2022-12-05t190433z_743269855_up1eic51gzjw1_rtrmadp_3_soccer-worldcup-bra-kor-report.jpg?fit=1044%2C700&ssl=1","contentUrl":"https:\/\/i0.wp.com\/verdadeon.com.br\/portal\/wp-content\/uploads\/2023\/01\/2022-12-05t190433z_743269855_up1eic51gzjw1_rtrmadp_3_soccer-worldcup-bra-kor-report.jpg?fit=1044%2C700&ssl=1","width":1044,"height":700,"caption":"Tite j\u00e1 avisara que deixaria o comando da equipe masculina ap\u00f3s a Copa do Catar. Entre os mais cotados para substitu\u00ed-lo est\u00e3o Abel Ferreira (Palmeiras), Dorival J\u00fanior (ex-Fla) e Fernando Diniz (Flu)"},{"@type":"BreadcrumbList","@id":"https:\/\/verdadeon.com.br\/portal\/2023\/01\/18\/tite-assina-rescisao-na-cbf-e-nao-e-mais-tecnico-da-selecao-brasileira\/#breadcrumb","itemListElement":[{"@type":"ListItem","position":1,"name":"In\u00edcio","item":"https:\/\/verdadeon.com.br\/portal\/"},{"@type":"ListItem","position":2,"name":"Tite assina rescis\u00e3o na CBF e n\u00e3o \u00e9 mais t\u00e9cnico da sele\u00e7\u00e3o brasileira"}]},{"@type":"WebSite","@id":"https:\/\/verdadeon.com.br\/portal\/#website","url":"https:\/\/verdadeon.com.br\/portal\/","name":"VerdadeOn","description":"Not\u00edcias di\u00e1rias sobre Franca, Regi\u00e3o, Esporte, Cultura, Cotidiano, Colunas. Cobertura nos principais eventos da cidade \u00e9 aqui - Verdadeon Franca","potentialAction":[{"@type":"SearchAction","target":{"@type":"EntryPoint","urlTemplate":"https:\/\/verdadeon.com.br\/portal\/?s={search_term_string}"},"query-input":{"@type":"PropertyValueSpecification","valueRequired":true,"valueName":"search_term_string"}}],"inLanguage":"pt-BR"},{"@type":"Person","@id":"https:\/\/verdadeon.com.br\/portal\/#\/schema\/person\/8994718f49ee62ba5610471e29ca1f62","name":"Fernando Calixto","image":{"@type":"ImageObject","inLanguage":"pt-BR","@id":"https:\/\/verdadeon.com.br\/portal\/#\/schema\/person\/image\/","url":"https:\/\/secure.gravatar.com\/avatar\/7578910c24966c0316c340f9dbd601e93ee9f9212e1033968b367af9306bd9fb?s=96&d=mm&r=g","contentUrl":"https:\/\/secure.gravatar.com\/avatar\/7578910c24966c0316c340f9dbd601e93ee9f9212e1033968b367af9306bd9fb?s=96&d=mm&r=g","caption":"Fernando Calixto"},"url":"https:\/\/verdadeon.com.br\/portal\/author\/fernando-calixto\/"}]}},"jetpack_publicize_connections":[],"jetpack_featured_media_url":"https:\/\/i0.wp.com\/verdadeon.com.br\/portal\/wp-content\/uploads\/2023\/01\/2022-12-05t190433z_743269855_up1eic51gzjw1_rtrmadp_3_soccer-worldcup-bra-kor-report.jpg?fit=1044%2C700&ssl=1","jetpack_sharing_enabled":true,"_links":{"self":[{"href":"https:\/\/verdadeon.com.br\/portal\/wp-json\/wp\/v2\/posts\/31201","targetHints":{"allow":["GET"]}}],"collection":[{"href":"https:\/\/verdadeon.com.br\/portal\/wp-json\/wp\/v2\/posts"}],"about":[{"href":"https:\/\/verdadeon.com.br\/portal\/wp-json\/wp\/v2\/types\/post"}],"author":[{"embeddable":true,"href":"https:\/\/verdadeon.com.br\/portal\/wp-json\/wp\/v2\/users\/4"}],"replies":[{"embeddable":true,"href":"https:\/\/verdadeon.com.br\/portal\/wp-json\/wp\/v2\/comments?post=31201"}],"version-history":[{"count":1,"href":"https:\/\/verdadeon.com.br\/portal\/wp-json\/wp\/v2\/posts\/31201\/revisions"}],"predecessor-version":[{"id":31211,"href":"https:\/\/verdadeon.com.br\/portal\/wp-json\/wp\/v2\/posts\/31201\/revisions\/31211"}],"wp:featuredmedia":[{"embeddable":true,"href":"https:\/\/verdadeon.com.br\/portal\/wp-json\/wp\/v2\/media\/31204"}],"wp:attachment":[{"href":"https:\/\/verdadeon.com.br\/portal\/wp-json\/wp\/v2\/media?parent=31201"}],"wp:term":[{"taxonomy":"category","embeddable":true,"href":"https:\/\/verdadeon.com.br\/portal\/wp-json\/wp\/v2\/categories?post=31201"},{"taxonomy":"post_tag","embeddable":true,"href":"https:\/\/verdadeon.com.br\/portal\/wp-json\/wp\/v2\/tags?post=31201"}],"curies":[{"name":"wp","href":"https:\/\/api.w.org\/{rel}","templated":true}]}}